{"id":1479420,"date":"2025-02-17T10:17:33","date_gmt":"2025-02-17T09:17:33","guid":{"rendered":"https:\/\/theplayoffs.news\/fr\/uncategorized\/\/"},"modified":"2025-02-17T10:17:39","modified_gmt":"2025-02-17T09:17:39","slug":"all-star-game-2025-la-raison-de-labsence-danthony-edwards","status":"publish","type":"post","link":"https:\/\/theplayoffs.news\/fr\/actualite-nba\/all-star-game-2025-la-raison-de-labsence-danthony-edwards\/","title":{"rendered":"All-Star Game 2025 : La raison de l&rsquo;absence d&rsquo;Anthony Edwards"},"content":{"rendered":"<p><strong>La star des Minnesota Timberwolves, Anthony Edwards, n&rsquo;a pas pris part au All-Star Game<a href=\"https:\/\/theplayoffs.news\/fr\/category\/nba\/\" target=\"_blank\" rel=\"noreferrer noopener\" class=\"trk-cta-link\" data-cta-trk='{\"ctaType\":\"Link\",\"ctaSubType\":\"main\"}'> NBA<\/a> en raison d&rsquo;une blessure &agrave; l&rsquo;aine.<\/strong><\/p><p>D&eacute;sign&eacute; comme leader de la <strong>&laquo;&nbsp;Team Kenny&nbsp;&raquo;<\/strong> pour le tournoi du <strong>All-Star Weekend<\/strong>, l&rsquo;arri&egrave;re des Wolves n&rsquo;a disput&eacute; aucune rencontre, son absence &eacute;tant confirm&eacute;e apr&egrave;s la d&eacute;faite de son &eacute;quipe face &agrave; la <strong>&laquo;&nbsp;Team Chuck&nbsp;&raquo;<\/strong>. Un manque criant tant le <strong>num&eacute;ro 1 de la Draft 2020<\/strong> devait incarner le chef de file d&rsquo;un effectif rempli de jeunes <strong>superstars<\/strong> en devenir.<\/p><blockquote class=\"twitter-tweet\"><p lang=\"en\" dir=\"ltr\">&#127775; The 2025 <a href=\"https:\/\/twitter.com\/hashtag\/NBAAllStar?src=hash&amp;ref_src=twsrc%5Etfw\" class=\"trk-cta-link\" data-cta-trk='{\"ctaType\":\"Link\",\"ctaSubType\":\"main\"}'>#NBAAllStar<\/a> squads are set! &#127775;<br><br>Team Chuck, Team Kenny and Team Shaq will be joined by the <a href=\"https:\/\/twitter.com\/hashtag\/CastrolRisingStars?src=hash&amp;ref_src=twsrc%5Etfw\" class=\"trk-cta-link\" data-cta-trk='{\"ctaType\":\"Link\",\"ctaSubType\":\"main\"}'>#CastrolRisingStars<\/a> champions in the mini-tournament on Sunday, Feb. 16 at 8pm\/et on TNT. <a href=\"https:\/\/t.co\/khZnI8Wj8v\" class=\"trk-cta-link\" data-cta-trk='{\"ctaType\":\"Link\",\"ctaSubType\":\"main\"}'>pic.twitter.com\/khZnI8Wj8v<\/a><\/p>&mdash; NBA (@NBA) <a href=\"https:\/\/twitter.com\/NBA\/status\/1887661602993799300?ref_src=twsrc%5Etfw\" class=\"trk-cta-link\" data-cta-trk='{\"ctaType\":\"Link\",\"ctaSubType\":\"main\"}'>February 7, 2025<\/a><\/blockquote><script async src=\"https:\/\/platform.twitter.com\/widgets.js\" charset=\"utf-8\"><\/script><p>Heureusement, apr&egrave;s la rencontre, <strong>Edwards<\/strong> a tenu &agrave; rassurer les journalistes en pr&eacute;cisant que la blessure ne semblait pas trop s&eacute;rieuse et qu&rsquo;un retour sur les parquets &eacute;tait <strong>envisageable<\/strong> d&egrave;s la reprise face aux <strong>Rockets<\/strong>. Une excellente nouvelle pour <strong>Minnesota<\/strong>, actuellement septi&egrave;me de la<strong> Conf&eacute;rence Ouest<\/strong> avec un bilan de 31 victoires pour 25 d&eacute;faites. Cette saison,<strong> l&rsquo;ancien de Georgia<\/strong> tourne &agrave; 27,5 points, 5,8 rebonds et 4,5 passes de moyenne par match.<\/p><p><strong>Lire aussi :<\/strong><\/p><p><a href=\"https:\/\/theplayoffs.news\/fr\/actualite-nba\/je-ne-veux-pas-etre-ce-gars-la-anthony-edwards-explique-pourquoi-il-ne-veut-pas-etre-le-futur-visage-de-la-nba\/\" class=\"trk-cta-link\" data-cta-trk='{\"ctaType\":\"Link\",\"ctaSubType\":\"main\"}'>&ldquo;Je ne veux pas &ecirc;tre ce gars-l&agrave;&rdquo; &ndash; Anthony Edwards explique pourquoi il ne veut pas &ecirc;tre le futur visage de la NBA &ndash; The Playoffs<\/a><\/p><p><a href=\"https:\/\/theplayoffs.news\/fr\/actualite-nba\/le-plus-grand-participant-au-concours-de-dunks-de-lhistoire-les-reseaux-sociaux-en-feu-alors-que-mac-mcclung-entre-dans-la-legende-avec-un-triple-au-nba-dunk-conte\/\" class=\"trk-cta-link\" data-cta-trk='{\"ctaType\":\"Link\",\"ctaSubType\":\"main\"}'>&ldquo;Le plus grand participant au concours de dunks de l&rsquo;histoire&rdquo; &ndash; Les r&eacute;seaux sociaux en feu alors que Mac McClung entre dans la l&eacute;gende avec un tripl&eacute; au NBA Dunk Contest &ndash; The Playoffs<\/a><\/p><p>Si une s&eacute;lection au <strong>All-Star Game <\/strong>reste un honneur, les joueurs n&rsquo;h&eacute;sitent plus &agrave; faire l&rsquo;impasse en cas de risque d&rsquo;aggravation d&rsquo;une<strong> blessure<\/strong>. Dans le cas d&rsquo;<strong>Edwards<\/strong>, v&eacute;ritable plaque tournante des<strong> Wolves<\/strong>, aucun doute que la franchise lui ait demand&eacute; de se <strong>m&eacute;nager<\/strong> en vue d&rsquo;une fin de saison s&rsquo;annoncant particuli&egrave;rement disput&eacute;e &agrave; <strong>l&rsquo;Ouest<\/strong>.<\/p><p><strong>Le natif d&rsquo;Atlanta<\/strong> n&rsquo;&eacute;tait pas le seul absent du week-end, puisque <strong>Anthony Davis <\/strong>et <strong>Giannis Antetokounmpo<\/strong> ont &eacute;galement d&ucirc; d&eacute;clarer forfait. Leur absence a toutefois &eacute;t&eacute; compens&eacute;e par les s&eacute;lections de <strong>Kyrie Irving et Trae Young<\/strong>.<\/p><p><strong>Cr&eacute;dit photo :<\/strong> Darren Yamashita-Imagn Images<\/p>\n","protected":false},"excerpt":{"rendered":"<p>Anthony Edwards n&rsquo;a pas pris part au All-Star Game 2025 avec la \u00ab\u00a0Team Kenny\u00a0\u00bb en raison d&rsquo;une blessure \u00e0 l&rsquo;aine !<\/p>\n","protected":false},"author":180310268,"featured_media":1479421,"comment_status":"closed","ping_status":"closed","sticky":false,"template":"","format":"standard","meta":{"inline_featured_image":false,"kia_subtitle":"Anthony Edwards n'a pas pris part au All-Star Game 2025 avec la \"Team Kenny\" en raison d'une blessure \u00e0 l'aine !","_mux_skip_reasons":[],"proofreadBy":0,"footnotes":""},"categories":[110,10],"tags":[6492,925,856,23,8073],"sport":[2783],"saison":[],"class_list":["post-1479420","post","type-post","status-publish","format-standard","has-post-thumbnail","hentry","category-actualite-nba","category-nba","tag-all-star-game-2025","tag-anthony-edwards","tag-minnesota-timberwolves","tag-nba-tag","tag-team-kenny","sport-nba"],"acf":[],"yoast_head":"<!-- This site is optimized with the Yoast SEO plugin v24.2 - https:\/\/yoast.com\/wordpress\/plugins\/seo\/ -->\n<title>All-Star Game 2025 : La raison de l&#039;absence d&#039;Anthony Edwards<\/title>\n<meta name=\"description\" content=\"Anthony Edwards n&#039;a pas pris part au All-Star Game 2025 avec la &quot;Team Kenny&quot; en raison d&#039;une blessure &agrave; l&#039;aine !\" \/>\n<meta name=\"robots\" content=\"index, follow, max-snippet:-1, max-image-preview:large, max-video-preview:-1\" \/>\n<link rel=\"canonical\" href=\"https:\/\/theplayoffs.news\/fr\/actualite-nba\/all-star-game-2025-la-raison-de-labsence-danthony-edwards\/\" \/>\n<meta property=\"og:locale\" content=\"fr_FR\" \/>\n<meta property=\"og:type\" content=\"article\" \/>\n<meta property=\"og:title\" content=\"All-Star Game 2025 : La raison de l&#039;absence d&#039;Anthony Edwards\" \/>\n<meta property=\"og:description\" content=\"Anthony Edwards n&#039;a pas pris part au All-Star Game 2025 avec la &quot;Team Kenny&quot; en raison d&#039;une blessure &agrave; l&#039;aine !\" \/>\n<meta property=\"og:url\" content=\"https:\/\/theplayoffs.news\/fr\/actualite-nba\/all-star-game-2025-la-raison-de-labsence-danthony-edwards\/\" \/>\n<meta property=\"og:site_name\" content=\"The Playoffs FR\" \/>\n<meta property=\"article:publisher\" content=\"https:\/\/www.facebook.com\/TheFreeAgentFR\/\" \/>\n<meta property=\"article:modified_time\" content=\"2025-02-17T10:17:39+01:00\" \/>\n<meta property=\"og:image\" content=\"https:\/\/theplayoffs.news\/fr\/wp-content\/uploads\/2025\/02\/USATSI_25435361.jpg\" \/>\n\t<meta property=\"og:image:width\" content=\"1920\" \/>\n\t<meta property=\"og:image:height\" content=\"1280\" \/>\n\t<meta property=\"og:image:type\" content=\"image\/jpeg\" \/>\n<meta name=\"author\" content=\"Elian Goethals\" \/>\n<meta name=\"twitter:card\" content=\"summary_large_image\" \/>\n<meta name=\"twitter:creator\" content=\"@x.com\/elidwight\" \/>\n<meta name=\"twitter:site\" content=\"@TheFreeAgentFR\" \/>\n<meta name=\"twitter:label1\" content=\"\u00c9crit par\" \/>\n\t<meta name=\"twitter:data1\" content=\"Elian Goethals\" \/>\n\t<meta name=\"twitter:label2\" content=\"Dur\u00e9e de lecture estim\u00e9e\" \/>\n\t<meta name=\"twitter:data2\" content=\"2 minutes\" \/>\n<script type=\"application\/ld+json\" class=\"yoast-schema-graph\">{\"@context\":\"https:\/\/schema.org\",\"@graph\":[{\"@type\":\"WebPage\",\"@id\":\"https:\/\/theplayoffs.news\/fr\/actualite-nba\/all-star-game-2025-la-raison-de-labsence-danthony-edwards\/\",\"url\":\"https:\/\/theplayoffs.news\/fr\/actualite-nba\/all-star-game-2025-la-raison-de-labsence-danthony-edwards\/\",\"name\":\"All-Star Game 2025 : La raison de l\\\\'absence d\\\\'Anthony Edwards\",\"isPartOf\":{\"@id\":\"https:\/\/theplayoffs.news\/fr\/#website\"},\"primaryImageOfPage\":{\"@id\":\"https:\/\/theplayoffs.news\/fr\/actualite-nba\/all-star-game-2025-la-raison-de-labsence-danthony-edwards\/#primaryimage\"},\"image\":{\"@id\":\"https:\/\/theplayoffs.news\/fr\/actualite-nba\/all-star-game-2025-la-raison-de-labsence-danthony-edwards\/#primaryimage\"},\"thumbnailUrl\":\"https:\/\/theplayoffs.news\/fr\/wp-content\/uploads\/2025\/02\/USATSI_25435361.jpg\",\"datePublished\":\"2025-02-17T09:17:33+00:00\",\"dateModified\":\"2025-02-17T09:17:39+00:00\",\"author\":{\"@id\":\"https:\/\/theplayoffs.news\/fr\/#\/schema\/person\/2bc470c6a49f4f6229a67af19c87a732\"},\"description\":\"Anthony Edwards n\\\\'a pas pris part au All-Star Game 2025 avec la \\\\\\\"Team Kenny\\\\\\\" en raison d\\\\'une blessure \u00e0 l\\\\'aine !\",\"breadcrumb\":{\"@id\":\"https:\/\/theplayoffs.news\/fr\/actualite-nba\/all-star-game-2025-la-raison-de-labsence-danthony-edwards\/#breadcrumb\"},\"inLanguage\":\"fr-FR\",\"potentialAction\":[{\"@type\":\"ReadAction\",\"target\":[\"https:\/\/theplayoffs.news\/fr\/actualite-nba\/all-star-game-2025-la-raison-de-labsence-danthony-edwards\/\"]}]},{\"@type\":\"ImageObject\",\"inLanguage\":\"fr-FR\",\"@id\":\"https:\/\/theplayoffs.news\/fr\/actualite-nba\/all-star-game-2025-la-raison-de-labsence-danthony-edwards\/#primaryimage\",\"url\":\"https:\/\/theplayoffs.news\/fr\/wp-content\/uploads\/2025\/02\/USATSI_25435361.jpg\",\"contentUrl\":\"https:\/\/theplayoffs.news\/fr\/wp-content\/uploads\/2025\/02\/USATSI_25435361.jpg\",\"width\":1920,\"height\":1280,\"caption\":\"Feb 16, 2025; San Francisco, CA, USA; Kenny\u0092s Young Stars guard Anthony Edwards (5) of the Minnesota Timberwolves during introductions before the 2025 NBA All Star Game at Chase Center. Mandatory Credit: Darren Yamashita-Imagn Images\"},{\"@type\":\"BreadcrumbList\",\"@id\":\"https:\/\/theplayoffs.news\/fr\/actualite-nba\/all-star-game-2025-la-raison-de-labsence-danthony-edwards\/#breadcrumb\",\"itemListElement\":[{\"@type\":\"ListItem\",\"position\":1,\"name\":\"Accueil\",\"item\":\"https:\/\/theplayoffs.news\/fr\/\"},{\"@type\":\"ListItem\",\"position\":2,\"name\":\"All-Star Game 2025 : La raison de l&rsquo;absence d&rsquo;Anthony Edwards\"}]},{\"@type\":\"WebSite\",\"@id\":\"https:\/\/theplayoffs.news\/fr\/#website\",\"url\":\"https:\/\/theplayoffs.news\/fr\/\",\"name\":\"The Playoffs FR\",\"description\":\"NBA-NFL-NHL-MLB\",\"potentialAction\":[{\"@type\":\"SearchAction\",\"target\":{\"@type\":\"EntryPoint\",\"urlTemplate\":\"https:\/\/theplayoffs.news\/fr\/?s={search_term_string}\"},\"query-input\":{\"@type\":\"PropertyValueSpecification\",\"valueRequired\":true,\"valueName\":\"search_term_string\"}}],\"inLanguage\":\"fr-FR\"},{\"@type\":\"Person\",\"@id\":\"https:\/\/theplayoffs.news\/fr\/#\/schema\/person\/2bc470c6a49f4f6229a67af19c87a732\",\"name\":\"Elian Goethals\",\"image\":{\"@type\":\"ImageObject\",\"inLanguage\":\"fr-FR\",\"@id\":\"https:\/\/theplayoffs.news\/fr\/#\/schema\/person\/image\/\",\"url\":\"https:\/\/secure.gravatar.com\/avatar\/293e2e649a094756005b611f6122ac1a95e95d453dbfe74b9d434b39855927f6?s=96&d=mm&r=g\",\"contentUrl\":\"https:\/\/secure.gravatar.com\/avatar\/293e2e649a094756005b611f6122ac1a95e95d453dbfe74b9d434b39855927f6?s=96&d=mm&r=g\",\"caption\":\"Elian Goethals\"},\"description\":\"Je suis sp\u00e9cialis\u00e9 dans la r\u00e9daction d\\\\'articles NBA et je suis un grand fan de basket am\u00e9ricain depuis toujours. Cela fait 20 ans que je joue au basket, et mon exp\u00e9rience sur les terrains me permet d\\\\'avoir une analyse approfondie des matchs. J\u2019ai d\u2019abord fait partie d\u2019autres m\u00e9dias sportifs en tant que b\u00e9n\u00e9vole avant de rejoindre ThePlayoffs en janvier. Je termine \u00e9galement un master en \u00e9tudes internationales. Ce que je pr\u00e9f\u00e8re dans mon travail, c\u2019est de transformer ma passion en m\u00e9tier et de partager avec vous l\u2019information NBA. J\u2019essaie de produire un contenu de qualit\u00e9 en esp\u00e9rant qu\u2019il vous plaise !\",\"sameAs\":[\"https:\/\/www.linkedin.com\/in\/elian-goethals-729b71200\/\",\"https:\/\/x.com\/x.com\/elidwight\"],\"url\":\"https:\/\/theplayoffs.news\/fr\/author\/elian\/\"}]}<\/script>\n<!-- \/ Yoast SEO plugin. -->","yoast_head_json":{"title":"All-Star Game 2025 : La raison de l&#039;absence d&#039;Anthony Edwards","description":"Anthony Edwards n&#039;a pas pris part au All-Star Game 2025 avec la &quot;Team Kenny&quot; en raison d&#039;une blessure &agrave; l&#039;aine !","robots":{"index":"index","follow":"follow","max-snippet":"max-snippet:-1","max-image-preview":"max-image-preview:large","max-video-preview":"max-video-preview:-1"},"canonical":"https:\/\/theplayoffs.news\/fr\/actualite-nba\/all-star-game-2025-la-raison-de-labsence-danthony-edwards\/","og_locale":"fr_FR","og_type":"article","og_title":"All-Star Game 2025 : La raison de l&#039;absence d&#039;Anthony Edwards","og_description":"Anthony Edwards n&#039;a pas pris part au All-Star Game 2025 avec la &quot;Team Kenny&quot; en raison d&#039;une blessure &agrave; l&#039;aine !","og_url":"https:\/\/theplayoffs.news\/fr\/actualite-nba\/all-star-game-2025-la-raison-de-labsence-danthony-edwards\/","og_site_name":"The Playoffs FR","article_publisher":"https:\/\/www.facebook.com\/TheFreeAgentFR\/","article_modified_time":"2025-02-17T09:17:39+00:00","og_image":[{"width":1920,"height":1280,"url":"https:\/\/theplayoffs.news\/fr\/wp-content\/uploads\/2025\/02\/USATSI_25435361.jpg","type":"image\/jpeg"}],"author":"Elian Goethals","twitter_card":"summary_large_image","twitter_creator":"@x.com\/elidwight","twitter_site":"@TheFreeAgentFR","twitter_misc":{"\u00c9crit par":"Elian Goethals","Dur\u00e9e de lecture estim\u00e9e":"2 minutes"},"schema":{"@context":"https:\/\/schema.org","@graph":[{"@type":"WebPage","@id":"https:\/\/theplayoffs.news\/fr\/actualite-nba\/all-star-game-2025-la-raison-de-labsence-danthony-edwards\/","url":"https:\/\/theplayoffs.news\/fr\/actualite-nba\/all-star-game-2025-la-raison-de-labsence-danthony-edwards\/","name":"All-Star Game 2025 : La raison de l\\'absence d\\'Anthony Edwards","isPartOf":{"@id":"https:\/\/theplayoffs.news\/fr\/#website"},"primaryImageOfPage":{"@id":"https:\/\/theplayoffs.news\/fr\/actualite-nba\/all-star-game-2025-la-raison-de-labsence-danthony-edwards\/#primaryimage"},"image":{"@id":"https:\/\/theplayoffs.news\/fr\/actualite-nba\/all-star-game-2025-la-raison-de-labsence-danthony-edwards\/#primaryimage"},"thumbnailUrl":"https:\/\/theplayoffs.news\/fr\/wp-content\/uploads\/2025\/02\/USATSI_25435361.jpg","datePublished":"2025-02-17T09:17:33+00:00","dateModified":"2025-02-17T09:17:39+00:00","author":{"@id":"https:\/\/theplayoffs.news\/fr\/#\/schema\/person\/2bc470c6a49f4f6229a67af19c87a732"},"description":"Anthony Edwards n\\'a pas pris part au All-Star Game 2025 avec la \\\"Team Kenny\\\" en raison d\\'une blessure \u00e0 l\\'aine !","breadcrumb":{"@id":"https:\/\/theplayoffs.news\/fr\/actualite-nba\/all-star-game-2025-la-raison-de-labsence-danthony-edwards\/#breadcrumb"},"inLanguage":"fr-FR","potentialAction":[{"@type":"ReadAction","target":["https:\/\/theplayoffs.news\/fr\/actualite-nba\/all-star-game-2025-la-raison-de-labsence-danthony-edwards\/"]}]},{"@type":"ImageObject","inLanguage":"fr-FR","@id":"https:\/\/theplayoffs.news\/fr\/actualite-nba\/all-star-game-2025-la-raison-de-labsence-danthony-edwards\/#primaryimage","url":"https:\/\/theplayoffs.news\/fr\/wp-content\/uploads\/2025\/02\/USATSI_25435361.jpg","contentUrl":"https:\/\/theplayoffs.news\/fr\/wp-content\/uploads\/2025\/02\/USATSI_25435361.jpg","width":1920,"height":1280,"caption":"Feb 16, 2025; San Francisco, CA, USA; Kenny\u0092s Young Stars guard Anthony Edwards (5) of the Minnesota Timberwolves during introductions before the 2025 NBA All Star Game at Chase Center. Mandatory Credit: Darren Yamashita-Imagn Images"},{"@type":"BreadcrumbList","@id":"https:\/\/theplayoffs.news\/fr\/actualite-nba\/all-star-game-2025-la-raison-de-labsence-danthony-edwards\/#breadcrumb","itemListElement":[{"@type":"ListItem","position":1,"name":"Accueil","item":"https:\/\/theplayoffs.news\/fr\/"},{"@type":"ListItem","position":2,"name":"All-Star Game 2025 : La raison de l&rsquo;absence d&rsquo;Anthony Edwards"}]},{"@type":"WebSite","@id":"https:\/\/theplayoffs.news\/fr\/#website","url":"https:\/\/theplayoffs.news\/fr\/","name":"The Playoffs FR","description":"NBA-NFL-NHL-MLB","potentialAction":[{"@type":"SearchAction","target":{"@type":"EntryPoint","urlTemplate":"https:\/\/theplayoffs.news\/fr\/?s={search_term_string}"},"query-input":{"@type":"PropertyValueSpecification","valueRequired":true,"valueName":"search_term_string"}}],"inLanguage":"fr-FR"},{"@type":"Person","@id":"https:\/\/theplayoffs.news\/fr\/#\/schema\/person\/2bc470c6a49f4f6229a67af19c87a732","name":"Elian Goethals","image":{"@type":"ImageObject","inLanguage":"fr-FR","@id":"https:\/\/theplayoffs.news\/fr\/#\/schema\/person\/image\/","url":"https:\/\/secure.gravatar.com\/avatar\/293e2e649a094756005b611f6122ac1a95e95d453dbfe74b9d434b39855927f6?s=96&d=mm&r=g","contentUrl":"https:\/\/secure.gravatar.com\/avatar\/293e2e649a094756005b611f6122ac1a95e95d453dbfe74b9d434b39855927f6?s=96&d=mm&r=g","caption":"Elian Goethals"},"description":"Je suis sp\u00e9cialis\u00e9 dans la r\u00e9daction d\\'articles NBA et je suis un grand fan de basket am\u00e9ricain depuis toujours. Cela fait 20 ans que je joue au basket, et mon exp\u00e9rience sur les terrains me permet d\\'avoir une analyse approfondie des matchs. J\u2019ai d\u2019abord fait partie d\u2019autres m\u00e9dias sportifs en tant que b\u00e9n\u00e9vole avant de rejoindre ThePlayoffs en janvier. Je termine \u00e9galement un master en \u00e9tudes internationales. Ce que je pr\u00e9f\u00e8re dans mon travail, c\u2019est de transformer ma passion en m\u00e9tier et de partager avec vous l\u2019information NBA. J\u2019essaie de produire un contenu de qualit\u00e9 en esp\u00e9rant qu\u2019il vous plaise !","sameAs":["https:\/\/www.linkedin.com\/in\/elian-goethals-729b71200\/","https:\/\/x.com\/x.com\/elidwight"],"url":"https:\/\/theplayoffs.news\/fr\/author\/elian\/"}]}},"_links":{"self":[{"href":"https:\/\/theplayoffs.news\/fr\/wp-json\/wp\/v2\/posts\/1479420","targetHints":{"allow":["GET"]}}],"collection":[{"href":"https:\/\/theplayoffs.news\/fr\/wp-json\/wp\/v2\/posts"}],"about":[{"href":"https:\/\/theplayoffs.news\/fr\/wp-json\/wp\/v2\/types\/post"}],"author":[{"embeddable":true,"href":"https:\/\/theplayoffs.news\/fr\/wp-json\/wp\/v2\/users\/180310268"}],"replies":[{"embeddable":true,"href":"https:\/\/theplayoffs.news\/fr\/wp-json\/wp\/v2\/comments?post=1479420"}],"version-history":[{"count":1,"href":"https:\/\/theplayoffs.news\/fr\/wp-json\/wp\/v2\/posts\/1479420\/revisions"}],"predecessor-version":[{"id":1479422,"href":"https:\/\/theplayoffs.news\/fr\/wp-json\/wp\/v2\/posts\/1479420\/revisions\/1479422"}],"wp:featuredmedia":[{"embeddable":true,"href":"https:\/\/theplayoffs.news\/fr\/wp-json\/wp\/v2\/media\/1479421"}],"wp:attachment":[{"href":"https:\/\/theplayoffs.news\/fr\/wp-json\/wp\/v2\/media?parent=1479420"}],"wp:term":[{"taxonomy":"category","embeddable":true,"href":"https:\/\/theplayoffs.news\/fr\/wp-json\/wp\/v2\/categories?post=1479420"},{"taxonomy":"post_tag","embeddable":true,"href":"https:\/\/theplayoffs.news\/fr\/wp-json\/wp\/v2\/tags?post=1479420"},{"taxonomy":"sport","embeddable":true,"href":"https:\/\/theplayoffs.news\/fr\/wp-json\/wp\/v2\/sport?post=1479420"},{"taxonomy":"saison","embeddable":true,"href":"https:\/\/theplayoffs.news\/fr\/wp-json\/wp\/v2\/saison?post=1479420"}],"curies":[{"name":"wp","href":"https:\/\/api.w.org\/{rel}","templated":true}]}}