{"id":1479239,"date":"2025-02-16T19:36:25","date_gmt":"2025-02-16T18:36:25","guid":{"rendered":"https:\/\/theplayoffs.news\/fr\/uncategorized\/\/"},"modified":"2025-02-16T19:36:35","modified_gmt":"2025-02-16T18:36:35","slug":"les-chiefs-attendent-une-reponse-de-travis-kelce-pour-le-14-mars","status":"publish","type":"post","link":"https:\/\/theplayoffs.news\/fr\/actualite-nfl\/les-chiefs-attendent-une-reponse-de-travis-kelce-pour-le-14-mars\/","title":{"rendered":"Les Chiefs attendent une r\u00e9ponse de Travis Kelce pour le 14 mars"},"content":{"rendered":"<p>Apr&egrave;s une saison tr&egrave;s d&eacute;cevante avec les Chiefs, marqu&eacute; par une <a href=\"https:\/\/theplayoffs.news\/fr\/actualite-nfl\/les-eagles-ecrasent-les-chiefs-et-remportent-le-super-bowl-lix\/\" class=\"trk-cta-link\" data-cta-trk='{\"ctaType\":\"Link\",\"ctaSubType\":\"main\"}'>d&eacute;faite au Super Bowl LIX<\/a>, Travis Kelce est incertain concernant son futur avec la franchise de Kansas City.<\/p><p>Les Chiefs aimeraient une r&eacute;ponse de Kelce concernant son avenir au sein de la franchise d&rsquo;ici le <a href=\"https:\/\/www.nbcsports.com\/nfl\/profootballtalk\/rumor-mill\/news\/chiefs-want-to-know-travis-kelces-plans-around-march-14\" class=\"trk-cta-link\" data-cta-trk='{\"ctaType\":\"Link\",\"ctaSubType\":\"main\"}'>14 mars<\/a>, date officielle du d&eacute;but de la nouvelle ann&eacute;e de NFL. Cette date n&rsquo;est pas anodine car ce sera le dernier jour durant lequel Kansas City pourra retirer le tight end du roster principal afin d&rsquo;&eacute;viter que celui-ci touche &agrave; son bonus de 11.5 millions de dollars.<\/p><p>Travis Kelce n&rsquo;a pas effectu&eacute; une tr&egrave;s bonne saison 2024. Avec seulement 823 yards &agrave; la r&eacute;ception pour trois touchdowns en saison r&eacute;guli&egrave;re, il s&rsquo;agit de la pire saison du joueur &acirc;g&eacute; de 35 ans. Cela s&rsquo;est &eacute;galement ressenti lors du Super Bowl LIX, avec quatre petites r&eacute;ceptions pour 39 yards. <\/p><figure class=\"wp-block-image size-large\"><img loading=\"lazy\" decoding=\"async\" width=\"1200\" height=\"800\" src=\"https:\/\/theplayoffs.news\/fr\/wp-content\/uploads\/2025\/02\/USATSI_25380047-1-1200x800.jpg\" alt=\"\" class=\"wp-image-1479242\" srcset=\"https:\/\/theplayoffs.news\/fr\/wp-content\/uploads\/2025\/02\/USATSI_25380047-1-1200x800.jpg 1200w, https:\/\/theplayoffs.news\/fr\/wp-content\/uploads\/2025\/02\/USATSI_25380047-1-600x400.jpg 600w, https:\/\/theplayoffs.news\/fr\/wp-content\/uploads\/2025\/02\/USATSI_25380047-1-768x512.jpg 768w, https:\/\/theplayoffs.news\/fr\/wp-content\/uploads\/2025\/02\/USATSI_25380047-1-1536x1024.jpg 1536w, https:\/\/theplayoffs.news\/fr\/wp-content\/uploads\/2025\/02\/USATSI_25380047-1-1320x880.jpg 1320w, https:\/\/theplayoffs.news\/fr\/wp-content\/uploads\/2025\/02\/USATSI_25380047-1.jpg 1920w\" sizes=\"auto, (max-width: 1200px) 100vw, 1200px\" \/><figcaption class=\"wp-element-caption\">Cr&eacute;dit : Geoff Burke-Imagn Images<\/figcaption><\/figure><p>L&rsquo;intersaison ne va pas &ecirc;tre de tout repos pour Kansas City, &eacute;tant donn&eacute; que l&rsquo;impact de Kelce dans les d&eacute;cisions que l&rsquo;&eacute;quipe va devoir prendre est immense. Si le tight end reste, il entra&icirc;nera avec lui une somme de 19.8 millions de dollars sur le cap salarial. S&rsquo;il part, ce seront que 2.5 millions qui affecteront le cap.<\/p><p>Les Chiefs sont d&rsquo;autant plus dans une situation salariale compliqu&eacute;e, avec l&rsquo;un des espaces salariaux les plus faibles de la ligue. L&rsquo;&eacute;ventuel retraite de Kelce pourrait lib&eacute;rer &eacute;norm&eacute;ment d&rsquo;espace afin de signer des renforts, mais encore une fois, tout est entre les mains de Travis Kelce. <\/p><p>Finalement, la franchise du Missouri devra choisir le parfait rempla&ccedil;ant pour le poste de tight end, afin d&rsquo;entourer au mieux Patrick Mahomes. Des noms comme Mike Gesicki, Tyler Conklin, ou encore Zach Ertz r&eacute;sonnent dans les mouvements de free agency de l&rsquo;&eacute;quipe de Kansas City. <\/p><p><\/p><p><\/p><p>Cr&eacute;dit photo : Kirby Lee &ndash; USA Today<\/p>\n","protected":false},"excerpt":{"rendered":"<p>Les Chiefs de Kansas aimeraient obtenir une r\u00e9ponse concernant l&rsquo;avenir de Travis Kelce d&rsquo;ici le 14 mars.<\/p>\n","protected":false},"author":180310178,"featured_media":1479241,"comment_status":"closed","ping_status":"closed","sticky":false,"template":"","format":"standard","meta":{"inline_featured_image":false,"kia_subtitle":"Les Chiefs de Kansas aimeraient obtenir une r\u00e9ponse concernant l'avenir de Travis Kelce d'ici le 14 mars.","_mux_skip_reasons":[],"proofreadBy":0,"footnotes":""},"categories":[118,40],"tags":[487,79,833],"sport":[2785],"saison":[7475],"class_list":["post-1479239","post","type-post","status-publish","format-standard","has-post-thumbnail","hentry","category-actualite-nfl","category-nfl","tag-kansas-city-chiefs","tag-nfl","tag-travis-kelce","sport-nfl","saison-7475"],"acf":[],"yoast_head":"<!-- This site is optimized with the Yoast SEO plugin v24.2 - https:\/\/yoast.com\/wordpress\/plugins\/seo\/ -->\n<title>Les Chiefs attendent une r&eacute;ponse de Travis Kelce pour le 14 mars - The Playoffs FR<\/title>\n<meta name=\"robots\" content=\"index, follow, max-snippet:-1, max-image-preview:large, max-video-preview:-1\" \/>\n<link rel=\"canonical\" href=\"https:\/\/theplayoffs.news\/fr\/actualite-nfl\/les-chiefs-attendent-une-reponse-de-travis-kelce-pour-le-14-mars\/\" \/>\n<meta property=\"og:locale\" content=\"fr_FR\" \/>\n<meta property=\"og:type\" content=\"article\" \/>\n<meta property=\"og:title\" content=\"Les Chiefs attendent une r&eacute;ponse de Travis Kelce pour le 14 mars - The Playoffs FR\" \/>\n<meta property=\"og:description\" content=\"Les Chiefs de Kansas aimeraient obtenir une r&eacute;ponse concernant l&#039;avenir de Travis Kelce d&#039;ici le 14 mars.\" \/>\n<meta property=\"og:url\" content=\"https:\/\/theplayoffs.news\/fr\/actualite-nfl\/les-chiefs-attendent-une-reponse-de-travis-kelce-pour-le-14-mars\/\" \/>\n<meta property=\"og:site_name\" content=\"The Playoffs FR\" \/>\n<meta property=\"article:publisher\" content=\"https:\/\/www.facebook.com\/TheFreeAgentFR\/\" \/>\n<meta property=\"article:modified_time\" content=\"2025-02-16T19:36:35+01:00\" \/>\n<meta property=\"og:image\" content=\"https:\/\/theplayoffs.news\/fr\/wp-content\/uploads\/2025\/02\/USATSI_25380548.jpg\" \/>\n\t<meta property=\"og:image:width\" content=\"1920\" \/>\n\t<meta property=\"og:image:height\" content=\"1280\" \/>\n\t<meta property=\"og:image:type\" content=\"image\/jpeg\" \/>\n<meta name=\"author\" content=\"Arthur Berlemont\" \/>\n<meta name=\"twitter:card\" content=\"summary_large_image\" \/>\n<meta name=\"twitter:creator\" content=\"@TheFreeAgentFR\" \/>\n<meta name=\"twitter:site\" content=\"@TheFreeAgentFR\" \/>\n<meta name=\"twitter:label1\" content=\"\u00c9crit par\" \/>\n\t<meta name=\"twitter:data1\" content=\"Arthur Berlemont\" \/>\n\t<meta name=\"twitter:label2\" content=\"Dur\u00e9e de lecture estim\u00e9e\" \/>\n\t<meta name=\"twitter:data2\" content=\"2 minutes\" \/>\n<script type=\"application\/ld+json\" class=\"yoast-schema-graph\">{\"@context\":\"https:\/\/schema.org\",\"@graph\":[{\"@type\":\"WebPage\",\"@id\":\"https:\/\/theplayoffs.news\/fr\/actualite-nfl\/les-chiefs-attendent-une-reponse-de-travis-kelce-pour-le-14-mars\/\",\"url\":\"https:\/\/theplayoffs.news\/fr\/actualite-nfl\/les-chiefs-attendent-une-reponse-de-travis-kelce-pour-le-14-mars\/\",\"name\":\"Les Chiefs attendent une r\u00e9ponse de Travis Kelce pour le 14 mars - The Playoffs FR\",\"isPartOf\":{\"@id\":\"https:\/\/theplayoffs.news\/fr\/#website\"},\"primaryImageOfPage\":{\"@id\":\"https:\/\/theplayoffs.news\/fr\/actualite-nfl\/les-chiefs-attendent-une-reponse-de-travis-kelce-pour-le-14-mars\/#primaryimage\"},\"image\":{\"@id\":\"https:\/\/theplayoffs.news\/fr\/actualite-nfl\/les-chiefs-attendent-une-reponse-de-travis-kelce-pour-le-14-mars\/#primaryimage\"},\"thumbnailUrl\":\"https:\/\/theplayoffs.news\/fr\/wp-content\/uploads\/2025\/02\/USATSI_25380548.jpg\",\"datePublished\":\"2025-02-16T18:36:25+00:00\",\"dateModified\":\"2025-02-16T18:36:35+00:00\",\"author\":{\"@id\":\"https:\/\/theplayoffs.news\/fr\/#\/schema\/person\/b6b04a451dab03a5ab75cec8912e8942\"},\"breadcrumb\":{\"@id\":\"https:\/\/theplayoffs.news\/fr\/actualite-nfl\/les-chiefs-attendent-une-reponse-de-travis-kelce-pour-le-14-mars\/#breadcrumb\"},\"inLanguage\":\"fr-FR\",\"potentialAction\":[{\"@type\":\"ReadAction\",\"target\":[\"https:\/\/theplayoffs.news\/fr\/actualite-nfl\/les-chiefs-attendent-une-reponse-de-travis-kelce-pour-le-14-mars\/\"]}]},{\"@type\":\"ImageObject\",\"inLanguage\":\"fr-FR\",\"@id\":\"https:\/\/theplayoffs.news\/fr\/actualite-nfl\/les-chiefs-attendent-une-reponse-de-travis-kelce-pour-le-14-mars\/#primaryimage\",\"url\":\"https:\/\/theplayoffs.news\/fr\/wp-content\/uploads\/2025\/02\/USATSI_25380548.jpg\",\"contentUrl\":\"https:\/\/theplayoffs.news\/fr\/wp-content\/uploads\/2025\/02\/USATSI_25380548.jpg\",\"width\":1920,\"height\":1280,\"caption\":\"Feb 9, 2025; New Orleans, LA, USA; Kansas City Chiefs tight end Travis Kelce (87) reacts after the losing to the Philadelphia Eagles in Super Bowl LIX at Caesars Superdome. Mandatory Credit: Kirby Lee-Imagn Images\"},{\"@type\":\"BreadcrumbList\",\"@id\":\"https:\/\/theplayoffs.news\/fr\/actualite-nfl\/les-chiefs-attendent-une-reponse-de-travis-kelce-pour-le-14-mars\/#breadcrumb\",\"itemListElement\":[{\"@type\":\"ListItem\",\"position\":1,\"name\":\"Accueil\",\"item\":\"https:\/\/theplayoffs.news\/fr\/\"},{\"@type\":\"ListItem\",\"position\":2,\"name\":\"Les Chiefs attendent une r\u00e9ponse de Travis Kelce pour le 14 mars\"}]},{\"@type\":\"WebSite\",\"@id\":\"https:\/\/theplayoffs.news\/fr\/#website\",\"url\":\"https:\/\/theplayoffs.news\/fr\/\",\"name\":\"The Playoffs FR\",\"description\":\"NBA-NFL-NHL-MLB\",\"potentialAction\":[{\"@type\":\"SearchAction\",\"target\":{\"@type\":\"EntryPoint\",\"urlTemplate\":\"https:\/\/theplayoffs.news\/fr\/?s={search_term_string}\"},\"query-input\":{\"@type\":\"PropertyValueSpecification\",\"valueRequired\":true,\"valueName\":\"search_term_string\"}}],\"inLanguage\":\"fr-FR\"},{\"@type\":\"Person\",\"@id\":\"https:\/\/theplayoffs.news\/fr\/#\/schema\/person\/b6b04a451dab03a5ab75cec8912e8942\",\"name\":\"Arthur Berlemont\",\"image\":{\"@type\":\"ImageObject\",\"inLanguage\":\"fr-FR\",\"@id\":\"https:\/\/theplayoffs.news\/fr\/#\/schema\/person\/image\/\",\"url\":\"https:\/\/secure.gravatar.com\/avatar\/19ddab1d62ab0a19b186b86cee130432b120dd6f085625a6a6757dd1aa90a5f3?s=96&d=mm&r=g\",\"contentUrl\":\"https:\/\/secure.gravatar.com\/avatar\/19ddab1d62ab0a19b186b86cee130432b120dd6f085625a6a6757dd1aa90a5f3?s=96&d=mm&r=g\",\"caption\":\"Arthur Berlemont\"},\"description\":\"Etudiant passionn\u00e9 de sport, avant tout m\u00e9caniques, j\\\\'ai d\u00e9couvert les sports US il y a quelques ann\u00e9es. J\\\\'ai tout de suite accroch\u00e9 pour la ville de Cincinnati et ses franchises de NFL et MLB. Aujourd\\\\'hui, je suis l\u00e0 par passion dans la r\u00e9daction d\\\\'articles sur divers sports que j\\\\'affectionne.\",\"url\":\"https:\/\/theplayoffs.news\/fr\/author\/arthur-berlemontgmail-com\/\"}]}<\/script>\n<!-- \/ Yoast SEO plugin. -->","yoast_head_json":{"title":"Les Chiefs attendent une r&eacute;ponse de Travis Kelce pour le 14 mars - The Playoffs FR","robots":{"index":"index","follow":"follow","max-snippet":"max-snippet:-1","max-image-preview":"max-image-preview:large","max-video-preview":"max-video-preview:-1"},"canonical":"https:\/\/theplayoffs.news\/fr\/actualite-nfl\/les-chiefs-attendent-une-reponse-de-travis-kelce-pour-le-14-mars\/","og_locale":"fr_FR","og_type":"article","og_title":"Les Chiefs attendent une r&eacute;ponse de Travis Kelce pour le 14 mars - The Playoffs FR","og_description":"Les Chiefs de Kansas aimeraient obtenir une r&eacute;ponse concernant l&#039;avenir de Travis Kelce d&#039;ici le 14 mars.","og_url":"https:\/\/theplayoffs.news\/fr\/actualite-nfl\/les-chiefs-attendent-une-reponse-de-travis-kelce-pour-le-14-mars\/","og_site_name":"The Playoffs FR","article_publisher":"https:\/\/www.facebook.com\/TheFreeAgentFR\/","article_modified_time":"2025-02-16T18:36:35+00:00","og_image":[{"width":1920,"height":1280,"url":"https:\/\/theplayoffs.news\/fr\/wp-content\/uploads\/2025\/02\/USATSI_25380548.jpg","type":"image\/jpeg"}],"author":"Arthur Berlemont","twitter_card":"summary_large_image","twitter_creator":"@TheFreeAgentFR","twitter_site":"@TheFreeAgentFR","twitter_misc":{"\u00c9crit par":"Arthur Berlemont","Dur\u00e9e de lecture estim\u00e9e":"2 minutes"},"schema":{"@context":"https:\/\/schema.org","@graph":[{"@type":"WebPage","@id":"https:\/\/theplayoffs.news\/fr\/actualite-nfl\/les-chiefs-attendent-une-reponse-de-travis-kelce-pour-le-14-mars\/","url":"https:\/\/theplayoffs.news\/fr\/actualite-nfl\/les-chiefs-attendent-une-reponse-de-travis-kelce-pour-le-14-mars\/","name":"Les Chiefs attendent une r\u00e9ponse de Travis Kelce pour le 14 mars - The Playoffs FR","isPartOf":{"@id":"https:\/\/theplayoffs.news\/fr\/#website"},"primaryImageOfPage":{"@id":"https:\/\/theplayoffs.news\/fr\/actualite-nfl\/les-chiefs-attendent-une-reponse-de-travis-kelce-pour-le-14-mars\/#primaryimage"},"image":{"@id":"https:\/\/theplayoffs.news\/fr\/actualite-nfl\/les-chiefs-attendent-une-reponse-de-travis-kelce-pour-le-14-mars\/#primaryimage"},"thumbnailUrl":"https:\/\/theplayoffs.news\/fr\/wp-content\/uploads\/2025\/02\/USATSI_25380548.jpg","datePublished":"2025-02-16T18:36:25+00:00","dateModified":"2025-02-16T18:36:35+00:00","author":{"@id":"https:\/\/theplayoffs.news\/fr\/#\/schema\/person\/b6b04a451dab03a5ab75cec8912e8942"},"breadcrumb":{"@id":"https:\/\/theplayoffs.news\/fr\/actualite-nfl\/les-chiefs-attendent-une-reponse-de-travis-kelce-pour-le-14-mars\/#breadcrumb"},"inLanguage":"fr-FR","potentialAction":[{"@type":"ReadAction","target":["https:\/\/theplayoffs.news\/fr\/actualite-nfl\/les-chiefs-attendent-une-reponse-de-travis-kelce-pour-le-14-mars\/"]}]},{"@type":"ImageObject","inLanguage":"fr-FR","@id":"https:\/\/theplayoffs.news\/fr\/actualite-nfl\/les-chiefs-attendent-une-reponse-de-travis-kelce-pour-le-14-mars\/#primaryimage","url":"https:\/\/theplayoffs.news\/fr\/wp-content\/uploads\/2025\/02\/USATSI_25380548.jpg","contentUrl":"https:\/\/theplayoffs.news\/fr\/wp-content\/uploads\/2025\/02\/USATSI_25380548.jpg","width":1920,"height":1280,"caption":"Feb 9, 2025; New Orleans, LA, USA; Kansas City Chiefs tight end Travis Kelce (87) reacts after the losing to the Philadelphia Eagles in Super Bowl LIX at Caesars Superdome. Mandatory Credit: Kirby Lee-Imagn Images"},{"@type":"BreadcrumbList","@id":"https:\/\/theplayoffs.news\/fr\/actualite-nfl\/les-chiefs-attendent-une-reponse-de-travis-kelce-pour-le-14-mars\/#breadcrumb","itemListElement":[{"@type":"ListItem","position":1,"name":"Accueil","item":"https:\/\/theplayoffs.news\/fr\/"},{"@type":"ListItem","position":2,"name":"Les Chiefs attendent une r\u00e9ponse de Travis Kelce pour le 14 mars"}]},{"@type":"WebSite","@id":"https:\/\/theplayoffs.news\/fr\/#website","url":"https:\/\/theplayoffs.news\/fr\/","name":"The Playoffs FR","description":"NBA-NFL-NHL-MLB","potentialAction":[{"@type":"SearchAction","target":{"@type":"EntryPoint","urlTemplate":"https:\/\/theplayoffs.news\/fr\/?s={search_term_string}"},"query-input":{"@type":"PropertyValueSpecification","valueRequired":true,"valueName":"search_term_string"}}],"inLanguage":"fr-FR"},{"@type":"Person","@id":"https:\/\/theplayoffs.news\/fr\/#\/schema\/person\/b6b04a451dab03a5ab75cec8912e8942","name":"Arthur Berlemont","image":{"@type":"ImageObject","inLanguage":"fr-FR","@id":"https:\/\/theplayoffs.news\/fr\/#\/schema\/person\/image\/","url":"https:\/\/secure.gravatar.com\/avatar\/19ddab1d62ab0a19b186b86cee130432b120dd6f085625a6a6757dd1aa90a5f3?s=96&d=mm&r=g","contentUrl":"https:\/\/secure.gravatar.com\/avatar\/19ddab1d62ab0a19b186b86cee130432b120dd6f085625a6a6757dd1aa90a5f3?s=96&d=mm&r=g","caption":"Arthur Berlemont"},"description":"Etudiant passionn\u00e9 de sport, avant tout m\u00e9caniques, j\\'ai d\u00e9couvert les sports US il y a quelques ann\u00e9es. J\\'ai tout de suite accroch\u00e9 pour la ville de Cincinnati et ses franchises de NFL et MLB. Aujourd\\'hui, je suis l\u00e0 par passion dans la r\u00e9daction d\\'articles sur divers sports que j\\'affectionne.","url":"https:\/\/theplayoffs.news\/fr\/author\/arthur-berlemontgmail-com\/"}]}},"_links":{"self":[{"href":"https:\/\/theplayoffs.news\/fr\/wp-json\/wp\/v2\/posts\/1479239","targetHints":{"allow":["GET"]}}],"collection":[{"href":"https:\/\/theplayoffs.news\/fr\/wp-json\/wp\/v2\/posts"}],"about":[{"href":"https:\/\/theplayoffs.news\/fr\/wp-json\/wp\/v2\/types\/post"}],"author":[{"embeddable":true,"href":"https:\/\/theplayoffs.news\/fr\/wp-json\/wp\/v2\/users\/180310178"}],"replies":[{"embeddable":true,"href":"https:\/\/theplayoffs.news\/fr\/wp-json\/wp\/v2\/comments?post=1479239"}],"version-history":[{"count":1,"href":"https:\/\/theplayoffs.news\/fr\/wp-json\/wp\/v2\/posts\/1479239\/revisions"}],"predecessor-version":[{"id":1479243,"href":"https:\/\/theplayoffs.news\/fr\/wp-json\/wp\/v2\/posts\/1479239\/revisions\/1479243"}],"wp:featuredmedia":[{"embeddable":true,"href":"https:\/\/theplayoffs.news\/fr\/wp-json\/wp\/v2\/media\/1479241"}],"wp:attachment":[{"href":"https:\/\/theplayoffs.news\/fr\/wp-json\/wp\/v2\/media?parent=1479239"}],"wp:term":[{"taxonomy":"category","embeddable":true,"href":"https:\/\/theplayoffs.news\/fr\/wp-json\/wp\/v2\/categories?post=1479239"},{"taxonomy":"post_tag","embeddable":true,"href":"https:\/\/theplayoffs.news\/fr\/wp-json\/wp\/v2\/tags?post=1479239"},{"taxonomy":"sport","embeddable":true,"href":"https:\/\/theplayoffs.news\/fr\/wp-json\/wp\/v2\/sport?post=1479239"},{"taxonomy":"saison","embeddable":true,"href":"https:\/\/theplayoffs.news\/fr\/wp-json\/wp\/v2\/saison?post=1479239"}],"curies":[{"name":"wp","href":"https:\/\/api.w.org\/{rel}","templated":true}]}}