{"id":1478957,"date":"2025-02-14T14:34:15","date_gmt":"2025-02-14T13:34:15","guid":{"rendered":"https:\/\/theplayoffs.news\/fr\/uncategorized\/\/"},"modified":"2025-02-14T14:34:18","modified_gmt":"2025-02-14T13:34:18","slug":"lakers-letat-de-sante-de-luka-doncic-en-question","status":"publish","type":"post","link":"https:\/\/theplayoffs.news\/fr\/actualite-nba\/lakers-letat-de-sante-de-luka-doncic-en-question\/","title":{"rendered":"Lakers : l&rsquo;\u00e9tat de sant\u00e9 de Luka Doncic en question ?"},"content":{"rendered":"<p><strong>Apr&egrave;s seulement deux matchs sous ses nouvelles couleurs &agrave; Los Angeles, Luka Doncic fait d&eacute;j&agrave; l&rsquo;objet de critiques de la part des fans des Lakers. Dans son podcast, Jovan Buha (The Athletic) a tenu &agrave; r&eacute;pondre aux supporters en rappelant que l&rsquo;ancien Maverick ne serait sans doute jamais &agrave; 100 %.<\/strong><\/p><p>Fort de son exp&eacute;rience en tant que <strong>journaliste <\/strong><a href=\"https:\/\/theplayoffs.news\/fr\/category\/nba\/\" target=\"_blank\" rel=\"noreferrer noopener\" class=\"trk-cta-link\" data-cta-trk='{\"ctaType\":\"Link\",\"ctaSubType\":\"main\"}'><strong>NBA<\/strong>,<\/a> Buha a d&eacute;taill&eacute; les conditions dans lesquelles &eacute;voluent les joueurs tout au long de la saison :<\/p><p><em>&laquo;&nbsp;Cela fait maintenant plusieurs ann&eacute;es que je couvre la ligue, et une chose revient syst&eacute;matiquement dans les discours des coachs et des joueurs : d&egrave;s que le training camp commence, personne n&rsquo;est plus jamais &agrave; 100 % jusqu&rsquo;&agrave; la fin de la saison.&nbsp;&raquo;<\/em><\/p><figure class=\"wp-block-embed is-type-video is-provider-youtube wp-block-embed-youtube wp-embed-aspect-16-9 wp-has-aspect-ratio\"><div class=\"wp-block-embed__wrapper\">\n<iframe loading=\"lazy\" title=\"Lakers-Jazz Postgame Reaction: LA Enters The All-Star Break With Disappointing Loss\" width=\"500\" height=\"281\" src=\"https:\/\/www.youtube.com\/embed\/rG2a0nYbcmc?feature=oembed&amp;enablejsapi=1&amp;origin=https:\/\/theplayoffs.news\" frameborder=\"0\" allow=\"accelerometer; autoplay; clipboard-write; encrypted-media; gyroscope; picture-in-picture; web-share\" referrerpolicy=\"strict-origin-when-cross-origin\" allowfullscreen><\/iframe>\n<\/div><\/figure><p>Selon Jovan Buha, <strong>Luka<\/strong> <strong>Doncic<\/strong> a simplement besoin de temps. <em>&laquo;&nbsp;Il ne sera jamais &agrave; 100 %, mais LeBron James non plus, Austin Reaves non plus. Quand vous jouez autant de matchs, &ecirc;tre &agrave; 100 % devient impossible. Je pense que Doncic peut se rapprocher de son meilleur niveau sans forc&eacute;ment attendre l&rsquo;&eacute;t&eacute;.&nbsp;&raquo;<\/em><\/p><p>Le journaliste soulignait &eacute;galement la r&eacute;ticence des<strong> franchises<\/strong> &agrave; divulguer certaines informations m&eacute;dicales, de peur qu&rsquo;elles ne cr&eacute;ent le doute ou la pol&eacute;mique. <em>&laquo;&nbsp;Il arrive fr&eacute;quemment que des joueurs jouent avec des blessures sans que cela ne soit rendu public. Une douleur au genou peut &ecirc;tre g&eacute;r&eacute;e en silence, sans jamais appara&icirc;tre sur le rapport des blessures&nbsp;&raquo;.<\/em><\/p><p>Un constat qui peut rappeler l&rsquo;arriv&eacute;e de<strong> Mark Williams<\/strong> aux <strong>Lakers<\/strong>, dont la visite m&eacute;dicale n&rsquo;avait pas &eacute;t&eacute; concluante. <strong>Les Hornets<\/strong> &eacute;taient-ils d&eacute;j&agrave; au courant de certains &eacute;l&eacute;ments ? Une situation sur laquelle Jovan Buha donnait un premier &eacute;l&eacute;ment de r&eacute;ponse. &laquo;&nbsp;<em>Il y a &eacute;norm&eacute;ment de choses que nous ignorons ou que nous ne pouvons pas partager. Parfois, ces &eacute;l&eacute;ments ont un r&eacute;el impact sur les performances des joueurs.&nbsp;&raquo;<\/em><\/p><blockquote class=\"twitter-tweet\"><p lang=\"en\" dir=\"ltr\">Mark Williams' physical with the Lakers showed multiple issues and the team failed him on the exam, sources tell ESPN. The physical was not failed due to his back, however. <a href=\"https:\/\/t.co\/lY4XrSIlHf\" class=\"trk-cta-link\" data-cta-trk='{\"ctaType\":\"Link\",\"ctaSubType\":\"main\"}'>https:\/\/t.co\/lY4XrSIlHf<\/a><\/p>&mdash; Shams Charania (@ShamsCharania) <a href=\"https:\/\/twitter.com\/ShamsCharania\/status\/1888415642371686502?ref_src=twsrc%5Etfw\" class=\"trk-cta-link\" data-cta-trk='{\"ctaType\":\"Link\",\"ctaSubType\":\"main\"}'>February 9, 2025<\/a><\/blockquote><script async src=\"https:\/\/platform.twitter.com\/widgets.js\" charset=\"utf-8\"><\/script><p><strong>Lire aussi :&nbsp;<\/strong><\/p><p><a href=\"https:\/\/theplayoffs.news\/fr\/actualite-nba\/chris-finch-sur-le-succes-des-wolves-contre-okc-cette-victoire-etait-indispensable\/\" class=\"trk-cta-link\" data-cta-trk='{\"ctaType\":\"Link\",\"ctaSubType\":\"main\"}'>Chris Finch (Wolves) : &ldquo;Cette victoire &eacute;tait indispensable&rdquo;<\/a><\/p><p><a href=\"https:\/\/theplayoffs.news\/fr\/actualite-nba\/cetait-un-14-fevrier-russell-westbrook-etablit-un-record-nba-de-triple-doubles-consecutifs\/\" class=\"trk-cta-link\" data-cta-trk='{\"ctaType\":\"Link\",\"ctaSubType\":\"main\"}'>Le 14 f&eacute;vrier 2019, Russell Westbrook signait un nouveau record NBA &ndash; The Playoffs<\/a><\/p><p>Si <strong>Dallas <\/strong>a choisi de se s&eacute;parer de<strong> Luka Doncic<\/strong>, des raisons m&eacute;dicales pourraient &ecirc;tre en jeu, sans que les<strong> Lakers<\/strong> en aient n&eacute;cessairement connaissance. Ce t&eacute;moignage permet d&rsquo;avoir un aper&ccedil;u des coulisses de la ligue et des<strong> incertitudes<\/strong> qui entourent l&rsquo;&eacute;tat physique des joueurs.<\/p><p>Depuis son arriv&eacute;e &agrave;<strong> Los Angeles<\/strong>, la franchise affiche un bilan &eacute;quilibr&eacute; d&rsquo;une victoire pour une d&eacute;faite. De son c&ocirc;t&eacute;, Luka Magic tourne &agrave; <strong>15,0 points, 3,5 rebonds et 4,0 passes d&eacute;cisives<\/strong> en seulement 23 minutes par match.<\/p><p><strong>Cr&eacute;dit photo :<\/strong> Chris Nicoll-Imagn Images<\/p>\n","protected":false},"excerpt":{"rendered":"<p>Suite aux critiques concernant la forme de Luka Doncic, Jovan Buha (The Athletic) a r\u00e9v\u00e9l\u00e9 que la star ne serait jamais \u00e0 100% cette saison !<\/p>\n","protected":false},"author":180310268,"featured_media":1478958,"comment_status":"closed","ping_status":"closed","sticky":false,"template":"","format":"standard","meta":{"inline_featured_image":false,"kia_subtitle":"Suite aux critiques concernant la forme de Luka Doncic, Jovan Buha (The Athletic) a r\u00e9v\u00e9l\u00e9 que la star ne serait jamais \u00e0 100% cette saison !","_mux_skip_reasons":[],"proofreadBy":0,"footnotes":""},"categories":[110,10],"tags":[116,117,545,23],"sport":[2783],"saison":[],"class_list":["post-1478957","post","type-post","status-publish","format-standard","has-post-thumbnail","hentry","category-actualite-nba","category-nba","tag-lebron-james","tag-los-angeles-lakers","tag-luka-doncic","tag-nba-tag","sport-nba"],"acf":[],"yoast_head":"<!-- This site is optimized with the Yoast SEO plugin v24.2 - https:\/\/yoast.com\/wordpress\/plugins\/seo\/ -->\n<title>Lakers : l&#039;&eacute;tat de sant&eacute; de Luka Doncic en question ?<\/title>\n<meta name=\"description\" content=\"Suite aux critiques concernant la forme de Luka Doncic, Jovan Buha (The Athletic) a r&eacute;v&eacute;l&eacute; que la star ne serait jamais &agrave; 100% cette saison !\" \/>\n<meta name=\"robots\" content=\"index, follow, max-snippet:-1, max-image-preview:large, max-video-preview:-1\" \/>\n<link rel=\"canonical\" href=\"https:\/\/theplayoffs.news\/fr\/actualite-nba\/lakers-letat-de-sante-de-luka-doncic-en-question\/\" \/>\n<meta property=\"og:locale\" content=\"fr_FR\" \/>\n<meta property=\"og:type\" content=\"article\" \/>\n<meta property=\"og:title\" content=\"Lakers : l&#039;&eacute;tat de sant&eacute; de Luka Doncic en question ?\" \/>\n<meta property=\"og:description\" content=\"Suite aux critiques concernant la forme de Luka Doncic, Jovan Buha (The Athletic) a r&eacute;v&eacute;l&eacute; que la star ne serait jamais &agrave; 100% cette saison !\" \/>\n<meta property=\"og:url\" content=\"https:\/\/theplayoffs.news\/fr\/actualite-nba\/lakers-letat-de-sante-de-luka-doncic-en-question\/\" \/>\n<meta property=\"og:site_name\" content=\"The Playoffs FR\" \/>\n<meta property=\"article:publisher\" content=\"https:\/\/www.facebook.com\/TheFreeAgentFR\/\" \/>\n<meta property=\"article:modified_time\" content=\"2025-02-14T14:34:18+01:00\" \/>\n<meta property=\"og:image\" content=\"https:\/\/theplayoffs.news\/fr\/wp-content\/uploads\/2025\/02\/USATSI_25403050.jpg\" \/>\n\t<meta property=\"og:image:width\" content=\"1920\" \/>\n\t<meta property=\"og:image:height\" content=\"1280\" \/>\n\t<meta property=\"og:image:type\" content=\"image\/jpeg\" \/>\n<meta name=\"author\" content=\"Elian Goethals\" \/>\n<meta name=\"twitter:card\" content=\"summary_large_image\" \/>\n<meta name=\"twitter:creator\" content=\"@x.com\/elidwight\" \/>\n<meta name=\"twitter:site\" content=\"@TheFreeAgentFR\" \/>\n<meta name=\"twitter:label1\" content=\"\u00c9crit par\" \/>\n\t<meta name=\"twitter:data1\" content=\"Elian Goethals\" \/>\n\t<meta name=\"twitter:label2\" content=\"Dur\u00e9e de lecture estim\u00e9e\" \/>\n\t<meta name=\"twitter:data2\" content=\"3 minutes\" \/>\n<script type=\"application\/ld+json\" class=\"yoast-schema-graph\">{\"@context\":\"https:\/\/schema.org\",\"@graph\":[{\"@type\":\"WebPage\",\"@id\":\"https:\/\/theplayoffs.news\/fr\/actualite-nba\/lakers-letat-de-sante-de-luka-doncic-en-question\/\",\"url\":\"https:\/\/theplayoffs.news\/fr\/actualite-nba\/lakers-letat-de-sante-de-luka-doncic-en-question\/\",\"name\":\"Lakers : l\\\\'\u00e9tat de sant\u00e9 de Luka Doncic en question ?\",\"isPartOf\":{\"@id\":\"https:\/\/theplayoffs.news\/fr\/#website\"},\"primaryImageOfPage\":{\"@id\":\"https:\/\/theplayoffs.news\/fr\/actualite-nba\/lakers-letat-de-sante-de-luka-doncic-en-question\/#primaryimage\"},\"image\":{\"@id\":\"https:\/\/theplayoffs.news\/fr\/actualite-nba\/lakers-letat-de-sante-de-luka-doncic-en-question\/#primaryimage\"},\"thumbnailUrl\":\"https:\/\/theplayoffs.news\/fr\/wp-content\/uploads\/2025\/02\/USATSI_25403050.jpg\",\"datePublished\":\"2025-02-14T13:34:15+00:00\",\"dateModified\":\"2025-02-14T13:34:18+00:00\",\"author\":{\"@id\":\"https:\/\/theplayoffs.news\/fr\/#\/schema\/person\/2bc470c6a49f4f6229a67af19c87a732\"},\"description\":\"Suite aux critiques concernant la forme de Luka Doncic, Jovan Buha (The Athletic) a r\u00e9v\u00e9l\u00e9 que la star ne serait jamais \u00e0 100% cette saison !\",\"breadcrumb\":{\"@id\":\"https:\/\/theplayoffs.news\/fr\/actualite-nba\/lakers-letat-de-sante-de-luka-doncic-en-question\/#breadcrumb\"},\"inLanguage\":\"fr-FR\",\"potentialAction\":[{\"@type\":\"ReadAction\",\"target\":[\"https:\/\/theplayoffs.news\/fr\/actualite-nba\/lakers-letat-de-sante-de-luka-doncic-en-question\/\"]}]},{\"@type\":\"ImageObject\",\"inLanguage\":\"fr-FR\",\"@id\":\"https:\/\/theplayoffs.news\/fr\/actualite-nba\/lakers-letat-de-sante-de-luka-doncic-en-question\/#primaryimage\",\"url\":\"https:\/\/theplayoffs.news\/fr\/wp-content\/uploads\/2025\/02\/USATSI_25403050.jpg\",\"contentUrl\":\"https:\/\/theplayoffs.news\/fr\/wp-content\/uploads\/2025\/02\/USATSI_25403050.jpg\",\"width\":1920,\"height\":1280,\"caption\":\"Feb 12, 2025; Salt Lake City, Utah, USA; Los Angeles Lakers guard Luka Doncic (77) shoots over Utah Jazz forward Lauri Markkanen (23) during the second quarter at Delta Center. Mandatory Credit: Chris Nicoll-Imagn Images\"},{\"@type\":\"BreadcrumbList\",\"@id\":\"https:\/\/theplayoffs.news\/fr\/actualite-nba\/lakers-letat-de-sante-de-luka-doncic-en-question\/#breadcrumb\",\"itemListElement\":[{\"@type\":\"ListItem\",\"position\":1,\"name\":\"Accueil\",\"item\":\"https:\/\/theplayoffs.news\/fr\/\"},{\"@type\":\"ListItem\",\"position\":2,\"name\":\"Lakers : l&rsquo;\u00e9tat de sant\u00e9 de Luka Doncic en question ?\"}]},{\"@type\":\"WebSite\",\"@id\":\"https:\/\/theplayoffs.news\/fr\/#website\",\"url\":\"https:\/\/theplayoffs.news\/fr\/\",\"name\":\"The Playoffs FR\",\"description\":\"NBA-NFL-NHL-MLB\",\"potentialAction\":[{\"@type\":\"SearchAction\",\"target\":{\"@type\":\"EntryPoint\",\"urlTemplate\":\"https:\/\/theplayoffs.news\/fr\/?s={search_term_string}\"},\"query-input\":{\"@type\":\"PropertyValueSpecification\",\"valueRequired\":true,\"valueName\":\"search_term_string\"}}],\"inLanguage\":\"fr-FR\"},{\"@type\":\"Person\",\"@id\":\"https:\/\/theplayoffs.news\/fr\/#\/schema\/person\/2bc470c6a49f4f6229a67af19c87a732\",\"name\":\"Elian Goethals\",\"image\":{\"@type\":\"ImageObject\",\"inLanguage\":\"fr-FR\",\"@id\":\"https:\/\/theplayoffs.news\/fr\/#\/schema\/person\/image\/\",\"url\":\"https:\/\/secure.gravatar.com\/avatar\/293e2e649a094756005b611f6122ac1a95e95d453dbfe74b9d434b39855927f6?s=96&d=mm&r=g\",\"contentUrl\":\"https:\/\/secure.gravatar.com\/avatar\/293e2e649a094756005b611f6122ac1a95e95d453dbfe74b9d434b39855927f6?s=96&d=mm&r=g\",\"caption\":\"Elian Goethals\"},\"description\":\"Je suis sp\u00e9cialis\u00e9 dans la r\u00e9daction d\\\\'articles NBA et je suis un grand fan de basket am\u00e9ricain depuis toujours. Cela fait 20 ans que je joue au basket, et mon exp\u00e9rience sur les terrains me permet d\\\\'avoir une analyse approfondie des matchs. J\u2019ai d\u2019abord fait partie d\u2019autres m\u00e9dias sportifs en tant que b\u00e9n\u00e9vole avant de rejoindre ThePlayoffs en janvier. Je termine \u00e9galement un master en \u00e9tudes internationales. Ce que je pr\u00e9f\u00e8re dans mon travail, c\u2019est de transformer ma passion en m\u00e9tier et de partager avec vous l\u2019information NBA. J\u2019essaie de produire un contenu de qualit\u00e9 en esp\u00e9rant qu\u2019il vous plaise !\",\"sameAs\":[\"https:\/\/www.linkedin.com\/in\/elian-goethals-729b71200\/\",\"https:\/\/x.com\/x.com\/elidwight\"],\"url\":\"https:\/\/theplayoffs.news\/fr\/author\/elian\/\"}]}<\/script>\n<!-- \/ Yoast SEO plugin. -->","yoast_head_json":{"title":"Lakers : l&#039;&eacute;tat de sant&eacute; de Luka Doncic en question ?","description":"Suite aux critiques concernant la forme de Luka Doncic, Jovan Buha (The Athletic) a r&eacute;v&eacute;l&eacute; que la star ne serait jamais &agrave; 100% cette saison !","robots":{"index":"index","follow":"follow","max-snippet":"max-snippet:-1","max-image-preview":"max-image-preview:large","max-video-preview":"max-video-preview:-1"},"canonical":"https:\/\/theplayoffs.news\/fr\/actualite-nba\/lakers-letat-de-sante-de-luka-doncic-en-question\/","og_locale":"fr_FR","og_type":"article","og_title":"Lakers : l&#039;&eacute;tat de sant&eacute; de Luka Doncic en question ?","og_description":"Suite aux critiques concernant la forme de Luka Doncic, Jovan Buha (The Athletic) a r&eacute;v&eacute;l&eacute; que la star ne serait jamais &agrave; 100% cette saison !","og_url":"https:\/\/theplayoffs.news\/fr\/actualite-nba\/lakers-letat-de-sante-de-luka-doncic-en-question\/","og_site_name":"The Playoffs FR","article_publisher":"https:\/\/www.facebook.com\/TheFreeAgentFR\/","article_modified_time":"2025-02-14T13:34:18+00:00","og_image":[{"width":1920,"height":1280,"url":"https:\/\/theplayoffs.news\/fr\/wp-content\/uploads\/2025\/02\/USATSI_25403050.jpg","type":"image\/jpeg"}],"author":"Elian Goethals","twitter_card":"summary_large_image","twitter_creator":"@x.com\/elidwight","twitter_site":"@TheFreeAgentFR","twitter_misc":{"\u00c9crit par":"Elian Goethals","Dur\u00e9e de lecture estim\u00e9e":"3 minutes"},"schema":{"@context":"https:\/\/schema.org","@graph":[{"@type":"WebPage","@id":"https:\/\/theplayoffs.news\/fr\/actualite-nba\/lakers-letat-de-sante-de-luka-doncic-en-question\/","url":"https:\/\/theplayoffs.news\/fr\/actualite-nba\/lakers-letat-de-sante-de-luka-doncic-en-question\/","name":"Lakers : l\\'\u00e9tat de sant\u00e9 de Luka Doncic en question ?","isPartOf":{"@id":"https:\/\/theplayoffs.news\/fr\/#website"},"primaryImageOfPage":{"@id":"https:\/\/theplayoffs.news\/fr\/actualite-nba\/lakers-letat-de-sante-de-luka-doncic-en-question\/#primaryimage"},"image":{"@id":"https:\/\/theplayoffs.news\/fr\/actualite-nba\/lakers-letat-de-sante-de-luka-doncic-en-question\/#primaryimage"},"thumbnailUrl":"https:\/\/theplayoffs.news\/fr\/wp-content\/uploads\/2025\/02\/USATSI_25403050.jpg","datePublished":"2025-02-14T13:34:15+00:00","dateModified":"2025-02-14T13:34:18+00:00","author":{"@id":"https:\/\/theplayoffs.news\/fr\/#\/schema\/person\/2bc470c6a49f4f6229a67af19c87a732"},"description":"Suite aux critiques concernant la forme de Luka Doncic, Jovan Buha (The Athletic) a r\u00e9v\u00e9l\u00e9 que la star ne serait jamais \u00e0 100% cette saison !","breadcrumb":{"@id":"https:\/\/theplayoffs.news\/fr\/actualite-nba\/lakers-letat-de-sante-de-luka-doncic-en-question\/#breadcrumb"},"inLanguage":"fr-FR","potentialAction":[{"@type":"ReadAction","target":["https:\/\/theplayoffs.news\/fr\/actualite-nba\/lakers-letat-de-sante-de-luka-doncic-en-question\/"]}]},{"@type":"ImageObject","inLanguage":"fr-FR","@id":"https:\/\/theplayoffs.news\/fr\/actualite-nba\/lakers-letat-de-sante-de-luka-doncic-en-question\/#primaryimage","url":"https:\/\/theplayoffs.news\/fr\/wp-content\/uploads\/2025\/02\/USATSI_25403050.jpg","contentUrl":"https:\/\/theplayoffs.news\/fr\/wp-content\/uploads\/2025\/02\/USATSI_25403050.jpg","width":1920,"height":1280,"caption":"Feb 12, 2025; Salt Lake City, Utah, USA; Los Angeles Lakers guard Luka Doncic (77) shoots over Utah Jazz forward Lauri Markkanen (23) during the second quarter at Delta Center. Mandatory Credit: Chris Nicoll-Imagn Images"},{"@type":"BreadcrumbList","@id":"https:\/\/theplayoffs.news\/fr\/actualite-nba\/lakers-letat-de-sante-de-luka-doncic-en-question\/#breadcrumb","itemListElement":[{"@type":"ListItem","position":1,"name":"Accueil","item":"https:\/\/theplayoffs.news\/fr\/"},{"@type":"ListItem","position":2,"name":"Lakers : l&rsquo;\u00e9tat de sant\u00e9 de Luka Doncic en question ?"}]},{"@type":"WebSite","@id":"https:\/\/theplayoffs.news\/fr\/#website","url":"https:\/\/theplayoffs.news\/fr\/","name":"The Playoffs FR","description":"NBA-NFL-NHL-MLB","potentialAction":[{"@type":"SearchAction","target":{"@type":"EntryPoint","urlTemplate":"https:\/\/theplayoffs.news\/fr\/?s={search_term_string}"},"query-input":{"@type":"PropertyValueSpecification","valueRequired":true,"valueName":"search_term_string"}}],"inLanguage":"fr-FR"},{"@type":"Person","@id":"https:\/\/theplayoffs.news\/fr\/#\/schema\/person\/2bc470c6a49f4f6229a67af19c87a732","name":"Elian Goethals","image":{"@type":"ImageObject","inLanguage":"fr-FR","@id":"https:\/\/theplayoffs.news\/fr\/#\/schema\/person\/image\/","url":"https:\/\/secure.gravatar.com\/avatar\/293e2e649a094756005b611f6122ac1a95e95d453dbfe74b9d434b39855927f6?s=96&d=mm&r=g","contentUrl":"https:\/\/secure.gravatar.com\/avatar\/293e2e649a094756005b611f6122ac1a95e95d453dbfe74b9d434b39855927f6?s=96&d=mm&r=g","caption":"Elian Goethals"},"description":"Je suis sp\u00e9cialis\u00e9 dans la r\u00e9daction d\\'articles NBA et je suis un grand fan de basket am\u00e9ricain depuis toujours. Cela fait 20 ans que je joue au basket, et mon exp\u00e9rience sur les terrains me permet d\\'avoir une analyse approfondie des matchs. J\u2019ai d\u2019abord fait partie d\u2019autres m\u00e9dias sportifs en tant que b\u00e9n\u00e9vole avant de rejoindre ThePlayoffs en janvier. Je termine \u00e9galement un master en \u00e9tudes internationales. Ce que je pr\u00e9f\u00e8re dans mon travail, c\u2019est de transformer ma passion en m\u00e9tier et de partager avec vous l\u2019information NBA. J\u2019essaie de produire un contenu de qualit\u00e9 en esp\u00e9rant qu\u2019il vous plaise !","sameAs":["https:\/\/www.linkedin.com\/in\/elian-goethals-729b71200\/","https:\/\/x.com\/x.com\/elidwight"],"url":"https:\/\/theplayoffs.news\/fr\/author\/elian\/"}]}},"_links":{"self":[{"href":"https:\/\/theplayoffs.news\/fr\/wp-json\/wp\/v2\/posts\/1478957","targetHints":{"allow":["GET"]}}],"collection":[{"href":"https:\/\/theplayoffs.news\/fr\/wp-json\/wp\/v2\/posts"}],"about":[{"href":"https:\/\/theplayoffs.news\/fr\/wp-json\/wp\/v2\/types\/post"}],"author":[{"embeddable":true,"href":"https:\/\/theplayoffs.news\/fr\/wp-json\/wp\/v2\/users\/180310268"}],"replies":[{"embeddable":true,"href":"https:\/\/theplayoffs.news\/fr\/wp-json\/wp\/v2\/comments?post=1478957"}],"version-history":[{"count":2,"href":"https:\/\/theplayoffs.news\/fr\/wp-json\/wp\/v2\/posts\/1478957\/revisions"}],"predecessor-version":[{"id":1478962,"href":"https:\/\/theplayoffs.news\/fr\/wp-json\/wp\/v2\/posts\/1478957\/revisions\/1478962"}],"wp:featuredmedia":[{"embeddable":true,"href":"https:\/\/theplayoffs.news\/fr\/wp-json\/wp\/v2\/media\/1478958"}],"wp:attachment":[{"href":"https:\/\/theplayoffs.news\/fr\/wp-json\/wp\/v2\/media?parent=1478957"}],"wp:term":[{"taxonomy":"category","embeddable":true,"href":"https:\/\/theplayoffs.news\/fr\/wp-json\/wp\/v2\/categories?post=1478957"},{"taxonomy":"post_tag","embeddable":true,"href":"https:\/\/theplayoffs.news\/fr\/wp-json\/wp\/v2\/tags?post=1478957"},{"taxonomy":"sport","embeddable":true,"href":"https:\/\/theplayoffs.news\/fr\/wp-json\/wp\/v2\/sport?post=1478957"},{"taxonomy":"saison","embeddable":true,"href":"https:\/\/theplayoffs.news\/fr\/wp-json\/wp\/v2\/saison?post=1478957"}],"curies":[{"name":"wp","href":"https:\/\/api.w.org\/{rel}","templated":true}]}}