{"id":1478931,"date":"2025-02-14T11:36:21","date_gmt":"2025-02-14T10:36:21","guid":{"rendered":"https:\/\/theplayoffs.news\/fr\/uncategorized\/\/"},"modified":"2025-02-14T12:04:48","modified_gmt":"2025-02-14T11:04:48","slug":"daniel-gafford-la-star-des-mavericks-absente-au-moins-six-semaines-en-raison-dune-entorse-au-genou-droit","status":"publish","type":"post","link":"https:\/\/theplayoffs.news\/fr\/actualite-nba\/daniel-gafford-la-star-des-mavericks-absente-au-moins-six-semaines-en-raison-dune-entorse-au-genou-droit\/","title":{"rendered":"Les Mavericks maudits : Daniel Gafford absent au moins six semaines !"},"content":{"rendered":"<p>Les Dallas Mavericks ont &eacute;t&eacute; tr&egrave;s actifs lors de la p&eacute;riode des transferts, mais n&rsquo;ont pas pu &eacute;viter les probl&egrave;mes de blessures. Un autre joueur cl&eacute; s&rsquo;ajoute &agrave; la liste des bless&eacute;s suite &agrave; la d&eacute;fection d&rsquo;Anthony Davis (sangle abdominale).<\/p><p>Daniel Gafford a en effet &eacute;t&eacute; victime d&rsquo;une entorse au genou droit lors de la d&eacute;faite 127-128 de Dallas contre les Sacramento Kings en d&eacute;but de semaine, et devrait &ecirc;tre indisponible pour une longue p&eacute;riode.<\/p><p>Gafford a quitt&eacute; ses partenaires en plein match lundi, laissant un grand vide au poste de pivot pour Dallas. La star des Mavericks a d&ucirc; &ecirc;tre aid&eacute;e pour rejoindre le vestiaire au cours du deuxi&egrave;me quart-temps. Il a termin&eacute; la rencontre avec quatre points, trois rebonds et deux passes en 10 minutes de jeu.<\/p><figure class=\"wp-block-embed is-type-rich is-provider-twitter wp-block-embed-twitter\"><div class=\"wp-block-embed__wrapper\">\n<blockquote class=\"twitter-tweet\" data-width=\"500\" data-dnt=\"true\"><p lang=\"en\" dir=\"ltr\">Dallas Mavericks center Daniel Gafford has sustained a Grade 3 right MCL sprain and will miss at least 6 weeks, sources tell me and <a href=\"https:\/\/twitter.com\/espn_macmahon?ref_src=twsrc%5Etfw\" class=\"trk-cta-link\" data-cta-trk='{\"ctaType\":\"Link\",\"ctaSubType\":\"main\"}'>@espn_macmahon<\/a>. Gafford, Anthony Davis and Dereck Lively II now expected to be out significant stretches of the second half of the season. <a href=\"https:\/\/t.co\/FJxd2xK9NY\" class=\"trk-cta-link\" data-cta-trk='{\"ctaType\":\"Link\",\"ctaSubType\":\"main\"}'>pic.twitter.com\/FJxd2xK9NY<\/a><\/p>&mdash; Shams Charania (@ShamsCharania) <a href=\"https:\/\/twitter.com\/ShamsCharania\/status\/1890254767924134351?ref_src=twsrc%5Etfw\" class=\"trk-cta-link\" data-cta-trk='{\"ctaType\":\"Link\",\"ctaSubType\":\"main\"}'>February 14, 2025<\/a><\/blockquote><script async src=\"https:\/\/platform.twitter.com\/widgets.js\" charset=\"utf-8\"><\/script>\n<\/div><\/figure><p><strong>Combien de temps Daniel Gafford sera-t-il absent ?<\/strong><\/p><p>Le statut de Daniel Gafford &eacute;tait incertain pour le match contre les Warriors, et il est finalement rest&eacute; sur la touche lors de la victoire 118-113 contre le Miami Heat. Selon <a href=\"https:\/\/x.com\/ShamsCharania\/status\/1890254767924134351?ref_src=twsrc%5Etfw%7Ctwcamp%5Etweetembed%7Ctwterm%5E1890254767924134351%7Ctwgr%5E4a69d2cba8b788736bf6ae73a987800302224bd2%7Ctwcon%5Es1_c10&amp;ref_url=https%3A%2F%2Ftheplayoffs.news%2Ffr%2Fwp-admin%2Fpost.php%3Fpost%3D1478931action%3Dedit\" target=\"_blank\" rel=\"noreferrer noopener nofollow\" class=\"trk-cta-link\" data-cta-trk='{\"ctaType\":\"Link\",\"ctaSubType\":\"main\"}'>Shams Charania d&rsquo;ESPN<\/a>, le pivot des Mavericks sera absent pour au moins six semaines.<\/p><p>Lors du deuxi&egrave;me quart-temps, Malik Monk est entr&eacute; en collision avec Daniel Gafford, entra&icirc;nant une hyperextension de son genou. Apr&egrave;s visionnage des images, la blessure semblait s&eacute;rieuse. Il a subi une entorse de grade 3 du ligament collat&eacute;ral m&eacute;dial du genou droit, selon des sources.<\/p><p>Pendant ce temps, les Dallas Mavericks se retrouvent en difficult&eacute; au poste de pivot, alors qu&rsquo;<strong><a href=\"https:\/\/theplayoffs.news\/fr\/actualite-nba\/blessure-anthony-davis-combien-de-temps-sera-t-il-absent\/\" class=\"trk-cta-link\" data-cta-trk='{\"ctaType\":\"Link\",\"ctaSubType\":\"main\"}'>Anthony Davis<\/a><\/strong> est d&eacute;j&agrave; indisponible apr&egrave;s s&rsquo;&ecirc;tre bless&eacute; &agrave; l&rsquo;aine lors de ses d&eacute;buts contre les Rockets. Kylor Kelley et Olivier-Maxence Prosper sont les options restantes pour remplacer les deux pivots bless&eacute;s. D&eacute;j&agrave; fortement touch&eacute;s par les blessures cette saison, les Mavericks subissent une nouvelle fois les cons&eacute;quences de ces absences.<\/p><p>Cela pourrait &ecirc;tre un gros coup dur pour Dallas, qui lutte pour une place en playoffs. Gafford devrait toutefois revenir avant le d&eacute;but des s&eacute;ries &eacute;liminatoires. Actuellement sur une s&eacute;rie de deux victoires cons&eacute;cutives, les Mavericks occupent la 8&#7497; place de la Conf&eacute;rence Ouest.<\/p><p><\/p><p>Credit Photo: Jerome Miron-Imagn Images<\/p>\n","protected":false},"excerpt":{"rendered":"<p>Daniel Gafford a subi une entorse de grade 3 du ligament collat\u00e9ral m\u00e9dial (MCL) du genou droit, selon des sources.<\/p>\n","protected":false},"author":180309799,"featured_media":1478932,"comment_status":"closed","ping_status":"closed","sticky":false,"template":"","format":"standard","meta":{"inline_featured_image":false,"kia_subtitle":"Daniel Gafford a subi une entorse de grade 3 du ligament collat\u00e9ral m\u00e9dial (MCL) du genou droit, selon des sources.","_mux_skip_reasons":[],"proofreadBy":0,"footnotes":""},"categories":[110,10],"tags":[595,2904],"sport":[],"saison":[],"class_list":["post-1478931","post","type-post","status-publish","format-standard","has-post-thumbnail","hentry","category-actualite-nba","category-nba","tag-dallas-mavericks","tag-daniel-gafford"],"acf":[],"yoast_head":"<!-- This site is optimized with the Yoast SEO plugin v24.2 - https:\/\/yoast.com\/wordpress\/plugins\/seo\/ -->\n<title>Les Mavericks maudits : Daniel Gafford absent au moins six semaines ! - The Playoffs FR<\/title>\n<meta name=\"robots\" content=\"index, follow, max-snippet:-1, max-image-preview:large, max-video-preview:-1\" \/>\n<link rel=\"canonical\" href=\"https:\/\/theplayoffs.news\/fr\/actualite-nba\/daniel-gafford-la-star-des-mavericks-absente-au-moins-six-semaines-en-raison-dune-entorse-au-genou-droit\/\" \/>\n<meta property=\"og:locale\" content=\"fr_FR\" \/>\n<meta property=\"og:type\" content=\"article\" \/>\n<meta property=\"og:title\" content=\"Les Mavericks maudits : Daniel Gafford absent au moins six semaines ! - The Playoffs FR\" \/>\n<meta property=\"og:description\" content=\"Daniel Gafford a subi une entorse de grade 3 du ligament collat&eacute;ral m&eacute;dial (MCL) du genou droit, selon des sources.\" \/>\n<meta property=\"og:url\" content=\"https:\/\/theplayoffs.news\/fr\/actualite-nba\/daniel-gafford-la-star-des-mavericks-absente-au-moins-six-semaines-en-raison-dune-entorse-au-genou-droit\/\" \/>\n<meta property=\"og:site_name\" content=\"The Playoffs FR\" \/>\n<meta property=\"article:publisher\" content=\"https:\/\/www.facebook.com\/TheFreeAgentFR\/\" \/>\n<meta property=\"article:modified_time\" content=\"2025-02-14T12:04:48+01:00\" \/>\n<meta property=\"og:image\" content=\"https:\/\/theplayoffs.news\/fr\/wp-content\/uploads\/2025\/02\/USATSI_25385152-1.jpg\" \/>\n\t<meta property=\"og:image:width\" content=\"1920\" \/>\n\t<meta property=\"og:image:height\" content=\"1280\" \/>\n\t<meta property=\"og:image:type\" content=\"image\/jpeg\" \/>\n<meta name=\"author\" content=\"La r\u00e9daction\" \/>\n<meta name=\"twitter:card\" content=\"summary_large_image\" \/>\n<meta name=\"twitter:creator\" content=\"@TheFreeAgentFR\" \/>\n<meta name=\"twitter:site\" content=\"@TheFreeAgentFR\" \/>\n<meta name=\"twitter:label1\" content=\"\u00c9crit par\" \/>\n\t<meta name=\"twitter:data1\" content=\"La r\u00e9daction\" \/>\n\t<meta name=\"twitter:label2\" content=\"Dur\u00e9e de lecture estim\u00e9e\" \/>\n\t<meta name=\"twitter:data2\" content=\"2 minutes\" \/>\n<script type=\"application\/ld+json\" class=\"yoast-schema-graph\">{\"@context\":\"https:\/\/schema.org\",\"@graph\":[{\"@type\":\"WebPage\",\"@id\":\"https:\/\/theplayoffs.news\/fr\/actualite-nba\/daniel-gafford-la-star-des-mavericks-absente-au-moins-six-semaines-en-raison-dune-entorse-au-genou-droit\/\",\"url\":\"https:\/\/theplayoffs.news\/fr\/actualite-nba\/daniel-gafford-la-star-des-mavericks-absente-au-moins-six-semaines-en-raison-dune-entorse-au-genou-droit\/\",\"name\":\"Les Mavericks maudits : Daniel Gafford absent au moins six semaines ! - The Playoffs FR\",\"isPartOf\":{\"@id\":\"https:\/\/theplayoffs.news\/fr\/#website\"},\"primaryImageOfPage\":{\"@id\":\"https:\/\/theplayoffs.news\/fr\/actualite-nba\/daniel-gafford-la-star-des-mavericks-absente-au-moins-six-semaines-en-raison-dune-entorse-au-genou-droit\/#primaryimage\"},\"image\":{\"@id\":\"https:\/\/theplayoffs.news\/fr\/actualite-nba\/daniel-gafford-la-star-des-mavericks-absente-au-moins-six-semaines-en-raison-dune-entorse-au-genou-droit\/#primaryimage\"},\"thumbnailUrl\":\"https:\/\/theplayoffs.news\/fr\/wp-content\/uploads\/2025\/02\/USATSI_25385152-1.jpg\",\"datePublished\":\"2025-02-14T10:36:21+00:00\",\"dateModified\":\"2025-02-14T11:04:48+00:00\",\"author\":{\"@id\":\"https:\/\/theplayoffs.news\/fr\/#\/schema\/person\/bb40426f4e478f9bd8cdbfeb4f2f9784\"},\"breadcrumb\":{\"@id\":\"https:\/\/theplayoffs.news\/fr\/actualite-nba\/daniel-gafford-la-star-des-mavericks-absente-au-moins-six-semaines-en-raison-dune-entorse-au-genou-droit\/#breadcrumb\"},\"inLanguage\":\"fr-FR\",\"potentialAction\":[{\"@type\":\"ReadAction\",\"target\":[\"https:\/\/theplayoffs.news\/fr\/actualite-nba\/daniel-gafford-la-star-des-mavericks-absente-au-moins-six-semaines-en-raison-dune-entorse-au-genou-droit\/\"]}]},{\"@type\":\"ImageObject\",\"inLanguage\":\"fr-FR\",\"@id\":\"https:\/\/theplayoffs.news\/fr\/actualite-nba\/daniel-gafford-la-star-des-mavericks-absente-au-moins-six-semaines-en-raison-dune-entorse-au-genou-droit\/#primaryimage\",\"url\":\"https:\/\/theplayoffs.news\/fr\/wp-content\/uploads\/2025\/02\/USATSI_25385152-1.jpg\",\"contentUrl\":\"https:\/\/theplayoffs.news\/fr\/wp-content\/uploads\/2025\/02\/USATSI_25385152-1.jpg\",\"width\":1920,\"height\":1280,\"caption\":\"Feb 10, 2025; Dallas, Texas, USA; Dallas Mavericks center Daniel Gafford (21) is helped off the court during the second quarter against the Sacramento Kings at the American Airlines Center. Mandatory Credit: Jerome Miron-Imagn Images\"},{\"@type\":\"BreadcrumbList\",\"@id\":\"https:\/\/theplayoffs.news\/fr\/actualite-nba\/daniel-gafford-la-star-des-mavericks-absente-au-moins-six-semaines-en-raison-dune-entorse-au-genou-droit\/#breadcrumb\",\"itemListElement\":[{\"@type\":\"ListItem\",\"position\":1,\"name\":\"Accueil\",\"item\":\"https:\/\/theplayoffs.news\/fr\/\"},{\"@type\":\"ListItem\",\"position\":2,\"name\":\"Les Mavericks maudits : Daniel Gafford absent au moins six semaines !\"}]},{\"@type\":\"WebSite\",\"@id\":\"https:\/\/theplayoffs.news\/fr\/#website\",\"url\":\"https:\/\/theplayoffs.news\/fr\/\",\"name\":\"The Playoffs FR\",\"description\":\"NBA-NFL-NHL-MLB\",\"potentialAction\":[{\"@type\":\"SearchAction\",\"target\":{\"@type\":\"EntryPoint\",\"urlTemplate\":\"https:\/\/theplayoffs.news\/fr\/?s={search_term_string}\"},\"query-input\":{\"@type\":\"PropertyValueSpecification\",\"valueRequired\":true,\"valueName\":\"search_term_string\"}}],\"inLanguage\":\"fr-FR\"},{\"@type\":\"Person\",\"@id\":\"https:\/\/theplayoffs.news\/fr\/#\/schema\/person\/bb40426f4e478f9bd8cdbfeb4f2f9784\",\"name\":\"La r\u00e9daction\",\"image\":{\"@type\":\"ImageObject\",\"inLanguage\":\"fr-FR\",\"@id\":\"https:\/\/theplayoffs.news\/fr\/#\/schema\/person\/image\/\",\"url\":\"https:\/\/secure.gravatar.com\/avatar\/7e69b41460ab2c17d61c8c364b6a0ee006f957a70191383ef42be1f4733d6515?s=96&d=mm&r=g\",\"contentUrl\":\"https:\/\/secure.gravatar.com\/avatar\/7e69b41460ab2c17d61c8c364b6a0ee006f957a70191383ef42be1f4733d6515?s=96&d=mm&r=g\",\"caption\":\"La r\u00e9daction\"},\"description\":\"On dit qu\\\\'il faut un village pour s\\\\'occuper d\\\\'un enfant. Et bien c\\\\'est exactement ce dont il s\\\\'agit ici pour The Playoffs. La r\u00e9daction, ce sont vos r\u00e9dacteurs pr\u00e9f\u00e9r\u00e9s qui collaborent sur ces articles que vous lisez au quotidien.\u00a0\",\"url\":\"https:\/\/theplayoffs.news\/fr\/author\/freeagentfr\/\"}]}<\/script>\n<!-- \/ Yoast SEO plugin. -->","yoast_head_json":{"title":"Les Mavericks maudits : Daniel Gafford absent au moins six semaines ! - The Playoffs FR","robots":{"index":"index","follow":"follow","max-snippet":"max-snippet:-1","max-image-preview":"max-image-preview:large","max-video-preview":"max-video-preview:-1"},"canonical":"https:\/\/theplayoffs.news\/fr\/actualite-nba\/daniel-gafford-la-star-des-mavericks-absente-au-moins-six-semaines-en-raison-dune-entorse-au-genou-droit\/","og_locale":"fr_FR","og_type":"article","og_title":"Les Mavericks maudits : Daniel Gafford absent au moins six semaines ! - The Playoffs FR","og_description":"Daniel Gafford a subi une entorse de grade 3 du ligament collat&eacute;ral m&eacute;dial (MCL) du genou droit, selon des sources.","og_url":"https:\/\/theplayoffs.news\/fr\/actualite-nba\/daniel-gafford-la-star-des-mavericks-absente-au-moins-six-semaines-en-raison-dune-entorse-au-genou-droit\/","og_site_name":"The Playoffs FR","article_publisher":"https:\/\/www.facebook.com\/TheFreeAgentFR\/","article_modified_time":"2025-02-14T11:04:48+00:00","og_image":[{"width":1920,"height":1280,"url":"https:\/\/theplayoffs.news\/fr\/wp-content\/uploads\/2025\/02\/USATSI_25385152-1.jpg","type":"image\/jpeg"}],"author":"La r\u00e9daction","twitter_card":"summary_large_image","twitter_creator":"@TheFreeAgentFR","twitter_site":"@TheFreeAgentFR","twitter_misc":{"\u00c9crit par":"La r\u00e9daction","Dur\u00e9e de lecture estim\u00e9e":"2 minutes"},"schema":{"@context":"https:\/\/schema.org","@graph":[{"@type":"WebPage","@id":"https:\/\/theplayoffs.news\/fr\/actualite-nba\/daniel-gafford-la-star-des-mavericks-absente-au-moins-six-semaines-en-raison-dune-entorse-au-genou-droit\/","url":"https:\/\/theplayoffs.news\/fr\/actualite-nba\/daniel-gafford-la-star-des-mavericks-absente-au-moins-six-semaines-en-raison-dune-entorse-au-genou-droit\/","name":"Les Mavericks maudits : Daniel Gafford absent au moins six semaines ! - The Playoffs FR","isPartOf":{"@id":"https:\/\/theplayoffs.news\/fr\/#website"},"primaryImageOfPage":{"@id":"https:\/\/theplayoffs.news\/fr\/actualite-nba\/daniel-gafford-la-star-des-mavericks-absente-au-moins-six-semaines-en-raison-dune-entorse-au-genou-droit\/#primaryimage"},"image":{"@id":"https:\/\/theplayoffs.news\/fr\/actualite-nba\/daniel-gafford-la-star-des-mavericks-absente-au-moins-six-semaines-en-raison-dune-entorse-au-genou-droit\/#primaryimage"},"thumbnailUrl":"https:\/\/theplayoffs.news\/fr\/wp-content\/uploads\/2025\/02\/USATSI_25385152-1.jpg","datePublished":"2025-02-14T10:36:21+00:00","dateModified":"2025-02-14T11:04:48+00:00","author":{"@id":"https:\/\/theplayoffs.news\/fr\/#\/schema\/person\/bb40426f4e478f9bd8cdbfeb4f2f9784"},"breadcrumb":{"@id":"https:\/\/theplayoffs.news\/fr\/actualite-nba\/daniel-gafford-la-star-des-mavericks-absente-au-moins-six-semaines-en-raison-dune-entorse-au-genou-droit\/#breadcrumb"},"inLanguage":"fr-FR","potentialAction":[{"@type":"ReadAction","target":["https:\/\/theplayoffs.news\/fr\/actualite-nba\/daniel-gafford-la-star-des-mavericks-absente-au-moins-six-semaines-en-raison-dune-entorse-au-genou-droit\/"]}]},{"@type":"ImageObject","inLanguage":"fr-FR","@id":"https:\/\/theplayoffs.news\/fr\/actualite-nba\/daniel-gafford-la-star-des-mavericks-absente-au-moins-six-semaines-en-raison-dune-entorse-au-genou-droit\/#primaryimage","url":"https:\/\/theplayoffs.news\/fr\/wp-content\/uploads\/2025\/02\/USATSI_25385152-1.jpg","contentUrl":"https:\/\/theplayoffs.news\/fr\/wp-content\/uploads\/2025\/02\/USATSI_25385152-1.jpg","width":1920,"height":1280,"caption":"Feb 10, 2025; Dallas, Texas, USA; Dallas Mavericks center Daniel Gafford (21) is helped off the court during the second quarter against the Sacramento Kings at the American Airlines Center. Mandatory Credit: Jerome Miron-Imagn Images"},{"@type":"BreadcrumbList","@id":"https:\/\/theplayoffs.news\/fr\/actualite-nba\/daniel-gafford-la-star-des-mavericks-absente-au-moins-six-semaines-en-raison-dune-entorse-au-genou-droit\/#breadcrumb","itemListElement":[{"@type":"ListItem","position":1,"name":"Accueil","item":"https:\/\/theplayoffs.news\/fr\/"},{"@type":"ListItem","position":2,"name":"Les Mavericks maudits : Daniel Gafford absent au moins six semaines !"}]},{"@type":"WebSite","@id":"https:\/\/theplayoffs.news\/fr\/#website","url":"https:\/\/theplayoffs.news\/fr\/","name":"The Playoffs FR","description":"NBA-NFL-NHL-MLB","potentialAction":[{"@type":"SearchAction","target":{"@type":"EntryPoint","urlTemplate":"https:\/\/theplayoffs.news\/fr\/?s={search_term_string}"},"query-input":{"@type":"PropertyValueSpecification","valueRequired":true,"valueName":"search_term_string"}}],"inLanguage":"fr-FR"},{"@type":"Person","@id":"https:\/\/theplayoffs.news\/fr\/#\/schema\/person\/bb40426f4e478f9bd8cdbfeb4f2f9784","name":"La r\u00e9daction","image":{"@type":"ImageObject","inLanguage":"fr-FR","@id":"https:\/\/theplayoffs.news\/fr\/#\/schema\/person\/image\/","url":"https:\/\/secure.gravatar.com\/avatar\/7e69b41460ab2c17d61c8c364b6a0ee006f957a70191383ef42be1f4733d6515?s=96&d=mm&r=g","contentUrl":"https:\/\/secure.gravatar.com\/avatar\/7e69b41460ab2c17d61c8c364b6a0ee006f957a70191383ef42be1f4733d6515?s=96&d=mm&r=g","caption":"La r\u00e9daction"},"description":"On dit qu\\'il faut un village pour s\\'occuper d\\'un enfant. Et bien c\\'est exactement ce dont il s\\'agit ici pour The Playoffs. La r\u00e9daction, ce sont vos r\u00e9dacteurs pr\u00e9f\u00e9r\u00e9s qui collaborent sur ces articles que vous lisez au quotidien.\u00a0","url":"https:\/\/theplayoffs.news\/fr\/author\/freeagentfr\/"}]}},"_links":{"self":[{"href":"https:\/\/theplayoffs.news\/fr\/wp-json\/wp\/v2\/posts\/1478931","targetHints":{"allow":["GET"]}}],"collection":[{"href":"https:\/\/theplayoffs.news\/fr\/wp-json\/wp\/v2\/posts"}],"about":[{"href":"https:\/\/theplayoffs.news\/fr\/wp-json\/wp\/v2\/types\/post"}],"author":[{"embeddable":true,"href":"https:\/\/theplayoffs.news\/fr\/wp-json\/wp\/v2\/users\/180309799"}],"replies":[{"embeddable":true,"href":"https:\/\/theplayoffs.news\/fr\/wp-json\/wp\/v2\/comments?post=1478931"}],"version-history":[{"count":2,"href":"https:\/\/theplayoffs.news\/fr\/wp-json\/wp\/v2\/posts\/1478931\/revisions"}],"predecessor-version":[{"id":1478945,"href":"https:\/\/theplayoffs.news\/fr\/wp-json\/wp\/v2\/posts\/1478931\/revisions\/1478945"}],"wp:featuredmedia":[{"embeddable":true,"href":"https:\/\/theplayoffs.news\/fr\/wp-json\/wp\/v2\/media\/1478932"}],"wp:attachment":[{"href":"https:\/\/theplayoffs.news\/fr\/wp-json\/wp\/v2\/media?parent=1478931"}],"wp:term":[{"taxonomy":"category","embeddable":true,"href":"https:\/\/theplayoffs.news\/fr\/wp-json\/wp\/v2\/categories?post=1478931"},{"taxonomy":"post_tag","embeddable":true,"href":"https:\/\/theplayoffs.news\/fr\/wp-json\/wp\/v2\/tags?post=1478931"},{"taxonomy":"sport","embeddable":true,"href":"https:\/\/theplayoffs.news\/fr\/wp-json\/wp\/v2\/sport?post=1478931"},{"taxonomy":"saison","embeddable":true,"href":"https:\/\/theplayoffs.news\/fr\/wp-json\/wp\/v2\/saison?post=1478931"}],"curies":[{"name":"wp","href":"https:\/\/api.w.org\/{rel}","templated":true}]}}