{"id":1478819,"date":"2025-02-13T09:26:32","date_gmt":"2025-02-13T08:26:32","guid":{"rendered":"https:\/\/theplayoffs.news\/fr\/uncategorized\/\/"},"modified":"2025-02-13T09:26:39","modified_gmt":"2025-02-13T08:26:39","slug":"le-pere-de-luka-doncic-tourne-la-page-apres-son-trade-aux-lakers-la-vie-continue","status":"publish","type":"post","link":"https:\/\/theplayoffs.news\/fr\/actualite-nba\/le-pere-de-luka-doncic-tourne-la-page-apres-son-trade-aux-lakers-la-vie-continue\/","title":{"rendered":"Le p\u00e8re de Luka Doncic tourne la page apr\u00e8s son trade aux Lakers : \u00ab\u00a0La vie continue\u00a0\u00bb"},"content":{"rendered":"<p>Le p&egrave;re de <a href=\"https:\/\/www.basketball-reference.com\/players\/d\/doncilu01.html\" class=\"trk-cta-link\" data-cta-trk='{\"ctaType\":\"Link\",\"ctaSubType\":\"main\"}'>Luka Doncic<\/a>, Sasa Doncic, a d&eacute;cid&eacute; de tourner la page apr&egrave;s la frustration provoqu&eacute;e par le transfert de son fils vers les Los Angeles Lakers &agrave; la trade deadline <a href=\"https:\/\/theplayoffs.news\/fr\/category\/nba\/\" class=\"trk-cta-link\" data-cta-trk='{\"ctaType\":\"Link\",\"ctaSubType\":\"main\"}'>NBA<\/a>. Quelques jours apr&egrave;s avoir vivement critiqu&eacute; la direction des Dallas Mavericks pour cet &eacute;change, qui impliquait &eacute;galement le pivot <strong>Anthony Davis<\/strong>, il a d&eacute;clar&eacute; que cet &eacute;pisode &eacute;tait derri&egrave;re lui lors d&rsquo;une interview accord&eacute;e &agrave; la presse slov&egrave;ne ce mercredi 12 f&eacute;vrier.<\/p><p><em>&laquo; Concernant l&rsquo;&eacute;change, je dois dire qu&rsquo;apr&egrave;s en avoir discut&eacute; avec Luka, on a l&rsquo;impression que cela s&rsquo;est produit il y a d&eacute;j&agrave; un an. Nous avons oubli&eacute; tout cela, ainsi que l&rsquo;amertume du moment &raquo;<\/em>, a confi&eacute; Sasa. <em>&laquo; &Ccedil;a a &eacute;t&eacute; un choc, mais au final, chaque franchise a le droit d&rsquo;&eacute;changer ses joueurs si elle estime que c&rsquo;est n&eacute;cessaire. &raquo;<\/em><\/p><p><em>&laquo; Ce qui est fait est fait. La vie continue &raquo;<\/em>, a-t-il ajout&eacute;. <em>&laquo; Luka s&rsquo;est adapt&eacute; tr&egrave;s rapidement. Bien s&ucirc;r, les Lakers ont fait en sorte qu&rsquo;il se sente &agrave; l&rsquo;aise dans ce nouvel environnement. L&rsquo;&eacute;change appartient d&eacute;sormais au pass&eacute;, et nous avan&ccedil;ons. &raquo;<\/em><\/p><figure class=\"wp-block-embed is-type-rich is-provider-twitter wp-block-embed-twitter\"><div class=\"wp-block-embed__wrapper\">\n<blockquote class=\"twitter-tweet\" data-width=\"500\" data-dnt=\"true\"><p lang=\"en\" dir=\"ltr\">Sa&scaron;a Don&#269;i&#263;:<br><br>&ldquo;Well regarding the trade, I have to say, at least what Luka and I talk about, it feels like it happened a year ago. We&rsquo;ve already forgot about it, the bitterness of that moment, it was a shock&hellip;&rdquo; <br><br>(via POPoln kanal\/YouTube)<br> <a href=\"https:\/\/t.co\/sncJ2aCtLV\" class=\"trk-cta-link\" data-cta-trk='{\"ctaType\":\"Link\",\"ctaSubType\":\"main\"}'>pic.twitter.com\/sncJ2aCtLV<\/a><\/p>&mdash; MFFL NATION (@NationMffl) <a href=\"https:\/\/twitter.com\/NationMffl\/status\/1889719197132898750?ref_src=twsrc%5Etfw\" class=\"trk-cta-link\" data-cta-trk='{\"ctaType\":\"Link\",\"ctaSubType\":\"main\"}'>February 12, 2025<\/a><\/blockquote><script async src=\"https:\/\/platform.twitter.com\/widgets.js\" charset=\"utf-8\"><\/script>\n<\/div><\/figure><h3 class=\"wp-block-heading\">Un move initialement mal v&eacute;cu par le p&egrave;re de Doncic<\/h3><p>L&rsquo;&eacute;change de <strong>Luka Doncic<\/strong> contre Anthony Davis a secou&eacute; la NBA, notamment parce que le Slov&egrave;ne &eacute;tait consid&eacute;r&eacute; comme le franchise player des Mavericks et s&rsquo;&eacute;tait d&eacute;j&agrave; impos&eacute; comme l&rsquo;un des meilleurs joueurs de la ligue &agrave; seulement 25 ans.<\/p><p>Pourtant, le General Manager de Dallas, <strong>Nico Harrison<\/strong>, doutait de la capacit&eacute; de Doncic &agrave; mener l&rsquo;&eacute;quipe au titre dans les ann&eacute;es &agrave; venir. Selon lui, le joueur manquait de discipline et peinait &agrave; maintenir une condition physique optimale pour maximiser ses performances. Ses blessures r&eacute;currentes ont &eacute;galement pes&eacute; dans la d&eacute;cision.<\/p><p>Lire aussi:<\/p><p><a href=\"https:\/\/theplayoffs.news\/fr\/actualite-nba\/les-suns-pourraient-echanger-kevin-durant-cet-ete\/\" class=\"trk-cta-link\" data-cta-trk='{\"ctaType\":\"Link\",\"ctaSubType\":\"main\"}'>Les Suns pourraient &eacute;changer Kevin Durant cet &eacute;t&eacute; &ndash; The Playoffs<\/a><\/p><p><a href=\"https:\/\/theplayoffs.news\/fr\/actualite-nba\/lebron-james-avait-un-seul-message-pour-luka-doncic-sois-toi-meme\/\" class=\"trk-cta-link\" data-cta-trk='{\"ctaType\":\"Link\",\"ctaSubType\":\"main\"}'>LeBron James avait un seul message pour Doncic : &ldquo;Sois toi m&ecirc;me&rdquo;&nbsp;<\/a><\/p><p>Les explications de Harrison n&rsquo;ont pas convaincu le p&egrave;re du joueur, qui n&rsquo;a pas cach&eacute; son m&eacute;contentement apr&egrave;s l&rsquo;annonce du transfert. <em>&laquo; Je comprends qu&rsquo;il arrive un moment o&ugrave; l&rsquo;on n&rsquo;adh&egrave;re plus &agrave; une certaine philosophie. On peut ne pas appr&eacute;cier tel ou tel joueur, c&rsquo;est normal, je l&rsquo;accepte. Mais ce qui me d&eacute;range profond&eacute;ment, c&rsquo;est ce manque de transparence, voire, chez certains, une forme d&rsquo;hypocrisie. &Ccedil;a me blesse personnellement, car Luka ne m&eacute;ritait absolument pas &ccedil;a. &raquo;<\/em><\/p><h3 class=\"wp-block-heading\">Nouveau chapitre en or et violet<\/h3><p>Apr&egrave;s l&rsquo;effervescence et les tensions li&eacute;es &agrave; son d&eacute;part vers Los Angeles, <strong>Luka Doncic<\/strong> est d&eacute;sormais pleinement concentr&eacute; sur son objectif : aider sa nouvelle &eacute;quipe &agrave; briller en saison r&eacute;guli&egrave;re. De retour d&rsquo;une blessure au mollet contract&eacute;e lors du Christmas Day, il a fait ses d&eacute;buts avec les Lakers contre le Utah Jazz lundi 10 f&eacute;vrier, inscrivant 14 points en 23 minutes lors d&rsquo;une victoire 132-113. Il a de nouveau affront&eacute; la franchise de Salt Lake City ce mercredi 12 f&eacute;vrier, compilant 16 points en 23 minutes dans une d&eacute;faite 131-119.<\/p><figure class=\"wp-block-embed is-type-rich is-provider-twitter wp-block-embed-twitter\"><div class=\"wp-block-embed__wrapper\">\n<blockquote class=\"twitter-tweet\" data-width=\"500\" data-dnt=\"true\"><p lang=\"in\" dir=\"ltr\">Luka Doncic vs Utah Jazz<br><br>16 PTS \/ 4 REB \/ 4 AST<a href=\"https:\/\/twitter.com\/Lakers?ref_src=twsrc%5Etfw\" class=\"trk-cta-link\" data-cta-trk='{\"ctaType\":\"Link\",\"ctaSubType\":\"main\"}'>@Lakers<\/a> L (32-20) <a href=\"https:\/\/t.co\/XlRXU6Qsn4\" class=\"trk-cta-link\" data-cta-trk='{\"ctaType\":\"Link\",\"ctaSubType\":\"main\"}'>pic.twitter.com\/XlRXU6Qsn4<\/a><\/p>&mdash; A Walking Highlight (@11AWH) <a href=\"https:\/\/twitter.com\/11AWH\/status\/1889910944496754727?ref_src=twsrc%5Etfw\" class=\"trk-cta-link\" data-cta-trk='{\"ctaType\":\"Link\",\"ctaSubType\":\"main\"}'>February 13, 2025<\/a><\/blockquote><script async src=\"https:\/\/platform.twitter.com\/widgets.js\" charset=\"utf-8\"><\/script>\n<\/div><\/figure><p>Au sortir de ce back-to-back contre le Jazz, les<strong> co&eacute;quipiers de LeBron James <\/strong>affichent d&eacute;sormais un bilan de 32 victoires pour 20 d&eacute;faites, occupant ainsi la cinqui&egrave;me place de la Conf&eacute;rence Ouest. L&rsquo;&eacute;quipe ne rejouera qu&rsquo;apr&egrave;s la pause du <strong>All-Star Game<\/strong>, avec un prochain rendez-vous fix&eacute; au 20 f&eacute;vrier face aux Charlotte Hornets.<\/p><p>Credit : &copy; Jerome Miron-Imagn Images<\/p>\n","protected":false},"excerpt":{"rendered":"<p>D&rsquo;abord bless\u00e9 par le trade de son fils Luka vers les Lakers, Sasa Doncic s&rsquo;est montr\u00e9 plus apais\u00e9 mercredi au micro d&rsquo;une chaine de t\u00e9l\u00e9.<\/p>\n","protected":false},"author":180309799,"featured_media":1478825,"comment_status":"closed","ping_status":"closed","sticky":false,"template":"","format":"standard","meta":{"inline_featured_image":false,"kia_subtitle":"D'abord bless\u00e9 par le trade de son fils Luka vers les Lakers, Sasa Doncic s'est montr\u00e9 plus apais\u00e9 mercredi au micro d'une chaine de t\u00e9l\u00e9.","_mux_skip_reasons":[],"proofreadBy":0,"footnotes":""},"categories":[110,10],"tags":[763,595,117,545,8059],"sport":[2783],"saison":[],"class_list":["post-1478819","post","type-post","status-publish","format-standard","has-post-thumbnail","hentry","category-actualite-nba","category-nba","tag-anthony-davis","tag-dallas-mavericks","tag-los-angeles-lakers","tag-luka-doncic","tag-sasa-doncic","sport-nba"],"acf":[],"yoast_head":"<!-- This site is optimized with the Yoast SEO plugin v24.2 - https:\/\/yoast.com\/wordpress\/plugins\/seo\/ -->\n<title>Sasa Doncic relativise le trade de son fils Luka : &quot;la vie continue&quot;<\/title>\n<meta name=\"description\" content=\"D&#039;abord bless&eacute; par le trade de son fils Luka vers les Lakers, Sasa Doncic s&#039;est montr&eacute; plus apais&eacute; mercredi au micro d&#039;une chaine de t&eacute;l&eacute;.\" \/>\n<meta name=\"robots\" content=\"index, follow, max-snippet:-1, max-image-preview:large, max-video-preview:-1\" \/>\n<link rel=\"canonical\" href=\"https:\/\/theplayoffs.news\/fr\/actualite-nba\/le-pere-de-luka-doncic-tourne-la-page-apres-son-trade-aux-lakers-la-vie-continue\/\" \/>\n<meta property=\"og:locale\" content=\"fr_FR\" \/>\n<meta property=\"og:type\" content=\"article\" \/>\n<meta property=\"og:title\" content=\"Sasa Doncic relativise le trade de son fils Luka : &quot;la vie continue&quot;\" \/>\n<meta property=\"og:description\" content=\"D&#039;abord bless&eacute; par le trade de son fils Luka vers les Lakers, Sasa Doncic s&#039;est montr&eacute; plus apais&eacute; mercredi au micro d&#039;une chaine de t&eacute;l&eacute;.\" \/>\n<meta property=\"og:url\" content=\"https:\/\/theplayoffs.news\/fr\/actualite-nba\/le-pere-de-luka-doncic-tourne-la-page-apres-son-trade-aux-lakers-la-vie-continue\/\" \/>\n<meta property=\"og:site_name\" content=\"The Playoffs FR\" \/>\n<meta property=\"article:publisher\" content=\"https:\/\/www.facebook.com\/TheFreeAgentFR\/\" \/>\n<meta property=\"article:modified_time\" content=\"2025-02-13T09:26:39+01:00\" \/>\n<meta property=\"og:image\" content=\"https:\/\/theplayoffs.news\/fr\/wp-content\/uploads\/2025\/02\/USATSI_19850266.jpg\" \/>\n\t<meta property=\"og:image:width\" content=\"1920\" \/>\n\t<meta property=\"og:image:height\" content=\"1280\" \/>\n\t<meta property=\"og:image:type\" content=\"image\/jpeg\" \/>\n<meta name=\"author\" content=\"La r\u00e9daction\" \/>\n<meta name=\"twitter:card\" content=\"summary_large_image\" \/>\n<meta name=\"twitter:creator\" content=\"@TheFreeAgentFR\" \/>\n<meta name=\"twitter:site\" content=\"@TheFreeAgentFR\" \/>\n<meta name=\"twitter:label1\" content=\"\u00c9crit par\" \/>\n\t<meta name=\"twitter:data1\" content=\"La r\u00e9daction\" \/>\n\t<meta name=\"twitter:label2\" content=\"Dur\u00e9e de lecture estim\u00e9e\" \/>\n\t<meta name=\"twitter:data2\" content=\"3 minutes\" \/>\n<script type=\"application\/ld+json\" class=\"yoast-schema-graph\">{\"@context\":\"https:\/\/schema.org\",\"@graph\":[{\"@type\":\"WebPage\",\"@id\":\"https:\/\/theplayoffs.news\/fr\/actualite-nba\/le-pere-de-luka-doncic-tourne-la-page-apres-son-trade-aux-lakers-la-vie-continue\/\",\"url\":\"https:\/\/theplayoffs.news\/fr\/actualite-nba\/le-pere-de-luka-doncic-tourne-la-page-apres-son-trade-aux-lakers-la-vie-continue\/\",\"name\":\"Sasa Doncic relativise le trade de son fils Luka : \\\\\\\"la vie continue\\\\\\\"\",\"isPartOf\":{\"@id\":\"https:\/\/theplayoffs.news\/fr\/#website\"},\"primaryImageOfPage\":{\"@id\":\"https:\/\/theplayoffs.news\/fr\/actualite-nba\/le-pere-de-luka-doncic-tourne-la-page-apres-son-trade-aux-lakers-la-vie-continue\/#primaryimage\"},\"image\":{\"@id\":\"https:\/\/theplayoffs.news\/fr\/actualite-nba\/le-pere-de-luka-doncic-tourne-la-page-apres-son-trade-aux-lakers-la-vie-continue\/#primaryimage\"},\"thumbnailUrl\":\"https:\/\/theplayoffs.news\/fr\/wp-content\/uploads\/2025\/02\/USATSI_19850266.jpg\",\"datePublished\":\"2025-02-13T08:26:32+00:00\",\"dateModified\":\"2025-02-13T08:26:39+00:00\",\"author\":{\"@id\":\"https:\/\/theplayoffs.news\/fr\/#\/schema\/person\/bb40426f4e478f9bd8cdbfeb4f2f9784\"},\"description\":\"D\\\\'abord bless\u00e9 par le trade de son fils Luka vers les Lakers, Sasa Doncic s\\\\'est montr\u00e9 plus apais\u00e9 mercredi au micro d\\\\'une chaine de t\u00e9l\u00e9.\",\"breadcrumb\":{\"@id\":\"https:\/\/theplayoffs.news\/fr\/actualite-nba\/le-pere-de-luka-doncic-tourne-la-page-apres-son-trade-aux-lakers-la-vie-continue\/#breadcrumb\"},\"inLanguage\":\"fr-FR\",\"potentialAction\":[{\"@type\":\"ReadAction\",\"target\":[\"https:\/\/theplayoffs.news\/fr\/actualite-nba\/le-pere-de-luka-doncic-tourne-la-page-apres-son-trade-aux-lakers-la-vie-continue\/\"]}]},{\"@type\":\"ImageObject\",\"inLanguage\":\"fr-FR\",\"@id\":\"https:\/\/theplayoffs.news\/fr\/actualite-nba\/le-pere-de-luka-doncic-tourne-la-page-apres-son-trade-aux-lakers-la-vie-continue\/#primaryimage\",\"url\":\"https:\/\/theplayoffs.news\/fr\/wp-content\/uploads\/2025\/02\/USATSI_19850266.jpg\",\"contentUrl\":\"https:\/\/theplayoffs.news\/fr\/wp-content\/uploads\/2025\/02\/USATSI_19850266.jpg\",\"width\":1920,\"height\":1280,\"caption\":\"Luka Sasa Doncic\"},{\"@type\":\"BreadcrumbList\",\"@id\":\"https:\/\/theplayoffs.news\/fr\/actualite-nba\/le-pere-de-luka-doncic-tourne-la-page-apres-son-trade-aux-lakers-la-vie-continue\/#breadcrumb\",\"itemListElement\":[{\"@type\":\"ListItem\",\"position\":1,\"name\":\"Accueil\",\"item\":\"https:\/\/theplayoffs.news\/fr\/\"},{\"@type\":\"ListItem\",\"position\":2,\"name\":\"Le p\u00e8re de Luka Doncic tourne la page apr\u00e8s son trade aux Lakers : \u00ab\u00a0La vie continue\u00a0\u00bb\"}]},{\"@type\":\"WebSite\",\"@id\":\"https:\/\/theplayoffs.news\/fr\/#website\",\"url\":\"https:\/\/theplayoffs.news\/fr\/\",\"name\":\"The Playoffs FR\",\"description\":\"NBA-NFL-NHL-MLB\",\"potentialAction\":[{\"@type\":\"SearchAction\",\"target\":{\"@type\":\"EntryPoint\",\"urlTemplate\":\"https:\/\/theplayoffs.news\/fr\/?s={search_term_string}\"},\"query-input\":{\"@type\":\"PropertyValueSpecification\",\"valueRequired\":true,\"valueName\":\"search_term_string\"}}],\"inLanguage\":\"fr-FR\"},{\"@type\":\"Person\",\"@id\":\"https:\/\/theplayoffs.news\/fr\/#\/schema\/person\/bb40426f4e478f9bd8cdbfeb4f2f9784\",\"name\":\"La r\u00e9daction\",\"image\":{\"@type\":\"ImageObject\",\"inLanguage\":\"fr-FR\",\"@id\":\"https:\/\/theplayoffs.news\/fr\/#\/schema\/person\/image\/\",\"url\":\"https:\/\/secure.gravatar.com\/avatar\/7e69b41460ab2c17d61c8c364b6a0ee006f957a70191383ef42be1f4733d6515?s=96&d=mm&r=g\",\"contentUrl\":\"https:\/\/secure.gravatar.com\/avatar\/7e69b41460ab2c17d61c8c364b6a0ee006f957a70191383ef42be1f4733d6515?s=96&d=mm&r=g\",\"caption\":\"La r\u00e9daction\"},\"description\":\"On dit qu\\\\'il faut un village pour s\\\\'occuper d\\\\'un enfant. Et bien c\\\\'est exactement ce dont il s\\\\'agit ici pour The Playoffs. La r\u00e9daction, ce sont vos r\u00e9dacteurs pr\u00e9f\u00e9r\u00e9s qui collaborent sur ces articles que vous lisez au quotidien.\u00a0\",\"url\":\"https:\/\/theplayoffs.news\/fr\/author\/freeagentfr\/\"}]}<\/script>\n<!-- \/ Yoast SEO plugin. -->","yoast_head_json":{"title":"Sasa Doncic relativise le trade de son fils Luka : &quot;la vie continue&quot;","description":"D&#039;abord bless&eacute; par le trade de son fils Luka vers les Lakers, Sasa Doncic s&#039;est montr&eacute; plus apais&eacute; mercredi au micro d&#039;une chaine de t&eacute;l&eacute;.","robots":{"index":"index","follow":"follow","max-snippet":"max-snippet:-1","max-image-preview":"max-image-preview:large","max-video-preview":"max-video-preview:-1"},"canonical":"https:\/\/theplayoffs.news\/fr\/actualite-nba\/le-pere-de-luka-doncic-tourne-la-page-apres-son-trade-aux-lakers-la-vie-continue\/","og_locale":"fr_FR","og_type":"article","og_title":"Sasa Doncic relativise le trade de son fils Luka : &quot;la vie continue&quot;","og_description":"D&#039;abord bless&eacute; par le trade de son fils Luka vers les Lakers, Sasa Doncic s&#039;est montr&eacute; plus apais&eacute; mercredi au micro d&#039;une chaine de t&eacute;l&eacute;.","og_url":"https:\/\/theplayoffs.news\/fr\/actualite-nba\/le-pere-de-luka-doncic-tourne-la-page-apres-son-trade-aux-lakers-la-vie-continue\/","og_site_name":"The Playoffs FR","article_publisher":"https:\/\/www.facebook.com\/TheFreeAgentFR\/","article_modified_time":"2025-02-13T08:26:39+00:00","og_image":[{"width":1920,"height":1280,"url":"https:\/\/theplayoffs.news\/fr\/wp-content\/uploads\/2025\/02\/USATSI_19850266.jpg","type":"image\/jpeg"}],"author":"La r\u00e9daction","twitter_card":"summary_large_image","twitter_creator":"@TheFreeAgentFR","twitter_site":"@TheFreeAgentFR","twitter_misc":{"\u00c9crit par":"La r\u00e9daction","Dur\u00e9e de lecture estim\u00e9e":"3 minutes"},"schema":{"@context":"https:\/\/schema.org","@graph":[{"@type":"WebPage","@id":"https:\/\/theplayoffs.news\/fr\/actualite-nba\/le-pere-de-luka-doncic-tourne-la-page-apres-son-trade-aux-lakers-la-vie-continue\/","url":"https:\/\/theplayoffs.news\/fr\/actualite-nba\/le-pere-de-luka-doncic-tourne-la-page-apres-son-trade-aux-lakers-la-vie-continue\/","name":"Sasa Doncic relativise le trade de son fils Luka : \\\"la vie continue\\\"","isPartOf":{"@id":"https:\/\/theplayoffs.news\/fr\/#website"},"primaryImageOfPage":{"@id":"https:\/\/theplayoffs.news\/fr\/actualite-nba\/le-pere-de-luka-doncic-tourne-la-page-apres-son-trade-aux-lakers-la-vie-continue\/#primaryimage"},"image":{"@id":"https:\/\/theplayoffs.news\/fr\/actualite-nba\/le-pere-de-luka-doncic-tourne-la-page-apres-son-trade-aux-lakers-la-vie-continue\/#primaryimage"},"thumbnailUrl":"https:\/\/theplayoffs.news\/fr\/wp-content\/uploads\/2025\/02\/USATSI_19850266.jpg","datePublished":"2025-02-13T08:26:32+00:00","dateModified":"2025-02-13T08:26:39+00:00","author":{"@id":"https:\/\/theplayoffs.news\/fr\/#\/schema\/person\/bb40426f4e478f9bd8cdbfeb4f2f9784"},"description":"D\\'abord bless\u00e9 par le trade de son fils Luka vers les Lakers, Sasa Doncic s\\'est montr\u00e9 plus apais\u00e9 mercredi au micro d\\'une chaine de t\u00e9l\u00e9.","breadcrumb":{"@id":"https:\/\/theplayoffs.news\/fr\/actualite-nba\/le-pere-de-luka-doncic-tourne-la-page-apres-son-trade-aux-lakers-la-vie-continue\/#breadcrumb"},"inLanguage":"fr-FR","potentialAction":[{"@type":"ReadAction","target":["https:\/\/theplayoffs.news\/fr\/actualite-nba\/le-pere-de-luka-doncic-tourne-la-page-apres-son-trade-aux-lakers-la-vie-continue\/"]}]},{"@type":"ImageObject","inLanguage":"fr-FR","@id":"https:\/\/theplayoffs.news\/fr\/actualite-nba\/le-pere-de-luka-doncic-tourne-la-page-apres-son-trade-aux-lakers-la-vie-continue\/#primaryimage","url":"https:\/\/theplayoffs.news\/fr\/wp-content\/uploads\/2025\/02\/USATSI_19850266.jpg","contentUrl":"https:\/\/theplayoffs.news\/fr\/wp-content\/uploads\/2025\/02\/USATSI_19850266.jpg","width":1920,"height":1280,"caption":"Luka Sasa Doncic"},{"@type":"BreadcrumbList","@id":"https:\/\/theplayoffs.news\/fr\/actualite-nba\/le-pere-de-luka-doncic-tourne-la-page-apres-son-trade-aux-lakers-la-vie-continue\/#breadcrumb","itemListElement":[{"@type":"ListItem","position":1,"name":"Accueil","item":"https:\/\/theplayoffs.news\/fr\/"},{"@type":"ListItem","position":2,"name":"Le p\u00e8re de Luka Doncic tourne la page apr\u00e8s son trade aux Lakers : \u00ab\u00a0La vie continue\u00a0\u00bb"}]},{"@type":"WebSite","@id":"https:\/\/theplayoffs.news\/fr\/#website","url":"https:\/\/theplayoffs.news\/fr\/","name":"The Playoffs FR","description":"NBA-NFL-NHL-MLB","potentialAction":[{"@type":"SearchAction","target":{"@type":"EntryPoint","urlTemplate":"https:\/\/theplayoffs.news\/fr\/?s={search_term_string}"},"query-input":{"@type":"PropertyValueSpecification","valueRequired":true,"valueName":"search_term_string"}}],"inLanguage":"fr-FR"},{"@type":"Person","@id":"https:\/\/theplayoffs.news\/fr\/#\/schema\/person\/bb40426f4e478f9bd8cdbfeb4f2f9784","name":"La r\u00e9daction","image":{"@type":"ImageObject","inLanguage":"fr-FR","@id":"https:\/\/theplayoffs.news\/fr\/#\/schema\/person\/image\/","url":"https:\/\/secure.gravatar.com\/avatar\/7e69b41460ab2c17d61c8c364b6a0ee006f957a70191383ef42be1f4733d6515?s=96&d=mm&r=g","contentUrl":"https:\/\/secure.gravatar.com\/avatar\/7e69b41460ab2c17d61c8c364b6a0ee006f957a70191383ef42be1f4733d6515?s=96&d=mm&r=g","caption":"La r\u00e9daction"},"description":"On dit qu\\'il faut un village pour s\\'occuper d\\'un enfant. Et bien c\\'est exactement ce dont il s\\'agit ici pour The Playoffs. La r\u00e9daction, ce sont vos r\u00e9dacteurs pr\u00e9f\u00e9r\u00e9s qui collaborent sur ces articles que vous lisez au quotidien.\u00a0","url":"https:\/\/theplayoffs.news\/fr\/author\/freeagentfr\/"}]}},"_links":{"self":[{"href":"https:\/\/theplayoffs.news\/fr\/wp-json\/wp\/v2\/posts\/1478819","targetHints":{"allow":["GET"]}}],"collection":[{"href":"https:\/\/theplayoffs.news\/fr\/wp-json\/wp\/v2\/posts"}],"about":[{"href":"https:\/\/theplayoffs.news\/fr\/wp-json\/wp\/v2\/types\/post"}],"author":[{"embeddable":true,"href":"https:\/\/theplayoffs.news\/fr\/wp-json\/wp\/v2\/users\/180309799"}],"replies":[{"embeddable":true,"href":"https:\/\/theplayoffs.news\/fr\/wp-json\/wp\/v2\/comments?post=1478819"}],"version-history":[{"count":1,"href":"https:\/\/theplayoffs.news\/fr\/wp-json\/wp\/v2\/posts\/1478819\/revisions"}],"predecessor-version":[{"id":1478826,"href":"https:\/\/theplayoffs.news\/fr\/wp-json\/wp\/v2\/posts\/1478819\/revisions\/1478826"}],"wp:featuredmedia":[{"embeddable":true,"href":"https:\/\/theplayoffs.news\/fr\/wp-json\/wp\/v2\/media\/1478825"}],"wp:attachment":[{"href":"https:\/\/theplayoffs.news\/fr\/wp-json\/wp\/v2\/media?parent=1478819"}],"wp:term":[{"taxonomy":"category","embeddable":true,"href":"https:\/\/theplayoffs.news\/fr\/wp-json\/wp\/v2\/categories?post=1478819"},{"taxonomy":"post_tag","embeddable":true,"href":"https:\/\/theplayoffs.news\/fr\/wp-json\/wp\/v2\/tags?post=1478819"},{"taxonomy":"sport","embeddable":true,"href":"https:\/\/theplayoffs.news\/fr\/wp-json\/wp\/v2\/sport?post=1478819"},{"taxonomy":"saison","embeddable":true,"href":"https:\/\/theplayoffs.news\/fr\/wp-json\/wp\/v2\/saison?post=1478819"}],"curies":[{"name":"wp","href":"https:\/\/api.w.org\/{rel}","templated":true}]}}