{"id":1478806,"date":"2025-02-12T21:38:29","date_gmt":"2025-02-12T20:38:29","guid":{"rendered":"https:\/\/theplayoffs.news\/fr\/uncategorized\/\/"},"modified":"2025-02-12T21:38:38","modified_gmt":"2025-02-12T20:38:38","slug":"adam-silver-encense-stephen-curry","status":"publish","type":"post","link":"https:\/\/theplayoffs.news\/fr\/actualite-nba\/adam-silver-encense-stephen-curry\/","title":{"rendered":"Adam Silver encense Stephen Curry"},"content":{"rendered":"<p>Stephen Curry a su b&acirc;tir son propre h&eacute;ritage en NBA, se pla&ccedil;ant au m&ecirc;me niveau que des v&eacute;t&eacute;rans comme LeBron James et Kevin Durant. Depuis son arriv&eacute;e dans la ligue en 2011, il a non seulement conquis les fans avec son style de jeu spectaculaire, mais il a aussi jou&eacute; un r&ocirc;le cl&eacute; dans l&rsquo;expansion mondiale de la NBA.<\/p><p>Ce mardi 11, le commissaire de la NBA, Adam Silver, s&rsquo;est exprim&eacute; sur l&rsquo;impact de Curry et son r&ocirc;le de mod&egrave;le pour la nouvelle g&eacute;n&eacute;ration. Lors d&rsquo;une interview dans l&rsquo;&eacute;mission <a href=\"https:\/\/www.youtube.com\/watch?v=D7P6M3Dhovk\" target=\"_blank\" rel=\"noreferrer noopener nofollow\" class=\"trk-cta-link\" data-cta-trk='{\"ctaType\":\"Link\",\"ctaSubType\":\"main\"}'><em>Murph &amp; Markus<\/em> sur KNBR 680<\/a>, Silver a &eacute;t&eacute; interrog&eacute; sur l&rsquo;importance du basket-ball dans la Bay Area, o&ugrave; Curry est devenu l&rsquo;embl&egrave;me de la dynastie des Warriors.<\/p><p><strong>&laquo; Plus r&eacute;cemment, je pense aux championnats &raquo;,<\/strong> a d&eacute;clar&eacute; Silver, faisant r&eacute;f&eacute;rence &agrave; la domination des Warriors lors de la derni&egrave;re d&eacute;cennie. <strong>&laquo; Je pense au Chase Center et &agrave; tout ce que Joe Lacob et Peter Guber ont accompli depuis qu&rsquo;ils ont repris l&rsquo;organisation. Bien s&ucirc;r, je me concentre toujours sur Steph, qui est le r&ecirc;ve de tout commissaire. &raquo;<\/strong><\/p><p>Silver a ensuite expliqu&eacute; pourquoi Curry est un joueur si unique.<\/p><p><strong>&laquo; Au-del&agrave; d&rsquo;&ecirc;tre un joueur incroyable, il est aussi une personne exemplaire et s&rsquo;investit &eacute;norm&eacute;ment dans la communaut&eacute;. De nombreuses histoires positives sont issues de son engagement au fil des ann&eacute;es. &raquo;<\/strong><\/p><h2 class=\"wp-block-heading\"><strong>&ldquo;Il est tr&egrave;s accessible en tant que joueur&rdquo; : Adam Silver sur Stephen Curry<\/strong><\/h2><p>L&rsquo;influence de Curry d&eacute;passe largement la Bay Area. En tant que visage des Warriors, il est devenu l&rsquo;un des principaux ambassadeurs mondiaux de la <a href=\"https:\/\/theplayoffs.news\/fr\/category\/nba\/\" class=\"trk-cta-link\" data-cta-trk='{\"ctaType\":\"Link\",\"ctaSubType\":\"main\"}'>NBA<\/a>. Silver a soulign&eacute; que son r&ocirc;le dans la popularisation du basket &agrave; travers le monde est ind&eacute;niable.<\/p><p><strong>&laquo; Il rend mon travail facile, honn&ecirc;tement &raquo;,<\/strong> a confi&eacute; Silver. <strong>&laquo; Il voyage pendant l&rsquo;intersaison, il va partout. Mais surtout, il joue avec une vraie joie de vivre. Malgr&eacute; tout son succ&egrave;s, il est tr&egrave;s accessible en tant que joueur. Je ne dis pas qu&rsquo;il est petit, mais il n&rsquo;a pas la stature imposante de nombreux joueurs NBA, donc les jeunes peuvent vraiment s&rsquo;identifier &agrave; lui. &raquo;<\/strong><\/p><p>Enfin, Silver a &eacute;galement cr&eacute;dit&eacute; Curry pour son influence sur les nouvelles g&eacute;n&eacute;rations, en particulier dans le basket f&eacute;minin.<\/p><p><strong>&laquo; Je pense que la croissance du basket f&eacute;minin est directement li&eacute;e &agrave; Steph, car il joue sous le cercle. Son style de jeu est tr&egrave;s accessible. &raquo;<\/strong><\/p><p>Stephen Curry participera &agrave; son 11&#7497; All-Star Game devant son public au Chase Center le 16 f&eacute;vrier.<\/p><figure class=\"wp-block-embed is-type-video is-provider-youtube wp-block-embed-youtube wp-embed-aspect-16-9 wp-has-aspect-ratio\"><div class=\"wp-block-embed__wrapper\">\n<iframe loading=\"lazy\" title=\"Murph &amp; Markus's full interview with Adam Silver\" width=\"500\" height=\"281\" src=\"https:\/\/www.youtube.com\/embed\/D7P6M3Dhovk?feature=oembed\" frameborder=\"0\" allow=\"accelerometer; autoplay; clipboard-write; encrypted-media; gyroscope; picture-in-picture; web-share\" referrerpolicy=\"strict-origin-when-cross-origin\" allowfullscreen><\/iframe>\n<\/div><\/figure><p><\/p><p>Credit Photo: Kyle Terada-USA TODAY Sports<\/p><p><\/p>\n","protected":false},"excerpt":{"rendered":"<p>Le commissaire de la NBA, Adam Silver, a \u00e9voqu\u00e9 l\u2019impact de Stephen Curry sur la ligue, notamment aupr\u00e8s de la jeune g\u00e9n\u00e9ration.<\/p>\n","protected":false},"author":180309799,"featured_media":1478807,"comment_status":"closed","ping_status":"closed","sticky":false,"template":"","format":"standard","meta":{"inline_featured_image":false,"kia_subtitle":"Le commissaire de la NBA, Adam Silver, a \u00e9voqu\u00e9 l\u2019impact de Stephen Curry sur la ligue, notamment aupr\u00e8s de la jeune g\u00e9n\u00e9ration.","_mux_skip_reasons":[],"proofreadBy":0,"footnotes":""},"categories":[110,10],"tags":[166,68],"sport":[],"saison":[],"class_list":["post-1478806","post","type-post","status-publish","format-standard","has-post-thumbnail","hentry","category-actualite-nba","category-nba","tag-adam-silver","tag-stephen-curry"],"acf":[],"yoast_head":"<!-- This site is optimized with the Yoast SEO plugin v24.2 - https:\/\/yoast.com\/wordpress\/plugins\/seo\/ -->\n<title>Adam Silver encense Stephen Curry - The Playoffs FR<\/title>\n<meta name=\"robots\" content=\"index, follow, max-snippet:-1, max-image-preview:large, max-video-preview:-1\" \/>\n<link rel=\"canonical\" href=\"https:\/\/theplayoffs.news\/fr\/actualite-nba\/adam-silver-encense-stephen-curry\/\" \/>\n<meta property=\"og:locale\" content=\"fr_FR\" \/>\n<meta property=\"og:type\" content=\"article\" \/>\n<meta property=\"og:title\" content=\"Adam Silver encense Stephen Curry - The Playoffs FR\" \/>\n<meta property=\"og:description\" content=\"Le commissaire de la NBA, Adam Silver, a &eacute;voqu&eacute; l&rsquo;impact de Stephen Curry sur la ligue, notamment aupr&egrave;s de la jeune g&eacute;n&eacute;ration.\" \/>\n<meta property=\"og:url\" content=\"https:\/\/theplayoffs.news\/fr\/actualite-nba\/adam-silver-encense-stephen-curry\/\" \/>\n<meta property=\"og:site_name\" content=\"The Playoffs FR\" \/>\n<meta property=\"article:publisher\" content=\"https:\/\/www.facebook.com\/TheFreeAgentFR\/\" \/>\n<meta property=\"article:modified_time\" content=\"2025-02-12T21:38:38+01:00\" \/>\n<meta property=\"og:image\" content=\"https:\/\/theplayoffs.news\/fr\/wp-content\/uploads\/2025\/02\/USATSI_18149683.jpg\" \/>\n\t<meta property=\"og:image:width\" content=\"1920\" \/>\n\t<meta property=\"og:image:height\" content=\"1280\" \/>\n\t<meta property=\"og:image:type\" content=\"image\/jpeg\" \/>\n<meta name=\"author\" content=\"La r\u00e9daction\" \/>\n<meta name=\"twitter:card\" content=\"summary_large_image\" \/>\n<meta name=\"twitter:creator\" content=\"@TheFreeAgentFR\" \/>\n<meta name=\"twitter:site\" content=\"@TheFreeAgentFR\" \/>\n<meta name=\"twitter:label1\" content=\"\u00c9crit par\" \/>\n\t<meta name=\"twitter:data1\" content=\"La r\u00e9daction\" \/>\n\t<meta name=\"twitter:label2\" content=\"Dur\u00e9e de lecture estim\u00e9e\" \/>\n\t<meta name=\"twitter:data2\" content=\"3 minutes\" \/>\n<script type=\"application\/ld+json\" class=\"yoast-schema-graph\">{\"@context\":\"https:\/\/schema.org\",\"@graph\":[{\"@type\":\"WebPage\",\"@id\":\"https:\/\/theplayoffs.news\/fr\/actualite-nba\/adam-silver-encense-stephen-curry\/\",\"url\":\"https:\/\/theplayoffs.news\/fr\/actualite-nba\/adam-silver-encense-stephen-curry\/\",\"name\":\"Adam Silver encense Stephen Curry - The Playoffs FR\",\"isPartOf\":{\"@id\":\"https:\/\/theplayoffs.news\/fr\/#website\"},\"primaryImageOfPage\":{\"@id\":\"https:\/\/theplayoffs.news\/fr\/actualite-nba\/adam-silver-encense-stephen-curry\/#primaryimage\"},\"image\":{\"@id\":\"https:\/\/theplayoffs.news\/fr\/actualite-nba\/adam-silver-encense-stephen-curry\/#primaryimage\"},\"thumbnailUrl\":\"https:\/\/theplayoffs.news\/fr\/wp-content\/uploads\/2025\/02\/USATSI_18149683.jpg\",\"datePublished\":\"2025-02-12T20:38:29+00:00\",\"dateModified\":\"2025-02-12T20:38:38+00:00\",\"author\":{\"@id\":\"https:\/\/theplayoffs.news\/fr\/#\/schema\/person\/bb40426f4e478f9bd8cdbfeb4f2f9784\"},\"breadcrumb\":{\"@id\":\"https:\/\/theplayoffs.news\/fr\/actualite-nba\/adam-silver-encense-stephen-curry\/#breadcrumb\"},\"inLanguage\":\"fr-FR\",\"potentialAction\":[{\"@type\":\"ReadAction\",\"target\":[\"https:\/\/theplayoffs.news\/fr\/actualite-nba\/adam-silver-encense-stephen-curry\/\"]}]},{\"@type\":\"ImageObject\",\"inLanguage\":\"fr-FR\",\"@id\":\"https:\/\/theplayoffs.news\/fr\/actualite-nba\/adam-silver-encense-stephen-curry\/#primaryimage\",\"url\":\"https:\/\/theplayoffs.news\/fr\/wp-content\/uploads\/2025\/02\/USATSI_18149683.jpg\",\"contentUrl\":\"https:\/\/theplayoffs.news\/fr\/wp-content\/uploads\/2025\/02\/USATSI_18149683.jpg\",\"width\":1920,\"height\":1280,\"caption\":\"February 20, 2022; Cleveland, Ohio, USA; NBA commissioner Adam Silver (right) presents Team LeBron guard Stephen Curry of the Golden State Warriors (30) with the The Kobe Bryant Trophy for being the most valuable player after the 2022 NBA All-Star Game at Rocket Mortgage FieldHouse. Mandatory Credit: Kyle Terada-USA TODAY Sports\"},{\"@type\":\"BreadcrumbList\",\"@id\":\"https:\/\/theplayoffs.news\/fr\/actualite-nba\/adam-silver-encense-stephen-curry\/#breadcrumb\",\"itemListElement\":[{\"@type\":\"ListItem\",\"position\":1,\"name\":\"Accueil\",\"item\":\"https:\/\/theplayoffs.news\/fr\/\"},{\"@type\":\"ListItem\",\"position\":2,\"name\":\"Adam Silver encense Stephen Curry\"}]},{\"@type\":\"WebSite\",\"@id\":\"https:\/\/theplayoffs.news\/fr\/#website\",\"url\":\"https:\/\/theplayoffs.news\/fr\/\",\"name\":\"The Playoffs FR\",\"description\":\"NBA-NFL-NHL-MLB\",\"potentialAction\":[{\"@type\":\"SearchAction\",\"target\":{\"@type\":\"EntryPoint\",\"urlTemplate\":\"https:\/\/theplayoffs.news\/fr\/?s={search_term_string}\"},\"query-input\":{\"@type\":\"PropertyValueSpecification\",\"valueRequired\":true,\"valueName\":\"search_term_string\"}}],\"inLanguage\":\"fr-FR\"},{\"@type\":\"Person\",\"@id\":\"https:\/\/theplayoffs.news\/fr\/#\/schema\/person\/bb40426f4e478f9bd8cdbfeb4f2f9784\",\"name\":\"La r\u00e9daction\",\"image\":{\"@type\":\"ImageObject\",\"inLanguage\":\"fr-FR\",\"@id\":\"https:\/\/theplayoffs.news\/fr\/#\/schema\/person\/image\/\",\"url\":\"https:\/\/secure.gravatar.com\/avatar\/7e69b41460ab2c17d61c8c364b6a0ee006f957a70191383ef42be1f4733d6515?s=96&d=mm&r=g\",\"contentUrl\":\"https:\/\/secure.gravatar.com\/avatar\/7e69b41460ab2c17d61c8c364b6a0ee006f957a70191383ef42be1f4733d6515?s=96&d=mm&r=g\",\"caption\":\"La r\u00e9daction\"},\"description\":\"On dit qu\\\\'il faut un village pour s\\\\'occuper d\\\\'un enfant. Et bien c\\\\'est exactement ce dont il s\\\\'agit ici pour The Playoffs. La r\u00e9daction, ce sont vos r\u00e9dacteurs pr\u00e9f\u00e9r\u00e9s qui collaborent sur ces articles que vous lisez au quotidien.\u00a0\",\"url\":\"https:\/\/theplayoffs.news\/fr\/author\/freeagentfr\/\"}]}<\/script>\n<!-- \/ Yoast SEO plugin. -->","yoast_head_json":{"title":"Adam Silver encense Stephen Curry - The Playoffs FR","robots":{"index":"index","follow":"follow","max-snippet":"max-snippet:-1","max-image-preview":"max-image-preview:large","max-video-preview":"max-video-preview:-1"},"canonical":"https:\/\/theplayoffs.news\/fr\/actualite-nba\/adam-silver-encense-stephen-curry\/","og_locale":"fr_FR","og_type":"article","og_title":"Adam Silver encense Stephen Curry - The Playoffs FR","og_description":"Le commissaire de la NBA, Adam Silver, a &eacute;voqu&eacute; l&rsquo;impact de Stephen Curry sur la ligue, notamment aupr&egrave;s de la jeune g&eacute;n&eacute;ration.","og_url":"https:\/\/theplayoffs.news\/fr\/actualite-nba\/adam-silver-encense-stephen-curry\/","og_site_name":"The Playoffs FR","article_publisher":"https:\/\/www.facebook.com\/TheFreeAgentFR\/","article_modified_time":"2025-02-12T20:38:38+00:00","og_image":[{"width":1920,"height":1280,"url":"https:\/\/theplayoffs.news\/fr\/wp-content\/uploads\/2025\/02\/USATSI_18149683.jpg","type":"image\/jpeg"}],"author":"La r\u00e9daction","twitter_card":"summary_large_image","twitter_creator":"@TheFreeAgentFR","twitter_site":"@TheFreeAgentFR","twitter_misc":{"\u00c9crit par":"La r\u00e9daction","Dur\u00e9e de lecture estim\u00e9e":"3 minutes"},"schema":{"@context":"https:\/\/schema.org","@graph":[{"@type":"WebPage","@id":"https:\/\/theplayoffs.news\/fr\/actualite-nba\/adam-silver-encense-stephen-curry\/","url":"https:\/\/theplayoffs.news\/fr\/actualite-nba\/adam-silver-encense-stephen-curry\/","name":"Adam Silver encense Stephen Curry - The Playoffs FR","isPartOf":{"@id":"https:\/\/theplayoffs.news\/fr\/#website"},"primaryImageOfPage":{"@id":"https:\/\/theplayoffs.news\/fr\/actualite-nba\/adam-silver-encense-stephen-curry\/#primaryimage"},"image":{"@id":"https:\/\/theplayoffs.news\/fr\/actualite-nba\/adam-silver-encense-stephen-curry\/#primaryimage"},"thumbnailUrl":"https:\/\/theplayoffs.news\/fr\/wp-content\/uploads\/2025\/02\/USATSI_18149683.jpg","datePublished":"2025-02-12T20:38:29+00:00","dateModified":"2025-02-12T20:38:38+00:00","author":{"@id":"https:\/\/theplayoffs.news\/fr\/#\/schema\/person\/bb40426f4e478f9bd8cdbfeb4f2f9784"},"breadcrumb":{"@id":"https:\/\/theplayoffs.news\/fr\/actualite-nba\/adam-silver-encense-stephen-curry\/#breadcrumb"},"inLanguage":"fr-FR","potentialAction":[{"@type":"ReadAction","target":["https:\/\/theplayoffs.news\/fr\/actualite-nba\/adam-silver-encense-stephen-curry\/"]}]},{"@type":"ImageObject","inLanguage":"fr-FR","@id":"https:\/\/theplayoffs.news\/fr\/actualite-nba\/adam-silver-encense-stephen-curry\/#primaryimage","url":"https:\/\/theplayoffs.news\/fr\/wp-content\/uploads\/2025\/02\/USATSI_18149683.jpg","contentUrl":"https:\/\/theplayoffs.news\/fr\/wp-content\/uploads\/2025\/02\/USATSI_18149683.jpg","width":1920,"height":1280,"caption":"February 20, 2022; Cleveland, Ohio, USA; NBA commissioner Adam Silver (right) presents Team LeBron guard Stephen Curry of the Golden State Warriors (30) with the The Kobe Bryant Trophy for being the most valuable player after the 2022 NBA All-Star Game at Rocket Mortgage FieldHouse. Mandatory Credit: Kyle Terada-USA TODAY Sports"},{"@type":"BreadcrumbList","@id":"https:\/\/theplayoffs.news\/fr\/actualite-nba\/adam-silver-encense-stephen-curry\/#breadcrumb","itemListElement":[{"@type":"ListItem","position":1,"name":"Accueil","item":"https:\/\/theplayoffs.news\/fr\/"},{"@type":"ListItem","position":2,"name":"Adam Silver encense Stephen Curry"}]},{"@type":"WebSite","@id":"https:\/\/theplayoffs.news\/fr\/#website","url":"https:\/\/theplayoffs.news\/fr\/","name":"The Playoffs FR","description":"NBA-NFL-NHL-MLB","potentialAction":[{"@type":"SearchAction","target":{"@type":"EntryPoint","urlTemplate":"https:\/\/theplayoffs.news\/fr\/?s={search_term_string}"},"query-input":{"@type":"PropertyValueSpecification","valueRequired":true,"valueName":"search_term_string"}}],"inLanguage":"fr-FR"},{"@type":"Person","@id":"https:\/\/theplayoffs.news\/fr\/#\/schema\/person\/bb40426f4e478f9bd8cdbfeb4f2f9784","name":"La r\u00e9daction","image":{"@type":"ImageObject","inLanguage":"fr-FR","@id":"https:\/\/theplayoffs.news\/fr\/#\/schema\/person\/image\/","url":"https:\/\/secure.gravatar.com\/avatar\/7e69b41460ab2c17d61c8c364b6a0ee006f957a70191383ef42be1f4733d6515?s=96&d=mm&r=g","contentUrl":"https:\/\/secure.gravatar.com\/avatar\/7e69b41460ab2c17d61c8c364b6a0ee006f957a70191383ef42be1f4733d6515?s=96&d=mm&r=g","caption":"La r\u00e9daction"},"description":"On dit qu\\'il faut un village pour s\\'occuper d\\'un enfant. Et bien c\\'est exactement ce dont il s\\'agit ici pour The Playoffs. La r\u00e9daction, ce sont vos r\u00e9dacteurs pr\u00e9f\u00e9r\u00e9s qui collaborent sur ces articles que vous lisez au quotidien.\u00a0","url":"https:\/\/theplayoffs.news\/fr\/author\/freeagentfr\/"}]}},"_links":{"self":[{"href":"https:\/\/theplayoffs.news\/fr\/wp-json\/wp\/v2\/posts\/1478806","targetHints":{"allow":["GET"]}}],"collection":[{"href":"https:\/\/theplayoffs.news\/fr\/wp-json\/wp\/v2\/posts"}],"about":[{"href":"https:\/\/theplayoffs.news\/fr\/wp-json\/wp\/v2\/types\/post"}],"author":[{"embeddable":true,"href":"https:\/\/theplayoffs.news\/fr\/wp-json\/wp\/v2\/users\/180309799"}],"replies":[{"embeddable":true,"href":"https:\/\/theplayoffs.news\/fr\/wp-json\/wp\/v2\/comments?post=1478806"}],"version-history":[{"count":1,"href":"https:\/\/theplayoffs.news\/fr\/wp-json\/wp\/v2\/posts\/1478806\/revisions"}],"predecessor-version":[{"id":1478808,"href":"https:\/\/theplayoffs.news\/fr\/wp-json\/wp\/v2\/posts\/1478806\/revisions\/1478808"}],"wp:featuredmedia":[{"embeddable":true,"href":"https:\/\/theplayoffs.news\/fr\/wp-json\/wp\/v2\/media\/1478807"}],"wp:attachment":[{"href":"https:\/\/theplayoffs.news\/fr\/wp-json\/wp\/v2\/media?parent=1478806"}],"wp:term":[{"taxonomy":"category","embeddable":true,"href":"https:\/\/theplayoffs.news\/fr\/wp-json\/wp\/v2\/categories?post=1478806"},{"taxonomy":"post_tag","embeddable":true,"href":"https:\/\/theplayoffs.news\/fr\/wp-json\/wp\/v2\/tags?post=1478806"},{"taxonomy":"sport","embeddable":true,"href":"https:\/\/theplayoffs.news\/fr\/wp-json\/wp\/v2\/sport?post=1478806"},{"taxonomy":"saison","embeddable":true,"href":"https:\/\/theplayoffs.news\/fr\/wp-json\/wp\/v2\/saison?post=1478806"}],"curies":[{"name":"wp","href":"https:\/\/api.w.org\/{rel}","templated":true}]}}