{"id":1478794,"date":"2025-02-12T17:43:53","date_gmt":"2025-02-12T16:43:53","guid":{"rendered":"https:\/\/theplayoffs.news\/fr\/uncategorized\/\/"},"modified":"2025-02-12T17:44:01","modified_gmt":"2025-02-12T16:44:01","slug":"blessure-de-daniel-gafford-rien-ne-sarrange-pour-dallas","status":"publish","type":"post","link":"https:\/\/theplayoffs.news\/fr\/actualite-nba\/blessure-de-daniel-gafford-rien-ne-sarrange-pour-dallas\/","title":{"rendered":"Blessure de Daniel Gafford : rien ne s&rsquo;arrange pour Dallas !"},"content":{"rendered":"<p><strong>Les Mavericks encha&icirc;nent les coups durs. Apr&egrave;s les blessures de Derrick Lively, PJ Washington et Anthony Davis, la franchise texane devra d&eacute;sormais se passer de Daniel Gafford. Touch&eacute; au genou lors de la rencontre face aux Kings, le pivot devrait manquer au moins deux semaines selon Shams Charania.<\/strong><\/p><p>Depuis le d&eacute;part de <strong>Luka Doncic,<\/strong> les mauvaises nouvelles s&rsquo;accumulent pour les fans de <strong>Dallas<\/strong>. Apr&egrave;s <strong>Anthony Davis<\/strong>, contraint de quitter les parquets d&egrave;s son premier match sous ses nouvelles couleurs, c&rsquo;est au tour de <strong>Daniel Gafford<\/strong> de rejoindre l&rsquo;infirmerie. Sorti au deuxi&egrave;me quart temps lors de la d&eacute;faite en prolongation contre <strong>Sacramento<\/strong>, l&rsquo;ancien <strong>d&rsquo;Arkansas <\/strong>s&rsquo;est bless&eacute; au genou apr&egrave;s un choc avec<strong> Malik Monk<\/strong> alors que celui-ci posait un &eacute;cran pour son meneur <strong>Spencer Dinwiddie.<\/strong><\/p><blockquote class=\"twitter-tweet\"><p lang=\"en\" dir=\"ltr\">Dallas Mavericks center Daniel Gafford will be re-evaluated in two weeks with a right knee sprain.<\/p>&mdash; Shams Charania (@ShamsCharania) <a href=\"https:\/\/twitter.com\/ShamsCharania\/status\/1889460794498191471?ref_src=twsrc%5Etfw\" class=\"trk-cta-link\" data-cta-trk='{\"ctaType\":\"Link\",\"ctaSubType\":\"main\"}'>February 11, 2025<\/a><\/blockquote><script async src=\"https:\/\/platform.twitter.com\/widgets.js\" charset=\"utf-8\"><\/script><p>Avec des moyennes de <strong>12,3 points, 6,9 rebonds et 1,9 contre<\/strong> par match cette saison, son absence pourrait peser lourd dans la raquette. D&eacute;j&agrave; en difficult&eacute;, les<strong> Mavericks<\/strong> affichent un bilan de 10 d&eacute;faites sur les 16 derni&egrave;res rencontres et pointent actuellement &agrave; la <strong>8e place de la conf&eacute;rence Ouest<\/strong>. Finalistes <strong>NBA<\/strong> l&rsquo;an dernier, la situation semble bien plus compliqu&eacute;e cette saison, entre la blessure de<strong> Luka Doncic<\/strong>, son transfert aux Lakers en &eacute;change d&rsquo;<strong>Anthony Davis<\/strong> et le forfait express de ce dernier.<\/p><p><strong>Lire aussi : <\/strong><\/p><p><a href=\"https:\/\/theplayoffs.news\/fr\/actualite-nba\/reprends-toi-les-fans-des-lakers-reagissent-au-comportement-froid-de-dalton-knecht-sur-le-banc-lors-du-match-lakers-vs-jazz\/\" class=\"trk-cta-link\" data-cta-trk='{\"ctaType\":\"Link\",\"ctaSubType\":\"main\"}'>&ldquo;Reprends-toi&rdquo; &ndash; Les fans des Lakers r&eacute;agissent au comportement froid de Dalton Knecht sur le banc lors du match Lakers vs Jazz &ndash; The Playoffs<\/a><\/p><p><a href=\"https:\/\/theplayoffs.news\/fr\/actualite-nba\/je-ne-regarde-pas-vraiment-les-lakers-jouer-jayson-tatum-donne-une-reponse-franche-au-trade-des-lakers-pour-luka-doncic\/\" class=\"trk-cta-link\" data-cta-trk='{\"ctaType\":\"Link\",\"ctaSubType\":\"main\"}'>&ldquo;Je ne regarde pas vraiment les Lakers jouer&rdquo; &ndash; Jayson Tatum donne une r&eacute;ponse franche au trade des Lakers pour Luka Doncic &ndash; The Playoffs<\/a><\/p><p>Sous pression, le <strong>front office<\/strong> esp&egrave;re que la pause du<strong> All-Star Break<\/strong> permettra &agrave; l&rsquo;&eacute;quipe de souffler. Un r&eacute;pit bienvenu pour la plupart des joueurs, sauf pour<strong> Kyrie Irving<\/strong>, s&eacute;lectionn&eacute; pour remplacer&hellip; <strong>Anthony Davis<\/strong> au All-Star Game ! Un clin d&rsquo;&oelig;il ironique &agrave; l&rsquo;h&eacute;catombe frappant actuellement <strong>Dallas<\/strong>.<\/p><blockquote class=\"twitter-tweet\"><p lang=\"en\" dir=\"ltr\">Dallas Mavericks guard Kyrie Irving has been named by NBA Commissioner Adam Silver to replace injured Mavericks forward-center Anthony Davis on Team Shaq in the 2025 NBA All-Star Game.<br><br>&#128467;&#65039;&#127775; Sunday, Feb. 16 at 8:00pm\/et on TNT <a href=\"https:\/\/t.co\/0XvtcnZx1A\" class=\"trk-cta-link\" data-cta-trk='{\"ctaType\":\"Link\",\"ctaSubType\":\"main\"}'>pic.twitter.com\/0XvtcnZx1A<\/a><\/p>&mdash; #NBAAllStar (@NBAAllStar) <a href=\"https:\/\/twitter.com\/NBAAllStar\/status\/1889100933327376826?ref_src=twsrc%5Etfw\" class=\"trk-cta-link\" data-cta-trk='{\"ctaType\":\"Link\",\"ctaSubType\":\"main\"}'>February 10, 2025<\/a><\/blockquote><script async src=\"https:\/\/platform.twitter.com\/widgets.js\" charset=\"utf-8\"><\/script><p><strong>Cr&eacute;dit photo : <\/strong>Jerome Miron-Imagn Images<\/p>\n","protected":false},"excerpt":{"rendered":"<p>D\u00e9j\u00e0 d\u00e9cim\u00e9e, la raquette des Dallas Mavericks subit un nouveau coup dur avec la blessure de Daniel Gafford !<\/p>\n","protected":false},"author":180310268,"featured_media":1478795,"comment_status":"closed","ping_status":"closed","sticky":false,"template":"","format":"standard","meta":{"inline_featured_image":false,"kia_subtitle":"D\u00e9j\u00e0 d\u00e9cim\u00e9e, la raquette des Dallas Mavericks subit un nouveau coup dur avec la blessure de Daniel Gafford !","_mux_skip_reasons":[],"proofreadBy":0,"footnotes":""},"categories":[110,10],"tags":[763,595,2904,23],"sport":[2783],"saison":[],"class_list":["post-1478794","post","type-post","status-publish","format-standard","has-post-thumbnail","hentry","category-actualite-nba","category-nba","tag-anthony-davis","tag-dallas-mavericks","tag-daniel-gafford","tag-nba-tag","sport-nba"],"acf":[],"yoast_head":"<!-- This site is optimized with the Yoast SEO plugin v24.2 - https:\/\/yoast.com\/wordpress\/plugins\/seo\/ -->\n<title>Blessure de Daniel Gafford : rien ne s&#039;arrange pour Dallas !<\/title>\n<meta name=\"description\" content=\"D&eacute;j&agrave; d&eacute;cim&eacute;e, la raquette des Dallas Mavericks subit un nouveau coup dur avec la blessure de Daniel Gafford !\" \/>\n<meta name=\"robots\" content=\"index, follow, max-snippet:-1, max-image-preview:large, max-video-preview:-1\" \/>\n<link rel=\"canonical\" href=\"https:\/\/theplayoffs.news\/fr\/actualite-nba\/blessure-de-daniel-gafford-rien-ne-sarrange-pour-dallas\/\" \/>\n<meta property=\"og:locale\" content=\"fr_FR\" \/>\n<meta property=\"og:type\" content=\"article\" \/>\n<meta property=\"og:title\" content=\"Blessure de Daniel Gafford : rien ne s&#039;arrange pour Dallas !\" \/>\n<meta property=\"og:description\" content=\"D&eacute;j&agrave; d&eacute;cim&eacute;e, la raquette des Dallas Mavericks subit un nouveau coup dur avec la blessure de Daniel Gafford !\" \/>\n<meta property=\"og:url\" content=\"https:\/\/theplayoffs.news\/fr\/actualite-nba\/blessure-de-daniel-gafford-rien-ne-sarrange-pour-dallas\/\" \/>\n<meta property=\"og:site_name\" content=\"The Playoffs FR\" \/>\n<meta property=\"article:publisher\" content=\"https:\/\/www.facebook.com\/TheFreeAgentFR\/\" \/>\n<meta property=\"article:modified_time\" content=\"2025-02-12T17:44:01+01:00\" \/>\n<meta property=\"og:image\" content=\"https:\/\/theplayoffs.news\/fr\/wp-content\/uploads\/2025\/02\/USATSI_25385152.jpg\" \/>\n\t<meta property=\"og:image:width\" content=\"1920\" \/>\n\t<meta property=\"og:image:height\" content=\"1280\" \/>\n\t<meta property=\"og:image:type\" content=\"image\/jpeg\" \/>\n<meta name=\"author\" content=\"Elian Goethals\" \/>\n<meta name=\"twitter:card\" content=\"summary_large_image\" \/>\n<meta name=\"twitter:creator\" content=\"@x.com\/elidwight\" \/>\n<meta name=\"twitter:site\" content=\"@TheFreeAgentFR\" \/>\n<meta name=\"twitter:label1\" content=\"\u00c9crit par\" \/>\n\t<meta name=\"twitter:data1\" content=\"Elian Goethals\" \/>\n\t<meta name=\"twitter:label2\" content=\"Dur\u00e9e de lecture estim\u00e9e\" \/>\n\t<meta name=\"twitter:data2\" content=\"2 minutes\" \/>\n<script type=\"application\/ld+json\" class=\"yoast-schema-graph\">{\"@context\":\"https:\/\/schema.org\",\"@graph\":[{\"@type\":\"WebPage\",\"@id\":\"https:\/\/theplayoffs.news\/fr\/actualite-nba\/blessure-de-daniel-gafford-rien-ne-sarrange-pour-dallas\/\",\"url\":\"https:\/\/theplayoffs.news\/fr\/actualite-nba\/blessure-de-daniel-gafford-rien-ne-sarrange-pour-dallas\/\",\"name\":\"Blessure de Daniel Gafford : rien ne s\\\\'arrange pour Dallas !\",\"isPartOf\":{\"@id\":\"https:\/\/theplayoffs.news\/fr\/#website\"},\"primaryImageOfPage\":{\"@id\":\"https:\/\/theplayoffs.news\/fr\/actualite-nba\/blessure-de-daniel-gafford-rien-ne-sarrange-pour-dallas\/#primaryimage\"},\"image\":{\"@id\":\"https:\/\/theplayoffs.news\/fr\/actualite-nba\/blessure-de-daniel-gafford-rien-ne-sarrange-pour-dallas\/#primaryimage\"},\"thumbnailUrl\":\"https:\/\/theplayoffs.news\/fr\/wp-content\/uploads\/2025\/02\/USATSI_25385152.jpg\",\"datePublished\":\"2025-02-12T16:43:53+00:00\",\"dateModified\":\"2025-02-12T16:44:01+00:00\",\"author\":{\"@id\":\"https:\/\/theplayoffs.news\/fr\/#\/schema\/person\/2bc470c6a49f4f6229a67af19c87a732\"},\"description\":\"D\u00e9j\u00e0 d\u00e9cim\u00e9e, la raquette des Dallas Mavericks subit un nouveau coup dur avec la blessure de Daniel Gafford !\",\"breadcrumb\":{\"@id\":\"https:\/\/theplayoffs.news\/fr\/actualite-nba\/blessure-de-daniel-gafford-rien-ne-sarrange-pour-dallas\/#breadcrumb\"},\"inLanguage\":\"fr-FR\",\"potentialAction\":[{\"@type\":\"ReadAction\",\"target\":[\"https:\/\/theplayoffs.news\/fr\/actualite-nba\/blessure-de-daniel-gafford-rien-ne-sarrange-pour-dallas\/\"]}]},{\"@type\":\"ImageObject\",\"inLanguage\":\"fr-FR\",\"@id\":\"https:\/\/theplayoffs.news\/fr\/actualite-nba\/blessure-de-daniel-gafford-rien-ne-sarrange-pour-dallas\/#primaryimage\",\"url\":\"https:\/\/theplayoffs.news\/fr\/wp-content\/uploads\/2025\/02\/USATSI_25385152.jpg\",\"contentUrl\":\"https:\/\/theplayoffs.news\/fr\/wp-content\/uploads\/2025\/02\/USATSI_25385152.jpg\",\"width\":1920,\"height\":1280,\"caption\":\"Feb 10, 2025; Dallas, Texas, USA; Dallas Mavericks center Daniel Gafford (21) is helped off the court during the second quarter against the Sacramento Kings at the American Airlines Center. Mandatory Credit: Jerome Miron-Imagn Images\"},{\"@type\":\"BreadcrumbList\",\"@id\":\"https:\/\/theplayoffs.news\/fr\/actualite-nba\/blessure-de-daniel-gafford-rien-ne-sarrange-pour-dallas\/#breadcrumb\",\"itemListElement\":[{\"@type\":\"ListItem\",\"position\":1,\"name\":\"Accueil\",\"item\":\"https:\/\/theplayoffs.news\/fr\/\"},{\"@type\":\"ListItem\",\"position\":2,\"name\":\"Blessure de Daniel Gafford : rien ne s&rsquo;arrange pour Dallas !\"}]},{\"@type\":\"WebSite\",\"@id\":\"https:\/\/theplayoffs.news\/fr\/#website\",\"url\":\"https:\/\/theplayoffs.news\/fr\/\",\"name\":\"The Playoffs FR\",\"description\":\"NBA-NFL-NHL-MLB\",\"potentialAction\":[{\"@type\":\"SearchAction\",\"target\":{\"@type\":\"EntryPoint\",\"urlTemplate\":\"https:\/\/theplayoffs.news\/fr\/?s={search_term_string}\"},\"query-input\":{\"@type\":\"PropertyValueSpecification\",\"valueRequired\":true,\"valueName\":\"search_term_string\"}}],\"inLanguage\":\"fr-FR\"},{\"@type\":\"Person\",\"@id\":\"https:\/\/theplayoffs.news\/fr\/#\/schema\/person\/2bc470c6a49f4f6229a67af19c87a732\",\"name\":\"Elian Goethals\",\"image\":{\"@type\":\"ImageObject\",\"inLanguage\":\"fr-FR\",\"@id\":\"https:\/\/theplayoffs.news\/fr\/#\/schema\/person\/image\/\",\"url\":\"https:\/\/secure.gravatar.com\/avatar\/293e2e649a094756005b611f6122ac1a95e95d453dbfe74b9d434b39855927f6?s=96&d=mm&r=g\",\"contentUrl\":\"https:\/\/secure.gravatar.com\/avatar\/293e2e649a094756005b611f6122ac1a95e95d453dbfe74b9d434b39855927f6?s=96&d=mm&r=g\",\"caption\":\"Elian Goethals\"},\"description\":\"Je suis sp\u00e9cialis\u00e9 dans la r\u00e9daction d\\\\'articles NBA et je suis un grand fan de basket am\u00e9ricain depuis toujours. Cela fait 20 ans que je joue au basket, et mon exp\u00e9rience sur les terrains me permet d\\\\'avoir une analyse approfondie des matchs. J\u2019ai d\u2019abord fait partie d\u2019autres m\u00e9dias sportifs en tant que b\u00e9n\u00e9vole avant de rejoindre ThePlayoffs en janvier. Je termine \u00e9galement un master en \u00e9tudes internationales. Ce que je pr\u00e9f\u00e8re dans mon travail, c\u2019est de transformer ma passion en m\u00e9tier et de partager avec vous l\u2019information NBA. J\u2019essaie de produire un contenu de qualit\u00e9 en esp\u00e9rant qu\u2019il vous plaise !\",\"sameAs\":[\"https:\/\/www.linkedin.com\/in\/elian-goethals-729b71200\/\",\"https:\/\/x.com\/x.com\/elidwight\"],\"url\":\"https:\/\/theplayoffs.news\/fr\/author\/elian\/\"}]}<\/script>\n<!-- \/ Yoast SEO plugin. -->","yoast_head_json":{"title":"Blessure de Daniel Gafford : rien ne s&#039;arrange pour Dallas !","description":"D&eacute;j&agrave; d&eacute;cim&eacute;e, la raquette des Dallas Mavericks subit un nouveau coup dur avec la blessure de Daniel Gafford !","robots":{"index":"index","follow":"follow","max-snippet":"max-snippet:-1","max-image-preview":"max-image-preview:large","max-video-preview":"max-video-preview:-1"},"canonical":"https:\/\/theplayoffs.news\/fr\/actualite-nba\/blessure-de-daniel-gafford-rien-ne-sarrange-pour-dallas\/","og_locale":"fr_FR","og_type":"article","og_title":"Blessure de Daniel Gafford : rien ne s&#039;arrange pour Dallas !","og_description":"D&eacute;j&agrave; d&eacute;cim&eacute;e, la raquette des Dallas Mavericks subit un nouveau coup dur avec la blessure de Daniel Gafford !","og_url":"https:\/\/theplayoffs.news\/fr\/actualite-nba\/blessure-de-daniel-gafford-rien-ne-sarrange-pour-dallas\/","og_site_name":"The Playoffs FR","article_publisher":"https:\/\/www.facebook.com\/TheFreeAgentFR\/","article_modified_time":"2025-02-12T16:44:01+00:00","og_image":[{"width":1920,"height":1280,"url":"https:\/\/theplayoffs.news\/fr\/wp-content\/uploads\/2025\/02\/USATSI_25385152.jpg","type":"image\/jpeg"}],"author":"Elian Goethals","twitter_card":"summary_large_image","twitter_creator":"@x.com\/elidwight","twitter_site":"@TheFreeAgentFR","twitter_misc":{"\u00c9crit par":"Elian Goethals","Dur\u00e9e de lecture estim\u00e9e":"2 minutes"},"schema":{"@context":"https:\/\/schema.org","@graph":[{"@type":"WebPage","@id":"https:\/\/theplayoffs.news\/fr\/actualite-nba\/blessure-de-daniel-gafford-rien-ne-sarrange-pour-dallas\/","url":"https:\/\/theplayoffs.news\/fr\/actualite-nba\/blessure-de-daniel-gafford-rien-ne-sarrange-pour-dallas\/","name":"Blessure de Daniel Gafford : rien ne s\\'arrange pour Dallas !","isPartOf":{"@id":"https:\/\/theplayoffs.news\/fr\/#website"},"primaryImageOfPage":{"@id":"https:\/\/theplayoffs.news\/fr\/actualite-nba\/blessure-de-daniel-gafford-rien-ne-sarrange-pour-dallas\/#primaryimage"},"image":{"@id":"https:\/\/theplayoffs.news\/fr\/actualite-nba\/blessure-de-daniel-gafford-rien-ne-sarrange-pour-dallas\/#primaryimage"},"thumbnailUrl":"https:\/\/theplayoffs.news\/fr\/wp-content\/uploads\/2025\/02\/USATSI_25385152.jpg","datePublished":"2025-02-12T16:43:53+00:00","dateModified":"2025-02-12T16:44:01+00:00","author":{"@id":"https:\/\/theplayoffs.news\/fr\/#\/schema\/person\/2bc470c6a49f4f6229a67af19c87a732"},"description":"D\u00e9j\u00e0 d\u00e9cim\u00e9e, la raquette des Dallas Mavericks subit un nouveau coup dur avec la blessure de Daniel Gafford !","breadcrumb":{"@id":"https:\/\/theplayoffs.news\/fr\/actualite-nba\/blessure-de-daniel-gafford-rien-ne-sarrange-pour-dallas\/#breadcrumb"},"inLanguage":"fr-FR","potentialAction":[{"@type":"ReadAction","target":["https:\/\/theplayoffs.news\/fr\/actualite-nba\/blessure-de-daniel-gafford-rien-ne-sarrange-pour-dallas\/"]}]},{"@type":"ImageObject","inLanguage":"fr-FR","@id":"https:\/\/theplayoffs.news\/fr\/actualite-nba\/blessure-de-daniel-gafford-rien-ne-sarrange-pour-dallas\/#primaryimage","url":"https:\/\/theplayoffs.news\/fr\/wp-content\/uploads\/2025\/02\/USATSI_25385152.jpg","contentUrl":"https:\/\/theplayoffs.news\/fr\/wp-content\/uploads\/2025\/02\/USATSI_25385152.jpg","width":1920,"height":1280,"caption":"Feb 10, 2025; Dallas, Texas, USA; Dallas Mavericks center Daniel Gafford (21) is helped off the court during the second quarter against the Sacramento Kings at the American Airlines Center. Mandatory Credit: Jerome Miron-Imagn Images"},{"@type":"BreadcrumbList","@id":"https:\/\/theplayoffs.news\/fr\/actualite-nba\/blessure-de-daniel-gafford-rien-ne-sarrange-pour-dallas\/#breadcrumb","itemListElement":[{"@type":"ListItem","position":1,"name":"Accueil","item":"https:\/\/theplayoffs.news\/fr\/"},{"@type":"ListItem","position":2,"name":"Blessure de Daniel Gafford : rien ne s&rsquo;arrange pour Dallas !"}]},{"@type":"WebSite","@id":"https:\/\/theplayoffs.news\/fr\/#website","url":"https:\/\/theplayoffs.news\/fr\/","name":"The Playoffs FR","description":"NBA-NFL-NHL-MLB","potentialAction":[{"@type":"SearchAction","target":{"@type":"EntryPoint","urlTemplate":"https:\/\/theplayoffs.news\/fr\/?s={search_term_string}"},"query-input":{"@type":"PropertyValueSpecification","valueRequired":true,"valueName":"search_term_string"}}],"inLanguage":"fr-FR"},{"@type":"Person","@id":"https:\/\/theplayoffs.news\/fr\/#\/schema\/person\/2bc470c6a49f4f6229a67af19c87a732","name":"Elian Goethals","image":{"@type":"ImageObject","inLanguage":"fr-FR","@id":"https:\/\/theplayoffs.news\/fr\/#\/schema\/person\/image\/","url":"https:\/\/secure.gravatar.com\/avatar\/293e2e649a094756005b611f6122ac1a95e95d453dbfe74b9d434b39855927f6?s=96&d=mm&r=g","contentUrl":"https:\/\/secure.gravatar.com\/avatar\/293e2e649a094756005b611f6122ac1a95e95d453dbfe74b9d434b39855927f6?s=96&d=mm&r=g","caption":"Elian Goethals"},"description":"Je suis sp\u00e9cialis\u00e9 dans la r\u00e9daction d\\'articles NBA et je suis un grand fan de basket am\u00e9ricain depuis toujours. Cela fait 20 ans que je joue au basket, et mon exp\u00e9rience sur les terrains me permet d\\'avoir une analyse approfondie des matchs. J\u2019ai d\u2019abord fait partie d\u2019autres m\u00e9dias sportifs en tant que b\u00e9n\u00e9vole avant de rejoindre ThePlayoffs en janvier. Je termine \u00e9galement un master en \u00e9tudes internationales. Ce que je pr\u00e9f\u00e8re dans mon travail, c\u2019est de transformer ma passion en m\u00e9tier et de partager avec vous l\u2019information NBA. J\u2019essaie de produire un contenu de qualit\u00e9 en esp\u00e9rant qu\u2019il vous plaise !","sameAs":["https:\/\/www.linkedin.com\/in\/elian-goethals-729b71200\/","https:\/\/x.com\/x.com\/elidwight"],"url":"https:\/\/theplayoffs.news\/fr\/author\/elian\/"}]}},"_links":{"self":[{"href":"https:\/\/theplayoffs.news\/fr\/wp-json\/wp\/v2\/posts\/1478794","targetHints":{"allow":["GET"]}}],"collection":[{"href":"https:\/\/theplayoffs.news\/fr\/wp-json\/wp\/v2\/posts"}],"about":[{"href":"https:\/\/theplayoffs.news\/fr\/wp-json\/wp\/v2\/types\/post"}],"author":[{"embeddable":true,"href":"https:\/\/theplayoffs.news\/fr\/wp-json\/wp\/v2\/users\/180310268"}],"replies":[{"embeddable":true,"href":"https:\/\/theplayoffs.news\/fr\/wp-json\/wp\/v2\/comments?post=1478794"}],"version-history":[{"count":1,"href":"https:\/\/theplayoffs.news\/fr\/wp-json\/wp\/v2\/posts\/1478794\/revisions"}],"predecessor-version":[{"id":1478796,"href":"https:\/\/theplayoffs.news\/fr\/wp-json\/wp\/v2\/posts\/1478794\/revisions\/1478796"}],"wp:featuredmedia":[{"embeddable":true,"href":"https:\/\/theplayoffs.news\/fr\/wp-json\/wp\/v2\/media\/1478795"}],"wp:attachment":[{"href":"https:\/\/theplayoffs.news\/fr\/wp-json\/wp\/v2\/media?parent=1478794"}],"wp:term":[{"taxonomy":"category","embeddable":true,"href":"https:\/\/theplayoffs.news\/fr\/wp-json\/wp\/v2\/categories?post=1478794"},{"taxonomy":"post_tag","embeddable":true,"href":"https:\/\/theplayoffs.news\/fr\/wp-json\/wp\/v2\/tags?post=1478794"},{"taxonomy":"sport","embeddable":true,"href":"https:\/\/theplayoffs.news\/fr\/wp-json\/wp\/v2\/sport?post=1478794"},{"taxonomy":"saison","embeddable":true,"href":"https:\/\/theplayoffs.news\/fr\/wp-json\/wp\/v2\/saison?post=1478794"}],"curies":[{"name":"wp","href":"https:\/\/api.w.org\/{rel}","templated":true}]}}