{"id":1478736,"date":"2025-02-11T17:46:53","date_gmt":"2025-02-11T16:46:53","guid":{"rendered":"https:\/\/theplayoffs.news\/fr\/uncategorized\/\/"},"modified":"2025-02-11T17:46:59","modified_gmt":"2025-02-11T16:46:59","slug":"reprends-toi-les-fans-des-lakers-reagissent-au-comportement-froid-de-dalton-knecht-sur-le-banc-lors-du-match-lakers-vs-jazz","status":"publish","type":"post","link":"https:\/\/theplayoffs.news\/fr\/actualite-nba\/reprends-toi-les-fans-des-lakers-reagissent-au-comportement-froid-de-dalton-knecht-sur-le-banc-lors-du-match-lakers-vs-jazz\/","title":{"rendered":"\u201cReprends-toi\u201d \u2013 Les fans des Lakers r\u00e9agissent au comportement froid de Dalton Knecht sur le banc lors du match Lakers vs Jazz"},"content":{"rendered":"<p>Se faire &eacute;changer n&rsquo;est jamais une exp&eacute;rience agr&eacute;able pour un rookie. Mais c&rsquo;est encore plus inconfortable lorsque l&rsquo;&eacute;change &eacute;choue, et que le joueur doit retourner dans son &eacute;quipe d&rsquo;origine. C&rsquo;est exactement ce qui est arriv&eacute; &agrave; Dalton Knecht, rookie des Lakers.<\/p><p>Les Lakers avaient conclu un accord pour &eacute;changer Knecht, accompagn&eacute; de Cam Reddish et de futurs choix de draft, aux Charlotte Hornets en &eacute;change du pivot Mark Williams. <\/p><p>Cependant, apr&egrave;s avoir examin&eacute; les r&eacute;sultats m&eacute;dicaux de Williams, les Lakers ont finalement annul&eacute; la transaction, un jour apr&egrave;s la date limite des &eacute;changes.<\/p><p>S&eacute;lectionn&eacute; en 17&#7497; position lors de la Draft NBA 2024, Knecht affiche une moyenne de 9,4 points et 3,1 rebonds en 48 matchs. Il &eacute;tait per&ccedil;u comme un jeune talent prometteur, mais avec l&rsquo;arriv&eacute;e de Luka Doncic aux Lakers, son temps de jeu risquait de diminuer. C&rsquo;est l&rsquo;une des raisons pour lesquelles l&rsquo;&eacute;quipe &eacute;tait pr&ecirc;te &agrave; l&rsquo;&eacute;changer, ayant un besoin urgent d&rsquo;un pivot apr&egrave;s le d&eacute;part d&rsquo;Anthony Davis.<\/p><p>Lundi, Knecht &eacute;tait donc de retour sur le banc des Lakers contre le Jazz. Il a &eacute;t&eacute; d&eacute;clar&eacute; indisponible pour &ldquo;raisons personnelles&rdquo;.<\/p><h2 class=\"wp-block-heading\"><strong>Le coach des Lakers, JJ Redick, prend la parole<\/strong><\/h2><p>Avant le match, l&rsquo;entra&icirc;neur des Lakers, JJ Redick, a abord&eacute; la situation.<\/p><p>&ldquo;Je lui ai parl&eacute; ce matin&rdquo;, a d&eacute;clar&eacute; Redick. &ldquo;Je lui ai exprim&eacute; l&rsquo;empathie et la bienveillance que je lui t&eacute;moigne en ce moment. Il a &eacute;videmment travers&eacute; un tourbillon d&rsquo;&eacute;motions en tant que rookie ces derniers jours. Nous croyons en la force du groupe et en l&rsquo;importance de l&rsquo;avoir avec nous aujourd&rsquo;hui. &hellip; Il est en train de dig&eacute;rer tout ce qui s&rsquo;est pass&eacute;.&rdquo;<\/p><p>Mais une fois le match commenc&eacute;, les fans ont rapidement remarqu&eacute; que Knecht r&eacute;agissait &agrave; peine aux actions sur le terrain. Assis silencieusement sur le banc, il affichait peu d&rsquo;&eacute;motion.<\/p><h2 class=\"wp-block-heading\"><strong>Les fans r&eacute;agissent sur les r&eacute;seaux sociaux<\/strong><\/h2><p>Sur les r&eacute;seaux sociaux, les fans ont vivement r&eacute;agi au comportement distant du rookie pour son retour. Si certains ont exprim&eacute; leur empathie envers le joueur de 23 ans, d&rsquo;autres ont soulign&eacute; que la NBA est un business et que Knecht devait faire preuve de maturit&eacute;.<\/p><p>Voici quelques r&eacute;actions :<\/p><figure class=\"wp-block-embed is-type-rich is-provider-twitter wp-block-embed-twitter\"><div class=\"wp-block-embed__wrapper\">\n<blockquote class=\"twitter-tweet\" data-width=\"500\" data-dnt=\"true\"><p lang=\"en\" dir=\"ltr\">Rookie needs to stop acting like a vet and get it together<\/p>&mdash; Wizely &#129765;&#127769; (@Wizelycook) <a href=\"https:\/\/twitter.com\/Wizelycook\/status\/1889166699976642662?ref_src=twsrc%5Etfw\" class=\"trk-cta-link\" data-cta-trk='{\"ctaType\":\"Link\",\"ctaSubType\":\"main\"}'>February 11, 2025<\/a><\/blockquote><script async src=\"https:\/\/platform.twitter.com\/widgets.js\" charset=\"utf-8\"><\/script>\n<\/div><\/figure><figure class=\"wp-block-embed is-type-rich is-provider-twitter wp-block-embed-twitter\"><div class=\"wp-block-embed__wrapper\">\n<blockquote class=\"twitter-tweet\" data-width=\"500\" data-dnt=\"true\"><p lang=\"en\" dir=\"ltr\">he gotta learn early it&rsquo;s a business<\/p>&mdash; &sup2;&sup3;&#120443;&#120462;&#120433;&#120475;&#120472;&#120471;&#120460;&#120465;&#120466;&#120477;&#120466;&#120476;&#127936;&#9732;&#65039;&#127758;&#128158; (@BronGotGame) <a href=\"https:\/\/twitter.com\/BronGotGame\/status\/1889168751263646204?ref_src=twsrc%5Etfw\" class=\"trk-cta-link\" data-cta-trk='{\"ctaType\":\"Link\",\"ctaSubType\":\"main\"}'>February 11, 2025<\/a><\/blockquote><script async src=\"https:\/\/platform.twitter.com\/widgets.js\" charset=\"utf-8\"><\/script>\n<\/div><\/figure><figure class=\"wp-block-embed is-type-rich is-provider-twitter wp-block-embed-twitter\"><div class=\"wp-block-embed__wrapper\">\n<blockquote class=\"twitter-tweet\" data-width=\"500\" data-dnt=\"true\"><p lang=\"en\" dir=\"ltr\">Doesn&rsquo;t know if he&rsquo;s staying or not. Shitty situation I feel for him<\/p>&mdash; lakersologist (@lakersologist) <a href=\"https:\/\/twitter.com\/lakersologist\/status\/1889171032508142011?ref_src=twsrc%5Etfw\" class=\"trk-cta-link\" data-cta-trk='{\"ctaType\":\"Link\",\"ctaSubType\":\"main\"}'>February 11, 2025<\/a><\/blockquote><script async src=\"https:\/\/platform.twitter.com\/widgets.js\" charset=\"utf-8\"><\/script>\n<\/div><\/figure><figure class=\"wp-block-embed is-type-rich is-provider-twitter wp-block-embed-twitter\"><div class=\"wp-block-embed__wrapper\">\n<blockquote class=\"twitter-tweet\" data-width=\"500\" data-dnt=\"true\"><p lang=\"en\" dir=\"ltr\">Can't act like a diva when you're this new in the league. He hasn't proven anything yet. The Lakers don't owe him anything.<\/p>&mdash; SageTreacherous (@SageTreacherous) <a href=\"https:\/\/twitter.com\/SageTreacherous\/status\/1889215149099389313?ref_src=twsrc%5Etfw\" class=\"trk-cta-link\" data-cta-trk='{\"ctaType\":\"Link\",\"ctaSubType\":\"main\"}'>February 11, 2025<\/a><\/blockquote><script async src=\"https:\/\/platform.twitter.com\/widgets.js\" charset=\"utf-8\"><\/script>\n<\/div><\/figure><h2 class=\"wp-block-heading\"><strong>Les Hornets veulent contester l&rsquo;&eacute;chec du transfert de Mark Williams<\/strong><\/h2><p>M&ecirc;me si Knecht est pour l&rsquo;instant de retour aux Lakers, son avenir reste incertain. Selon Shams Charania, <a href=\"https:\/\/theplayoffs.news\/fr\/actualite-nba\/mark-williams-recale-par-les-lakers-charlotte-conteste-aupres-de-la-nba\/\" class=\"trk-cta-link\" data-cta-trk='{\"ctaType\":\"Link\",\"ctaSubType\":\"main\"}'>les Hornets envisagent de contacter la NBA<\/a> pour examiner les moyens de contester l&rsquo;&eacute;chec du transfert.<\/p><p>&ldquo;Les Charlotte Hornets ont &eacute;t&eacute; en contact avec la NBA alors qu&rsquo;ils explorent les options pour contester l&rsquo;&eacute;valuation m&eacute;dicale rat&eacute;e de Mark Williams par les Los Angeles Lakers&rdquo;, a publi&eacute; Charania sur X. &ldquo;L&rsquo;&eacute;change Williams\/Knecht a &eacute;t&eacute; annul&eacute; samedi, et les Hornets r&eacute;fl&eacute;chissent maintenant aux moyens de le contester.&rdquo;<\/p><p><\/p><p>Credit Photo : Bill Streicher-Imagn Images<\/p>\n","protected":false},"excerpt":{"rendered":"<p>Lundi, Dalton Knecht \u00e9tait de retour sur le banc des Lakers face au Jazz.<\/p>\n","protected":false},"author":180309799,"featured_media":1478737,"comment_status":"closed","ping_status":"closed","sticky":false,"template":"","format":"standard","meta":{"inline_featured_image":false,"kia_subtitle":"Lundi, Dalton Knecht \u00e9tait de retour sur le banc des Lakers face au Jazz.","_mux_skip_reasons":[],"proofreadBy":0,"footnotes":""},"categories":[110,10],"tags":[7458,117],"sport":[],"saison":[],"class_list":["post-1478736","post","type-post","status-publish","format-standard","has-post-thumbnail","hentry","category-actualite-nba","category-nba","tag-dalton-knecht","tag-los-angeles-lakers"],"acf":[],"yoast_head":"<!-- This site is optimized with the Yoast SEO plugin v24.2 - https:\/\/yoast.com\/wordpress\/plugins\/seo\/ -->\n<title>&ldquo;Reprends-toi&rdquo; &ndash; Les fans des Lakers r&eacute;agissent au comportement froid de Dalton Knecht sur le banc lors du match Lakers vs Jazz - The Playoffs FR<\/title>\n<meta name=\"robots\" content=\"index, follow, max-snippet:-1, max-image-preview:large, max-video-preview:-1\" \/>\n<link rel=\"canonical\" href=\"https:\/\/theplayoffs.news\/fr\/actualite-nba\/reprends-toi-les-fans-des-lakers-reagissent-au-comportement-froid-de-dalton-knecht-sur-le-banc-lors-du-match-lakers-vs-jazz\/\" \/>\n<meta property=\"og:locale\" content=\"fr_FR\" \/>\n<meta property=\"og:type\" content=\"article\" \/>\n<meta property=\"og:title\" content=\"&ldquo;Reprends-toi&rdquo; &ndash; Les fans des Lakers r&eacute;agissent au comportement froid de Dalton Knecht sur le banc lors du match Lakers vs Jazz - The Playoffs FR\" \/>\n<meta property=\"og:description\" content=\"Lundi, Dalton Knecht &eacute;tait de retour sur le banc des Lakers face au Jazz.\" \/>\n<meta property=\"og:url\" content=\"https:\/\/theplayoffs.news\/fr\/actualite-nba\/reprends-toi-les-fans-des-lakers-reagissent-au-comportement-froid-de-dalton-knecht-sur-le-banc-lors-du-match-lakers-vs-jazz\/\" \/>\n<meta property=\"og:site_name\" content=\"The Playoffs FR\" \/>\n<meta property=\"article:publisher\" content=\"https:\/\/www.facebook.com\/TheFreeAgentFR\/\" \/>\n<meta property=\"article:modified_time\" content=\"2025-02-11T17:46:59+01:00\" \/>\n<meta property=\"og:image\" content=\"https:\/\/theplayoffs.news\/fr\/wp-content\/uploads\/2025\/02\/USATSI_25287437.jpg\" \/>\n\t<meta property=\"og:image:width\" content=\"1920\" \/>\n\t<meta property=\"og:image:height\" content=\"1484\" \/>\n\t<meta property=\"og:image:type\" content=\"image\/jpeg\" \/>\n<meta name=\"author\" content=\"La r\u00e9daction\" \/>\n<meta name=\"twitter:card\" content=\"summary_large_image\" \/>\n<meta name=\"twitter:creator\" content=\"@TheFreeAgentFR\" \/>\n<meta name=\"twitter:site\" content=\"@TheFreeAgentFR\" \/>\n<meta name=\"twitter:label1\" content=\"\u00c9crit par\" \/>\n\t<meta name=\"twitter:data1\" content=\"La r\u00e9daction\" \/>\n\t<meta name=\"twitter:label2\" content=\"Dur\u00e9e de lecture estim\u00e9e\" \/>\n\t<meta name=\"twitter:data2\" content=\"3 minutes\" \/>\n<script type=\"application\/ld+json\" class=\"yoast-schema-graph\">{\"@context\":\"https:\/\/schema.org\",\"@graph\":[{\"@type\":\"WebPage\",\"@id\":\"https:\/\/theplayoffs.news\/fr\/actualite-nba\/reprends-toi-les-fans-des-lakers-reagissent-au-comportement-froid-de-dalton-knecht-sur-le-banc-lors-du-match-lakers-vs-jazz\/\",\"url\":\"https:\/\/theplayoffs.news\/fr\/actualite-nba\/reprends-toi-les-fans-des-lakers-reagissent-au-comportement-froid-de-dalton-knecht-sur-le-banc-lors-du-match-lakers-vs-jazz\/\",\"name\":\"\u201cReprends-toi\u201d \u2013 Les fans des Lakers r\u00e9agissent au comportement froid de Dalton Knecht sur le banc lors du match Lakers vs Jazz - The Playoffs FR\",\"isPartOf\":{\"@id\":\"https:\/\/theplayoffs.news\/fr\/#website\"},\"primaryImageOfPage\":{\"@id\":\"https:\/\/theplayoffs.news\/fr\/actualite-nba\/reprends-toi-les-fans-des-lakers-reagissent-au-comportement-froid-de-dalton-knecht-sur-le-banc-lors-du-match-lakers-vs-jazz\/#primaryimage\"},\"image\":{\"@id\":\"https:\/\/theplayoffs.news\/fr\/actualite-nba\/reprends-toi-les-fans-des-lakers-reagissent-au-comportement-froid-de-dalton-knecht-sur-le-banc-lors-du-match-lakers-vs-jazz\/#primaryimage\"},\"thumbnailUrl\":\"https:\/\/theplayoffs.news\/fr\/wp-content\/uploads\/2025\/02\/USATSI_25287437.jpg\",\"datePublished\":\"2025-02-11T16:46:53+00:00\",\"dateModified\":\"2025-02-11T16:46:59+00:00\",\"author\":{\"@id\":\"https:\/\/theplayoffs.news\/fr\/#\/schema\/person\/bb40426f4e478f9bd8cdbfeb4f2f9784\"},\"breadcrumb\":{\"@id\":\"https:\/\/theplayoffs.news\/fr\/actualite-nba\/reprends-toi-les-fans-des-lakers-reagissent-au-comportement-froid-de-dalton-knecht-sur-le-banc-lors-du-match-lakers-vs-jazz\/#breadcrumb\"},\"inLanguage\":\"fr-FR\",\"potentialAction\":[{\"@type\":\"ReadAction\",\"target\":[\"https:\/\/theplayoffs.news\/fr\/actualite-nba\/reprends-toi-les-fans-des-lakers-reagissent-au-comportement-froid-de-dalton-knecht-sur-le-banc-lors-du-match-lakers-vs-jazz\/\"]}]},{\"@type\":\"ImageObject\",\"inLanguage\":\"fr-FR\",\"@id\":\"https:\/\/theplayoffs.news\/fr\/actualite-nba\/reprends-toi-les-fans-des-lakers-reagissent-au-comportement-froid-de-dalton-knecht-sur-le-banc-lors-du-match-lakers-vs-jazz\/#primaryimage\",\"url\":\"https:\/\/theplayoffs.news\/fr\/wp-content\/uploads\/2025\/02\/USATSI_25287437.jpg\",\"contentUrl\":\"https:\/\/theplayoffs.news\/fr\/wp-content\/uploads\/2025\/02\/USATSI_25287437.jpg\",\"width\":1920,\"height\":1484,\"caption\":\"Jan 28, 2025; Philadelphia, Pennsylvania, USA; Los Angeles Lakers guard Dalton Knecht (4) shoots against the Philadelphia 76ers during the second quarter at Wells Fargo Center. Mandatory Credit: Bill Streicher-Imagn Images\"},{\"@type\":\"BreadcrumbList\",\"@id\":\"https:\/\/theplayoffs.news\/fr\/actualite-nba\/reprends-toi-les-fans-des-lakers-reagissent-au-comportement-froid-de-dalton-knecht-sur-le-banc-lors-du-match-lakers-vs-jazz\/#breadcrumb\",\"itemListElement\":[{\"@type\":\"ListItem\",\"position\":1,\"name\":\"Accueil\",\"item\":\"https:\/\/theplayoffs.news\/fr\/\"},{\"@type\":\"ListItem\",\"position\":2,\"name\":\"\u201cReprends-toi\u201d \u2013 Les fans des Lakers r\u00e9agissent au comportement froid de Dalton Knecht sur le banc lors du match Lakers vs Jazz\"}]},{\"@type\":\"WebSite\",\"@id\":\"https:\/\/theplayoffs.news\/fr\/#website\",\"url\":\"https:\/\/theplayoffs.news\/fr\/\",\"name\":\"The Playoffs FR\",\"description\":\"NBA-NFL-NHL-MLB\",\"potentialAction\":[{\"@type\":\"SearchAction\",\"target\":{\"@type\":\"EntryPoint\",\"urlTemplate\":\"https:\/\/theplayoffs.news\/fr\/?s={search_term_string}\"},\"query-input\":{\"@type\":\"PropertyValueSpecification\",\"valueRequired\":true,\"valueName\":\"search_term_string\"}}],\"inLanguage\":\"fr-FR\"},{\"@type\":\"Person\",\"@id\":\"https:\/\/theplayoffs.news\/fr\/#\/schema\/person\/bb40426f4e478f9bd8cdbfeb4f2f9784\",\"name\":\"La r\u00e9daction\",\"image\":{\"@type\":\"ImageObject\",\"inLanguage\":\"fr-FR\",\"@id\":\"https:\/\/theplayoffs.news\/fr\/#\/schema\/person\/image\/\",\"url\":\"https:\/\/secure.gravatar.com\/avatar\/7e69b41460ab2c17d61c8c364b6a0ee006f957a70191383ef42be1f4733d6515?s=96&d=mm&r=g\",\"contentUrl\":\"https:\/\/secure.gravatar.com\/avatar\/7e69b41460ab2c17d61c8c364b6a0ee006f957a70191383ef42be1f4733d6515?s=96&d=mm&r=g\",\"caption\":\"La r\u00e9daction\"},\"description\":\"On dit qu\\\\'il faut un village pour s\\\\'occuper d\\\\'un enfant. Et bien c\\\\'est exactement ce dont il s\\\\'agit ici pour The Playoffs. La r\u00e9daction, ce sont vos r\u00e9dacteurs pr\u00e9f\u00e9r\u00e9s qui collaborent sur ces articles que vous lisez au quotidien.\u00a0\",\"url\":\"https:\/\/theplayoffs.news\/fr\/author\/freeagentfr\/\"}]}<\/script>\n<!-- \/ Yoast SEO plugin. -->","yoast_head_json":{"title":"&ldquo;Reprends-toi&rdquo; &ndash; Les fans des Lakers r&eacute;agissent au comportement froid de Dalton Knecht sur le banc lors du match Lakers vs Jazz - The Playoffs FR","robots":{"index":"index","follow":"follow","max-snippet":"max-snippet:-1","max-image-preview":"max-image-preview:large","max-video-preview":"max-video-preview:-1"},"canonical":"https:\/\/theplayoffs.news\/fr\/actualite-nba\/reprends-toi-les-fans-des-lakers-reagissent-au-comportement-froid-de-dalton-knecht-sur-le-banc-lors-du-match-lakers-vs-jazz\/","og_locale":"fr_FR","og_type":"article","og_title":"&ldquo;Reprends-toi&rdquo; &ndash; Les fans des Lakers r&eacute;agissent au comportement froid de Dalton Knecht sur le banc lors du match Lakers vs Jazz - The Playoffs FR","og_description":"Lundi, Dalton Knecht &eacute;tait de retour sur le banc des Lakers face au Jazz.","og_url":"https:\/\/theplayoffs.news\/fr\/actualite-nba\/reprends-toi-les-fans-des-lakers-reagissent-au-comportement-froid-de-dalton-knecht-sur-le-banc-lors-du-match-lakers-vs-jazz\/","og_site_name":"The Playoffs FR","article_publisher":"https:\/\/www.facebook.com\/TheFreeAgentFR\/","article_modified_time":"2025-02-11T16:46:59+00:00","og_image":[{"width":1920,"height":1484,"url":"https:\/\/theplayoffs.news\/fr\/wp-content\/uploads\/2025\/02\/USATSI_25287437.jpg","type":"image\/jpeg"}],"author":"La r\u00e9daction","twitter_card":"summary_large_image","twitter_creator":"@TheFreeAgentFR","twitter_site":"@TheFreeAgentFR","twitter_misc":{"\u00c9crit par":"La r\u00e9daction","Dur\u00e9e de lecture estim\u00e9e":"3 minutes"},"schema":{"@context":"https:\/\/schema.org","@graph":[{"@type":"WebPage","@id":"https:\/\/theplayoffs.news\/fr\/actualite-nba\/reprends-toi-les-fans-des-lakers-reagissent-au-comportement-froid-de-dalton-knecht-sur-le-banc-lors-du-match-lakers-vs-jazz\/","url":"https:\/\/theplayoffs.news\/fr\/actualite-nba\/reprends-toi-les-fans-des-lakers-reagissent-au-comportement-froid-de-dalton-knecht-sur-le-banc-lors-du-match-lakers-vs-jazz\/","name":"\u201cReprends-toi\u201d \u2013 Les fans des Lakers r\u00e9agissent au comportement froid de Dalton Knecht sur le banc lors du match Lakers vs Jazz - The Playoffs FR","isPartOf":{"@id":"https:\/\/theplayoffs.news\/fr\/#website"},"primaryImageOfPage":{"@id":"https:\/\/theplayoffs.news\/fr\/actualite-nba\/reprends-toi-les-fans-des-lakers-reagissent-au-comportement-froid-de-dalton-knecht-sur-le-banc-lors-du-match-lakers-vs-jazz\/#primaryimage"},"image":{"@id":"https:\/\/theplayoffs.news\/fr\/actualite-nba\/reprends-toi-les-fans-des-lakers-reagissent-au-comportement-froid-de-dalton-knecht-sur-le-banc-lors-du-match-lakers-vs-jazz\/#primaryimage"},"thumbnailUrl":"https:\/\/theplayoffs.news\/fr\/wp-content\/uploads\/2025\/02\/USATSI_25287437.jpg","datePublished":"2025-02-11T16:46:53+00:00","dateModified":"2025-02-11T16:46:59+00:00","author":{"@id":"https:\/\/theplayoffs.news\/fr\/#\/schema\/person\/bb40426f4e478f9bd8cdbfeb4f2f9784"},"breadcrumb":{"@id":"https:\/\/theplayoffs.news\/fr\/actualite-nba\/reprends-toi-les-fans-des-lakers-reagissent-au-comportement-froid-de-dalton-knecht-sur-le-banc-lors-du-match-lakers-vs-jazz\/#breadcrumb"},"inLanguage":"fr-FR","potentialAction":[{"@type":"ReadAction","target":["https:\/\/theplayoffs.news\/fr\/actualite-nba\/reprends-toi-les-fans-des-lakers-reagissent-au-comportement-froid-de-dalton-knecht-sur-le-banc-lors-du-match-lakers-vs-jazz\/"]}]},{"@type":"ImageObject","inLanguage":"fr-FR","@id":"https:\/\/theplayoffs.news\/fr\/actualite-nba\/reprends-toi-les-fans-des-lakers-reagissent-au-comportement-froid-de-dalton-knecht-sur-le-banc-lors-du-match-lakers-vs-jazz\/#primaryimage","url":"https:\/\/theplayoffs.news\/fr\/wp-content\/uploads\/2025\/02\/USATSI_25287437.jpg","contentUrl":"https:\/\/theplayoffs.news\/fr\/wp-content\/uploads\/2025\/02\/USATSI_25287437.jpg","width":1920,"height":1484,"caption":"Jan 28, 2025; Philadelphia, Pennsylvania, USA; Los Angeles Lakers guard Dalton Knecht (4) shoots against the Philadelphia 76ers during the second quarter at Wells Fargo Center. Mandatory Credit: Bill Streicher-Imagn Images"},{"@type":"BreadcrumbList","@id":"https:\/\/theplayoffs.news\/fr\/actualite-nba\/reprends-toi-les-fans-des-lakers-reagissent-au-comportement-froid-de-dalton-knecht-sur-le-banc-lors-du-match-lakers-vs-jazz\/#breadcrumb","itemListElement":[{"@type":"ListItem","position":1,"name":"Accueil","item":"https:\/\/theplayoffs.news\/fr\/"},{"@type":"ListItem","position":2,"name":"\u201cReprends-toi\u201d \u2013 Les fans des Lakers r\u00e9agissent au comportement froid de Dalton Knecht sur le banc lors du match Lakers vs Jazz"}]},{"@type":"WebSite","@id":"https:\/\/theplayoffs.news\/fr\/#website","url":"https:\/\/theplayoffs.news\/fr\/","name":"The Playoffs FR","description":"NBA-NFL-NHL-MLB","potentialAction":[{"@type":"SearchAction","target":{"@type":"EntryPoint","urlTemplate":"https:\/\/theplayoffs.news\/fr\/?s={search_term_string}"},"query-input":{"@type":"PropertyValueSpecification","valueRequired":true,"valueName":"search_term_string"}}],"inLanguage":"fr-FR"},{"@type":"Person","@id":"https:\/\/theplayoffs.news\/fr\/#\/schema\/person\/bb40426f4e478f9bd8cdbfeb4f2f9784","name":"La r\u00e9daction","image":{"@type":"ImageObject","inLanguage":"fr-FR","@id":"https:\/\/theplayoffs.news\/fr\/#\/schema\/person\/image\/","url":"https:\/\/secure.gravatar.com\/avatar\/7e69b41460ab2c17d61c8c364b6a0ee006f957a70191383ef42be1f4733d6515?s=96&d=mm&r=g","contentUrl":"https:\/\/secure.gravatar.com\/avatar\/7e69b41460ab2c17d61c8c364b6a0ee006f957a70191383ef42be1f4733d6515?s=96&d=mm&r=g","caption":"La r\u00e9daction"},"description":"On dit qu\\'il faut un village pour s\\'occuper d\\'un enfant. Et bien c\\'est exactement ce dont il s\\'agit ici pour The Playoffs. La r\u00e9daction, ce sont vos r\u00e9dacteurs pr\u00e9f\u00e9r\u00e9s qui collaborent sur ces articles que vous lisez au quotidien.\u00a0","url":"https:\/\/theplayoffs.news\/fr\/author\/freeagentfr\/"}]}},"_links":{"self":[{"href":"https:\/\/theplayoffs.news\/fr\/wp-json\/wp\/v2\/posts\/1478736","targetHints":{"allow":["GET"]}}],"collection":[{"href":"https:\/\/theplayoffs.news\/fr\/wp-json\/wp\/v2\/posts"}],"about":[{"href":"https:\/\/theplayoffs.news\/fr\/wp-json\/wp\/v2\/types\/post"}],"author":[{"embeddable":true,"href":"https:\/\/theplayoffs.news\/fr\/wp-json\/wp\/v2\/users\/180309799"}],"replies":[{"embeddable":true,"href":"https:\/\/theplayoffs.news\/fr\/wp-json\/wp\/v2\/comments?post=1478736"}],"version-history":[{"count":1,"href":"https:\/\/theplayoffs.news\/fr\/wp-json\/wp\/v2\/posts\/1478736\/revisions"}],"predecessor-version":[{"id":1478738,"href":"https:\/\/theplayoffs.news\/fr\/wp-json\/wp\/v2\/posts\/1478736\/revisions\/1478738"}],"wp:featuredmedia":[{"embeddable":true,"href":"https:\/\/theplayoffs.news\/fr\/wp-json\/wp\/v2\/media\/1478737"}],"wp:attachment":[{"href":"https:\/\/theplayoffs.news\/fr\/wp-json\/wp\/v2\/media?parent=1478736"}],"wp:term":[{"taxonomy":"category","embeddable":true,"href":"https:\/\/theplayoffs.news\/fr\/wp-json\/wp\/v2\/categories?post=1478736"},{"taxonomy":"post_tag","embeddable":true,"href":"https:\/\/theplayoffs.news\/fr\/wp-json\/wp\/v2\/tags?post=1478736"},{"taxonomy":"sport","embeddable":true,"href":"https:\/\/theplayoffs.news\/fr\/wp-json\/wp\/v2\/sport?post=1478736"},{"taxonomy":"saison","embeddable":true,"href":"https:\/\/theplayoffs.news\/fr\/wp-json\/wp\/v2\/saison?post=1478736"}],"curies":[{"name":"wp","href":"https:\/\/api.w.org\/{rel}","templated":true}]}}