{"id":1478628,"date":"2025-02-11T09:24:54","date_gmt":"2025-02-11T08:24:54","guid":{"rendered":"https:\/\/theplayoffs.news\/fr\/uncategorized\/\/"},"modified":"2025-02-11T09:25:01","modified_gmt":"2025-02-11T08:25:01","slug":"combien-de-points-luka-doncic-a-t-il-marques-lors-de-ses-debuts-avec-les-lakers-statistiques-completes-contre-le-jazz","status":"publish","type":"post","link":"https:\/\/theplayoffs.news\/fr\/actualite-nba\/combien-de-points-luka-doncic-a-t-il-marques-lors-de-ses-debuts-avec-les-lakers-statistiques-completes-contre-le-jazz\/","title":{"rendered":"Combien de points Luka Doncic a-t-il marqu\u00e9s lors de ses d\u00e9buts avec les Lakers ? Statistiques compl\u00e8tes contre le Jazz"},"content":{"rendered":"<p>Luka Doncic &eacute;tait sous restriction de minutes en raison de son premier match apr&egrave;s une blessure au mollet.<\/p><p>Luka Doncic a enfin fait ses d&eacute;buts tr&egrave;s attendus avec les Los Angeles Lakers apr&egrave;s son transfert retentissant en provenance des Dallas Mavericks. Les Lakers ont &eacute;cras&eacute; le Utah Jazz 132-113, signant ainsi une sixi&egrave;me victoire cons&eacute;cutive. Luka Doncic a re&ccedil;u un accueil chaleureux de la part de la franchise, et tous les fans pr&eacute;sents ont re&ccedil;u un maillot jaune des Lakers floqu&eacute; du num&eacute;ro 77 &agrave; son nom.<\/p><blockquote class=\"twitter-tweet\"><p lang=\"en\" dir=\"ltr\">Luka getting welcomed by his new teammates in the tunnel &#129309;<br><br>Don&#269;i&#263; debuts for the Lakers against the Jazz at 10:30pm\/et on ESPN! <a href=\"https:\/\/t.co\/DZqOC19PFX\" class=\"trk-cta-link\" data-cta-trk='{\"ctaType\":\"Link\",\"ctaSubType\":\"main\"}'>pic.twitter.com\/DZqOC19PFX<\/a><\/p>&mdash; NBA (@NBA) <a href=\"https:\/\/twitter.com\/NBA\/status\/1889153228073284025?ref_src=twsrc%5Etfw\" class=\"trk-cta-link\" data-cta-trk='{\"ctaType\":\"Link\",\"ctaSubType\":\"main\"}'>February 11, 2025<\/a><\/blockquote><script async src=\"https:\/\/platform.twitter.com\/widgets.js\" charset=\"utf-8\"><\/script><p>L&rsquo;ancienne star des Mavericks &eacute;tait initialement list&eacute;e comme incertaine pour la rencontre face au Jazz en raison d&rsquo;une blessure au mollet survenue lors de la d&eacute;faite contre les Minnesota Timberwolves le jour de No&euml;l. Il a ensuite &eacute;t&eacute; d&eacute;clar&eacute; apte &agrave; jouer, mais JJ Redick a d&eacute;cid&eacute; de limiter son temps de jeu.<\/p><p>Luka Doncic a &eacute;t&eacute; &eacute;chang&eacute; des Dallas Mavericks aux Los Angeles Lakers en &eacute;change d&rsquo;<strong><a href=\"https:\/\/theplayoffs.news\/fr\/actualite-nba\/podcast-nba-episode-special-trade-deadline\/\" class=\"trk-cta-link\" data-cta-trk='{\"ctaType\":\"Link\",\"ctaSubType\":\"main\"}'>Anthony Davis<\/a><\/strong>. Maxi Kleber et Markieff Morris ont &eacute;galement &eacute;t&eacute; envoy&eacute;s aux Lakers, tandis que Max Christie et un choix de premier tour en 2029 ont pris la direction de Dallas. C&rsquo;&eacute;tait la premi&egrave;re fois que deux All-Stars &eacute;taient &eacute;chang&eacute;s l&rsquo;un contre l&rsquo;autre en milieu de saison.<\/p><h2 class=\"wp-block-heading\"><strong>Comment Luka Doncic s&rsquo;est-il d&eacute;brouill&eacute; contre Utah ?<\/strong><\/h2><p>La l&eacute;gende des Mavericks, Dirk Nowitzki, &eacute;tait &eacute;galement pr&eacute;sente pour assister aux d&eacute;buts de Luka Doncic sous le maillot des Lakers. Le quintuple All-Star &eacute;tait titulaire aux c&ocirc;t&eacute;s de LeBron James, qui faisait son retour apr&egrave;s avoir manqu&eacute; la victoire contre les Pacers.<\/p><p>Luka Doncic semblait manquer de rythme en d&eacute;but de match et a inscrit 5 points dans le premier quart-temps, avec un pourcentage de 2 sur 3 au tir. Les Lakers ont poursuivi leur domination et menaient 72-47 &agrave; la mi-temps. Luka Doncic est revenu sur le parquet &agrave; 7:44 de la fin du deuxi&egrave;me quart-temps, o&ugrave; il a ajout&eacute; six points mais manqu&eacute; trois tirs &agrave; trois points.<\/p><p>JJ Redick a d&eacute;cid&eacute; de laisser Luka Doncic sur le banc apr&egrave;s le troisi&egrave;me quart-temps, tandis que LeBron James a &eacute;galement quitt&eacute; le terrain en d&eacute;but de quatri&egrave;me quart-temps. L&rsquo;ancien joueur de Dallas a termin&eacute; la rencontre avec <strong>14 points, 5 rebonds et 4 passes d&eacute;cisives en 24 minutes de jeu<\/strong>, affichant une adresse de <strong>5 sur 14 aux tirs<\/strong> et <strong>1 sur 7 &agrave; trois points<\/strong> pour ses d&eacute;buts.<\/p><p><strong>Score final : Lakers 132 &ndash; Jazz 113<\/strong><\/p><figure class=\"wp-block-table\"><table class=\"has-fixed-layout\"><tbody><tr><td><strong>Minutes jou&eacute;es<\/strong><\/td><td>24<\/td><\/tr><tr><td><strong>Points<\/strong><\/td><td>14<\/td><\/tr><tr><td><strong>Rebonds<\/strong><\/td><td>5<\/td><\/tr><tr><td><strong>Passes<\/strong><\/td><td>1<\/td><\/tr><tr><td><strong>Steals<\/strong><\/td><td>0<\/td><\/tr><tr><td><strong>Blocks<\/strong><\/td><td>0<\/td><\/tr><tr><td><strong>Turnovers<\/strong><\/td><td>1<\/td><\/tr><tr><td><strong>FGs<\/strong><\/td><td>5-14<\/td><\/tr><tr><td><strong>3Ps<\/strong><\/td><td>1-7<\/td><\/tr><tr><td><strong>FT<\/strong><\/td><td>3-3<\/td><\/tr><\/tbody><\/table><\/figure><p><\/p><p>Credit Photo: Jayne Kamin-Oncea-Imagn Images<\/p>\n","protected":false},"excerpt":{"rendered":"<p>Combien de points Luka Doncic a-t-il marqu\u00e9s lors de ses d\u00e9buts avec les Lakers ? Statistiques compl\u00e8tes contre le Jazz<\/p>\n","protected":false},"author":180309799,"featured_media":1478629,"comment_status":"closed","ping_status":"closed","sticky":false,"template":"","format":"standard","meta":{"inline_featured_image":false,"kia_subtitle":"Combien de points Luka Doncic a-t-il marqu\u00e9s lors de ses d\u00e9buts avec les Lakers ? Statistiques compl\u00e8tes contre le Jazz","_mux_skip_reasons":[],"proofreadBy":0,"footnotes":""},"categories":[110,10],"tags":[545],"sport":[],"saison":[],"class_list":["post-1478628","post","type-post","status-publish","format-standard","has-post-thumbnail","hentry","category-actualite-nba","category-nba","tag-luka-doncic"],"acf":[],"yoast_head":"<!-- This site is optimized with the Yoast SEO plugin v24.2 - https:\/\/yoast.com\/wordpress\/plugins\/seo\/ -->\n<title>Combien de points Luka Doncic a-t-il marqu&eacute;s lors de ses d&eacute;buts avec les Lakers ? Statistiques compl&egrave;tes contre le Jazz - The Playoffs FR<\/title>\n<meta name=\"robots\" content=\"index, follow, max-snippet:-1, max-image-preview:large, max-video-preview:-1\" \/>\n<link rel=\"canonical\" href=\"https:\/\/theplayoffs.news\/fr\/actualite-nba\/combien-de-points-luka-doncic-a-t-il-marques-lors-de-ses-debuts-avec-les-lakers-statistiques-completes-contre-le-jazz\/\" \/>\n<meta property=\"og:locale\" content=\"fr_FR\" \/>\n<meta property=\"og:type\" content=\"article\" \/>\n<meta property=\"og:title\" content=\"Combien de points Luka Doncic a-t-il marqu&eacute;s lors de ses d&eacute;buts avec les Lakers ? Statistiques compl&egrave;tes contre le Jazz - The Playoffs FR\" \/>\n<meta property=\"og:description\" content=\"Combien de points Luka Doncic a-t-il marqu&eacute;s lors de ses d&eacute;buts avec les Lakers ? Statistiques compl&egrave;tes contre le Jazz\" \/>\n<meta property=\"og:url\" content=\"https:\/\/theplayoffs.news\/fr\/actualite-nba\/combien-de-points-luka-doncic-a-t-il-marques-lors-de-ses-debuts-avec-les-lakers-statistiques-completes-contre-le-jazz\/\" \/>\n<meta property=\"og:site_name\" content=\"The Playoffs FR\" \/>\n<meta property=\"article:publisher\" content=\"https:\/\/www.facebook.com\/TheFreeAgentFR\/\" \/>\n<meta property=\"article:modified_time\" content=\"2025-02-11T09:25:01+01:00\" \/>\n<meta property=\"og:image\" content=\"https:\/\/theplayoffs.news\/fr\/wp-content\/uploads\/2025\/02\/USATSI_25385229.jpg\" \/>\n\t<meta property=\"og:image:width\" content=\"1920\" \/>\n\t<meta property=\"og:image:height\" content=\"1279\" \/>\n\t<meta property=\"og:image:type\" content=\"image\/jpeg\" \/>\n<meta name=\"author\" content=\"La r\u00e9daction\" \/>\n<meta name=\"twitter:card\" content=\"summary_large_image\" \/>\n<meta name=\"twitter:creator\" content=\"@TheFreeAgentFR\" \/>\n<meta name=\"twitter:site\" content=\"@TheFreeAgentFR\" \/>\n<meta name=\"twitter:label1\" content=\"\u00c9crit par\" \/>\n\t<meta name=\"twitter:data1\" content=\"La r\u00e9daction\" \/>\n\t<meta name=\"twitter:label2\" content=\"Dur\u00e9e de lecture estim\u00e9e\" \/>\n\t<meta name=\"twitter:data2\" content=\"3 minutes\" \/>\n<script type=\"application\/ld+json\" class=\"yoast-schema-graph\">{\"@context\":\"https:\/\/schema.org\",\"@graph\":[{\"@type\":\"WebPage\",\"@id\":\"https:\/\/theplayoffs.news\/fr\/actualite-nba\/combien-de-points-luka-doncic-a-t-il-marques-lors-de-ses-debuts-avec-les-lakers-statistiques-completes-contre-le-jazz\/\",\"url\":\"https:\/\/theplayoffs.news\/fr\/actualite-nba\/combien-de-points-luka-doncic-a-t-il-marques-lors-de-ses-debuts-avec-les-lakers-statistiques-completes-contre-le-jazz\/\",\"name\":\"Combien de points Luka Doncic a-t-il marqu\u00e9s lors de ses d\u00e9buts avec les Lakers ? Statistiques compl\u00e8tes contre le Jazz - The Playoffs FR\",\"isPartOf\":{\"@id\":\"https:\/\/theplayoffs.news\/fr\/#website\"},\"primaryImageOfPage\":{\"@id\":\"https:\/\/theplayoffs.news\/fr\/actualite-nba\/combien-de-points-luka-doncic-a-t-il-marques-lors-de-ses-debuts-avec-les-lakers-statistiques-completes-contre-le-jazz\/#primaryimage\"},\"image\":{\"@id\":\"https:\/\/theplayoffs.news\/fr\/actualite-nba\/combien-de-points-luka-doncic-a-t-il-marques-lors-de-ses-debuts-avec-les-lakers-statistiques-completes-contre-le-jazz\/#primaryimage\"},\"thumbnailUrl\":\"https:\/\/theplayoffs.news\/fr\/wp-content\/uploads\/2025\/02\/USATSI_25385229.jpg\",\"datePublished\":\"2025-02-11T08:24:54+00:00\",\"dateModified\":\"2025-02-11T08:25:01+00:00\",\"author\":{\"@id\":\"https:\/\/theplayoffs.news\/fr\/#\/schema\/person\/bb40426f4e478f9bd8cdbfeb4f2f9784\"},\"breadcrumb\":{\"@id\":\"https:\/\/theplayoffs.news\/fr\/actualite-nba\/combien-de-points-luka-doncic-a-t-il-marques-lors-de-ses-debuts-avec-les-lakers-statistiques-completes-contre-le-jazz\/#breadcrumb\"},\"inLanguage\":\"fr-FR\",\"potentialAction\":[{\"@type\":\"ReadAction\",\"target\":[\"https:\/\/theplayoffs.news\/fr\/actualite-nba\/combien-de-points-luka-doncic-a-t-il-marques-lors-de-ses-debuts-avec-les-lakers-statistiques-completes-contre-le-jazz\/\"]}]},{\"@type\":\"ImageObject\",\"inLanguage\":\"fr-FR\",\"@id\":\"https:\/\/theplayoffs.news\/fr\/actualite-nba\/combien-de-points-luka-doncic-a-t-il-marques-lors-de-ses-debuts-avec-les-lakers-statistiques-completes-contre-le-jazz\/#primaryimage\",\"url\":\"https:\/\/theplayoffs.news\/fr\/wp-content\/uploads\/2025\/02\/USATSI_25385229.jpg\",\"contentUrl\":\"https:\/\/theplayoffs.news\/fr\/wp-content\/uploads\/2025\/02\/USATSI_25385229.jpg\",\"width\":1920,\"height\":1279,\"caption\":\"Feb 10, 2025; Los Angeles, California, USA; Los Angeles Lakers guard Luka Doncic (77) warms up prior to the game against the Utah Jazz at Crypto.com Arena. Mandatory Credit: Jayne Kamin-Oncea-Imagn Images\"},{\"@type\":\"BreadcrumbList\",\"@id\":\"https:\/\/theplayoffs.news\/fr\/actualite-nba\/combien-de-points-luka-doncic-a-t-il-marques-lors-de-ses-debuts-avec-les-lakers-statistiques-completes-contre-le-jazz\/#breadcrumb\",\"itemListElement\":[{\"@type\":\"ListItem\",\"position\":1,\"name\":\"Accueil\",\"item\":\"https:\/\/theplayoffs.news\/fr\/\"},{\"@type\":\"ListItem\",\"position\":2,\"name\":\"Combien de points Luka Doncic a-t-il marqu\u00e9s lors de ses d\u00e9buts avec les Lakers ? Statistiques compl\u00e8tes contre le Jazz\"}]},{\"@type\":\"WebSite\",\"@id\":\"https:\/\/theplayoffs.news\/fr\/#website\",\"url\":\"https:\/\/theplayoffs.news\/fr\/\",\"name\":\"The Playoffs FR\",\"description\":\"NBA-NFL-NHL-MLB\",\"potentialAction\":[{\"@type\":\"SearchAction\",\"target\":{\"@type\":\"EntryPoint\",\"urlTemplate\":\"https:\/\/theplayoffs.news\/fr\/?s={search_term_string}\"},\"query-input\":{\"@type\":\"PropertyValueSpecification\",\"valueRequired\":true,\"valueName\":\"search_term_string\"}}],\"inLanguage\":\"fr-FR\"},{\"@type\":\"Person\",\"@id\":\"https:\/\/theplayoffs.news\/fr\/#\/schema\/person\/bb40426f4e478f9bd8cdbfeb4f2f9784\",\"name\":\"La r\u00e9daction\",\"image\":{\"@type\":\"ImageObject\",\"inLanguage\":\"fr-FR\",\"@id\":\"https:\/\/theplayoffs.news\/fr\/#\/schema\/person\/image\/\",\"url\":\"https:\/\/secure.gravatar.com\/avatar\/7e69b41460ab2c17d61c8c364b6a0ee006f957a70191383ef42be1f4733d6515?s=96&d=mm&r=g\",\"contentUrl\":\"https:\/\/secure.gravatar.com\/avatar\/7e69b41460ab2c17d61c8c364b6a0ee006f957a70191383ef42be1f4733d6515?s=96&d=mm&r=g\",\"caption\":\"La r\u00e9daction\"},\"description\":\"On dit qu\\\\'il faut un village pour s\\\\'occuper d\\\\'un enfant. Et bien c\\\\'est exactement ce dont il s\\\\'agit ici pour The Playoffs. La r\u00e9daction, ce sont vos r\u00e9dacteurs pr\u00e9f\u00e9r\u00e9s qui collaborent sur ces articles que vous lisez au quotidien.\u00a0\",\"url\":\"https:\/\/theplayoffs.news\/fr\/author\/freeagentfr\/\"}]}<\/script>\n<!-- \/ Yoast SEO plugin. -->","yoast_head_json":{"title":"Combien de points Luka Doncic a-t-il marqu&eacute;s lors de ses d&eacute;buts avec les Lakers ? Statistiques compl&egrave;tes contre le Jazz - The Playoffs FR","robots":{"index":"index","follow":"follow","max-snippet":"max-snippet:-1","max-image-preview":"max-image-preview:large","max-video-preview":"max-video-preview:-1"},"canonical":"https:\/\/theplayoffs.news\/fr\/actualite-nba\/combien-de-points-luka-doncic-a-t-il-marques-lors-de-ses-debuts-avec-les-lakers-statistiques-completes-contre-le-jazz\/","og_locale":"fr_FR","og_type":"article","og_title":"Combien de points Luka Doncic a-t-il marqu&eacute;s lors de ses d&eacute;buts avec les Lakers ? Statistiques compl&egrave;tes contre le Jazz - The Playoffs FR","og_description":"Combien de points Luka Doncic a-t-il marqu&eacute;s lors de ses d&eacute;buts avec les Lakers ? Statistiques compl&egrave;tes contre le Jazz","og_url":"https:\/\/theplayoffs.news\/fr\/actualite-nba\/combien-de-points-luka-doncic-a-t-il-marques-lors-de-ses-debuts-avec-les-lakers-statistiques-completes-contre-le-jazz\/","og_site_name":"The Playoffs FR","article_publisher":"https:\/\/www.facebook.com\/TheFreeAgentFR\/","article_modified_time":"2025-02-11T08:25:01+00:00","og_image":[{"width":1920,"height":1279,"url":"https:\/\/theplayoffs.news\/fr\/wp-content\/uploads\/2025\/02\/USATSI_25385229.jpg","type":"image\/jpeg"}],"author":"La r\u00e9daction","twitter_card":"summary_large_image","twitter_creator":"@TheFreeAgentFR","twitter_site":"@TheFreeAgentFR","twitter_misc":{"\u00c9crit par":"La r\u00e9daction","Dur\u00e9e de lecture estim\u00e9e":"3 minutes"},"schema":{"@context":"https:\/\/schema.org","@graph":[{"@type":"WebPage","@id":"https:\/\/theplayoffs.news\/fr\/actualite-nba\/combien-de-points-luka-doncic-a-t-il-marques-lors-de-ses-debuts-avec-les-lakers-statistiques-completes-contre-le-jazz\/","url":"https:\/\/theplayoffs.news\/fr\/actualite-nba\/combien-de-points-luka-doncic-a-t-il-marques-lors-de-ses-debuts-avec-les-lakers-statistiques-completes-contre-le-jazz\/","name":"Combien de points Luka Doncic a-t-il marqu\u00e9s lors de ses d\u00e9buts avec les Lakers ? Statistiques compl\u00e8tes contre le Jazz - The Playoffs FR","isPartOf":{"@id":"https:\/\/theplayoffs.news\/fr\/#website"},"primaryImageOfPage":{"@id":"https:\/\/theplayoffs.news\/fr\/actualite-nba\/combien-de-points-luka-doncic-a-t-il-marques-lors-de-ses-debuts-avec-les-lakers-statistiques-completes-contre-le-jazz\/#primaryimage"},"image":{"@id":"https:\/\/theplayoffs.news\/fr\/actualite-nba\/combien-de-points-luka-doncic-a-t-il-marques-lors-de-ses-debuts-avec-les-lakers-statistiques-completes-contre-le-jazz\/#primaryimage"},"thumbnailUrl":"https:\/\/theplayoffs.news\/fr\/wp-content\/uploads\/2025\/02\/USATSI_25385229.jpg","datePublished":"2025-02-11T08:24:54+00:00","dateModified":"2025-02-11T08:25:01+00:00","author":{"@id":"https:\/\/theplayoffs.news\/fr\/#\/schema\/person\/bb40426f4e478f9bd8cdbfeb4f2f9784"},"breadcrumb":{"@id":"https:\/\/theplayoffs.news\/fr\/actualite-nba\/combien-de-points-luka-doncic-a-t-il-marques-lors-de-ses-debuts-avec-les-lakers-statistiques-completes-contre-le-jazz\/#breadcrumb"},"inLanguage":"fr-FR","potentialAction":[{"@type":"ReadAction","target":["https:\/\/theplayoffs.news\/fr\/actualite-nba\/combien-de-points-luka-doncic-a-t-il-marques-lors-de-ses-debuts-avec-les-lakers-statistiques-completes-contre-le-jazz\/"]}]},{"@type":"ImageObject","inLanguage":"fr-FR","@id":"https:\/\/theplayoffs.news\/fr\/actualite-nba\/combien-de-points-luka-doncic-a-t-il-marques-lors-de-ses-debuts-avec-les-lakers-statistiques-completes-contre-le-jazz\/#primaryimage","url":"https:\/\/theplayoffs.news\/fr\/wp-content\/uploads\/2025\/02\/USATSI_25385229.jpg","contentUrl":"https:\/\/theplayoffs.news\/fr\/wp-content\/uploads\/2025\/02\/USATSI_25385229.jpg","width":1920,"height":1279,"caption":"Feb 10, 2025; Los Angeles, California, USA; Los Angeles Lakers guard Luka Doncic (77) warms up prior to the game against the Utah Jazz at Crypto.com Arena. Mandatory Credit: Jayne Kamin-Oncea-Imagn Images"},{"@type":"BreadcrumbList","@id":"https:\/\/theplayoffs.news\/fr\/actualite-nba\/combien-de-points-luka-doncic-a-t-il-marques-lors-de-ses-debuts-avec-les-lakers-statistiques-completes-contre-le-jazz\/#breadcrumb","itemListElement":[{"@type":"ListItem","position":1,"name":"Accueil","item":"https:\/\/theplayoffs.news\/fr\/"},{"@type":"ListItem","position":2,"name":"Combien de points Luka Doncic a-t-il marqu\u00e9s lors de ses d\u00e9buts avec les Lakers ? Statistiques compl\u00e8tes contre le Jazz"}]},{"@type":"WebSite","@id":"https:\/\/theplayoffs.news\/fr\/#website","url":"https:\/\/theplayoffs.news\/fr\/","name":"The Playoffs FR","description":"NBA-NFL-NHL-MLB","potentialAction":[{"@type":"SearchAction","target":{"@type":"EntryPoint","urlTemplate":"https:\/\/theplayoffs.news\/fr\/?s={search_term_string}"},"query-input":{"@type":"PropertyValueSpecification","valueRequired":true,"valueName":"search_term_string"}}],"inLanguage":"fr-FR"},{"@type":"Person","@id":"https:\/\/theplayoffs.news\/fr\/#\/schema\/person\/bb40426f4e478f9bd8cdbfeb4f2f9784","name":"La r\u00e9daction","image":{"@type":"ImageObject","inLanguage":"fr-FR","@id":"https:\/\/theplayoffs.news\/fr\/#\/schema\/person\/image\/","url":"https:\/\/secure.gravatar.com\/avatar\/7e69b41460ab2c17d61c8c364b6a0ee006f957a70191383ef42be1f4733d6515?s=96&d=mm&r=g","contentUrl":"https:\/\/secure.gravatar.com\/avatar\/7e69b41460ab2c17d61c8c364b6a0ee006f957a70191383ef42be1f4733d6515?s=96&d=mm&r=g","caption":"La r\u00e9daction"},"description":"On dit qu\\'il faut un village pour s\\'occuper d\\'un enfant. Et bien c\\'est exactement ce dont il s\\'agit ici pour The Playoffs. La r\u00e9daction, ce sont vos r\u00e9dacteurs pr\u00e9f\u00e9r\u00e9s qui collaborent sur ces articles que vous lisez au quotidien.\u00a0","url":"https:\/\/theplayoffs.news\/fr\/author\/freeagentfr\/"}]}},"_links":{"self":[{"href":"https:\/\/theplayoffs.news\/fr\/wp-json\/wp\/v2\/posts\/1478628","targetHints":{"allow":["GET"]}}],"collection":[{"href":"https:\/\/theplayoffs.news\/fr\/wp-json\/wp\/v2\/posts"}],"about":[{"href":"https:\/\/theplayoffs.news\/fr\/wp-json\/wp\/v2\/types\/post"}],"author":[{"embeddable":true,"href":"https:\/\/theplayoffs.news\/fr\/wp-json\/wp\/v2\/users\/180309799"}],"replies":[{"embeddable":true,"href":"https:\/\/theplayoffs.news\/fr\/wp-json\/wp\/v2\/comments?post=1478628"}],"version-history":[{"count":1,"href":"https:\/\/theplayoffs.news\/fr\/wp-json\/wp\/v2\/posts\/1478628\/revisions"}],"predecessor-version":[{"id":1478630,"href":"https:\/\/theplayoffs.news\/fr\/wp-json\/wp\/v2\/posts\/1478628\/revisions\/1478630"}],"wp:featuredmedia":[{"embeddable":true,"href":"https:\/\/theplayoffs.news\/fr\/wp-json\/wp\/v2\/media\/1478629"}],"wp:attachment":[{"href":"https:\/\/theplayoffs.news\/fr\/wp-json\/wp\/v2\/media?parent=1478628"}],"wp:term":[{"taxonomy":"category","embeddable":true,"href":"https:\/\/theplayoffs.news\/fr\/wp-json\/wp\/v2\/categories?post=1478628"},{"taxonomy":"post_tag","embeddable":true,"href":"https:\/\/theplayoffs.news\/fr\/wp-json\/wp\/v2\/tags?post=1478628"},{"taxonomy":"sport","embeddable":true,"href":"https:\/\/theplayoffs.news\/fr\/wp-json\/wp\/v2\/sport?post=1478628"},{"taxonomy":"saison","embeddable":true,"href":"https:\/\/theplayoffs.news\/fr\/wp-json\/wp\/v2\/saison?post=1478628"}],"curies":[{"name":"wp","href":"https:\/\/api.w.org\/{rel}","templated":true}]}}