{"id":1478485,"date":"2025-02-10T06:55:00","date_gmt":"2025-02-10T05:55:00","guid":{"rendered":"https:\/\/theplayoffs.news\/fr\/uncategorized\/\/"},"modified":"2025-02-10T06:51:50","modified_gmt":"2025-02-10T05:51:50","slug":"blessure-anthony-davis-combien-de-temps-sera-t-il-absent","status":"publish","type":"post","link":"https:\/\/theplayoffs.news\/fr\/actualite-nba\/blessure-anthony-davis-combien-de-temps-sera-t-il-absent\/","title":{"rendered":"Blessure d\u2019Anthony Davis : Combien de temps sera-t-il absent ?"},"content":{"rendered":"<p>L&rsquo;attente &eacute;tait enfin termin&eacute;e : <strong>Anthony Davis, ancienne star des Los Angeles Lakers, a fait ses d&eacute;buts avec sa nouvelle &eacute;quipe, les Dallas Mavericks.<\/strong> Davis a &eacute;t&eacute; impliqu&eacute; dans l&rsquo;un des plus gros &eacute;changes de la saison, lorsque <strong><a href=\"https:\/\/theplayoffs.news\/fr\/actualite-nba\/pas-de-doncic-pas-de-probleme-pour-kyrie-irving-lavenir-sannonce-radieux\/\" class=\"trk-cta-link\" data-cta-trk='{\"ctaType\":\"Link\",\"ctaSubType\":\"main\"}'>Luka Don&#269;i&#263;<\/a><\/strong> a rejoint son ancienne &eacute;quipe pour &eacute;voluer aux c&ocirc;t&eacute;s de LeBron James.<\/p><p>Lors de l&rsquo;annonce du transfert, <strong>Davis &eacute;tait d&eacute;j&agrave; &eacute;cart&eacute; des terrains<\/strong> en raison d&rsquo;une blessure abdominale subie lors de la d&eacute;faite des Lakers (118-104) face aux Philadelphia Sixers. S&rsquo;il a d&ucirc; manquer plusieurs matchs avec sa nouvelle franchise, <strong>Max Christie, un autre ancien joueur des Lakers arriv&eacute; &agrave; Dallas, a lui brill&eacute; avec les Mavs.<\/strong><\/p><p>Apr&egrave;s une longue attente, <strong>Davis a enfin fait ses d&eacute;buts<\/strong> lors de la victoire des Mavericks <strong>116-105 contre les Houston Rockets<\/strong>, le <strong>8 f&eacute;vrier<\/strong>. Le pivot de <strong>31 ans<\/strong> a r&eacute;alis&eacute; une excellente performance avec <strong>26 points, 16 rebonds et 7 passes d&eacute;cisives en 31 minutes de jeu.<\/strong><\/p><h2 class=\"wp-block-heading\"><strong>Un d&eacute;but de r&ecirc;ve&hellip; de courte dur&eacute;e<\/strong><\/h2><p>Cependant, ce premier match avec sa nouvelle &eacute;quipe ne s&rsquo;est pas d&eacute;roul&eacute; comme pr&eacute;vu. <strong>Davis a &eacute;t&eacute; contraint de quitter le parquet &agrave; 1:37 de la fin du troisi&egrave;me quart-temps<\/strong> en raison d&rsquo;une <strong>g&ecirc;ne au niveau de l&rsquo;aine et des quadriceps.<\/strong><\/p><p>Au d&eacute;part, <strong>il a minimis&eacute; la gravit&eacute; de la blessure<\/strong>, affirmant aux journalistes qu&rsquo;il n&rsquo;y avait <strong>&ldquo;rien de s&eacute;rieux&rdquo;.<\/strong><\/p><p>Mais quelques jours plus tard, <strong>les Mavericks ont annonc&eacute; son forfait pour le match contre les Kings.<\/strong> C&rsquo;est alors que les choses ont empir&eacute; : ce qui semblait &ecirc;tre une blessure mineure s&rsquo;est finalement av&eacute;r&eacute; <strong>bien plus pr&eacute;occupant.<\/strong><\/p><h2 class=\"wp-block-heading\"><strong>Combien de temps Anthony Davis sera-t-il absent ?<\/strong><\/h2><p>Les pires craintes des fans se sont confirm&eacute;es lorsqu&rsquo;<strong>ESPN, via Shams Charania, a donn&eacute; une mise &agrave; jour inqui&eacute;tante sur sa blessure.<\/strong> Initialement annonc&eacute; <strong>indisponible pour une dur&eacute;e ind&eacute;termin&eacute;e<\/strong>, Davis pourrait finalement &ecirc;tre &eacute;cart&eacute; des terrains <strong>pour environ un mois.<\/strong><\/p><p><em>&ldquo;La star des Dallas Mavericks, Anthony Davis, devrait manquer plusieurs semaines en raison d&rsquo;une &eacute;longation de l&rsquo;adducteur gauche, selon des sources d&rsquo;ESPN. Son absence pourrait s&rsquo;&eacute;tendre jusqu&rsquo;&agrave; un mois.&rdquo;<\/em> &ndash; <strong>Shams Charania<\/strong><\/p><figure class=\"wp-block-embed is-type-rich is-provider-twitter wp-block-embed-twitter\"><div class=\"wp-block-embed__wrapper\">\n<blockquote class=\"twitter-tweet\" data-width=\"500\" data-dnt=\"true\"><p lang=\"en\" dir=\"ltr\">Dallas Mavericks star Anthony Davis is expected to miss multiple weeks with a left adductor strain, sources tell ESPN. His absence could stretch to a month. <a href=\"https:\/\/t.co\/WnZUuqZKrw\" class=\"trk-cta-link\" data-cta-trk='{\"ctaType\":\"Link\",\"ctaSubType\":\"main\"}'>pic.twitter.com\/WnZUuqZKrw<\/a><\/p>&mdash; Shams Charania (@ShamsCharania) <a href=\"https:\/\/twitter.com\/ShamsCharania\/status\/1888776138878513639?ref_src=twsrc%5Etfw\" class=\"trk-cta-link\" data-cta-trk='{\"ctaType\":\"Link\",\"ctaSubType\":\"main\"}'>February 10, 2025<\/a><\/blockquote><script async src=\"https:\/\/platform.twitter.com\/widgets.js\" charset=\"utf-8\"><\/script>\n<\/div><\/figure><p>Les Mavericks n&rsquo;ont pas encore publi&eacute; de d&eacute;claration officielle sur la blessure. Pendant ce temps, les fans, qui esp&eacute;raient voir Davis <strong>briller aux c&ocirc;t&eacute;s de Kyrie Irving<\/strong>, devront patienter avant de le revoir sur le terrain.<\/p><p><\/p><p>Credit Photo : Jerome Miron-Imagn Images<\/p>\n","protected":false},"excerpt":{"rendered":"<p>Anthony Davis affichait en moyenne 25,7 points, 11,9 rebonds, 2,1 contres, 3,4 passes d\u00e9cisives et 1,3 interception par match en 42 rencontres disput\u00e9es avec les Lakers cette saison.<\/p>\n","protected":false},"author":180309799,"featured_media":1478486,"comment_status":"closed","ping_status":"closed","sticky":false,"template":"","format":"standard","meta":{"inline_featured_image":false,"kia_subtitle":"Anthony Davis affichait en moyenne 25,7 points, 11,9 rebonds, 2,1 contres, 3,4 passes d\u00e9cisives et 1,3 interception par match en 42 rencontres disput\u00e9es avec les Lakers cette saison.","_mux_skip_reasons":[],"proofreadBy":0,"footnotes":""},"categories":[110,10],"tags":[763,595],"sport":[],"saison":[],"class_list":["post-1478485","post","type-post","status-publish","format-standard","has-post-thumbnail","hentry","category-actualite-nba","category-nba","tag-anthony-davis","tag-dallas-mavericks"],"acf":[],"yoast_head":"<!-- This site is optimized with the Yoast SEO plugin v24.2 - https:\/\/yoast.com\/wordpress\/plugins\/seo\/ -->\n<title>Blessure d&rsquo;Anthony Davis : Combien de temps sera-t-il absent ? - The Playoffs FR<\/title>\n<meta name=\"robots\" content=\"index, follow, max-snippet:-1, max-image-preview:large, max-video-preview:-1\" \/>\n<link rel=\"canonical\" href=\"https:\/\/theplayoffs.news\/fr\/actualite-nba\/blessure-anthony-davis-combien-de-temps-sera-t-il-absent\/\" \/>\n<meta property=\"og:locale\" content=\"fr_FR\" \/>\n<meta property=\"og:type\" content=\"article\" \/>\n<meta property=\"og:title\" content=\"Blessure d&rsquo;Anthony Davis : Combien de temps sera-t-il absent ? - The Playoffs FR\" \/>\n<meta property=\"og:description\" content=\"Anthony Davis affichait en moyenne 25,7 points, 11,9 rebonds, 2,1 contres, 3,4 passes d&eacute;cisives et 1,3 interception par match en 42 rencontres disput&eacute;es avec les Lakers cette saison.\" \/>\n<meta property=\"og:url\" content=\"https:\/\/theplayoffs.news\/fr\/actualite-nba\/blessure-anthony-davis-combien-de-temps-sera-t-il-absent\/\" \/>\n<meta property=\"og:site_name\" content=\"The Playoffs FR\" \/>\n<meta property=\"article:publisher\" content=\"https:\/\/www.facebook.com\/TheFreeAgentFR\/\" \/>\n<meta property=\"article:modified_time\" content=\"2025-02-10T06:55:00+01:00\" \/>\n<meta property=\"og:image\" content=\"https:\/\/theplayoffs.news\/fr\/wp-content\/uploads\/2025\/02\/USATSI_25372327.jpg\" \/>\n\t<meta property=\"og:image:width\" content=\"1920\" \/>\n\t<meta property=\"og:image:height\" content=\"1280\" \/>\n\t<meta property=\"og:image:type\" content=\"image\/jpeg\" \/>\n<meta name=\"author\" content=\"La r\u00e9daction\" \/>\n<meta name=\"twitter:card\" content=\"summary_large_image\" \/>\n<meta name=\"twitter:creator\" content=\"@TheFreeAgentFR\" \/>\n<meta name=\"twitter:site\" content=\"@TheFreeAgentFR\" \/>\n<meta name=\"twitter:label1\" content=\"\u00c9crit par\" \/>\n\t<meta name=\"twitter:data1\" content=\"La r\u00e9daction\" \/>\n\t<meta name=\"twitter:label2\" content=\"Dur\u00e9e de lecture estim\u00e9e\" \/>\n\t<meta name=\"twitter:data2\" content=\"3 minutes\" \/>\n<script type=\"application\/ld+json\" class=\"yoast-schema-graph\">{\"@context\":\"https:\/\/schema.org\",\"@graph\":[{\"@type\":\"WebPage\",\"@id\":\"https:\/\/theplayoffs.news\/fr\/actualite-nba\/blessure-anthony-davis-combien-de-temps-sera-t-il-absent\/\",\"url\":\"https:\/\/theplayoffs.news\/fr\/actualite-nba\/blessure-anthony-davis-combien-de-temps-sera-t-il-absent\/\",\"name\":\"Blessure d\u2019Anthony Davis : Combien de temps sera-t-il absent ? - The Playoffs FR\",\"isPartOf\":{\"@id\":\"https:\/\/theplayoffs.news\/fr\/#website\"},\"primaryImageOfPage\":{\"@id\":\"https:\/\/theplayoffs.news\/fr\/actualite-nba\/blessure-anthony-davis-combien-de-temps-sera-t-il-absent\/#primaryimage\"},\"image\":{\"@id\":\"https:\/\/theplayoffs.news\/fr\/actualite-nba\/blessure-anthony-davis-combien-de-temps-sera-t-il-absent\/#primaryimage\"},\"thumbnailUrl\":\"https:\/\/theplayoffs.news\/fr\/wp-content\/uploads\/2025\/02\/USATSI_25372327.jpg\",\"datePublished\":\"2025-02-10T05:55:00+00:00\",\"dateModified\":\"2025-02-10T06:55:00+01:00\",\"author\":{\"@id\":\"https:\/\/theplayoffs.news\/fr\/#\/schema\/person\/bb40426f4e478f9bd8cdbfeb4f2f9784\"},\"breadcrumb\":{\"@id\":\"https:\/\/theplayoffs.news\/fr\/actualite-nba\/blessure-anthony-davis-combien-de-temps-sera-t-il-absent\/#breadcrumb\"},\"inLanguage\":\"fr-FR\",\"potentialAction\":[{\"@type\":\"ReadAction\",\"target\":[\"https:\/\/theplayoffs.news\/fr\/actualite-nba\/blessure-anthony-davis-combien-de-temps-sera-t-il-absent\/\"]}]},{\"@type\":\"ImageObject\",\"inLanguage\":\"fr-FR\",\"@id\":\"https:\/\/theplayoffs.news\/fr\/actualite-nba\/blessure-anthony-davis-combien-de-temps-sera-t-il-absent\/#primaryimage\",\"url\":\"https:\/\/theplayoffs.news\/fr\/wp-content\/uploads\/2025\/02\/USATSI_25372327.jpg\",\"contentUrl\":\"https:\/\/theplayoffs.news\/fr\/wp-content\/uploads\/2025\/02\/USATSI_25372327.jpg\",\"width\":1920,\"height\":1280,\"caption\":\"Feb 8, 2025; Dallas, Texas, USA; Dallas Mavericks forward Anthony Davis (3) leaves the game against the Houston Rockets during the third quarter at the American Airlines Center. Mandatory Credit: Jerome Miron-Imagn Images\"},{\"@type\":\"BreadcrumbList\",\"@id\":\"https:\/\/theplayoffs.news\/fr\/actualite-nba\/blessure-anthony-davis-combien-de-temps-sera-t-il-absent\/#breadcrumb\",\"itemListElement\":[{\"@type\":\"ListItem\",\"position\":1,\"name\":\"Accueil\",\"item\":\"https:\/\/theplayoffs.news\/fr\/\"},{\"@type\":\"ListItem\",\"position\":2,\"name\":\"Blessure d\u2019Anthony Davis : Combien de temps sera-t-il absent ?\"}]},{\"@type\":\"WebSite\",\"@id\":\"https:\/\/theplayoffs.news\/fr\/#website\",\"url\":\"https:\/\/theplayoffs.news\/fr\/\",\"name\":\"The Playoffs FR\",\"description\":\"NBA-NFL-NHL-MLB\",\"potentialAction\":[{\"@type\":\"SearchAction\",\"target\":{\"@type\":\"EntryPoint\",\"urlTemplate\":\"https:\/\/theplayoffs.news\/fr\/?s={search_term_string}\"},\"query-input\":{\"@type\":\"PropertyValueSpecification\",\"valueRequired\":true,\"valueName\":\"search_term_string\"}}],\"inLanguage\":\"fr-FR\"},{\"@type\":\"Person\",\"@id\":\"https:\/\/theplayoffs.news\/fr\/#\/schema\/person\/bb40426f4e478f9bd8cdbfeb4f2f9784\",\"name\":\"La r\u00e9daction\",\"image\":{\"@type\":\"ImageObject\",\"inLanguage\":\"fr-FR\",\"@id\":\"https:\/\/theplayoffs.news\/fr\/#\/schema\/person\/image\/\",\"url\":\"https:\/\/secure.gravatar.com\/avatar\/7e69b41460ab2c17d61c8c364b6a0ee006f957a70191383ef42be1f4733d6515?s=96&d=mm&r=g\",\"contentUrl\":\"https:\/\/secure.gravatar.com\/avatar\/7e69b41460ab2c17d61c8c364b6a0ee006f957a70191383ef42be1f4733d6515?s=96&d=mm&r=g\",\"caption\":\"La r\u00e9daction\"},\"description\":\"On dit qu\\\\'il faut un village pour s\\\\'occuper d\\\\'un enfant. Et bien c\\\\'est exactement ce dont il s\\\\'agit ici pour The Playoffs. La r\u00e9daction, ce sont vos r\u00e9dacteurs pr\u00e9f\u00e9r\u00e9s qui collaborent sur ces articles que vous lisez au quotidien.\u00a0\",\"url\":\"https:\/\/theplayoffs.news\/fr\/author\/freeagentfr\/\"}]}<\/script>\n<!-- \/ Yoast SEO plugin. -->","yoast_head_json":{"title":"Blessure d&rsquo;Anthony Davis : Combien de temps sera-t-il absent ? - The Playoffs FR","robots":{"index":"index","follow":"follow","max-snippet":"max-snippet:-1","max-image-preview":"max-image-preview:large","max-video-preview":"max-video-preview:-1"},"canonical":"https:\/\/theplayoffs.news\/fr\/actualite-nba\/blessure-anthony-davis-combien-de-temps-sera-t-il-absent\/","og_locale":"fr_FR","og_type":"article","og_title":"Blessure d&rsquo;Anthony Davis : Combien de temps sera-t-il absent ? - The Playoffs FR","og_description":"Anthony Davis affichait en moyenne 25,7 points, 11,9 rebonds, 2,1 contres, 3,4 passes d&eacute;cisives et 1,3 interception par match en 42 rencontres disput&eacute;es avec les Lakers cette saison.","og_url":"https:\/\/theplayoffs.news\/fr\/actualite-nba\/blessure-anthony-davis-combien-de-temps-sera-t-il-absent\/","og_site_name":"The Playoffs FR","article_publisher":"https:\/\/www.facebook.com\/TheFreeAgentFR\/","article_modified_time":"2025-02-10T05:51:50+00:00","og_image":[{"width":1920,"height":1280,"url":"https:\/\/theplayoffs.news\/fr\/wp-content\/uploads\/2025\/02\/USATSI_25372327.jpg","type":"image\/jpeg"}],"author":"La r\u00e9daction","twitter_card":"summary_large_image","twitter_creator":"@TheFreeAgentFR","twitter_site":"@TheFreeAgentFR","twitter_misc":{"\u00c9crit par":"La r\u00e9daction","Dur\u00e9e de lecture estim\u00e9e":"3 minutes"},"schema":{"@context":"https:\/\/schema.org","@graph":[{"@type":"WebPage","@id":"https:\/\/theplayoffs.news\/fr\/actualite-nba\/blessure-anthony-davis-combien-de-temps-sera-t-il-absent\/","url":"https:\/\/theplayoffs.news\/fr\/actualite-nba\/blessure-anthony-davis-combien-de-temps-sera-t-il-absent\/","name":"Blessure d\u2019Anthony Davis : Combien de temps sera-t-il absent ? - The Playoffs FR","isPartOf":{"@id":"https:\/\/theplayoffs.news\/fr\/#website"},"primaryImageOfPage":{"@id":"https:\/\/theplayoffs.news\/fr\/actualite-nba\/blessure-anthony-davis-combien-de-temps-sera-t-il-absent\/#primaryimage"},"image":{"@id":"https:\/\/theplayoffs.news\/fr\/actualite-nba\/blessure-anthony-davis-combien-de-temps-sera-t-il-absent\/#primaryimage"},"thumbnailUrl":"https:\/\/theplayoffs.news\/fr\/wp-content\/uploads\/2025\/02\/USATSI_25372327.jpg","datePublished":"2025-02-10T05:55:00+00:00","dateModified":"2025-02-10T06:55:00+01:00","author":{"@id":"https:\/\/theplayoffs.news\/fr\/#\/schema\/person\/bb40426f4e478f9bd8cdbfeb4f2f9784"},"breadcrumb":{"@id":"https:\/\/theplayoffs.news\/fr\/actualite-nba\/blessure-anthony-davis-combien-de-temps-sera-t-il-absent\/#breadcrumb"},"inLanguage":"fr-FR","potentialAction":[{"@type":"ReadAction","target":["https:\/\/theplayoffs.news\/fr\/actualite-nba\/blessure-anthony-davis-combien-de-temps-sera-t-il-absent\/"]}]},{"@type":"ImageObject","inLanguage":"fr-FR","@id":"https:\/\/theplayoffs.news\/fr\/actualite-nba\/blessure-anthony-davis-combien-de-temps-sera-t-il-absent\/#primaryimage","url":"https:\/\/theplayoffs.news\/fr\/wp-content\/uploads\/2025\/02\/USATSI_25372327.jpg","contentUrl":"https:\/\/theplayoffs.news\/fr\/wp-content\/uploads\/2025\/02\/USATSI_25372327.jpg","width":1920,"height":1280,"caption":"Feb 8, 2025; Dallas, Texas, USA; Dallas Mavericks forward Anthony Davis (3) leaves the game against the Houston Rockets during the third quarter at the American Airlines Center. Mandatory Credit: Jerome Miron-Imagn Images"},{"@type":"BreadcrumbList","@id":"https:\/\/theplayoffs.news\/fr\/actualite-nba\/blessure-anthony-davis-combien-de-temps-sera-t-il-absent\/#breadcrumb","itemListElement":[{"@type":"ListItem","position":1,"name":"Accueil","item":"https:\/\/theplayoffs.news\/fr\/"},{"@type":"ListItem","position":2,"name":"Blessure d\u2019Anthony Davis : Combien de temps sera-t-il absent ?"}]},{"@type":"WebSite","@id":"https:\/\/theplayoffs.news\/fr\/#website","url":"https:\/\/theplayoffs.news\/fr\/","name":"The Playoffs FR","description":"NBA-NFL-NHL-MLB","potentialAction":[{"@type":"SearchAction","target":{"@type":"EntryPoint","urlTemplate":"https:\/\/theplayoffs.news\/fr\/?s={search_term_string}"},"query-input":{"@type":"PropertyValueSpecification","valueRequired":true,"valueName":"search_term_string"}}],"inLanguage":"fr-FR"},{"@type":"Person","@id":"https:\/\/theplayoffs.news\/fr\/#\/schema\/person\/bb40426f4e478f9bd8cdbfeb4f2f9784","name":"La r\u00e9daction","image":{"@type":"ImageObject","inLanguage":"fr-FR","@id":"https:\/\/theplayoffs.news\/fr\/#\/schema\/person\/image\/","url":"https:\/\/secure.gravatar.com\/avatar\/7e69b41460ab2c17d61c8c364b6a0ee006f957a70191383ef42be1f4733d6515?s=96&d=mm&r=g","contentUrl":"https:\/\/secure.gravatar.com\/avatar\/7e69b41460ab2c17d61c8c364b6a0ee006f957a70191383ef42be1f4733d6515?s=96&d=mm&r=g","caption":"La r\u00e9daction"},"description":"On dit qu\\'il faut un village pour s\\'occuper d\\'un enfant. Et bien c\\'est exactement ce dont il s\\'agit ici pour The Playoffs. La r\u00e9daction, ce sont vos r\u00e9dacteurs pr\u00e9f\u00e9r\u00e9s qui collaborent sur ces articles que vous lisez au quotidien.\u00a0","url":"https:\/\/theplayoffs.news\/fr\/author\/freeagentfr\/"}]}},"_links":{"self":[{"href":"https:\/\/theplayoffs.news\/fr\/wp-json\/wp\/v2\/posts\/1478485","targetHints":{"allow":["GET"]}}],"collection":[{"href":"https:\/\/theplayoffs.news\/fr\/wp-json\/wp\/v2\/posts"}],"about":[{"href":"https:\/\/theplayoffs.news\/fr\/wp-json\/wp\/v2\/types\/post"}],"author":[{"embeddable":true,"href":"https:\/\/theplayoffs.news\/fr\/wp-json\/wp\/v2\/users\/180309799"}],"replies":[{"embeddable":true,"href":"https:\/\/theplayoffs.news\/fr\/wp-json\/wp\/v2\/comments?post=1478485"}],"version-history":[{"count":1,"href":"https:\/\/theplayoffs.news\/fr\/wp-json\/wp\/v2\/posts\/1478485\/revisions"}],"predecessor-version":[{"id":1478487,"href":"https:\/\/theplayoffs.news\/fr\/wp-json\/wp\/v2\/posts\/1478485\/revisions\/1478487"}],"wp:featuredmedia":[{"embeddable":true,"href":"https:\/\/theplayoffs.news\/fr\/wp-json\/wp\/v2\/media\/1478486"}],"wp:attachment":[{"href":"https:\/\/theplayoffs.news\/fr\/wp-json\/wp\/v2\/media?parent=1478485"}],"wp:term":[{"taxonomy":"category","embeddable":true,"href":"https:\/\/theplayoffs.news\/fr\/wp-json\/wp\/v2\/categories?post=1478485"},{"taxonomy":"post_tag","embeddable":true,"href":"https:\/\/theplayoffs.news\/fr\/wp-json\/wp\/v2\/tags?post=1478485"},{"taxonomy":"sport","embeddable":true,"href":"https:\/\/theplayoffs.news\/fr\/wp-json\/wp\/v2\/sport?post=1478485"},{"taxonomy":"saison","embeddable":true,"href":"https:\/\/theplayoffs.news\/fr\/wp-json\/wp\/v2\/saison?post=1478485"}],"curies":[{"name":"wp","href":"https:\/\/api.w.org\/{rel}","templated":true}]}}