{"id":1477741,"date":"2025-02-07T11:20:12","date_gmt":"2025-02-07T10:20:12","guid":{"rendered":"https:\/\/theplayoffs.news\/fr\/uncategorized\/\/"},"modified":"2025-02-07T11:20:14","modified_gmt":"2025-02-07T10:20:14","slug":"yoan-moncada-signe-un-contrat-dun-an-avec-les-angels","status":"publish","type":"post","link":"https:\/\/theplayoffs.news\/fr\/actualite-mlb\/yoan-moncada-signe-un-contrat-dun-an-avec-les-angels\/","title":{"rendered":"Yoan Moncada signe un contrat d&rsquo;un an avec les Angels"},"content":{"rendered":"<p>Les Angels et Yoan Moncada se sont entendus sur un contrat d&rsquo;un an et 5 millions de dollars, alors agent libre rapporte le <a href=\"https:\/\/nypost.com\/2025\/02\/06\/sports\/yoan-moncada-getting-fresh-5-million-chance-with-angels\/\" target=\"_blank\" rel=\"noreferrer noopener\" class=\"trk-cta-link\" data-cta-trk='{\"ctaType\":\"Link\",\"ctaSubType\":\"main\"}'>New York Post<\/a>. <\/p><p>Avec seulement 12 matchs jou&eacute;s la saison derni&egrave;re au sein des White Sox de Chicago, Yoan Moncada a &eacute;t&eacute; laiss&eacute; libre par la franchise qui n&rsquo;a pas souhait&eacute; activer son option &agrave; 25 millions de dollars annuel. <\/p><p>&Eacute;voluant au poste de 3e base, Moncada devrait sans doute &ecirc;tre le titulaire &agrave; ce poste alors qu&rsquo;Anthony Rendon n&rsquo;a pas atteint les attentes plac&eacute;e en lui depuis la signature de son gros contrat en 2019. Pour rappel, Rendon avait sign&eacute; un contrat de 7 ans et 245 millions de dollars. L&rsquo;arriv&eacute;e de Moncada jette encore un peu plus une ombre sur l&rsquo;avenir au sein des Angels pour Rendon. <\/p><p>Alors que Yoan Moncada &eacute;tait un des gros espoirs du c&ocirc;t&eacute; des Red Sox, les trois derni&egrave;res ann&eacute;es ne lui ont &eacute;t&eacute; gu&egrave;re favorable. Avec une ligne de frappe de seulement .236\/.291\/.387 en 208 matchs disput&eacute;s seulement, Moncada arrive chez les Angels avec la volont&eacute; de rebondir. <\/p><p>&Agrave; 29 ans, Moncada aura tout &agrave; prouver dans cette &eacute;quipe des Angels qui aura &eacute;t&eacute; plut&ocirc;t active lors de cette intersaison. En effet, du c&ocirc;t&eacute; d&rsquo;Anaheim sont arriv&eacute;s Jorge Soler&nbsp;et le lanceur partant&nbsp;Yusei Kikuchi.<\/p><p>Cette arriv&eacute;e devrait conclure l&rsquo;intersaison des Angels qui vont se tourner vers l&rsquo;entrainement de printemps pour faire bonne figure dans la saison <a href=\"https:\/\/theplayoffs.news\/fr\/category\/mlb\/\" class=\"trk-cta-link\" data-cta-trk='{\"ctaType\":\"Link\",\"ctaSubType\":\"main\"}'>MLB<\/a> 2025. <\/p><p><\/p><p>Credit Photo: Peter Aiken-USA TODAY Sports<\/p>\n","protected":false},"excerpt":{"rendered":"<p>Les Angels ont trouv\u00e9 le rempla\u00e7ant d&rsquo;Anthony Rendon au poste de 3\u00e8 base<\/p>\n","protected":false},"author":13,"featured_media":1477743,"comment_status":"closed","ping_status":"closed","sticky":false,"template":"","format":"standard","meta":{"inline_featured_image":false,"kia_subtitle":"Les Angels ont trouv\u00e9 le rempla\u00e7ant d'Anthony Rendon au poste de 3\u00e8 base","_mux_skip_reasons":[],"proofreadBy":0,"footnotes":""},"categories":[188,9],"tags":[459,8041],"sport":[],"saison":[],"class_list":["post-1477741","post","type-post","status-publish","format-standard","has-post-thumbnail","hentry","category-actualite-mlb","category-mlb","tag-los-angeles-angels","tag-yoan-moncada"],"acf":[],"yoast_head":"<!-- This site is optimized with the Yoast SEO plugin v24.2 - https:\/\/yoast.com\/wordpress\/plugins\/seo\/ -->\n<title>Yoan Moncada signe un contrat d&#039;un an avec les Angels - The Playoffs FR<\/title>\n<meta name=\"robots\" content=\"index, follow, max-snippet:-1, max-image-preview:large, max-video-preview:-1\" \/>\n<link rel=\"canonical\" href=\"https:\/\/theplayoffs.news\/fr\/actualite-mlb\/yoan-moncada-signe-un-contrat-dun-an-avec-les-angels\/\" \/>\n<meta property=\"og:locale\" content=\"fr_FR\" \/>\n<meta property=\"og:type\" content=\"article\" \/>\n<meta property=\"og:title\" content=\"Yoan Moncada signe un contrat d&#039;un an avec les Angels - The Playoffs FR\" \/>\n<meta property=\"og:description\" content=\"Les Angels ont trouv&eacute; le rempla&ccedil;ant d&#039;Anthony Rendon au poste de 3&egrave; base\" \/>\n<meta property=\"og:url\" content=\"https:\/\/theplayoffs.news\/fr\/actualite-mlb\/yoan-moncada-signe-un-contrat-dun-an-avec-les-angels\/\" \/>\n<meta property=\"og:site_name\" content=\"The Playoffs FR\" \/>\n<meta property=\"article:publisher\" content=\"https:\/\/www.facebook.com\/TheFreeAgentFR\/\" \/>\n<meta property=\"article:modified_time\" content=\"2025-02-07T11:20:14+01:00\" \/>\n<meta property=\"og:image\" content=\"https:\/\/theplayoffs.news\/fr\/wp-content\/uploads\/2025\/02\/USATSI_22956675.jpg\" \/>\n\t<meta property=\"og:image:width\" content=\"1920\" \/>\n\t<meta property=\"og:image:height\" content=\"1300\" \/>\n\t<meta property=\"og:image:type\" content=\"image\/jpeg\" \/>\n<meta name=\"author\" content=\"Charles Taudin\" \/>\n<meta name=\"twitter:card\" content=\"summary_large_image\" \/>\n<meta name=\"twitter:creator\" content=\"@TheFreeAgentFR\" \/>\n<meta name=\"twitter:site\" content=\"@TheFreeAgentFR\" \/>\n<meta name=\"twitter:label1\" content=\"\u00c9crit par\" \/>\n\t<meta name=\"twitter:data1\" content=\"Charles Taudin\" \/>\n\t<meta name=\"twitter:label2\" content=\"Dur\u00e9e de lecture estim\u00e9e\" \/>\n\t<meta name=\"twitter:data2\" content=\"2 minutes\" \/>\n<script type=\"application\/ld+json\" class=\"yoast-schema-graph\">{\"@context\":\"https:\/\/schema.org\",\"@graph\":[{\"@type\":\"WebPage\",\"@id\":\"https:\/\/theplayoffs.news\/fr\/actualite-mlb\/yoan-moncada-signe-un-contrat-dun-an-avec-les-angels\/\",\"url\":\"https:\/\/theplayoffs.news\/fr\/actualite-mlb\/yoan-moncada-signe-un-contrat-dun-an-avec-les-angels\/\",\"name\":\"Yoan Moncada signe un contrat d\\\\'un an avec les Angels - The Playoffs FR\",\"isPartOf\":{\"@id\":\"https:\/\/theplayoffs.news\/fr\/#website\"},\"primaryImageOfPage\":{\"@id\":\"https:\/\/theplayoffs.news\/fr\/actualite-mlb\/yoan-moncada-signe-un-contrat-dun-an-avec-les-angels\/#primaryimage\"},\"image\":{\"@id\":\"https:\/\/theplayoffs.news\/fr\/actualite-mlb\/yoan-moncada-signe-un-contrat-dun-an-avec-les-angels\/#primaryimage\"},\"thumbnailUrl\":\"https:\/\/theplayoffs.news\/fr\/wp-content\/uploads\/2025\/02\/USATSI_22956675.jpg\",\"datePublished\":\"2025-02-07T10:20:12+00:00\",\"dateModified\":\"2025-02-07T10:20:14+00:00\",\"author\":{\"@id\":\"https:\/\/theplayoffs.news\/fr\/#\/schema\/person\/eee5b69ad5d3c51cabe881c839dbe133\"},\"breadcrumb\":{\"@id\":\"https:\/\/theplayoffs.news\/fr\/actualite-mlb\/yoan-moncada-signe-un-contrat-dun-an-avec-les-angels\/#breadcrumb\"},\"inLanguage\":\"fr-FR\",\"potentialAction\":[{\"@type\":\"ReadAction\",\"target\":[\"https:\/\/theplayoffs.news\/fr\/actualite-mlb\/yoan-moncada-signe-un-contrat-dun-an-avec-les-angels\/\"]}]},{\"@type\":\"ImageObject\",\"inLanguage\":\"fr-FR\",\"@id\":\"https:\/\/theplayoffs.news\/fr\/actualite-mlb\/yoan-moncada-signe-un-contrat-dun-an-avec-les-angels\/#primaryimage\",\"url\":\"https:\/\/theplayoffs.news\/fr\/wp-content\/uploads\/2025\/02\/USATSI_22956675.jpg\",\"contentUrl\":\"https:\/\/theplayoffs.news\/fr\/wp-content\/uploads\/2025\/02\/USATSI_22956675.jpg\",\"width\":1920,\"height\":1300,\"caption\":\"Apr 6, 2024; Kansas City, Missouri, USA; Chicago White Sox third baseman Yoan Moncada (10) warms up prior to a game against the Kansas City Royals at Kauffman Stadium. Mandatory Credit: Peter Aiken-USA TODAY Sports\"},{\"@type\":\"BreadcrumbList\",\"@id\":\"https:\/\/theplayoffs.news\/fr\/actualite-mlb\/yoan-moncada-signe-un-contrat-dun-an-avec-les-angels\/#breadcrumb\",\"itemListElement\":[{\"@type\":\"ListItem\",\"position\":1,\"name\":\"Accueil\",\"item\":\"https:\/\/theplayoffs.news\/fr\/\"},{\"@type\":\"ListItem\",\"position\":2,\"name\":\"Yoan Moncada signe un contrat d&rsquo;un an avec les Angels\"}]},{\"@type\":\"WebSite\",\"@id\":\"https:\/\/theplayoffs.news\/fr\/#website\",\"url\":\"https:\/\/theplayoffs.news\/fr\/\",\"name\":\"The Playoffs FR\",\"description\":\"NBA-NFL-NHL-MLB\",\"potentialAction\":[{\"@type\":\"SearchAction\",\"target\":{\"@type\":\"EntryPoint\",\"urlTemplate\":\"https:\/\/theplayoffs.news\/fr\/?s={search_term_string}\"},\"query-input\":{\"@type\":\"PropertyValueSpecification\",\"valueRequired\":true,\"valueName\":\"search_term_string\"}}],\"inLanguage\":\"fr-FR\"},{\"@type\":\"Person\",\"@id\":\"https:\/\/theplayoffs.news\/fr\/#\/schema\/person\/eee5b69ad5d3c51cabe881c839dbe133\",\"name\":\"Charles Taudin\",\"image\":{\"@type\":\"ImageObject\",\"inLanguage\":\"fr-FR\",\"@id\":\"https:\/\/theplayoffs.news\/fr\/#\/schema\/person\/image\/\",\"url\":\"https:\/\/secure.gravatar.com\/avatar\/59a1e772205ce9fd255edfcafc93013736822e20261f294c5753b20c41ede9f2?s=96&d=mm&r=g\",\"contentUrl\":\"https:\/\/secure.gravatar.com\/avatar\/59a1e772205ce9fd255edfcafc93013736822e20261f294c5753b20c41ede9f2?s=96&d=mm&r=g\",\"caption\":\"Charles Taudin\"},\"description\":\"R\u00e9dacteur en chef global de The Playoffs, j\u2019ai cr\u00e9\u00e9 The Free Agent, devenu The Playoffs FR, en 2020 durant la pand\u00e9mie. Amoureux depuis des ann\u00e9es des 4 sports majeurs am\u00e9ricains, j\u2019organise maintenant la strat\u00e9gie \u00e9ditoriale et les r\u00e9seaux sociaux de l\u2019ensemble des versions de The Playoffs. Il m\u2019arrive encore d\u2019\u00e9crire sur certains sports que j\u2019affectionne particuli\u00e8rement comme la NFL ou la MLB. Si vous devez retenir qu\u2019une chose : Eli Manning est le vrai GOAT pour avoir battu deux fois Tom Brady.\",\"sameAs\":[\"https:\/\/www.instagram.com\/ctaudin_\/\"],\"url\":\"https:\/\/theplayoffs.news\/fr\/author\/charles-taudin\/\"}]}<\/script>\n<!-- \/ Yoast SEO plugin. -->","yoast_head_json":{"title":"Yoan Moncada signe un contrat d&#039;un an avec les Angels - The Playoffs FR","robots":{"index":"index","follow":"follow","max-snippet":"max-snippet:-1","max-image-preview":"max-image-preview:large","max-video-preview":"max-video-preview:-1"},"canonical":"https:\/\/theplayoffs.news\/fr\/actualite-mlb\/yoan-moncada-signe-un-contrat-dun-an-avec-les-angels\/","og_locale":"fr_FR","og_type":"article","og_title":"Yoan Moncada signe un contrat d&#039;un an avec les Angels - The Playoffs FR","og_description":"Les Angels ont trouv&eacute; le rempla&ccedil;ant d&#039;Anthony Rendon au poste de 3&egrave; base","og_url":"https:\/\/theplayoffs.news\/fr\/actualite-mlb\/yoan-moncada-signe-un-contrat-dun-an-avec-les-angels\/","og_site_name":"The Playoffs FR","article_publisher":"https:\/\/www.facebook.com\/TheFreeAgentFR\/","article_modified_time":"2025-02-07T10:20:14+00:00","og_image":[{"width":1920,"height":1300,"url":"https:\/\/theplayoffs.news\/fr\/wp-content\/uploads\/2025\/02\/USATSI_22956675.jpg","type":"image\/jpeg"}],"author":"Charles Taudin","twitter_card":"summary_large_image","twitter_creator":"@TheFreeAgentFR","twitter_site":"@TheFreeAgentFR","twitter_misc":{"\u00c9crit par":"Charles Taudin","Dur\u00e9e de lecture estim\u00e9e":"2 minutes"},"schema":{"@context":"https:\/\/schema.org","@graph":[{"@type":"WebPage","@id":"https:\/\/theplayoffs.news\/fr\/actualite-mlb\/yoan-moncada-signe-un-contrat-dun-an-avec-les-angels\/","url":"https:\/\/theplayoffs.news\/fr\/actualite-mlb\/yoan-moncada-signe-un-contrat-dun-an-avec-les-angels\/","name":"Yoan Moncada signe un contrat d\\'un an avec les Angels - The Playoffs FR","isPartOf":{"@id":"https:\/\/theplayoffs.news\/fr\/#website"},"primaryImageOfPage":{"@id":"https:\/\/theplayoffs.news\/fr\/actualite-mlb\/yoan-moncada-signe-un-contrat-dun-an-avec-les-angels\/#primaryimage"},"image":{"@id":"https:\/\/theplayoffs.news\/fr\/actualite-mlb\/yoan-moncada-signe-un-contrat-dun-an-avec-les-angels\/#primaryimage"},"thumbnailUrl":"https:\/\/theplayoffs.news\/fr\/wp-content\/uploads\/2025\/02\/USATSI_22956675.jpg","datePublished":"2025-02-07T10:20:12+00:00","dateModified":"2025-02-07T10:20:14+00:00","author":{"@id":"https:\/\/theplayoffs.news\/fr\/#\/schema\/person\/eee5b69ad5d3c51cabe881c839dbe133"},"breadcrumb":{"@id":"https:\/\/theplayoffs.news\/fr\/actualite-mlb\/yoan-moncada-signe-un-contrat-dun-an-avec-les-angels\/#breadcrumb"},"inLanguage":"fr-FR","potentialAction":[{"@type":"ReadAction","target":["https:\/\/theplayoffs.news\/fr\/actualite-mlb\/yoan-moncada-signe-un-contrat-dun-an-avec-les-angels\/"]}]},{"@type":"ImageObject","inLanguage":"fr-FR","@id":"https:\/\/theplayoffs.news\/fr\/actualite-mlb\/yoan-moncada-signe-un-contrat-dun-an-avec-les-angels\/#primaryimage","url":"https:\/\/theplayoffs.news\/fr\/wp-content\/uploads\/2025\/02\/USATSI_22956675.jpg","contentUrl":"https:\/\/theplayoffs.news\/fr\/wp-content\/uploads\/2025\/02\/USATSI_22956675.jpg","width":1920,"height":1300,"caption":"Apr 6, 2024; Kansas City, Missouri, USA; Chicago White Sox third baseman Yoan Moncada (10) warms up prior to a game against the Kansas City Royals at Kauffman Stadium. Mandatory Credit: Peter Aiken-USA TODAY Sports"},{"@type":"BreadcrumbList","@id":"https:\/\/theplayoffs.news\/fr\/actualite-mlb\/yoan-moncada-signe-un-contrat-dun-an-avec-les-angels\/#breadcrumb","itemListElement":[{"@type":"ListItem","position":1,"name":"Accueil","item":"https:\/\/theplayoffs.news\/fr\/"},{"@type":"ListItem","position":2,"name":"Yoan Moncada signe un contrat d&rsquo;un an avec les Angels"}]},{"@type":"WebSite","@id":"https:\/\/theplayoffs.news\/fr\/#website","url":"https:\/\/theplayoffs.news\/fr\/","name":"The Playoffs FR","description":"NBA-NFL-NHL-MLB","potentialAction":[{"@type":"SearchAction","target":{"@type":"EntryPoint","urlTemplate":"https:\/\/theplayoffs.news\/fr\/?s={search_term_string}"},"query-input":{"@type":"PropertyValueSpecification","valueRequired":true,"valueName":"search_term_string"}}],"inLanguage":"fr-FR"},{"@type":"Person","@id":"https:\/\/theplayoffs.news\/fr\/#\/schema\/person\/eee5b69ad5d3c51cabe881c839dbe133","name":"Charles Taudin","image":{"@type":"ImageObject","inLanguage":"fr-FR","@id":"https:\/\/theplayoffs.news\/fr\/#\/schema\/person\/image\/","url":"https:\/\/secure.gravatar.com\/avatar\/59a1e772205ce9fd255edfcafc93013736822e20261f294c5753b20c41ede9f2?s=96&d=mm&r=g","contentUrl":"https:\/\/secure.gravatar.com\/avatar\/59a1e772205ce9fd255edfcafc93013736822e20261f294c5753b20c41ede9f2?s=96&d=mm&r=g","caption":"Charles Taudin"},"description":"R\u00e9dacteur en chef global de The Playoffs, j\u2019ai cr\u00e9\u00e9 The Free Agent, devenu The Playoffs FR, en 2020 durant la pand\u00e9mie. Amoureux depuis des ann\u00e9es des 4 sports majeurs am\u00e9ricains, j\u2019organise maintenant la strat\u00e9gie \u00e9ditoriale et les r\u00e9seaux sociaux de l\u2019ensemble des versions de The Playoffs. Il m\u2019arrive encore d\u2019\u00e9crire sur certains sports que j\u2019affectionne particuli\u00e8rement comme la NFL ou la MLB. Si vous devez retenir qu\u2019une chose : Eli Manning est le vrai GOAT pour avoir battu deux fois Tom Brady.","sameAs":["https:\/\/www.instagram.com\/ctaudin_\/"],"url":"https:\/\/theplayoffs.news\/fr\/author\/charles-taudin\/"}]}},"_links":{"self":[{"href":"https:\/\/theplayoffs.news\/fr\/wp-json\/wp\/v2\/posts\/1477741","targetHints":{"allow":["GET"]}}],"collection":[{"href":"https:\/\/theplayoffs.news\/fr\/wp-json\/wp\/v2\/posts"}],"about":[{"href":"https:\/\/theplayoffs.news\/fr\/wp-json\/wp\/v2\/types\/post"}],"author":[{"embeddable":true,"href":"https:\/\/theplayoffs.news\/fr\/wp-json\/wp\/v2\/users\/13"}],"replies":[{"embeddable":true,"href":"https:\/\/theplayoffs.news\/fr\/wp-json\/wp\/v2\/comments?post=1477741"}],"version-history":[{"count":1,"href":"https:\/\/theplayoffs.news\/fr\/wp-json\/wp\/v2\/posts\/1477741\/revisions"}],"predecessor-version":[{"id":1477746,"href":"https:\/\/theplayoffs.news\/fr\/wp-json\/wp\/v2\/posts\/1477741\/revisions\/1477746"}],"wp:featuredmedia":[{"embeddable":true,"href":"https:\/\/theplayoffs.news\/fr\/wp-json\/wp\/v2\/media\/1477743"}],"wp:attachment":[{"href":"https:\/\/theplayoffs.news\/fr\/wp-json\/wp\/v2\/media?parent=1477741"}],"wp:term":[{"taxonomy":"category","embeddable":true,"href":"https:\/\/theplayoffs.news\/fr\/wp-json\/wp\/v2\/categories?post=1477741"},{"taxonomy":"post_tag","embeddable":true,"href":"https:\/\/theplayoffs.news\/fr\/wp-json\/wp\/v2\/tags?post=1477741"},{"taxonomy":"sport","embeddable":true,"href":"https:\/\/theplayoffs.news\/fr\/wp-json\/wp\/v2\/sport?post=1477741"},{"taxonomy":"saison","embeddable":true,"href":"https:\/\/theplayoffs.news\/fr\/wp-json\/wp\/v2\/saison?post=1477741"}],"curies":[{"name":"wp","href":"https:\/\/api.w.org\/{rel}","templated":true}]}}