{"id":1477697,"date":"2025-02-07T09:37:00","date_gmt":"2025-02-07T08:37:00","guid":{"rendered":"https:\/\/theplayoffs.news\/fr\/uncategorized\/\/"},"modified":"2025-02-07T08:43:38","modified_gmt":"2025-02-07T07:43:38","slug":"rob-manfred-je-ne-suis-pas-daccord-pour-dire-que-les-dodgers-sont-mauvais-pour-le-sport","status":"publish","type":"post","link":"https:\/\/theplayoffs.news\/fr\/actualite-mlb\/rob-manfred-je-ne-suis-pas-daccord-pour-dire-que-les-dodgers-sont-mauvais-pour-le-sport\/","title":{"rendered":"Rob Manfred : \u00ab Je ne suis pas d\u2019accord pour dire que les Dodgers sont mauvais pour le sport \u00bb"},"content":{"rendered":"<p><strong>Le commissaire de la Major League Baseball, Rob Manfred, ne pense pas que les Los Angeles Dodgers nuisent au baseball avec leur politique de d&eacute;penses.<\/strong><\/p><p><strong>&laquo; Je ne suis pas d&rsquo;accord avec cela &raquo;,<\/strong> a d&eacute;clar&eacute; Manfred ce jeudi 6 f&eacute;vrier, selon <a href=\"https:\/\/www.nytimes.com\/athletic\/6119056\/2025\/02\/06\/dodgers-not-bad-for-baseball-commissioner\/\" class=\"trk-cta-link\" data-cta-trk='{\"ctaType\":\"Link\",\"ctaSubType\":\"main\"}'>Evan Drellich de <em>The Athletic<\/em><\/a>. <strong>&laquo; Les Dodgers sont une franchise tr&egrave;s bien g&eacute;r&eacute;e et couronn&eacute;e de succ&egrave;s. Tout ce qu&rsquo;ils ont fait est conforme &agrave; nos r&egrave;gles. Ils essaient simplement d&rsquo;offrir le meilleur produit possible &agrave; leurs fans. Tout cela est positif. &raquo;<\/strong><\/p><p>Les champions en titre poss&egrave;dent actuellement la plus grosse masse salariale de la ligue, estim&eacute;e &agrave; <strong>353 millions de dollars<\/strong>.<\/p><p>Durant cette intersaison, les Dodgers ont recrut&eacute; <strong>Michael Conforto, Roki Sasaki, Hyeseong Kim, Blake Snell, Kirby Yates et Tanner Scott<\/strong>. La franchise de Los Angeles a &eacute;galement report&eacute; certains paiements de contrats ces derni&egrave;res saisons, ce qui a irrit&eacute; plusieurs propri&eacute;taires et supporters d&rsquo;&eacute;quipes rivales.<\/p><p><strong>&laquo; Cependant, je reconnais qu&rsquo;il y a des fans d&rsquo;autres march&eacute;s qui s&rsquo;inqui&egrave;tent de la capacit&eacute; de leurs &eacute;quipes &agrave; rester comp&eacute;titives, et nous devons toujours prendre en compte les pr&eacute;occupations de nos supporters &raquo;,<\/strong> a ajout&eacute; Manfred. <strong>&laquo; Mais rendre les Dodgers responsables de cela n&rsquo;est pas la bonne approche. &raquo;<\/strong><\/p><h2 class=\"wp-block-heading\"><strong>Un d&eacute;bat relanc&eacute; sur l&rsquo;instauration d&rsquo;un plafond salarial<\/strong><\/h2><p>Les d&eacute;penses importantes des Dodgers ont relanc&eacute; les discussions autour d&rsquo;un &eacute;ventuel <strong>plafond salarial<\/strong>, une mesure soutenue notamment par <strong>David Rubenstein, propri&eacute;taire des Baltimore Orioles<\/strong>.<\/p><p><strong>&laquo; C&rsquo;est une question que nous devons surveiller de pr&egrave;s &raquo;,<\/strong> a reconnu Manfred. <strong>&laquo; Nous devons &ecirc;tre attentifs et voir s&rsquo;il y a quelque chose &agrave; faire pour minimiser ces inqui&eacute;tudes et assurer la bonne sant&eacute; de la ligue et du sport &agrave; long terme. &raquo;<\/strong><\/p><p>L&rsquo;actuelle convention collective entre la MLB et l&rsquo;association des joueurs est valable jusqu&rsquo;en <strong>2026<\/strong>.<\/p><p><\/p><p>Credit Photo : Brad Penner-Imagn Images<\/p>\n","protected":false},"excerpt":{"rendered":"<p>Le commissaire de la MLB a affirm\u00e9 que la franchise de Los Angeles n\u2019a enfreint aucune r\u00e8gle ces derni\u00e8res saisons.<\/p>\n","protected":false},"author":13,"featured_media":1477698,"comment_status":"closed","ping_status":"closed","sticky":false,"template":"","format":"standard","meta":{"inline_featured_image":false,"kia_subtitle":"Le commissaire de la MLB a affirm\u00e9 que la franchise de Los Angeles n\u2019a enfreint aucune r\u00e8gle ces derni\u00e8res saisons.","_mux_skip_reasons":[],"proofreadBy":0,"footnotes":""},"categories":[188,9],"tags":[464,473],"sport":[],"saison":[],"class_list":["post-1477697","post","type-post","status-publish","format-standard","has-post-thumbnail","hentry","category-actualite-mlb","category-mlb","tag-los-angeles-dodgers","tag-rob-manfred"],"acf":[],"yoast_head":"<!-- This site is optimized with the Yoast SEO plugin v24.2 - https:\/\/yoast.com\/wordpress\/plugins\/seo\/ -->\n<title>Rob Manfred : &laquo; Je ne suis pas d&rsquo;accord pour dire que les Dodgers sont mauvais pour le sport &raquo; - The Playoffs FR<\/title>\n<meta name=\"robots\" content=\"index, follow, max-snippet:-1, max-image-preview:large, max-video-preview:-1\" \/>\n<link rel=\"canonical\" href=\"https:\/\/theplayoffs.news\/fr\/actualite-mlb\/rob-manfred-je-ne-suis-pas-daccord-pour-dire-que-les-dodgers-sont-mauvais-pour-le-sport\/\" \/>\n<meta property=\"og:locale\" content=\"fr_FR\" \/>\n<meta property=\"og:type\" content=\"article\" \/>\n<meta property=\"og:title\" content=\"Rob Manfred : &laquo; Je ne suis pas d&rsquo;accord pour dire que les Dodgers sont mauvais pour le sport &raquo; - The Playoffs FR\" \/>\n<meta property=\"og:description\" content=\"Le commissaire de la MLB a affirm&eacute; que la franchise de Los Angeles n&rsquo;a enfreint aucune r&egrave;gle ces derni&egrave;res saisons.\" \/>\n<meta property=\"og:url\" content=\"https:\/\/theplayoffs.news\/fr\/actualite-mlb\/rob-manfred-je-ne-suis-pas-daccord-pour-dire-que-les-dodgers-sont-mauvais-pour-le-sport\/\" \/>\n<meta property=\"og:site_name\" content=\"The Playoffs FR\" \/>\n<meta property=\"article:publisher\" content=\"https:\/\/www.facebook.com\/TheFreeAgentFR\/\" \/>\n<meta property=\"article:modified_time\" content=\"2025-02-07T09:37:00+01:00\" \/>\n<meta property=\"og:image\" content=\"https:\/\/theplayoffs.news\/fr\/wp-content\/uploads\/2025\/02\/USATSI_24619459.jpg\" \/>\n\t<meta property=\"og:image:width\" content=\"1920\" \/>\n\t<meta property=\"og:image:height\" content=\"1212\" \/>\n\t<meta property=\"og:image:type\" content=\"image\/jpeg\" \/>\n<meta name=\"author\" content=\"Charles Taudin\" \/>\n<meta name=\"twitter:card\" content=\"summary_large_image\" \/>\n<meta name=\"twitter:creator\" content=\"@TheFreeAgentFR\" \/>\n<meta name=\"twitter:site\" content=\"@TheFreeAgentFR\" \/>\n<meta name=\"twitter:label1\" content=\"\u00c9crit par\" \/>\n\t<meta name=\"twitter:data1\" content=\"Charles Taudin\" \/>\n\t<meta name=\"twitter:label2\" content=\"Dur\u00e9e de lecture estim\u00e9e\" \/>\n\t<meta name=\"twitter:data2\" content=\"2 minutes\" \/>\n<script type=\"application\/ld+json\" class=\"yoast-schema-graph\">{\"@context\":\"https:\/\/schema.org\",\"@graph\":[{\"@type\":\"WebPage\",\"@id\":\"https:\/\/theplayoffs.news\/fr\/actualite-mlb\/rob-manfred-je-ne-suis-pas-daccord-pour-dire-que-les-dodgers-sont-mauvais-pour-le-sport\/\",\"url\":\"https:\/\/theplayoffs.news\/fr\/actualite-mlb\/rob-manfred-je-ne-suis-pas-daccord-pour-dire-que-les-dodgers-sont-mauvais-pour-le-sport\/\",\"name\":\"Rob Manfred : \u00ab Je ne suis pas d\u2019accord pour dire que les Dodgers sont mauvais pour le sport \u00bb - The Playoffs FR\",\"isPartOf\":{\"@id\":\"https:\/\/theplayoffs.news\/fr\/#website\"},\"primaryImageOfPage\":{\"@id\":\"https:\/\/theplayoffs.news\/fr\/actualite-mlb\/rob-manfred-je-ne-suis-pas-daccord-pour-dire-que-les-dodgers-sont-mauvais-pour-le-sport\/#primaryimage\"},\"image\":{\"@id\":\"https:\/\/theplayoffs.news\/fr\/actualite-mlb\/rob-manfred-je-ne-suis-pas-daccord-pour-dire-que-les-dodgers-sont-mauvais-pour-le-sport\/#primaryimage\"},\"thumbnailUrl\":\"https:\/\/theplayoffs.news\/fr\/wp-content\/uploads\/2025\/02\/USATSI_24619459.jpg\",\"datePublished\":\"2025-02-07T08:37:00+00:00\",\"dateModified\":\"2025-02-07T09:37:00+01:00\",\"author\":{\"@id\":\"https:\/\/theplayoffs.news\/fr\/#\/schema\/person\/eee5b69ad5d3c51cabe881c839dbe133\"},\"breadcrumb\":{\"@id\":\"https:\/\/theplayoffs.news\/fr\/actualite-mlb\/rob-manfred-je-ne-suis-pas-daccord-pour-dire-que-les-dodgers-sont-mauvais-pour-le-sport\/#breadcrumb\"},\"inLanguage\":\"fr-FR\",\"potentialAction\":[{\"@type\":\"ReadAction\",\"target\":[\"https:\/\/theplayoffs.news\/fr\/actualite-mlb\/rob-manfred-je-ne-suis-pas-daccord-pour-dire-que-les-dodgers-sont-mauvais-pour-le-sport\/\"]}]},{\"@type\":\"ImageObject\",\"inLanguage\":\"fr-FR\",\"@id\":\"https:\/\/theplayoffs.news\/fr\/actualite-mlb\/rob-manfred-je-ne-suis-pas-daccord-pour-dire-que-les-dodgers-sont-mauvais-pour-le-sport\/#primaryimage\",\"url\":\"https:\/\/theplayoffs.news\/fr\/wp-content\/uploads\/2025\/02\/USATSI_24619459.jpg\",\"contentUrl\":\"https:\/\/theplayoffs.news\/fr\/wp-content\/uploads\/2025\/02\/USATSI_24619459.jpg\",\"width\":1920,\"height\":1212,\"caption\":\"Oct 29, 2024; New York, New York, USA; MLB commissioner Rob Manfred before game four of the 2024 MLB World Series between the Los Angeles Dodgers and New York Yankees at Yankee Stadium. Mandatory Credit: Brad Penner-Imagn Images\"},{\"@type\":\"BreadcrumbList\",\"@id\":\"https:\/\/theplayoffs.news\/fr\/actualite-mlb\/rob-manfred-je-ne-suis-pas-daccord-pour-dire-que-les-dodgers-sont-mauvais-pour-le-sport\/#breadcrumb\",\"itemListElement\":[{\"@type\":\"ListItem\",\"position\":1,\"name\":\"Accueil\",\"item\":\"https:\/\/theplayoffs.news\/fr\/\"},{\"@type\":\"ListItem\",\"position\":2,\"name\":\"Rob Manfred : \u00ab Je ne suis pas d\u2019accord pour dire que les Dodgers sont mauvais pour le sport \u00bb\"}]},{\"@type\":\"WebSite\",\"@id\":\"https:\/\/theplayoffs.news\/fr\/#website\",\"url\":\"https:\/\/theplayoffs.news\/fr\/\",\"name\":\"The Playoffs FR\",\"description\":\"NBA-NFL-NHL-MLB\",\"potentialAction\":[{\"@type\":\"SearchAction\",\"target\":{\"@type\":\"EntryPoint\",\"urlTemplate\":\"https:\/\/theplayoffs.news\/fr\/?s={search_term_string}\"},\"query-input\":{\"@type\":\"PropertyValueSpecification\",\"valueRequired\":true,\"valueName\":\"search_term_string\"}}],\"inLanguage\":\"fr-FR\"},{\"@type\":\"Person\",\"@id\":\"https:\/\/theplayoffs.news\/fr\/#\/schema\/person\/eee5b69ad5d3c51cabe881c839dbe133\",\"name\":\"Charles Taudin\",\"image\":{\"@type\":\"ImageObject\",\"inLanguage\":\"fr-FR\",\"@id\":\"https:\/\/theplayoffs.news\/fr\/#\/schema\/person\/image\/\",\"url\":\"https:\/\/secure.gravatar.com\/avatar\/59a1e772205ce9fd255edfcafc93013736822e20261f294c5753b20c41ede9f2?s=96&d=mm&r=g\",\"contentUrl\":\"https:\/\/secure.gravatar.com\/avatar\/59a1e772205ce9fd255edfcafc93013736822e20261f294c5753b20c41ede9f2?s=96&d=mm&r=g\",\"caption\":\"Charles Taudin\"},\"description\":\"R\u00e9dacteur en chef global de The Playoffs, j\u2019ai cr\u00e9\u00e9 The Free Agent, devenu The Playoffs FR, en 2020 durant la pand\u00e9mie. Amoureux depuis des ann\u00e9es des 4 sports majeurs am\u00e9ricains, j\u2019organise maintenant la strat\u00e9gie \u00e9ditoriale et les r\u00e9seaux sociaux de l\u2019ensemble des versions de The Playoffs. Il m\u2019arrive encore d\u2019\u00e9crire sur certains sports que j\u2019affectionne particuli\u00e8rement comme la NFL ou la MLB. Si vous devez retenir qu\u2019une chose : Eli Manning est le vrai GOAT pour avoir battu deux fois Tom Brady.\",\"sameAs\":[\"https:\/\/www.instagram.com\/ctaudin_\/\"],\"url\":\"https:\/\/theplayoffs.news\/fr\/author\/charles-taudin\/\"}]}<\/script>\n<!-- \/ Yoast SEO plugin. -->","yoast_head_json":{"title":"Rob Manfred : &laquo; Je ne suis pas d&rsquo;accord pour dire que les Dodgers sont mauvais pour le sport &raquo; - The Playoffs FR","robots":{"index":"index","follow":"follow","max-snippet":"max-snippet:-1","max-image-preview":"max-image-preview:large","max-video-preview":"max-video-preview:-1"},"canonical":"https:\/\/theplayoffs.news\/fr\/actualite-mlb\/rob-manfred-je-ne-suis-pas-daccord-pour-dire-que-les-dodgers-sont-mauvais-pour-le-sport\/","og_locale":"fr_FR","og_type":"article","og_title":"Rob Manfred : &laquo; Je ne suis pas d&rsquo;accord pour dire que les Dodgers sont mauvais pour le sport &raquo; - The Playoffs FR","og_description":"Le commissaire de la MLB a affirm&eacute; que la franchise de Los Angeles n&rsquo;a enfreint aucune r&egrave;gle ces derni&egrave;res saisons.","og_url":"https:\/\/theplayoffs.news\/fr\/actualite-mlb\/rob-manfred-je-ne-suis-pas-daccord-pour-dire-que-les-dodgers-sont-mauvais-pour-le-sport\/","og_site_name":"The Playoffs FR","article_publisher":"https:\/\/www.facebook.com\/TheFreeAgentFR\/","article_modified_time":"2025-02-07T07:43:38+00:00","og_image":[{"width":1920,"height":1212,"url":"https:\/\/theplayoffs.news\/fr\/wp-content\/uploads\/2025\/02\/USATSI_24619459.jpg","type":"image\/jpeg"}],"author":"Charles Taudin","twitter_card":"summary_large_image","twitter_creator":"@TheFreeAgentFR","twitter_site":"@TheFreeAgentFR","twitter_misc":{"\u00c9crit par":"Charles Taudin","Dur\u00e9e de lecture estim\u00e9e":"2 minutes"},"schema":{"@context":"https:\/\/schema.org","@graph":[{"@type":"WebPage","@id":"https:\/\/theplayoffs.news\/fr\/actualite-mlb\/rob-manfred-je-ne-suis-pas-daccord-pour-dire-que-les-dodgers-sont-mauvais-pour-le-sport\/","url":"https:\/\/theplayoffs.news\/fr\/actualite-mlb\/rob-manfred-je-ne-suis-pas-daccord-pour-dire-que-les-dodgers-sont-mauvais-pour-le-sport\/","name":"Rob Manfred : \u00ab Je ne suis pas d\u2019accord pour dire que les Dodgers sont mauvais pour le sport \u00bb - The Playoffs FR","isPartOf":{"@id":"https:\/\/theplayoffs.news\/fr\/#website"},"primaryImageOfPage":{"@id":"https:\/\/theplayoffs.news\/fr\/actualite-mlb\/rob-manfred-je-ne-suis-pas-daccord-pour-dire-que-les-dodgers-sont-mauvais-pour-le-sport\/#primaryimage"},"image":{"@id":"https:\/\/theplayoffs.news\/fr\/actualite-mlb\/rob-manfred-je-ne-suis-pas-daccord-pour-dire-que-les-dodgers-sont-mauvais-pour-le-sport\/#primaryimage"},"thumbnailUrl":"https:\/\/theplayoffs.news\/fr\/wp-content\/uploads\/2025\/02\/USATSI_24619459.jpg","datePublished":"2025-02-07T08:37:00+00:00","dateModified":"2025-02-07T09:37:00+01:00","author":{"@id":"https:\/\/theplayoffs.news\/fr\/#\/schema\/person\/eee5b69ad5d3c51cabe881c839dbe133"},"breadcrumb":{"@id":"https:\/\/theplayoffs.news\/fr\/actualite-mlb\/rob-manfred-je-ne-suis-pas-daccord-pour-dire-que-les-dodgers-sont-mauvais-pour-le-sport\/#breadcrumb"},"inLanguage":"fr-FR","potentialAction":[{"@type":"ReadAction","target":["https:\/\/theplayoffs.news\/fr\/actualite-mlb\/rob-manfred-je-ne-suis-pas-daccord-pour-dire-que-les-dodgers-sont-mauvais-pour-le-sport\/"]}]},{"@type":"ImageObject","inLanguage":"fr-FR","@id":"https:\/\/theplayoffs.news\/fr\/actualite-mlb\/rob-manfred-je-ne-suis-pas-daccord-pour-dire-que-les-dodgers-sont-mauvais-pour-le-sport\/#primaryimage","url":"https:\/\/theplayoffs.news\/fr\/wp-content\/uploads\/2025\/02\/USATSI_24619459.jpg","contentUrl":"https:\/\/theplayoffs.news\/fr\/wp-content\/uploads\/2025\/02\/USATSI_24619459.jpg","width":1920,"height":1212,"caption":"Oct 29, 2024; New York, New York, USA; MLB commissioner Rob Manfred before game four of the 2024 MLB World Series between the Los Angeles Dodgers and New York Yankees at Yankee Stadium. Mandatory Credit: Brad Penner-Imagn Images"},{"@type":"BreadcrumbList","@id":"https:\/\/theplayoffs.news\/fr\/actualite-mlb\/rob-manfred-je-ne-suis-pas-daccord-pour-dire-que-les-dodgers-sont-mauvais-pour-le-sport\/#breadcrumb","itemListElement":[{"@type":"ListItem","position":1,"name":"Accueil","item":"https:\/\/theplayoffs.news\/fr\/"},{"@type":"ListItem","position":2,"name":"Rob Manfred : \u00ab Je ne suis pas d\u2019accord pour dire que les Dodgers sont mauvais pour le sport \u00bb"}]},{"@type":"WebSite","@id":"https:\/\/theplayoffs.news\/fr\/#website","url":"https:\/\/theplayoffs.news\/fr\/","name":"The Playoffs FR","description":"NBA-NFL-NHL-MLB","potentialAction":[{"@type":"SearchAction","target":{"@type":"EntryPoint","urlTemplate":"https:\/\/theplayoffs.news\/fr\/?s={search_term_string}"},"query-input":{"@type":"PropertyValueSpecification","valueRequired":true,"valueName":"search_term_string"}}],"inLanguage":"fr-FR"},{"@type":"Person","@id":"https:\/\/theplayoffs.news\/fr\/#\/schema\/person\/eee5b69ad5d3c51cabe881c839dbe133","name":"Charles Taudin","image":{"@type":"ImageObject","inLanguage":"fr-FR","@id":"https:\/\/theplayoffs.news\/fr\/#\/schema\/person\/image\/","url":"https:\/\/secure.gravatar.com\/avatar\/59a1e772205ce9fd255edfcafc93013736822e20261f294c5753b20c41ede9f2?s=96&d=mm&r=g","contentUrl":"https:\/\/secure.gravatar.com\/avatar\/59a1e772205ce9fd255edfcafc93013736822e20261f294c5753b20c41ede9f2?s=96&d=mm&r=g","caption":"Charles Taudin"},"description":"R\u00e9dacteur en chef global de The Playoffs, j\u2019ai cr\u00e9\u00e9 The Free Agent, devenu The Playoffs FR, en 2020 durant la pand\u00e9mie. Amoureux depuis des ann\u00e9es des 4 sports majeurs am\u00e9ricains, j\u2019organise maintenant la strat\u00e9gie \u00e9ditoriale et les r\u00e9seaux sociaux de l\u2019ensemble des versions de The Playoffs. Il m\u2019arrive encore d\u2019\u00e9crire sur certains sports que j\u2019affectionne particuli\u00e8rement comme la NFL ou la MLB. Si vous devez retenir qu\u2019une chose : Eli Manning est le vrai GOAT pour avoir battu deux fois Tom Brady.","sameAs":["https:\/\/www.instagram.com\/ctaudin_\/"],"url":"https:\/\/theplayoffs.news\/fr\/author\/charles-taudin\/"}]}},"_links":{"self":[{"href":"https:\/\/theplayoffs.news\/fr\/wp-json\/wp\/v2\/posts\/1477697","targetHints":{"allow":["GET"]}}],"collection":[{"href":"https:\/\/theplayoffs.news\/fr\/wp-json\/wp\/v2\/posts"}],"about":[{"href":"https:\/\/theplayoffs.news\/fr\/wp-json\/wp\/v2\/types\/post"}],"author":[{"embeddable":true,"href":"https:\/\/theplayoffs.news\/fr\/wp-json\/wp\/v2\/users\/13"}],"replies":[{"embeddable":true,"href":"https:\/\/theplayoffs.news\/fr\/wp-json\/wp\/v2\/comments?post=1477697"}],"version-history":[{"count":1,"href":"https:\/\/theplayoffs.news\/fr\/wp-json\/wp\/v2\/posts\/1477697\/revisions"}],"predecessor-version":[{"id":1477699,"href":"https:\/\/theplayoffs.news\/fr\/wp-json\/wp\/v2\/posts\/1477697\/revisions\/1477699"}],"wp:featuredmedia":[{"embeddable":true,"href":"https:\/\/theplayoffs.news\/fr\/wp-json\/wp\/v2\/media\/1477698"}],"wp:attachment":[{"href":"https:\/\/theplayoffs.news\/fr\/wp-json\/wp\/v2\/media?parent=1477697"}],"wp:term":[{"taxonomy":"category","embeddable":true,"href":"https:\/\/theplayoffs.news\/fr\/wp-json\/wp\/v2\/categories?post=1477697"},{"taxonomy":"post_tag","embeddable":true,"href":"https:\/\/theplayoffs.news\/fr\/wp-json\/wp\/v2\/tags?post=1477697"},{"taxonomy":"sport","embeddable":true,"href":"https:\/\/theplayoffs.news\/fr\/wp-json\/wp\/v2\/sport?post=1477697"},{"taxonomy":"saison","embeddable":true,"href":"https:\/\/theplayoffs.news\/fr\/wp-json\/wp\/v2\/saison?post=1477697"}],"curies":[{"name":"wp","href":"https:\/\/api.w.org\/{rel}","templated":true}]}}