{"id":1477497,"date":"2025-02-06T13:56:38","date_gmt":"2025-02-06T12:56:38","guid":{"rendered":"https:\/\/theplayoffs.news\/fr\/uncategorized\/\/"},"modified":"2025-02-06T13:56:40","modified_gmt":"2025-02-06T12:56:40","slug":"tom-brady-na-pas-assiste-a-lentrainement-des-chiefs","status":"publish","type":"post","link":"https:\/\/theplayoffs.news\/fr\/actualite-nfl\/tom-brady-na-pas-assiste-a-lentrainement-des-chiefs\/","title":{"rendered":"Tom Brady n&rsquo;a pas assist\u00e9 \u00e0 l&rsquo;entra\u00eenement des Chiefs"},"content":{"rendered":"<p>Hier avait eu lieu l&rsquo;entra&icirc;nement des Chiefs ouvert &agrave; la presse et notamment au diffuseur du <strong><a href=\"https:\/\/theplayoffs.news\/fr\/actualite-nfl\/super-bowl-lix-la-grande-preview\/\" class=\"trk-cta-link\" data-cta-trk='{\"ctaType\":\"Link\",\"ctaSubType\":\"main\"}'>Super Bowl LIX<\/a><\/strong>, la Fox. Dans les rangs des consultants de la Fox, on retrouve un certains Tom Brady dont les d&eacute;buts ont anim&eacute; les d&eacute;bats tout au long de la saison. <\/p><p>Mais hier, alors que l&rsquo;&eacute;quipe de la Fox assiste &agrave; l&rsquo;entra&icirc;nement, une personne manque &agrave; l&rsquo;appel : Tom Brady. <\/p><p>Pour les consultants et commentateurs, assister aux entra&icirc;nements des deux formations fait partie de la pr&eacute;paration du match pour donner le plus d&rsquo;informations pertinentes aux t&eacute;l&eacute;spectateurs. Mais Brady ne pourra donc pas parler de tout cela dimanche soir. <\/p><p>La raison ? Un possible conflit d&rsquo;int&eacute;r&ecirc;t du &agrave; sa position d&rsquo;actionnaire minoritaire des Raiders de Las Vegas. <\/p><p>Cette d&eacute;cision a &eacute;t&eacute; confirm&eacute;e par le propri&eacute;taire des Chiefs, Clark Hunt. <\/p><p>En effet, la crainte de l&rsquo;obtention d&rsquo;informations sensibles et son utilisation pour cette fonction en particulier ont pouss&eacute; la ligue &agrave; ne pas lui donner acc&egrave;s aux entra&icirc;nements. Depuis ses d&eacute;buts en tant que consultant, cette position a soulev&eacute; de nombreuses questions. La Fox l&rsquo;avait m&ecirc;me laiss&eacute; en dehors des r&eacute;unions de production auxquelles participent d&rsquo;autres radiodiffuseurs. <\/p><h2 class=\"wp-block-heading\">Pour la NFL, il n&rsquo;y a pas de conflit d&rsquo;int&eacute;r&ecirc;t<\/h2><p>Du c&ocirc;t&eacute; de la ligue et Roger Goodell, on minimise cette situation d&eacute;clarant qu&rsquo;il n&rsquo;y a pas de conflit d&rsquo;int&eacute;r&ecirc;t dans la position occup&eacute;e par Tom Brady. Le propri&eacute;taire des Raider, Mark Davis a confirm&eacute; le r&ocirc;le que Tom Brady aura dans la franchise et notamment d&egrave;s cette intersaison. <\/p><p>La recherche d&rsquo;un nouveau quarterback sera au coeur des pr&eacute;occupations de la franchise et l&rsquo;ancien quarterback des Patriots et des Buccaneers est sans doute le mieux plac&eacute; pour aider &agrave; la prise de d&eacute;cision. <\/p><p><\/p><p>Cr&eacute;dit Photo : Junfu Han \/ USA TODAY NETWORK via Imagn Images<br><\/p>\n","protected":false},"excerpt":{"rendered":"<p>Tom Brady \u00e9tait le grand absent de l&rsquo;entra\u00eenement des Chiefs hier.<\/p>\n","protected":false},"author":13,"featured_media":1477499,"comment_status":"closed","ping_status":"closed","sticky":false,"template":"","format":"standard","meta":{"inline_featured_image":false,"kia_subtitle":"Tom Brady \u00e9tait le grand absent de l'entra\u00eenement des Chiefs hier.","_mux_skip_reasons":[],"proofreadBy":0,"footnotes":""},"categories":[118,40],"tags":[],"sport":[],"saison":[],"class_list":["post-1477497","post","type-post","status-publish","format-standard","has-post-thumbnail","hentry","category-actualite-nfl","category-nfl"],"acf":[],"yoast_head":"<!-- This site is optimized with the Yoast SEO plugin v24.2 - https:\/\/yoast.com\/wordpress\/plugins\/seo\/ -->\n<title>Tom Brady n&#039;a pas assist&eacute; &agrave; l&#039;entra&icirc;nement des Chiefs - The Playoffs FR<\/title>\n<meta name=\"robots\" content=\"index, follow, max-snippet:-1, max-image-preview:large, max-video-preview:-1\" \/>\n<link rel=\"canonical\" href=\"https:\/\/theplayoffs.news\/fr\/actualite-nfl\/tom-brady-na-pas-assiste-a-lentrainement-des-chiefs\/\" \/>\n<meta property=\"og:locale\" content=\"fr_FR\" \/>\n<meta property=\"og:type\" content=\"article\" \/>\n<meta property=\"og:title\" content=\"Tom Brady n&#039;a pas assist&eacute; &agrave; l&#039;entra&icirc;nement des Chiefs - The Playoffs FR\" \/>\n<meta property=\"og:description\" content=\"Tom Brady &eacute;tait le grand absent de l&#039;entra&icirc;nement des Chiefs hier.\" \/>\n<meta property=\"og:url\" content=\"https:\/\/theplayoffs.news\/fr\/actualite-nfl\/tom-brady-na-pas-assiste-a-lentrainement-des-chiefs\/\" \/>\n<meta property=\"og:site_name\" content=\"The Playoffs FR\" \/>\n<meta property=\"article:publisher\" content=\"https:\/\/www.facebook.com\/TheFreeAgentFR\/\" \/>\n<meta property=\"article:modified_time\" content=\"2025-02-06T13:56:40+01:00\" \/>\n<meta property=\"og:image\" content=\"https:\/\/theplayoffs.news\/fr\/wp-content\/uploads\/2025\/02\/USATSI_25221881.jpg\" \/>\n\t<meta property=\"og:image:width\" content=\"1920\" \/>\n\t<meta property=\"og:image:height\" content=\"1280\" \/>\n\t<meta property=\"og:image:type\" content=\"image\/jpeg\" \/>\n<meta name=\"author\" content=\"Charles Taudin\" \/>\n<meta name=\"twitter:card\" content=\"summary_large_image\" \/>\n<meta name=\"twitter:creator\" content=\"@TheFreeAgentFR\" \/>\n<meta name=\"twitter:site\" content=\"@TheFreeAgentFR\" \/>\n<meta name=\"twitter:label1\" content=\"\u00c9crit par\" \/>\n\t<meta name=\"twitter:data1\" content=\"Charles Taudin\" \/>\n\t<meta name=\"twitter:label2\" content=\"Dur\u00e9e de lecture estim\u00e9e\" \/>\n\t<meta name=\"twitter:data2\" content=\"2 minutes\" \/>\n<script type=\"application\/ld+json\" class=\"yoast-schema-graph\">{\"@context\":\"https:\/\/schema.org\",\"@graph\":[{\"@type\":\"WebPage\",\"@id\":\"https:\/\/theplayoffs.news\/fr\/actualite-nfl\/tom-brady-na-pas-assiste-a-lentrainement-des-chiefs\/\",\"url\":\"https:\/\/theplayoffs.news\/fr\/actualite-nfl\/tom-brady-na-pas-assiste-a-lentrainement-des-chiefs\/\",\"name\":\"Tom Brady n\\\\'a pas assist\u00e9 \u00e0 l\\\\'entra\u00eenement des Chiefs - The Playoffs FR\",\"isPartOf\":{\"@id\":\"https:\/\/theplayoffs.news\/fr\/#website\"},\"primaryImageOfPage\":{\"@id\":\"https:\/\/theplayoffs.news\/fr\/actualite-nfl\/tom-brady-na-pas-assiste-a-lentrainement-des-chiefs\/#primaryimage\"},\"image\":{\"@id\":\"https:\/\/theplayoffs.news\/fr\/actualite-nfl\/tom-brady-na-pas-assiste-a-lentrainement-des-chiefs\/#primaryimage\"},\"thumbnailUrl\":\"https:\/\/theplayoffs.news\/fr\/wp-content\/uploads\/2025\/02\/USATSI_25221881.jpg\",\"datePublished\":\"2025-02-06T12:56:38+00:00\",\"dateModified\":\"2025-02-06T12:56:40+00:00\",\"author\":{\"@id\":\"https:\/\/theplayoffs.news\/fr\/#\/schema\/person\/eee5b69ad5d3c51cabe881c839dbe133\"},\"breadcrumb\":{\"@id\":\"https:\/\/theplayoffs.news\/fr\/actualite-nfl\/tom-brady-na-pas-assiste-a-lentrainement-des-chiefs\/#breadcrumb\"},\"inLanguage\":\"fr-FR\",\"potentialAction\":[{\"@type\":\"ReadAction\",\"target\":[\"https:\/\/theplayoffs.news\/fr\/actualite-nfl\/tom-brady-na-pas-assiste-a-lentrainement-des-chiefs\/\"]}]},{\"@type\":\"ImageObject\",\"inLanguage\":\"fr-FR\",\"@id\":\"https:\/\/theplayoffs.news\/fr\/actualite-nfl\/tom-brady-na-pas-assiste-a-lentrainement-des-chiefs\/#primaryimage\",\"url\":\"https:\/\/theplayoffs.news\/fr\/wp-content\/uploads\/2025\/02\/USATSI_25221881.jpg\",\"contentUrl\":\"https:\/\/theplayoffs.news\/fr\/wp-content\/uploads\/2025\/02\/USATSI_25221881.jpg\",\"width\":1920,\"height\":1280,\"caption\":\"Tom Brady acknowledges fans as he walks into the tunnel before the NFC divisional round between Detroit Lions and Washington Commanders at Ford Field in Detroit on Saturday, Jan. 18, 2025.\"},{\"@type\":\"BreadcrumbList\",\"@id\":\"https:\/\/theplayoffs.news\/fr\/actualite-nfl\/tom-brady-na-pas-assiste-a-lentrainement-des-chiefs\/#breadcrumb\",\"itemListElement\":[{\"@type\":\"ListItem\",\"position\":1,\"name\":\"Accueil\",\"item\":\"https:\/\/theplayoffs.news\/fr\/\"},{\"@type\":\"ListItem\",\"position\":2,\"name\":\"Tom Brady n&rsquo;a pas assist\u00e9 \u00e0 l&rsquo;entra\u00eenement des Chiefs\"}]},{\"@type\":\"WebSite\",\"@id\":\"https:\/\/theplayoffs.news\/fr\/#website\",\"url\":\"https:\/\/theplayoffs.news\/fr\/\",\"name\":\"The Playoffs FR\",\"description\":\"NBA-NFL-NHL-MLB\",\"potentialAction\":[{\"@type\":\"SearchAction\",\"target\":{\"@type\":\"EntryPoint\",\"urlTemplate\":\"https:\/\/theplayoffs.news\/fr\/?s={search_term_string}\"},\"query-input\":{\"@type\":\"PropertyValueSpecification\",\"valueRequired\":true,\"valueName\":\"search_term_string\"}}],\"inLanguage\":\"fr-FR\"},{\"@type\":\"Person\",\"@id\":\"https:\/\/theplayoffs.news\/fr\/#\/schema\/person\/eee5b69ad5d3c51cabe881c839dbe133\",\"name\":\"Charles Taudin\",\"image\":{\"@type\":\"ImageObject\",\"inLanguage\":\"fr-FR\",\"@id\":\"https:\/\/theplayoffs.news\/fr\/#\/schema\/person\/image\/\",\"url\":\"https:\/\/secure.gravatar.com\/avatar\/59a1e772205ce9fd255edfcafc93013736822e20261f294c5753b20c41ede9f2?s=96&d=mm&r=g\",\"contentUrl\":\"https:\/\/secure.gravatar.com\/avatar\/59a1e772205ce9fd255edfcafc93013736822e20261f294c5753b20c41ede9f2?s=96&d=mm&r=g\",\"caption\":\"Charles Taudin\"},\"description\":\"R\u00e9dacteur en chef global de The Playoffs, j\u2019ai cr\u00e9\u00e9 The Free Agent, devenu The Playoffs FR, en 2020 durant la pand\u00e9mie. Amoureux depuis des ann\u00e9es des 4 sports majeurs am\u00e9ricains, j\u2019organise maintenant la strat\u00e9gie \u00e9ditoriale et les r\u00e9seaux sociaux de l\u2019ensemble des versions de The Playoffs. Il m\u2019arrive encore d\u2019\u00e9crire sur certains sports que j\u2019affectionne particuli\u00e8rement comme la NFL ou la MLB. Si vous devez retenir qu\u2019une chose : Eli Manning est le vrai GOAT pour avoir battu deux fois Tom Brady.\",\"sameAs\":[\"https:\/\/www.instagram.com\/ctaudin_\/\"],\"url\":\"https:\/\/theplayoffs.news\/fr\/author\/charles-taudin\/\"}]}<\/script>\n<!-- \/ Yoast SEO plugin. -->","yoast_head_json":{"title":"Tom Brady n&#039;a pas assist&eacute; &agrave; l&#039;entra&icirc;nement des Chiefs - The Playoffs FR","robots":{"index":"index","follow":"follow","max-snippet":"max-snippet:-1","max-image-preview":"max-image-preview:large","max-video-preview":"max-video-preview:-1"},"canonical":"https:\/\/theplayoffs.news\/fr\/actualite-nfl\/tom-brady-na-pas-assiste-a-lentrainement-des-chiefs\/","og_locale":"fr_FR","og_type":"article","og_title":"Tom Brady n&#039;a pas assist&eacute; &agrave; l&#039;entra&icirc;nement des Chiefs - The Playoffs FR","og_description":"Tom Brady &eacute;tait le grand absent de l&#039;entra&icirc;nement des Chiefs hier.","og_url":"https:\/\/theplayoffs.news\/fr\/actualite-nfl\/tom-brady-na-pas-assiste-a-lentrainement-des-chiefs\/","og_site_name":"The Playoffs FR","article_publisher":"https:\/\/www.facebook.com\/TheFreeAgentFR\/","article_modified_time":"2025-02-06T12:56:40+00:00","og_image":[{"width":1920,"height":1280,"url":"https:\/\/theplayoffs.news\/fr\/wp-content\/uploads\/2025\/02\/USATSI_25221881.jpg","type":"image\/jpeg"}],"author":"Charles Taudin","twitter_card":"summary_large_image","twitter_creator":"@TheFreeAgentFR","twitter_site":"@TheFreeAgentFR","twitter_misc":{"\u00c9crit par":"Charles Taudin","Dur\u00e9e de lecture estim\u00e9e":"2 minutes"},"schema":{"@context":"https:\/\/schema.org","@graph":[{"@type":"WebPage","@id":"https:\/\/theplayoffs.news\/fr\/actualite-nfl\/tom-brady-na-pas-assiste-a-lentrainement-des-chiefs\/","url":"https:\/\/theplayoffs.news\/fr\/actualite-nfl\/tom-brady-na-pas-assiste-a-lentrainement-des-chiefs\/","name":"Tom Brady n\\'a pas assist\u00e9 \u00e0 l\\'entra\u00eenement des Chiefs - The Playoffs FR","isPartOf":{"@id":"https:\/\/theplayoffs.news\/fr\/#website"},"primaryImageOfPage":{"@id":"https:\/\/theplayoffs.news\/fr\/actualite-nfl\/tom-brady-na-pas-assiste-a-lentrainement-des-chiefs\/#primaryimage"},"image":{"@id":"https:\/\/theplayoffs.news\/fr\/actualite-nfl\/tom-brady-na-pas-assiste-a-lentrainement-des-chiefs\/#primaryimage"},"thumbnailUrl":"https:\/\/theplayoffs.news\/fr\/wp-content\/uploads\/2025\/02\/USATSI_25221881.jpg","datePublished":"2025-02-06T12:56:38+00:00","dateModified":"2025-02-06T12:56:40+00:00","author":{"@id":"https:\/\/theplayoffs.news\/fr\/#\/schema\/person\/eee5b69ad5d3c51cabe881c839dbe133"},"breadcrumb":{"@id":"https:\/\/theplayoffs.news\/fr\/actualite-nfl\/tom-brady-na-pas-assiste-a-lentrainement-des-chiefs\/#breadcrumb"},"inLanguage":"fr-FR","potentialAction":[{"@type":"ReadAction","target":["https:\/\/theplayoffs.news\/fr\/actualite-nfl\/tom-brady-na-pas-assiste-a-lentrainement-des-chiefs\/"]}]},{"@type":"ImageObject","inLanguage":"fr-FR","@id":"https:\/\/theplayoffs.news\/fr\/actualite-nfl\/tom-brady-na-pas-assiste-a-lentrainement-des-chiefs\/#primaryimage","url":"https:\/\/theplayoffs.news\/fr\/wp-content\/uploads\/2025\/02\/USATSI_25221881.jpg","contentUrl":"https:\/\/theplayoffs.news\/fr\/wp-content\/uploads\/2025\/02\/USATSI_25221881.jpg","width":1920,"height":1280,"caption":"Tom Brady acknowledges fans as he walks into the tunnel before the NFC divisional round between Detroit Lions and Washington Commanders at Ford Field in Detroit on Saturday, Jan. 18, 2025."},{"@type":"BreadcrumbList","@id":"https:\/\/theplayoffs.news\/fr\/actualite-nfl\/tom-brady-na-pas-assiste-a-lentrainement-des-chiefs\/#breadcrumb","itemListElement":[{"@type":"ListItem","position":1,"name":"Accueil","item":"https:\/\/theplayoffs.news\/fr\/"},{"@type":"ListItem","position":2,"name":"Tom Brady n&rsquo;a pas assist\u00e9 \u00e0 l&rsquo;entra\u00eenement des Chiefs"}]},{"@type":"WebSite","@id":"https:\/\/theplayoffs.news\/fr\/#website","url":"https:\/\/theplayoffs.news\/fr\/","name":"The Playoffs FR","description":"NBA-NFL-NHL-MLB","potentialAction":[{"@type":"SearchAction","target":{"@type":"EntryPoint","urlTemplate":"https:\/\/theplayoffs.news\/fr\/?s={search_term_string}"},"query-input":{"@type":"PropertyValueSpecification","valueRequired":true,"valueName":"search_term_string"}}],"inLanguage":"fr-FR"},{"@type":"Person","@id":"https:\/\/theplayoffs.news\/fr\/#\/schema\/person\/eee5b69ad5d3c51cabe881c839dbe133","name":"Charles Taudin","image":{"@type":"ImageObject","inLanguage":"fr-FR","@id":"https:\/\/theplayoffs.news\/fr\/#\/schema\/person\/image\/","url":"https:\/\/secure.gravatar.com\/avatar\/59a1e772205ce9fd255edfcafc93013736822e20261f294c5753b20c41ede9f2?s=96&d=mm&r=g","contentUrl":"https:\/\/secure.gravatar.com\/avatar\/59a1e772205ce9fd255edfcafc93013736822e20261f294c5753b20c41ede9f2?s=96&d=mm&r=g","caption":"Charles Taudin"},"description":"R\u00e9dacteur en chef global de The Playoffs, j\u2019ai cr\u00e9\u00e9 The Free Agent, devenu The Playoffs FR, en 2020 durant la pand\u00e9mie. Amoureux depuis des ann\u00e9es des 4 sports majeurs am\u00e9ricains, j\u2019organise maintenant la strat\u00e9gie \u00e9ditoriale et les r\u00e9seaux sociaux de l\u2019ensemble des versions de The Playoffs. Il m\u2019arrive encore d\u2019\u00e9crire sur certains sports que j\u2019affectionne particuli\u00e8rement comme la NFL ou la MLB. Si vous devez retenir qu\u2019une chose : Eli Manning est le vrai GOAT pour avoir battu deux fois Tom Brady.","sameAs":["https:\/\/www.instagram.com\/ctaudin_\/"],"url":"https:\/\/theplayoffs.news\/fr\/author\/charles-taudin\/"}]}},"_links":{"self":[{"href":"https:\/\/theplayoffs.news\/fr\/wp-json\/wp\/v2\/posts\/1477497","targetHints":{"allow":["GET"]}}],"collection":[{"href":"https:\/\/theplayoffs.news\/fr\/wp-json\/wp\/v2\/posts"}],"about":[{"href":"https:\/\/theplayoffs.news\/fr\/wp-json\/wp\/v2\/types\/post"}],"author":[{"embeddable":true,"href":"https:\/\/theplayoffs.news\/fr\/wp-json\/wp\/v2\/users\/13"}],"replies":[{"embeddable":true,"href":"https:\/\/theplayoffs.news\/fr\/wp-json\/wp\/v2\/comments?post=1477497"}],"version-history":[{"count":1,"href":"https:\/\/theplayoffs.news\/fr\/wp-json\/wp\/v2\/posts\/1477497\/revisions"}],"predecessor-version":[{"id":1477501,"href":"https:\/\/theplayoffs.news\/fr\/wp-json\/wp\/v2\/posts\/1477497\/revisions\/1477501"}],"wp:featuredmedia":[{"embeddable":true,"href":"https:\/\/theplayoffs.news\/fr\/wp-json\/wp\/v2\/media\/1477499"}],"wp:attachment":[{"href":"https:\/\/theplayoffs.news\/fr\/wp-json\/wp\/v2\/media?parent=1477497"}],"wp:term":[{"taxonomy":"category","embeddable":true,"href":"https:\/\/theplayoffs.news\/fr\/wp-json\/wp\/v2\/categories?post=1477497"},{"taxonomy":"post_tag","embeddable":true,"href":"https:\/\/theplayoffs.news\/fr\/wp-json\/wp\/v2\/tags?post=1477497"},{"taxonomy":"sport","embeddable":true,"href":"https:\/\/theplayoffs.news\/fr\/wp-json\/wp\/v2\/sport?post=1477497"},{"taxonomy":"saison","embeddable":true,"href":"https:\/\/theplayoffs.news\/fr\/wp-json\/wp\/v2\/saison?post=1477497"}],"curies":[{"name":"wp","href":"https:\/\/api.w.org\/{rel}","templated":true}]}}