{"id":1477336,"date":"2025-02-05T16:35:31","date_gmt":"2025-02-05T15:35:31","guid":{"rendered":"https:\/\/theplayoffs.news\/fr\/uncategorized\/\/"},"modified":"2025-02-05T18:53:19","modified_gmt":"2025-02-05T17:53:19","slug":"nba-trade-les-bucks-acquierent-kyle-kuzma-contre-khris-middleton","status":"publish","type":"post","link":"https:\/\/theplayoffs.news\/fr\/actualite-nba\/nba-trade-les-bucks-acquierent-kyle-kuzma-contre-khris-middleton\/","title":{"rendered":"NBA Trade : les Bucks acqui\u00e8rent Kyle Kuzma contre Khris Middleton"},"content":{"rendered":"<p>Avec la <strong>trade deadline<\/strong> de la NBA approchant, les Bucks recevront <strong>Kyle Kuzma<\/strong> et enverront <strong>Khris Middleton<\/strong> aux Wizards.<\/p><p>Les <strong>Milwaukee Bucks<\/strong> ont &eacute;chang&eacute; l&rsquo;ailier <strong>Khris Middleton<\/strong> aux <strong>Washington Wizards<\/strong> ce mercredi 5 f&eacute;vrier. En retour, la franchise du Wisconsin re&ccedil;oit l&rsquo;ailier-fort <strong>Kyle Kuzma<\/strong>, qui &eacute;voluera d&eacute;sormais aux c&ocirc;t&eacute;s de <strong>Giannis Antetokounmpo<\/strong> et <strong>Damian Lillard<\/strong>.<\/p><p>En plus de Middleton, les Bucks ont &eacute;galement envoy&eacute; le meneur <strong>AJ Johnson<\/strong> ainsi qu&rsquo;une <strong>inversion de choix au Draft<\/strong>. De leur c&ocirc;t&eacute;, ils r&eacute;cup&egrave;rent <strong>Patrick Baldwin Jr.<\/strong> et un <strong>choix de deuxi&egrave;me tour<\/strong> des Wizards.<\/p><p>L&rsquo;information a &eacute;t&eacute; r&eacute;v&eacute;l&eacute;e par <strong>Shams Charania<\/strong>, d&rsquo;ESPN.<\/p><figure class=\"wp-block-embed is-type-rich is-provider-twitter wp-block-embed-twitter\"><div class=\"wp-block-embed__wrapper\">\n<blockquote class=\"twitter-tweet\" data-width=\"500\" data-dnt=\"true\"><p lang=\"en\" dir=\"ltr\">Breaking: The Milwaukee Bucks are trading Khris Middleton, AJ Johnson and a pick swap to the Washington Wizards for Kyle Kuzma, Patrick Baldwin Jr. and second-round draft compensation, sources tell ESPN. <a href=\"https:\/\/t.co\/hCOzqqqUXE\" class=\"trk-cta-link\" data-cta-trk='{\"ctaType\":\"Link\",\"ctaSubType\":\"main\"}'>pic.twitter.com\/hCOzqqqUXE<\/a><\/p>&mdash; Shams Charania (@ShamsCharania) <a href=\"https:\/\/twitter.com\/ShamsCharania\/status\/1887157913732485366?ref_src=twsrc%5Etfw\" class=\"trk-cta-link\" data-cta-trk='{\"ctaType\":\"Link\",\"ctaSubType\":\"main\"}'>February 5, 2025<\/a><\/blockquote><script async src=\"https:\/\/platform.twitter.com\/widgets.js\" charset=\"utf-8\"><\/script>\n<\/div><\/figure><p>Pour finaliser l&rsquo;accord, <strong>Kyle Kuzma<\/strong> a renonc&eacute; &agrave; une <strong>prime d&rsquo;&eacute;change<\/strong>, afin d&rsquo;aider les Bucks &agrave; continuer d&rsquo;ajouter des pi&egrave;ces d&rsquo;ici la <strong>trade deadline<\/strong> ou lors de la prochaine <strong>offseason<\/strong>, a pr&eacute;cis&eacute; le journaliste <strong>Bobby Marks<\/strong>.<\/p><p>Actuellement en difficult&eacute; cette saison, Kuzma affiche des moyennes de <strong>15,2 points et 5,8 rebonds<\/strong> par match. De plus, son pourcentage de r&eacute;ussite au tir (<strong>42%<\/strong>) est le plus bas de sa carri&egrave;re.<\/p><p>De son c&ocirc;t&eacute;, <strong>Khris Middleton<\/strong> conna&icirc;t &eacute;galement une p&eacute;riode compliqu&eacute;e. Ces trois derni&egrave;res saisons, de <strong>graves blessures<\/strong> l&rsquo;ont limit&eacute; &agrave; seulement <strong>111 matchs sur 212 possibles<\/strong> (jusqu&rsquo;&agrave; la date de l&rsquo;&eacute;change). Pour la saison 2024-25, il tourne &agrave; <strong>12,6 points, 4,4 passes et 3,7 rebonds<\/strong> en <strong>23 matchs<\/strong> jou&eacute;s.<\/p><p>Enfin, <strong>AJ Johnson<\/strong>, s&eacute;lectionn&eacute; en <strong>23&#7497; position<\/strong> lors du dernier <strong>NBA Draft<\/strong>, n&rsquo;a jou&eacute; que <strong>44 minutes<\/strong> avec les Bucks. D&eacute;sormais, au sein d&rsquo;une &eacute;quipe des Wizards en pleine reconstruction, il aura <strong>davantage d&rsquo;opportunit&eacute;s<\/strong> pour d&eacute;velopper son jeu. Quant &agrave; <strong>Patrick Baldwin Jr.<\/strong>, il affiche des moyennes en carri&egrave;re de <strong>3,7 points et 2 rebonds<\/strong> en trois saisons pass&eacute;es entre les <strong>Warriors et les Wizards<\/strong>.<\/p><p><\/p><p><\/p><p>Credit Photo : Jerome Miron-Imagn Images<\/p>\n","protected":false},"excerpt":{"rendered":"<p>Kyle Kuzma met cap sur Milwaukee<\/p>\n","protected":false},"author":13,"featured_media":1477338,"comment_status":"closed","ping_status":"closed","sticky":false,"template":"","format":"standard","meta":{"inline_featured_image":false,"kia_subtitle":"Kyle Kuzma met cap sur Milwaukee","_mux_skip_reasons":[],"proofreadBy":0,"footnotes":""},"categories":[110,10],"tags":[],"sport":[],"saison":[],"class_list":["post-1477336","post","type-post","status-publish","format-standard","has-post-thumbnail","hentry","category-actualite-nba","category-nba"],"acf":[],"yoast_head":"<!-- This site is optimized with the Yoast SEO plugin v24.2 - https:\/\/yoast.com\/wordpress\/plugins\/seo\/ -->\n<title>NBA Trade : les Bucks acqui&egrave;rent Kyle Kuzma contre Khris Middleton - The Playoffs FR<\/title>\n<meta name=\"robots\" content=\"index, follow, max-snippet:-1, max-image-preview:large, max-video-preview:-1\" \/>\n<link rel=\"canonical\" href=\"https:\/\/theplayoffs.news\/fr\/actualite-nba\/nba-trade-les-bucks-acquierent-kyle-kuzma-contre-khris-middleton\/\" \/>\n<meta property=\"og:locale\" content=\"fr_FR\" \/>\n<meta property=\"og:type\" content=\"article\" \/>\n<meta property=\"og:title\" content=\"NBA Trade : les Bucks acqui&egrave;rent Kyle Kuzma contre Khris Middleton - The Playoffs FR\" \/>\n<meta property=\"og:description\" content=\"Kyle Kuzma met cap sur Milwaukee\" \/>\n<meta property=\"og:url\" content=\"https:\/\/theplayoffs.news\/fr\/actualite-nba\/nba-trade-les-bucks-acquierent-kyle-kuzma-contre-khris-middleton\/\" \/>\n<meta property=\"og:site_name\" content=\"The Playoffs FR\" \/>\n<meta property=\"article:publisher\" content=\"https:\/\/www.facebook.com\/TheFreeAgentFR\/\" \/>\n<meta property=\"article:modified_time\" content=\"2025-02-05T18:53:19+01:00\" \/>\n<meta property=\"og:image\" content=\"https:\/\/theplayoffs.news\/fr\/wp-content\/uploads\/2025\/02\/USATSI_25281567.jpg\" \/>\n\t<meta property=\"og:image:width\" content=\"1920\" \/>\n\t<meta property=\"og:image:height\" content=\"1280\" \/>\n\t<meta property=\"og:image:type\" content=\"image\/jpeg\" \/>\n<meta name=\"author\" content=\"Charles Taudin\" \/>\n<meta name=\"twitter:card\" content=\"summary_large_image\" \/>\n<meta name=\"twitter:creator\" content=\"@TheFreeAgentFR\" \/>\n<meta name=\"twitter:site\" content=\"@TheFreeAgentFR\" \/>\n<meta name=\"twitter:label1\" content=\"\u00c9crit par\" \/>\n\t<meta name=\"twitter:data1\" content=\"Charles Taudin\" \/>\n\t<meta name=\"twitter:label2\" content=\"Dur\u00e9e de lecture estim\u00e9e\" \/>\n\t<meta name=\"twitter:data2\" content=\"2 minutes\" \/>\n<script type=\"application\/ld+json\" class=\"yoast-schema-graph\">{\"@context\":\"https:\/\/schema.org\",\"@graph\":[{\"@type\":\"WebPage\",\"@id\":\"https:\/\/theplayoffs.news\/fr\/actualite-nba\/nba-trade-les-bucks-acquierent-kyle-kuzma-contre-khris-middleton\/\",\"url\":\"https:\/\/theplayoffs.news\/fr\/actualite-nba\/nba-trade-les-bucks-acquierent-kyle-kuzma-contre-khris-middleton\/\",\"name\":\"NBA Trade : les Bucks acqui\u00e8rent Kyle Kuzma contre Khris Middleton - The Playoffs FR\",\"isPartOf\":{\"@id\":\"https:\/\/theplayoffs.news\/fr\/#website\"},\"primaryImageOfPage\":{\"@id\":\"https:\/\/theplayoffs.news\/fr\/actualite-nba\/nba-trade-les-bucks-acquierent-kyle-kuzma-contre-khris-middleton\/#primaryimage\"},\"image\":{\"@id\":\"https:\/\/theplayoffs.news\/fr\/actualite-nba\/nba-trade-les-bucks-acquierent-kyle-kuzma-contre-khris-middleton\/#primaryimage\"},\"thumbnailUrl\":\"https:\/\/theplayoffs.news\/fr\/wp-content\/uploads\/2025\/02\/USATSI_25281567.jpg\",\"datePublished\":\"2025-02-05T15:35:31+00:00\",\"dateModified\":\"2025-02-05T17:53:19+00:00\",\"author\":{\"@id\":\"https:\/\/theplayoffs.news\/fr\/#\/schema\/person\/eee5b69ad5d3c51cabe881c839dbe133\"},\"breadcrumb\":{\"@id\":\"https:\/\/theplayoffs.news\/fr\/actualite-nba\/nba-trade-les-bucks-acquierent-kyle-kuzma-contre-khris-middleton\/#breadcrumb\"},\"inLanguage\":\"fr-FR\",\"potentialAction\":[{\"@type\":\"ReadAction\",\"target\":[\"https:\/\/theplayoffs.news\/fr\/actualite-nba\/nba-trade-les-bucks-acquierent-kyle-kuzma-contre-khris-middleton\/\"]}]},{\"@type\":\"ImageObject\",\"inLanguage\":\"fr-FR\",\"@id\":\"https:\/\/theplayoffs.news\/fr\/actualite-nba\/nba-trade-les-bucks-acquierent-kyle-kuzma-contre-khris-middleton\/#primaryimage\",\"url\":\"https:\/\/theplayoffs.news\/fr\/wp-content\/uploads\/2025\/02\/USATSI_25281567.jpg\",\"contentUrl\":\"https:\/\/theplayoffs.news\/fr\/wp-content\/uploads\/2025\/02\/USATSI_25281567.jpg\",\"width\":1920,\"height\":1280,\"caption\":\"Jan 27, 2025; Dallas, Texas, USA; Washington Wizards forward Kyle Kuzma (33) looks on during the first quarter against the Dallas Mavericks at the American Airlines Center. Mandatory Credit: Jerome Miron-Imagn Images\"},{\"@type\":\"BreadcrumbList\",\"@id\":\"https:\/\/theplayoffs.news\/fr\/actualite-nba\/nba-trade-les-bucks-acquierent-kyle-kuzma-contre-khris-middleton\/#breadcrumb\",\"itemListElement\":[{\"@type\":\"ListItem\",\"position\":1,\"name\":\"Accueil\",\"item\":\"https:\/\/theplayoffs.news\/fr\/\"},{\"@type\":\"ListItem\",\"position\":2,\"name\":\"NBA Trade : les Bucks acqui\u00e8rent Kyle Kuzma contre Khris Middleton\"}]},{\"@type\":\"WebSite\",\"@id\":\"https:\/\/theplayoffs.news\/fr\/#website\",\"url\":\"https:\/\/theplayoffs.news\/fr\/\",\"name\":\"The Playoffs FR\",\"description\":\"NBA-NFL-NHL-MLB\",\"potentialAction\":[{\"@type\":\"SearchAction\",\"target\":{\"@type\":\"EntryPoint\",\"urlTemplate\":\"https:\/\/theplayoffs.news\/fr\/?s={search_term_string}\"},\"query-input\":{\"@type\":\"PropertyValueSpecification\",\"valueRequired\":true,\"valueName\":\"search_term_string\"}}],\"inLanguage\":\"fr-FR\"},{\"@type\":\"Person\",\"@id\":\"https:\/\/theplayoffs.news\/fr\/#\/schema\/person\/eee5b69ad5d3c51cabe881c839dbe133\",\"name\":\"Charles Taudin\",\"image\":{\"@type\":\"ImageObject\",\"inLanguage\":\"fr-FR\",\"@id\":\"https:\/\/theplayoffs.news\/fr\/#\/schema\/person\/image\/\",\"url\":\"https:\/\/secure.gravatar.com\/avatar\/59a1e772205ce9fd255edfcafc93013736822e20261f294c5753b20c41ede9f2?s=96&d=mm&r=g\",\"contentUrl\":\"https:\/\/secure.gravatar.com\/avatar\/59a1e772205ce9fd255edfcafc93013736822e20261f294c5753b20c41ede9f2?s=96&d=mm&r=g\",\"caption\":\"Charles Taudin\"},\"description\":\"R\u00e9dacteur en chef global de The Playoffs, j\u2019ai cr\u00e9\u00e9 The Free Agent, devenu The Playoffs FR, en 2020 durant la pand\u00e9mie. Amoureux depuis des ann\u00e9es des 4 sports majeurs am\u00e9ricains, j\u2019organise maintenant la strat\u00e9gie \u00e9ditoriale et les r\u00e9seaux sociaux de l\u2019ensemble des versions de The Playoffs. Il m\u2019arrive encore d\u2019\u00e9crire sur certains sports que j\u2019affectionne particuli\u00e8rement comme la NFL ou la MLB. Si vous devez retenir qu\u2019une chose : Eli Manning est le vrai GOAT pour avoir battu deux fois Tom Brady.\",\"sameAs\":[\"https:\/\/www.instagram.com\/ctaudin_\/\"],\"url\":\"https:\/\/theplayoffs.news\/fr\/author\/charles-taudin\/\"}]}<\/script>\n<!-- \/ Yoast SEO plugin. -->","yoast_head_json":{"title":"NBA Trade : les Bucks acqui&egrave;rent Kyle Kuzma contre Khris Middleton - The Playoffs FR","robots":{"index":"index","follow":"follow","max-snippet":"max-snippet:-1","max-image-preview":"max-image-preview:large","max-video-preview":"max-video-preview:-1"},"canonical":"https:\/\/theplayoffs.news\/fr\/actualite-nba\/nba-trade-les-bucks-acquierent-kyle-kuzma-contre-khris-middleton\/","og_locale":"fr_FR","og_type":"article","og_title":"NBA Trade : les Bucks acqui&egrave;rent Kyle Kuzma contre Khris Middleton - The Playoffs FR","og_description":"Kyle Kuzma met cap sur Milwaukee","og_url":"https:\/\/theplayoffs.news\/fr\/actualite-nba\/nba-trade-les-bucks-acquierent-kyle-kuzma-contre-khris-middleton\/","og_site_name":"The Playoffs FR","article_publisher":"https:\/\/www.facebook.com\/TheFreeAgentFR\/","article_modified_time":"2025-02-05T17:53:19+00:00","og_image":[{"width":1920,"height":1280,"url":"https:\/\/theplayoffs.news\/fr\/wp-content\/uploads\/2025\/02\/USATSI_25281567.jpg","type":"image\/jpeg"}],"author":"Charles Taudin","twitter_card":"summary_large_image","twitter_creator":"@TheFreeAgentFR","twitter_site":"@TheFreeAgentFR","twitter_misc":{"\u00c9crit par":"Charles Taudin","Dur\u00e9e de lecture estim\u00e9e":"2 minutes"},"schema":{"@context":"https:\/\/schema.org","@graph":[{"@type":"WebPage","@id":"https:\/\/theplayoffs.news\/fr\/actualite-nba\/nba-trade-les-bucks-acquierent-kyle-kuzma-contre-khris-middleton\/","url":"https:\/\/theplayoffs.news\/fr\/actualite-nba\/nba-trade-les-bucks-acquierent-kyle-kuzma-contre-khris-middleton\/","name":"NBA Trade : les Bucks acqui\u00e8rent Kyle Kuzma contre Khris Middleton - The Playoffs FR","isPartOf":{"@id":"https:\/\/theplayoffs.news\/fr\/#website"},"primaryImageOfPage":{"@id":"https:\/\/theplayoffs.news\/fr\/actualite-nba\/nba-trade-les-bucks-acquierent-kyle-kuzma-contre-khris-middleton\/#primaryimage"},"image":{"@id":"https:\/\/theplayoffs.news\/fr\/actualite-nba\/nba-trade-les-bucks-acquierent-kyle-kuzma-contre-khris-middleton\/#primaryimage"},"thumbnailUrl":"https:\/\/theplayoffs.news\/fr\/wp-content\/uploads\/2025\/02\/USATSI_25281567.jpg","datePublished":"2025-02-05T15:35:31+00:00","dateModified":"2025-02-05T17:53:19+00:00","author":{"@id":"https:\/\/theplayoffs.news\/fr\/#\/schema\/person\/eee5b69ad5d3c51cabe881c839dbe133"},"breadcrumb":{"@id":"https:\/\/theplayoffs.news\/fr\/actualite-nba\/nba-trade-les-bucks-acquierent-kyle-kuzma-contre-khris-middleton\/#breadcrumb"},"inLanguage":"fr-FR","potentialAction":[{"@type":"ReadAction","target":["https:\/\/theplayoffs.news\/fr\/actualite-nba\/nba-trade-les-bucks-acquierent-kyle-kuzma-contre-khris-middleton\/"]}]},{"@type":"ImageObject","inLanguage":"fr-FR","@id":"https:\/\/theplayoffs.news\/fr\/actualite-nba\/nba-trade-les-bucks-acquierent-kyle-kuzma-contre-khris-middleton\/#primaryimage","url":"https:\/\/theplayoffs.news\/fr\/wp-content\/uploads\/2025\/02\/USATSI_25281567.jpg","contentUrl":"https:\/\/theplayoffs.news\/fr\/wp-content\/uploads\/2025\/02\/USATSI_25281567.jpg","width":1920,"height":1280,"caption":"Jan 27, 2025; Dallas, Texas, USA; Washington Wizards forward Kyle Kuzma (33) looks on during the first quarter against the Dallas Mavericks at the American Airlines Center. Mandatory Credit: Jerome Miron-Imagn Images"},{"@type":"BreadcrumbList","@id":"https:\/\/theplayoffs.news\/fr\/actualite-nba\/nba-trade-les-bucks-acquierent-kyle-kuzma-contre-khris-middleton\/#breadcrumb","itemListElement":[{"@type":"ListItem","position":1,"name":"Accueil","item":"https:\/\/theplayoffs.news\/fr\/"},{"@type":"ListItem","position":2,"name":"NBA Trade : les Bucks acqui\u00e8rent Kyle Kuzma contre Khris Middleton"}]},{"@type":"WebSite","@id":"https:\/\/theplayoffs.news\/fr\/#website","url":"https:\/\/theplayoffs.news\/fr\/","name":"The Playoffs FR","description":"NBA-NFL-NHL-MLB","potentialAction":[{"@type":"SearchAction","target":{"@type":"EntryPoint","urlTemplate":"https:\/\/theplayoffs.news\/fr\/?s={search_term_string}"},"query-input":{"@type":"PropertyValueSpecification","valueRequired":true,"valueName":"search_term_string"}}],"inLanguage":"fr-FR"},{"@type":"Person","@id":"https:\/\/theplayoffs.news\/fr\/#\/schema\/person\/eee5b69ad5d3c51cabe881c839dbe133","name":"Charles Taudin","image":{"@type":"ImageObject","inLanguage":"fr-FR","@id":"https:\/\/theplayoffs.news\/fr\/#\/schema\/person\/image\/","url":"https:\/\/secure.gravatar.com\/avatar\/59a1e772205ce9fd255edfcafc93013736822e20261f294c5753b20c41ede9f2?s=96&d=mm&r=g","contentUrl":"https:\/\/secure.gravatar.com\/avatar\/59a1e772205ce9fd255edfcafc93013736822e20261f294c5753b20c41ede9f2?s=96&d=mm&r=g","caption":"Charles Taudin"},"description":"R\u00e9dacteur en chef global de The Playoffs, j\u2019ai cr\u00e9\u00e9 The Free Agent, devenu The Playoffs FR, en 2020 durant la pand\u00e9mie. Amoureux depuis des ann\u00e9es des 4 sports majeurs am\u00e9ricains, j\u2019organise maintenant la strat\u00e9gie \u00e9ditoriale et les r\u00e9seaux sociaux de l\u2019ensemble des versions de The Playoffs. Il m\u2019arrive encore d\u2019\u00e9crire sur certains sports que j\u2019affectionne particuli\u00e8rement comme la NFL ou la MLB. Si vous devez retenir qu\u2019une chose : Eli Manning est le vrai GOAT pour avoir battu deux fois Tom Brady.","sameAs":["https:\/\/www.instagram.com\/ctaudin_\/"],"url":"https:\/\/theplayoffs.news\/fr\/author\/charles-taudin\/"}]}},"_links":{"self":[{"href":"https:\/\/theplayoffs.news\/fr\/wp-json\/wp\/v2\/posts\/1477336","targetHints":{"allow":["GET"]}}],"collection":[{"href":"https:\/\/theplayoffs.news\/fr\/wp-json\/wp\/v2\/posts"}],"about":[{"href":"https:\/\/theplayoffs.news\/fr\/wp-json\/wp\/v2\/types\/post"}],"author":[{"embeddable":true,"href":"https:\/\/theplayoffs.news\/fr\/wp-json\/wp\/v2\/users\/13"}],"replies":[{"embeddable":true,"href":"https:\/\/theplayoffs.news\/fr\/wp-json\/wp\/v2\/comments?post=1477336"}],"version-history":[{"count":3,"href":"https:\/\/theplayoffs.news\/fr\/wp-json\/wp\/v2\/posts\/1477336\/revisions"}],"predecessor-version":[{"id":1477365,"href":"https:\/\/theplayoffs.news\/fr\/wp-json\/wp\/v2\/posts\/1477336\/revisions\/1477365"}],"wp:featuredmedia":[{"embeddable":true,"href":"https:\/\/theplayoffs.news\/fr\/wp-json\/wp\/v2\/media\/1477338"}],"wp:attachment":[{"href":"https:\/\/theplayoffs.news\/fr\/wp-json\/wp\/v2\/media?parent=1477336"}],"wp:term":[{"taxonomy":"category","embeddable":true,"href":"https:\/\/theplayoffs.news\/fr\/wp-json\/wp\/v2\/categories?post=1477336"},{"taxonomy":"post_tag","embeddable":true,"href":"https:\/\/theplayoffs.news\/fr\/wp-json\/wp\/v2\/tags?post=1477336"},{"taxonomy":"sport","embeddable":true,"href":"https:\/\/theplayoffs.news\/fr\/wp-json\/wp\/v2\/sport?post=1477336"},{"taxonomy":"saison","embeddable":true,"href":"https:\/\/theplayoffs.news\/fr\/wp-json\/wp\/v2\/saison?post=1477336"}],"curies":[{"name":"wp","href":"https:\/\/api.w.org\/{rel}","templated":true}]}}