{"id":1477289,"date":"2025-02-05T10:23:48","date_gmt":"2025-02-05T09:23:48","guid":{"rendered":"https:\/\/theplayoffs.news\/fr\/uncategorized\/\/"},"modified":"2025-02-05T10:23:49","modified_gmt":"2025-02-05T09:23:49","slug":"anthony-davis-choque-par-son-echange-contre-luka-doncic","status":"publish","type":"post","link":"https:\/\/theplayoffs.news\/fr\/actualite-nba\/anthony-davis-choque-par-son-echange-contre-luka-doncic\/","title":{"rendered":"Anthony Davis \u00ab\u00a0choqu\u00e9\u00a0\u00bb par son \u00e9change contre Luka Doncic"},"content":{"rendered":"<p>Le monde de la <a href=\"https:\/\/theplayoffs.news\/fr\/category\/nba\/\" class=\"trk-cta-link\" data-cta-trk='{\"ctaType\":\"Link\",\"ctaSubType\":\"main\"}'>NBA <\/a>a &eacute;t&eacute; secou&eacute; par l&rsquo;annonce du transfert de <strong>Luka Doncic<\/strong> aux Los Angeles Lakers en &eacute;change d&rsquo;Anthony Davis. La nouvelle, d&rsquo;abord per&ccedil;ue comme une rumeur, a rapidement &eacute;t&eacute; confirm&eacute;e : <a href=\"https:\/\/www.basketball-reference.com\/players\/d\/davisan02.html\" class=\"trk-cta-link\" data-cta-trk='{\"ctaType\":\"Link\",\"ctaSubType\":\"main\"}'>Anthony Davis<\/a> n&rsquo;est plus un Laker !<\/p><p>Dans ce qui est d&eacute;j&agrave; consid&eacute;r&eacute; comme l&rsquo;un des plus grands &eacute;changes de ces derni&egrave;res ann&eacute;es, les Lakers ont mis la main sur Doncic en c&eacute;dant le v&eacute;t&eacute;ran <strong>Anthony Davis<\/strong> ainsi qu&rsquo;un choix de premier tour de draft, dans un deal impliquant trois &eacute;quipes. &Agrave; cette occasion, le jeune arri&egrave;re <strong>Jalen Hood-Schifino<\/strong> a &eacute;galement &eacute;t&eacute; envoy&eacute; au Utah Jazz.<\/p><figure class=\"wp-block-embed is-type-rich is-provider-twitter wp-block-embed-twitter\"><div class=\"wp-block-embed__wrapper\">\n<blockquote class=\"twitter-tweet\" data-width=\"500\" data-dnt=\"true\"><p lang=\"en\" dir=\"ltr\">It's 1000% real: <a href=\"https:\/\/t.co\/ncNjpN37gU\" class=\"trk-cta-link\" data-cta-trk='{\"ctaType\":\"Link\",\"ctaSubType\":\"main\"}'>pic.twitter.com\/ncNjpN37gU<\/a><\/p>&mdash; Shams Charania (@ShamsCharania) <a href=\"https:\/\/twitter.com\/ShamsCharania\/status\/1885942156411408886?ref_src=twsrc%5Etfw\" class=\"trk-cta-link\" data-cta-trk='{\"ctaType\":\"Link\",\"ctaSubType\":\"main\"}'>February 2, 2025<\/a><\/blockquote><script async src=\"https:\/\/platform.twitter.com\/widgets.js\" charset=\"utf-8\"><\/script>\n<\/div><\/figure><p>Toujours en convalescence en raison d&rsquo;une blessure abdominale, Davis n&rsquo;a pas pu faire ses d&eacute;buts avec les Mavericks lors du match contre les Philadelphia 76ers mardi soir. Priv&eacute;e de sa nouvelle recrue, Dallas s&rsquo;est inclin&eacute;e de justesse (118-116), enregistrant ainsi une troisi&egrave;me d&eacute;faite cons&eacute;cutive.<\/p><p>Bien qu&rsquo;il n&rsquo;ait pas encore foul&eacute; le parquet sous ses nouvelles couleurs, Davis a d&eacute;j&agrave; rejoint l&rsquo;&eacute;quipe en d&eacute;placement et &eacute;tait pr&eacute;sent sur le banc. En revanche, un autre ancien Laker, <strong>Max Christie<\/strong>, &eacute;galement inclus dans l&rsquo;&eacute;change, a disput&eacute; la rencontre face aux 76ers. Il a sign&eacute; une solide performance avec 15 points, 9 rebonds et 3 passes d&eacute;cisives.<\/p><figure class=\"wp-block-embed is-type-rich is-provider-twitter wp-block-embed-twitter\"><div class=\"wp-block-embed__wrapper\">\n<blockquote class=\"twitter-tweet\" data-width=\"500\" data-dnt=\"true\"><p lang=\"en\" dir=\"ltr\">Max Christie (<a href=\"https:\/\/twitter.com\/Max12Christie?ref_src=twsrc%5Etfw\" class=\"trk-cta-link\" data-cta-trk='{\"ctaType\":\"Link\",\"ctaSubType\":\"main\"}'>@Max12Christie<\/a>) came off the bench in his Dallas Mavericks debut tonight.<br><br>He finished with 15 points (5-8 FG, 4-4 3PT, 1-2 FT), nine rebounds (tied team-high), three assists, &amp; a steal in the loss to Philly.<a href=\"https:\/\/twitter.com\/hashtag\/MFFL?src=hash&amp;ref_src=twsrc%5Etfw\" class=\"trk-cta-link\" data-cta-trk='{\"ctaType\":\"Link\",\"ctaSubType\":\"main\"}'>#MFFL<\/a>&nbsp; <a href=\"https:\/\/twitter.com\/RMBoysHoops?ref_src=twsrc%5Etfw\" class=\"trk-cta-link\" data-cta-trk='{\"ctaType\":\"Link\",\"ctaSubType\":\"main\"}'>@RMBoysHoops<\/a> <a href=\"https:\/\/twitter.com\/dallasmavs?ref_src=twsrc%5Etfw\" class=\"trk-cta-link\" data-cta-trk='{\"ctaType\":\"Link\",\"ctaSubType\":\"main\"}'>@dallasmavs<\/a> <a href=\"https:\/\/t.co\/1ApYNb6V2N\" class=\"trk-cta-link\" data-cta-trk='{\"ctaType\":\"Link\",\"ctaSubType\":\"main\"}'>pic.twitter.com\/1ApYNb6V2N<\/a><\/p>&mdash; Xavier Sanchez (@Xavier_Sanchez4) <a href=\"https:\/\/twitter.com\/Xavier_Sanchez4\/status\/1887025959024447570?ref_src=twsrc%5Etfw\" class=\"trk-cta-link\" data-cta-trk='{\"ctaType\":\"Link\",\"ctaSubType\":\"main\"}'>February 5, 2025<\/a><\/blockquote><script async src=\"https:\/\/platform.twitter.com\/widgets.js\" charset=\"utf-8\"><\/script>\n<\/div><\/figure><p>S&rsquo;exprimant pour la premi&egrave;re fois depuis son arriv&eacute;e &agrave; Dallas, Davis a confi&eacute; qu&rsquo;il avait &eacute;t&eacute; pris de court par cet &eacute;change et qu&rsquo;il ne s&rsquo;y attendait absolument pas.<\/p><p><em>&laquo; J&rsquo;ai &eacute;t&eacute; choqu&eacute;. Je n&rsquo;&eacute;tais au courant de rien. J&rsquo;&eacute;tais tranquillement chez moi, sur le point de regarder un film avec ma femme, quand j&rsquo;ai re&ccedil;u l&rsquo;appel. Je n&rsquo;avais aucune id&eacute;e de ce qui se pr&eacute;parait. &raquo;<\/em><\/p><figure class=\"wp-block-embed is-type-rich is-provider-twitter wp-block-embed-twitter\"><div class=\"wp-block-embed__wrapper\">\n<blockquote class=\"twitter-tweet\" data-width=\"500\" data-dnt=\"true\"><p lang=\"en\" dir=\"ltr\">Anthony Davis on the trade:<br><br>&ldquo;I was shocked. I didn&rsquo;t know. I was actually at home, about to watch a movie with my wife and got the phone call. I had no idea&hellip;.Now I&rsquo;m kind of over it and just getting ready to play with Dallas.&rdquo;<br><br>(via <a href=\"https:\/\/twitter.com\/MikeACurtis2?ref_src=twsrc%5Etfw\" class=\"trk-cta-link\" data-cta-trk='{\"ctaType\":\"Link\",\"ctaSubType\":\"main\"}'>@MikeACurtis2<\/a>)<br><br> <a href=\"https:\/\/t.co\/lzCXCn8ZYw\" class=\"trk-cta-link\" data-cta-trk='{\"ctaType\":\"Link\",\"ctaSubType\":\"main\"}'>pic.twitter.com\/lzCXCn8ZYw<\/a><\/p>&mdash; Hoop Central (@TheHoopCentral) <a href=\"https:\/\/twitter.com\/TheHoopCentral\/status\/1886829255390327012?ref_src=twsrc%5Etfw\" class=\"trk-cta-link\" data-cta-trk='{\"ctaType\":\"Link\",\"ctaSubType\":\"main\"}'>February 4, 2025<\/a><\/blockquote><script async src=\"https:\/\/platform.twitter.com\/widgets.js\" charset=\"utf-8\"><\/script>\n<\/div><\/figure><p>Malgr&eacute; la surprise, le joueur de 31 ans assure avoir tourn&eacute; la page et se dit d&eacute;sormais pr&ecirc;t &agrave; relever ce nouveau d&eacute;fi avec les Mavericks. Le 1er choix de la Draft 2012 devrait faire ses d&eacute;buts sous ses nouvelles couleurs jeudi face aux Celtics, dans un remake des derni&egrave;res finales NBA.<\/p><p>Cr&eacute;dit : &copy; Kyle Ross-Imagn Images<\/p>\n","protected":false},"excerpt":{"rendered":"<p>Echang\u00e9 contre Luka Doncic samedi \u00e0 la surprise g\u00e9n\u00e9rale, Anthony Davis s&rsquo;est dit \u00ab\u00a0choqu\u00e9\u00a0\u00bb pour sa premi\u00e8re sortie sur le sujet.<\/p>\n","protected":false},"author":180309799,"featured_media":1477293,"comment_status":"closed","ping_status":"closed","sticky":false,"template":"","format":"standard","meta":{"inline_featured_image":false,"kia_subtitle":"Echang\u00e9 contre Luka Doncic samedi \u00e0 la surprise g\u00e9n\u00e9rale, Anthony Davis s'est dit \"choqu\u00e9\" pour sa premi\u00e8re sortie sur le sujet.","_mux_skip_reasons":[],"proofreadBy":0,"footnotes":""},"categories":[110,10],"tags":[763,595,117,545,7587,23],"sport":[2783],"saison":[],"class_list":["post-1477289","post","type-post","status-publish","format-standard","has-post-thumbnail","hentry","category-actualite-nba","category-nba","tag-anthony-davis","tag-dallas-mavericks","tag-los-angeles-lakers","tag-luka-doncic","tag-max-christie","tag-nba-tag","sport-nba"],"acf":[],"yoast_head":"<!-- This site is optimized with the Yoast SEO plugin v24.2 - https:\/\/yoast.com\/wordpress\/plugins\/seo\/ -->\n<title>Anthony Davis &quot;choqu&eacute;&quot; par son &eacute;change contre Luka Doncic<\/title>\n<meta name=\"description\" content=\"Echang&eacute; contre Luka Doncic samedi &agrave; la surprise g&eacute;n&eacute;rale, Anthony Davis s&#039;est dit &quot;choqu&eacute;&quot; pour sa premi&egrave;re sortie sur le sujet.\" \/>\n<meta name=\"robots\" content=\"index, follow, max-snippet:-1, max-image-preview:large, max-video-preview:-1\" \/>\n<link rel=\"canonical\" href=\"https:\/\/theplayoffs.news\/fr\/actualite-nba\/anthony-davis-choque-par-son-echange-contre-luka-doncic\/\" \/>\n<meta property=\"og:locale\" content=\"fr_FR\" \/>\n<meta property=\"og:type\" content=\"article\" \/>\n<meta property=\"og:title\" content=\"Anthony Davis &quot;choqu&eacute;&quot; par son &eacute;change contre Luka Doncic\" \/>\n<meta property=\"og:description\" content=\"Echang&eacute; contre Luka Doncic samedi &agrave; la surprise g&eacute;n&eacute;rale, Anthony Davis s&#039;est dit &quot;choqu&eacute;&quot; pour sa premi&egrave;re sortie sur le sujet.\" \/>\n<meta property=\"og:url\" content=\"https:\/\/theplayoffs.news\/fr\/actualite-nba\/anthony-davis-choque-par-son-echange-contre-luka-doncic\/\" \/>\n<meta property=\"og:site_name\" content=\"The Playoffs FR\" \/>\n<meta property=\"article:publisher\" content=\"https:\/\/www.facebook.com\/TheFreeAgentFR\/\" \/>\n<meta property=\"article:modified_time\" content=\"2025-02-05T10:23:49+01:00\" \/>\n<meta property=\"og:image\" content=\"https:\/\/theplayoffs.news\/fr\/wp-content\/uploads\/2025\/02\/USATSI_25340220.jpg\" \/>\n\t<meta property=\"og:image:width\" content=\"1920\" \/>\n\t<meta property=\"og:image:height\" content=\"1280\" \/>\n\t<meta property=\"og:image:type\" content=\"image\/jpeg\" \/>\n<meta name=\"author\" content=\"La r\u00e9daction\" \/>\n<meta name=\"twitter:card\" content=\"summary_large_image\" \/>\n<meta name=\"twitter:creator\" content=\"@TheFreeAgentFR\" \/>\n<meta name=\"twitter:site\" content=\"@TheFreeAgentFR\" \/>\n<meta name=\"twitter:label1\" content=\"\u00c9crit par\" \/>\n\t<meta name=\"twitter:data1\" content=\"La r\u00e9daction\" \/>\n\t<meta name=\"twitter:label2\" content=\"Dur\u00e9e de lecture estim\u00e9e\" \/>\n\t<meta name=\"twitter:data2\" content=\"2 minutes\" \/>\n<script type=\"application\/ld+json\" class=\"yoast-schema-graph\">{\"@context\":\"https:\/\/schema.org\",\"@graph\":[{\"@type\":\"WebPage\",\"@id\":\"https:\/\/theplayoffs.news\/fr\/actualite-nba\/anthony-davis-choque-par-son-echange-contre-luka-doncic\/\",\"url\":\"https:\/\/theplayoffs.news\/fr\/actualite-nba\/anthony-davis-choque-par-son-echange-contre-luka-doncic\/\",\"name\":\"Anthony Davis \\\\\\\"choqu\u00e9\\\\\\\" par son \u00e9change contre Luka Doncic\",\"isPartOf\":{\"@id\":\"https:\/\/theplayoffs.news\/fr\/#website\"},\"primaryImageOfPage\":{\"@id\":\"https:\/\/theplayoffs.news\/fr\/actualite-nba\/anthony-davis-choque-par-son-echange-contre-luka-doncic\/#primaryimage\"},\"image\":{\"@id\":\"https:\/\/theplayoffs.news\/fr\/actualite-nba\/anthony-davis-choque-par-son-echange-contre-luka-doncic\/#primaryimage\"},\"thumbnailUrl\":\"https:\/\/theplayoffs.news\/fr\/wp-content\/uploads\/2025\/02\/USATSI_25340220.jpg\",\"datePublished\":\"2025-02-05T09:23:48+00:00\",\"dateModified\":\"2025-02-05T09:23:49+00:00\",\"author\":{\"@id\":\"https:\/\/theplayoffs.news\/fr\/#\/schema\/person\/bb40426f4e478f9bd8cdbfeb4f2f9784\"},\"description\":\"Echang\u00e9 contre Luka Doncic samedi \u00e0 la surprise g\u00e9n\u00e9rale, Anthony Davis s\\\\'est dit \\\\\\\"choqu\u00e9\\\\\\\" pour sa premi\u00e8re sortie sur le sujet.\",\"breadcrumb\":{\"@id\":\"https:\/\/theplayoffs.news\/fr\/actualite-nba\/anthony-davis-choque-par-son-echange-contre-luka-doncic\/#breadcrumb\"},\"inLanguage\":\"fr-FR\",\"potentialAction\":[{\"@type\":\"ReadAction\",\"target\":[\"https:\/\/theplayoffs.news\/fr\/actualite-nba\/anthony-davis-choque-par-son-echange-contre-luka-doncic\/\"]}]},{\"@type\":\"ImageObject\",\"inLanguage\":\"fr-FR\",\"@id\":\"https:\/\/theplayoffs.news\/fr\/actualite-nba\/anthony-davis-choque-par-son-echange-contre-luka-doncic\/#primaryimage\",\"url\":\"https:\/\/theplayoffs.news\/fr\/wp-content\/uploads\/2025\/02\/USATSI_25340220.jpg\",\"contentUrl\":\"https:\/\/theplayoffs.news\/fr\/wp-content\/uploads\/2025\/02\/USATSI_25340220.jpg\",\"width\":1920,\"height\":1280,\"caption\":\"Anthony Davis Luka Doncic\"},{\"@type\":\"BreadcrumbList\",\"@id\":\"https:\/\/theplayoffs.news\/fr\/actualite-nba\/anthony-davis-choque-par-son-echange-contre-luka-doncic\/#breadcrumb\",\"itemListElement\":[{\"@type\":\"ListItem\",\"position\":1,\"name\":\"Accueil\",\"item\":\"https:\/\/theplayoffs.news\/fr\/\"},{\"@type\":\"ListItem\",\"position\":2,\"name\":\"Anthony Davis \u00ab\u00a0choqu\u00e9\u00a0\u00bb par son \u00e9change contre Luka Doncic\"}]},{\"@type\":\"WebSite\",\"@id\":\"https:\/\/theplayoffs.news\/fr\/#website\",\"url\":\"https:\/\/theplayoffs.news\/fr\/\",\"name\":\"The Playoffs FR\",\"description\":\"NBA-NFL-NHL-MLB\",\"potentialAction\":[{\"@type\":\"SearchAction\",\"target\":{\"@type\":\"EntryPoint\",\"urlTemplate\":\"https:\/\/theplayoffs.news\/fr\/?s={search_term_string}\"},\"query-input\":{\"@type\":\"PropertyValueSpecification\",\"valueRequired\":true,\"valueName\":\"search_term_string\"}}],\"inLanguage\":\"fr-FR\"},{\"@type\":\"Person\",\"@id\":\"https:\/\/theplayoffs.news\/fr\/#\/schema\/person\/bb40426f4e478f9bd8cdbfeb4f2f9784\",\"name\":\"La r\u00e9daction\",\"image\":{\"@type\":\"ImageObject\",\"inLanguage\":\"fr-FR\",\"@id\":\"https:\/\/theplayoffs.news\/fr\/#\/schema\/person\/image\/\",\"url\":\"https:\/\/secure.gravatar.com\/avatar\/7e69b41460ab2c17d61c8c364b6a0ee006f957a70191383ef42be1f4733d6515?s=96&d=mm&r=g\",\"contentUrl\":\"https:\/\/secure.gravatar.com\/avatar\/7e69b41460ab2c17d61c8c364b6a0ee006f957a70191383ef42be1f4733d6515?s=96&d=mm&r=g\",\"caption\":\"La r\u00e9daction\"},\"description\":\"On dit qu\\\\'il faut un village pour s\\\\'occuper d\\\\'un enfant. Et bien c\\\\'est exactement ce dont il s\\\\'agit ici pour The Playoffs. La r\u00e9daction, ce sont vos r\u00e9dacteurs pr\u00e9f\u00e9r\u00e9s qui collaborent sur ces articles que vous lisez au quotidien.\u00a0\",\"url\":\"https:\/\/theplayoffs.news\/fr\/author\/freeagentfr\/\"}]}<\/script>\n<!-- \/ Yoast SEO plugin. -->","yoast_head_json":{"title":"Anthony Davis &quot;choqu&eacute;&quot; par son &eacute;change contre Luka Doncic","description":"Echang&eacute; contre Luka Doncic samedi &agrave; la surprise g&eacute;n&eacute;rale, Anthony Davis s&#039;est dit &quot;choqu&eacute;&quot; pour sa premi&egrave;re sortie sur le sujet.","robots":{"index":"index","follow":"follow","max-snippet":"max-snippet:-1","max-image-preview":"max-image-preview:large","max-video-preview":"max-video-preview:-1"},"canonical":"https:\/\/theplayoffs.news\/fr\/actualite-nba\/anthony-davis-choque-par-son-echange-contre-luka-doncic\/","og_locale":"fr_FR","og_type":"article","og_title":"Anthony Davis &quot;choqu&eacute;&quot; par son &eacute;change contre Luka Doncic","og_description":"Echang&eacute; contre Luka Doncic samedi &agrave; la surprise g&eacute;n&eacute;rale, Anthony Davis s&#039;est dit &quot;choqu&eacute;&quot; pour sa premi&egrave;re sortie sur le sujet.","og_url":"https:\/\/theplayoffs.news\/fr\/actualite-nba\/anthony-davis-choque-par-son-echange-contre-luka-doncic\/","og_site_name":"The Playoffs FR","article_publisher":"https:\/\/www.facebook.com\/TheFreeAgentFR\/","article_modified_time":"2025-02-05T09:23:49+00:00","og_image":[{"width":1920,"height":1280,"url":"https:\/\/theplayoffs.news\/fr\/wp-content\/uploads\/2025\/02\/USATSI_25340220.jpg","type":"image\/jpeg"}],"author":"La r\u00e9daction","twitter_card":"summary_large_image","twitter_creator":"@TheFreeAgentFR","twitter_site":"@TheFreeAgentFR","twitter_misc":{"\u00c9crit par":"La r\u00e9daction","Dur\u00e9e de lecture estim\u00e9e":"2 minutes"},"schema":{"@context":"https:\/\/schema.org","@graph":[{"@type":"WebPage","@id":"https:\/\/theplayoffs.news\/fr\/actualite-nba\/anthony-davis-choque-par-son-echange-contre-luka-doncic\/","url":"https:\/\/theplayoffs.news\/fr\/actualite-nba\/anthony-davis-choque-par-son-echange-contre-luka-doncic\/","name":"Anthony Davis \\\"choqu\u00e9\\\" par son \u00e9change contre Luka Doncic","isPartOf":{"@id":"https:\/\/theplayoffs.news\/fr\/#website"},"primaryImageOfPage":{"@id":"https:\/\/theplayoffs.news\/fr\/actualite-nba\/anthony-davis-choque-par-son-echange-contre-luka-doncic\/#primaryimage"},"image":{"@id":"https:\/\/theplayoffs.news\/fr\/actualite-nba\/anthony-davis-choque-par-son-echange-contre-luka-doncic\/#primaryimage"},"thumbnailUrl":"https:\/\/theplayoffs.news\/fr\/wp-content\/uploads\/2025\/02\/USATSI_25340220.jpg","datePublished":"2025-02-05T09:23:48+00:00","dateModified":"2025-02-05T09:23:49+00:00","author":{"@id":"https:\/\/theplayoffs.news\/fr\/#\/schema\/person\/bb40426f4e478f9bd8cdbfeb4f2f9784"},"description":"Echang\u00e9 contre Luka Doncic samedi \u00e0 la surprise g\u00e9n\u00e9rale, Anthony Davis s\\'est dit \\\"choqu\u00e9\\\" pour sa premi\u00e8re sortie sur le sujet.","breadcrumb":{"@id":"https:\/\/theplayoffs.news\/fr\/actualite-nba\/anthony-davis-choque-par-son-echange-contre-luka-doncic\/#breadcrumb"},"inLanguage":"fr-FR","potentialAction":[{"@type":"ReadAction","target":["https:\/\/theplayoffs.news\/fr\/actualite-nba\/anthony-davis-choque-par-son-echange-contre-luka-doncic\/"]}]},{"@type":"ImageObject","inLanguage":"fr-FR","@id":"https:\/\/theplayoffs.news\/fr\/actualite-nba\/anthony-davis-choque-par-son-echange-contre-luka-doncic\/#primaryimage","url":"https:\/\/theplayoffs.news\/fr\/wp-content\/uploads\/2025\/02\/USATSI_25340220.jpg","contentUrl":"https:\/\/theplayoffs.news\/fr\/wp-content\/uploads\/2025\/02\/USATSI_25340220.jpg","width":1920,"height":1280,"caption":"Anthony Davis Luka Doncic"},{"@type":"BreadcrumbList","@id":"https:\/\/theplayoffs.news\/fr\/actualite-nba\/anthony-davis-choque-par-son-echange-contre-luka-doncic\/#breadcrumb","itemListElement":[{"@type":"ListItem","position":1,"name":"Accueil","item":"https:\/\/theplayoffs.news\/fr\/"},{"@type":"ListItem","position":2,"name":"Anthony Davis \u00ab\u00a0choqu\u00e9\u00a0\u00bb par son \u00e9change contre Luka Doncic"}]},{"@type":"WebSite","@id":"https:\/\/theplayoffs.news\/fr\/#website","url":"https:\/\/theplayoffs.news\/fr\/","name":"The Playoffs FR","description":"NBA-NFL-NHL-MLB","potentialAction":[{"@type":"SearchAction","target":{"@type":"EntryPoint","urlTemplate":"https:\/\/theplayoffs.news\/fr\/?s={search_term_string}"},"query-input":{"@type":"PropertyValueSpecification","valueRequired":true,"valueName":"search_term_string"}}],"inLanguage":"fr-FR"},{"@type":"Person","@id":"https:\/\/theplayoffs.news\/fr\/#\/schema\/person\/bb40426f4e478f9bd8cdbfeb4f2f9784","name":"La r\u00e9daction","image":{"@type":"ImageObject","inLanguage":"fr-FR","@id":"https:\/\/theplayoffs.news\/fr\/#\/schema\/person\/image\/","url":"https:\/\/secure.gravatar.com\/avatar\/7e69b41460ab2c17d61c8c364b6a0ee006f957a70191383ef42be1f4733d6515?s=96&d=mm&r=g","contentUrl":"https:\/\/secure.gravatar.com\/avatar\/7e69b41460ab2c17d61c8c364b6a0ee006f957a70191383ef42be1f4733d6515?s=96&d=mm&r=g","caption":"La r\u00e9daction"},"description":"On dit qu\\'il faut un village pour s\\'occuper d\\'un enfant. Et bien c\\'est exactement ce dont il s\\'agit ici pour The Playoffs. La r\u00e9daction, ce sont vos r\u00e9dacteurs pr\u00e9f\u00e9r\u00e9s qui collaborent sur ces articles que vous lisez au quotidien.\u00a0","url":"https:\/\/theplayoffs.news\/fr\/author\/freeagentfr\/"}]}},"_links":{"self":[{"href":"https:\/\/theplayoffs.news\/fr\/wp-json\/wp\/v2\/posts\/1477289","targetHints":{"allow":["GET"]}}],"collection":[{"href":"https:\/\/theplayoffs.news\/fr\/wp-json\/wp\/v2\/posts"}],"about":[{"href":"https:\/\/theplayoffs.news\/fr\/wp-json\/wp\/v2\/types\/post"}],"author":[{"embeddable":true,"href":"https:\/\/theplayoffs.news\/fr\/wp-json\/wp\/v2\/users\/180309799"}],"replies":[{"embeddable":true,"href":"https:\/\/theplayoffs.news\/fr\/wp-json\/wp\/v2\/comments?post=1477289"}],"version-history":[{"count":1,"href":"https:\/\/theplayoffs.news\/fr\/wp-json\/wp\/v2\/posts\/1477289\/revisions"}],"predecessor-version":[{"id":1477295,"href":"https:\/\/theplayoffs.news\/fr\/wp-json\/wp\/v2\/posts\/1477289\/revisions\/1477295"}],"wp:featuredmedia":[{"embeddable":true,"href":"https:\/\/theplayoffs.news\/fr\/wp-json\/wp\/v2\/media\/1477293"}],"wp:attachment":[{"href":"https:\/\/theplayoffs.news\/fr\/wp-json\/wp\/v2\/media?parent=1477289"}],"wp:term":[{"taxonomy":"category","embeddable":true,"href":"https:\/\/theplayoffs.news\/fr\/wp-json\/wp\/v2\/categories?post=1477289"},{"taxonomy":"post_tag","embeddable":true,"href":"https:\/\/theplayoffs.news\/fr\/wp-json\/wp\/v2\/tags?post=1477289"},{"taxonomy":"sport","embeddable":true,"href":"https:\/\/theplayoffs.news\/fr\/wp-json\/wp\/v2\/sport?post=1477289"},{"taxonomy":"saison","embeddable":true,"href":"https:\/\/theplayoffs.news\/fr\/wp-json\/wp\/v2\/saison?post=1477289"}],"curies":[{"name":"wp","href":"https:\/\/api.w.org\/{rel}","templated":true}]}}