{"id":1477254,"date":"2025-02-04T20:44:56","date_gmt":"2025-02-04T19:44:56","guid":{"rendered":"https:\/\/theplayoffs.news\/fr\/uncategorized\/\/"},"modified":"2025-02-04T20:45:06","modified_gmt":"2025-02-04T19:45:06","slug":"victor-wembanyama-ne-va-pas-au-all-star-game-pour-se-faire-des-amis","status":"publish","type":"post","link":"https:\/\/theplayoffs.news\/fr\/actualite-nba\/victor-wembanyama-ne-va-pas-au-all-star-game-pour-se-faire-des-amis\/","title":{"rendered":"Victor Wembanyama ne va pas au All-Star Game pour \u201cse faire des amis\u201d !"},"content":{"rendered":"<p><strong>Si les stars <a href=\"https:\/\/theplayoffs.news\/fr\/category\/nba\/\" class=\"trk-cta-link\" data-cta-trk='{\"ctaType\":\"Link\",\"ctaSubType\":\"main\"}'>NBA<\/a> consid&egrave;rent souvent le All-Star Game comme une simple f&ecirc;te entre amis, Victor Wembanyama affiche un autre &eacute;tat d&rsquo;esprit. S&eacute;lectionn&eacute; parmi les rempla&ccedil;ants pour le match des &eacute;toiles, le Fran&ccedil;ais aborde l&rsquo;&eacute;v&egrave;nement avec un maximum de s&eacute;rieux.<\/strong><\/p><p>Apr&egrave;s sa participation au <strong>Rising Star Challenge<\/strong> l&rsquo;an pass&eacute;, Victor Wembanyama s&rsquo;appr&ecirc;te &agrave; entrer dans la cour des grands. Et parce qu&rsquo;un tel &eacute;v&egrave;nement se vit pleinement, comme en 2024, l&rsquo;Alien prendra &eacute;galement part au <strong>Skills Challenge<\/strong>. Cette fois aux c&ocirc;t&eacute;s de Chris Paul, son meneur de jeu aux Spurs. Et le moins que l&rsquo;on puisse dire, c&rsquo;est que le natif du Chesnay n&rsquo;a pas pr&eacute;vu d&rsquo;y faire de la figuration.<\/p><p><em>&ldquo;Je n&rsquo;y vais pas pour me faire des amis. C&rsquo;est un d&eacute;placement professionnel.&rdquo;<\/em><\/p><blockquote class=\"twitter-tweet\"><p lang=\"en\" dir=\"ltr\">Victor Wembanyama on the All-Star game:<br><br>&ldquo;I&rsquo;m not there to make friends. It's a work trip.&rdquo;<br><br>(via <a href=\"https:\/\/twitter.com\/mikecwright?ref_src=twsrc%5Etfw\" class=\"trk-cta-link\" data-cta-trk='{\"ctaType\":\"Link\",\"ctaSubType\":\"main\"}'>@mikecwright<\/a>) <a href=\"https:\/\/t.co\/IHIcXwnmen\" class=\"trk-cta-link\" data-cta-trk='{\"ctaType\":\"Link\",\"ctaSubType\":\"main\"}'>pic.twitter.com\/IHIcXwnmen<\/a><\/p>&mdash; Legion Hoops (@LegionHoops) <a href=\"https:\/\/twitter.com\/LegionHoops\/status\/1886642181752152402?ref_src=twsrc%5Etfw\" class=\"trk-cta-link\" data-cta-trk='{\"ctaType\":\"Link\",\"ctaSubType\":\"main\"}'>February 4, 2025<\/a><\/blockquote><script async src=\"https:\/\/platform.twitter.com\/widgets.js\" charset=\"utf-8\"><\/script><p>Un &eacute;tat d&rsquo;esprit pour le moins rafra&icirc;chissant &agrave; l&rsquo;heure o&ugrave; les stars prennent le All-Star Game par dessus la jambe, et une d&eacute;termination affich&eacute;e qui pourrait bien faire t&acirc;che d&rsquo;huile &agrave; San Francisco. Car si la peur de se <strong>blesser<\/strong> lors d&rsquo;une saison &eacute;prouvante, ou le manque de <strong>motivation <\/strong>pour un match exhibition sont des excuses courantes parmi les joueurs, voir une star du calibre de Wemby se d&eacute;pouiller dans la Bay Area pourrait peut &ecirc;tre enfin ramener le match des &eacute;toiles &agrave; la vie.<\/p><p>Lire aussi :&nbsp;<\/p><p><a href=\"https:\/\/theplayoffs.news\/fr\/actualite-nba\/anthony-edwards-effraye-par-le-trade-de-luka-doncic-aux-lakers\/\" class=\"trk-cta-link\" data-cta-trk='{\"ctaType\":\"Link\",\"ctaSubType\":\"main\"}'>Anthony Edwards &laquo;&nbsp;effray&eacute;&nbsp;&raquo; par le trade de Luka Doncic aux Lakers<\/a><\/p><p><a href=\"https:\/\/theplayoffs.news\/fr\/actualite-nba\/recap-nba-de-la-nuit-03-01-trae-young-ce-tueur-bilal-coulibaly-regale\/\" class=\"trk-cta-link\" data-cta-trk='{\"ctaType\":\"Link\",\"ctaSubType\":\"main\"}'>R&eacute;cap NBA (03\/01) : Trae Young ce tueur, Bilal Coulibaly r&eacute;gale !&nbsp;<\/a><\/p><p><a href=\"https:\/\/theplayoffs.news\/fr\/actualite-nba\/devin-booker-entre-dans-la-legende-des-suns\/\" class=\"trk-cta-link\" data-cta-trk='{\"ctaType\":\"Link\",\"ctaSubType\":\"main\"}'>Devin Booker entre dans la l&eacute;gende des Suns !<\/a><\/p><p>Cette saison, le num&eacute;ro un de la draft NBA 2023 affiche des statistiques monstrueuses pour un sophomore avec <strong>24,6 points, 10,9 rebonds, 3,7 passes d&eacute;cisives, 1,1 interceptions et 3,9 contre <\/strong>de moyenne par match. De quoi voir son nom cit&eacute; pour le titre de Defensive Plahyer of the Year, et appara&icirc;tre dans certaines MVP race.<\/p><p>Cr&eacute;dit Photo :&nbsp;Petre Thomas-Imagn Images<\/p>\n","protected":false},"excerpt":{"rendered":"<p>Retenu pour participer \u00e0 son premier All-Star Game NBA \u00e0 San Francisco, Victor Wembanyama n&rsquo;a pas pr\u00e9vu d&rsquo;y faire de la figuration !<\/p>\n","protected":false},"author":180310268,"featured_media":1477255,"comment_status":"closed","ping_status":"closed","sticky":false,"template":"","format":"standard","meta":{"inline_featured_image":false,"kia_subtitle":"Retenu pour participer \u00e0 son premier All-Star Game NBA \u00e0 San Francisco, Victor Wembanyama n'a pas pr\u00e9vu d'y faire de la figuration !","_mux_skip_reasons":[],"proofreadBy":0,"footnotes":""},"categories":[110,10],"tags":[6492,237,23,1194],"sport":[2783],"saison":[],"class_list":["post-1477254","post","type-post","status-publish","format-standard","has-post-thumbnail","hentry","category-actualite-nba","category-nba","tag-all-star-game-2025","tag-chris-paul","tag-nba-tag","tag-victor-wembanyama","sport-nba"],"acf":[],"yoast_head":"<!-- This site is optimized with the Yoast SEO plugin v24.2 - https:\/\/yoast.com\/wordpress\/plugins\/seo\/ -->\n<title>All-Star Game: Victor Wembanyama n&#039;ira pas pour &ldquo;se faire des amis&rdquo;<\/title>\n<meta name=\"description\" content=\"Retenu pour participer &agrave; son premier All-Star Game NBA &agrave; San Francisco, Victor Wembanyama n&#039;a pas pr&eacute;vu d&#039;y faire de la figuration !\" \/>\n<meta name=\"robots\" content=\"index, follow, max-snippet:-1, max-image-preview:large, max-video-preview:-1\" \/>\n<link rel=\"canonical\" href=\"https:\/\/theplayoffs.news\/fr\/actualite-nba\/victor-wembanyama-ne-va-pas-au-all-star-game-pour-se-faire-des-amis\/\" \/>\n<meta property=\"og:locale\" content=\"fr_FR\" \/>\n<meta property=\"og:type\" content=\"article\" \/>\n<meta property=\"og:title\" content=\"All-Star Game: Victor Wembanyama n&#039;ira pas pour &ldquo;se faire des amis&rdquo;\" \/>\n<meta property=\"og:description\" content=\"Retenu pour participer &agrave; son premier All-Star Game NBA &agrave; San Francisco, Victor Wembanyama n&#039;a pas pr&eacute;vu d&#039;y faire de la figuration !\" \/>\n<meta property=\"og:url\" content=\"https:\/\/theplayoffs.news\/fr\/actualite-nba\/victor-wembanyama-ne-va-pas-au-all-star-game-pour-se-faire-des-amis\/\" \/>\n<meta property=\"og:site_name\" content=\"The Playoffs FR\" \/>\n<meta property=\"article:publisher\" content=\"https:\/\/www.facebook.com\/TheFreeAgentFR\/\" \/>\n<meta property=\"article:modified_time\" content=\"2025-02-04T20:45:06+01:00\" \/>\n<meta property=\"og:image\" content=\"https:\/\/theplayoffs.news\/fr\/wp-content\/uploads\/2025\/02\/USATSI_25334804.jpg\" \/>\n\t<meta property=\"og:image:width\" content=\"1920\" \/>\n\t<meta property=\"og:image:height\" content=\"1280\" \/>\n\t<meta property=\"og:image:type\" content=\"image\/jpeg\" \/>\n<meta name=\"author\" content=\"Elian Goethals\" \/>\n<meta name=\"twitter:card\" content=\"summary_large_image\" \/>\n<meta name=\"twitter:creator\" content=\"@x.com\/elidwight\" \/>\n<meta name=\"twitter:site\" content=\"@TheFreeAgentFR\" \/>\n<meta name=\"twitter:label1\" content=\"\u00c9crit par\" \/>\n\t<meta name=\"twitter:data1\" content=\"Elian Goethals\" \/>\n\t<meta name=\"twitter:label2\" content=\"Dur\u00e9e de lecture estim\u00e9e\" \/>\n\t<meta name=\"twitter:data2\" content=\"2 minutes\" \/>\n<script type=\"application\/ld+json\" class=\"yoast-schema-graph\">{\"@context\":\"https:\/\/schema.org\",\"@graph\":[{\"@type\":\"WebPage\",\"@id\":\"https:\/\/theplayoffs.news\/fr\/actualite-nba\/victor-wembanyama-ne-va-pas-au-all-star-game-pour-se-faire-des-amis\/\",\"url\":\"https:\/\/theplayoffs.news\/fr\/actualite-nba\/victor-wembanyama-ne-va-pas-au-all-star-game-pour-se-faire-des-amis\/\",\"name\":\"All-Star Game: Victor Wembanyama n\\\\'ira pas pour \u201cse faire des amis\u201d\",\"isPartOf\":{\"@id\":\"https:\/\/theplayoffs.news\/fr\/#website\"},\"primaryImageOfPage\":{\"@id\":\"https:\/\/theplayoffs.news\/fr\/actualite-nba\/victor-wembanyama-ne-va-pas-au-all-star-game-pour-se-faire-des-amis\/#primaryimage\"},\"image\":{\"@id\":\"https:\/\/theplayoffs.news\/fr\/actualite-nba\/victor-wembanyama-ne-va-pas-au-all-star-game-pour-se-faire-des-amis\/#primaryimage\"},\"thumbnailUrl\":\"https:\/\/theplayoffs.news\/fr\/wp-content\/uploads\/2025\/02\/USATSI_25334804.jpg\",\"datePublished\":\"2025-02-04T19:44:56+00:00\",\"dateModified\":\"2025-02-04T19:45:06+00:00\",\"author\":{\"@id\":\"https:\/\/theplayoffs.news\/fr\/#\/schema\/person\/2bc470c6a49f4f6229a67af19c87a732\"},\"description\":\"Retenu pour participer \u00e0 son premier All-Star Game NBA \u00e0 San Francisco, Victor Wembanyama n\\\\'a pas pr\u00e9vu d\\\\'y faire de la figuration !\",\"breadcrumb\":{\"@id\":\"https:\/\/theplayoffs.news\/fr\/actualite-nba\/victor-wembanyama-ne-va-pas-au-all-star-game-pour-se-faire-des-amis\/#breadcrumb\"},\"inLanguage\":\"fr-FR\",\"potentialAction\":[{\"@type\":\"ReadAction\",\"target\":[\"https:\/\/theplayoffs.news\/fr\/actualite-nba\/victor-wembanyama-ne-va-pas-au-all-star-game-pour-se-faire-des-amis\/\"]}]},{\"@type\":\"ImageObject\",\"inLanguage\":\"fr-FR\",\"@id\":\"https:\/\/theplayoffs.news\/fr\/actualite-nba\/victor-wembanyama-ne-va-pas-au-all-star-game-pour-se-faire-des-amis\/#primaryimage\",\"url\":\"https:\/\/theplayoffs.news\/fr\/wp-content\/uploads\/2025\/02\/USATSI_25334804.jpg\",\"contentUrl\":\"https:\/\/theplayoffs.news\/fr\/wp-content\/uploads\/2025\/02\/USATSI_25334804.jpg\",\"width\":1920,\"height\":1280,\"caption\":\"Feb 3, 2025; Memphis, Tennessee, USA; San Antonio Spurs center Victor Wembanyama (1) reacts during the second quarter against the Memphis Grizzlies at FedExForum. Mandatory Credit: Petre Thomas-Imagn Images\"},{\"@type\":\"BreadcrumbList\",\"@id\":\"https:\/\/theplayoffs.news\/fr\/actualite-nba\/victor-wembanyama-ne-va-pas-au-all-star-game-pour-se-faire-des-amis\/#breadcrumb\",\"itemListElement\":[{\"@type\":\"ListItem\",\"position\":1,\"name\":\"Accueil\",\"item\":\"https:\/\/theplayoffs.news\/fr\/\"},{\"@type\":\"ListItem\",\"position\":2,\"name\":\"Victor Wembanyama ne va pas au All-Star Game pour \u201cse faire des amis\u201d !\"}]},{\"@type\":\"WebSite\",\"@id\":\"https:\/\/theplayoffs.news\/fr\/#website\",\"url\":\"https:\/\/theplayoffs.news\/fr\/\",\"name\":\"The Playoffs FR\",\"description\":\"NBA-NFL-NHL-MLB\",\"potentialAction\":[{\"@type\":\"SearchAction\",\"target\":{\"@type\":\"EntryPoint\",\"urlTemplate\":\"https:\/\/theplayoffs.news\/fr\/?s={search_term_string}\"},\"query-input\":{\"@type\":\"PropertyValueSpecification\",\"valueRequired\":true,\"valueName\":\"search_term_string\"}}],\"inLanguage\":\"fr-FR\"},{\"@type\":\"Person\",\"@id\":\"https:\/\/theplayoffs.news\/fr\/#\/schema\/person\/2bc470c6a49f4f6229a67af19c87a732\",\"name\":\"Elian Goethals\",\"image\":{\"@type\":\"ImageObject\",\"inLanguage\":\"fr-FR\",\"@id\":\"https:\/\/theplayoffs.news\/fr\/#\/schema\/person\/image\/\",\"url\":\"https:\/\/secure.gravatar.com\/avatar\/293e2e649a094756005b611f6122ac1a95e95d453dbfe74b9d434b39855927f6?s=96&d=mm&r=g\",\"contentUrl\":\"https:\/\/secure.gravatar.com\/avatar\/293e2e649a094756005b611f6122ac1a95e95d453dbfe74b9d434b39855927f6?s=96&d=mm&r=g\",\"caption\":\"Elian Goethals\"},\"description\":\"Je suis sp\u00e9cialis\u00e9 dans la r\u00e9daction d\\\\'articles NBA et je suis un grand fan de basket am\u00e9ricain depuis toujours. Cela fait 20 ans que je joue au basket, et mon exp\u00e9rience sur les terrains me permet d\\\\'avoir une analyse approfondie des matchs. J\u2019ai d\u2019abord fait partie d\u2019autres m\u00e9dias sportifs en tant que b\u00e9n\u00e9vole avant de rejoindre ThePlayoffs en janvier. Je termine \u00e9galement un master en \u00e9tudes internationales. Ce que je pr\u00e9f\u00e8re dans mon travail, c\u2019est de transformer ma passion en m\u00e9tier et de partager avec vous l\u2019information NBA. J\u2019essaie de produire un contenu de qualit\u00e9 en esp\u00e9rant qu\u2019il vous plaise !\",\"sameAs\":[\"https:\/\/www.linkedin.com\/in\/elian-goethals-729b71200\/\",\"https:\/\/x.com\/x.com\/elidwight\"],\"url\":\"https:\/\/theplayoffs.news\/fr\/author\/elian\/\"}]}<\/script>\n<!-- \/ Yoast SEO plugin. -->","yoast_head_json":{"title":"All-Star Game: Victor Wembanyama n&#039;ira pas pour &ldquo;se faire des amis&rdquo;","description":"Retenu pour participer &agrave; son premier All-Star Game NBA &agrave; San Francisco, Victor Wembanyama n&#039;a pas pr&eacute;vu d&#039;y faire de la figuration !","robots":{"index":"index","follow":"follow","max-snippet":"max-snippet:-1","max-image-preview":"max-image-preview:large","max-video-preview":"max-video-preview:-1"},"canonical":"https:\/\/theplayoffs.news\/fr\/actualite-nba\/victor-wembanyama-ne-va-pas-au-all-star-game-pour-se-faire-des-amis\/","og_locale":"fr_FR","og_type":"article","og_title":"All-Star Game: Victor Wembanyama n&#039;ira pas pour &ldquo;se faire des amis&rdquo;","og_description":"Retenu pour participer &agrave; son premier All-Star Game NBA &agrave; San Francisco, Victor Wembanyama n&#039;a pas pr&eacute;vu d&#039;y faire de la figuration !","og_url":"https:\/\/theplayoffs.news\/fr\/actualite-nba\/victor-wembanyama-ne-va-pas-au-all-star-game-pour-se-faire-des-amis\/","og_site_name":"The Playoffs FR","article_publisher":"https:\/\/www.facebook.com\/TheFreeAgentFR\/","article_modified_time":"2025-02-04T19:45:06+00:00","og_image":[{"width":1920,"height":1280,"url":"https:\/\/theplayoffs.news\/fr\/wp-content\/uploads\/2025\/02\/USATSI_25334804.jpg","type":"image\/jpeg"}],"author":"Elian Goethals","twitter_card":"summary_large_image","twitter_creator":"@x.com\/elidwight","twitter_site":"@TheFreeAgentFR","twitter_misc":{"\u00c9crit par":"Elian Goethals","Dur\u00e9e de lecture estim\u00e9e":"2 minutes"},"schema":{"@context":"https:\/\/schema.org","@graph":[{"@type":"WebPage","@id":"https:\/\/theplayoffs.news\/fr\/actualite-nba\/victor-wembanyama-ne-va-pas-au-all-star-game-pour-se-faire-des-amis\/","url":"https:\/\/theplayoffs.news\/fr\/actualite-nba\/victor-wembanyama-ne-va-pas-au-all-star-game-pour-se-faire-des-amis\/","name":"All-Star Game: Victor Wembanyama n\\'ira pas pour \u201cse faire des amis\u201d","isPartOf":{"@id":"https:\/\/theplayoffs.news\/fr\/#website"},"primaryImageOfPage":{"@id":"https:\/\/theplayoffs.news\/fr\/actualite-nba\/victor-wembanyama-ne-va-pas-au-all-star-game-pour-se-faire-des-amis\/#primaryimage"},"image":{"@id":"https:\/\/theplayoffs.news\/fr\/actualite-nba\/victor-wembanyama-ne-va-pas-au-all-star-game-pour-se-faire-des-amis\/#primaryimage"},"thumbnailUrl":"https:\/\/theplayoffs.news\/fr\/wp-content\/uploads\/2025\/02\/USATSI_25334804.jpg","datePublished":"2025-02-04T19:44:56+00:00","dateModified":"2025-02-04T19:45:06+00:00","author":{"@id":"https:\/\/theplayoffs.news\/fr\/#\/schema\/person\/2bc470c6a49f4f6229a67af19c87a732"},"description":"Retenu pour participer \u00e0 son premier All-Star Game NBA \u00e0 San Francisco, Victor Wembanyama n\\'a pas pr\u00e9vu d\\'y faire de la figuration !","breadcrumb":{"@id":"https:\/\/theplayoffs.news\/fr\/actualite-nba\/victor-wembanyama-ne-va-pas-au-all-star-game-pour-se-faire-des-amis\/#breadcrumb"},"inLanguage":"fr-FR","potentialAction":[{"@type":"ReadAction","target":["https:\/\/theplayoffs.news\/fr\/actualite-nba\/victor-wembanyama-ne-va-pas-au-all-star-game-pour-se-faire-des-amis\/"]}]},{"@type":"ImageObject","inLanguage":"fr-FR","@id":"https:\/\/theplayoffs.news\/fr\/actualite-nba\/victor-wembanyama-ne-va-pas-au-all-star-game-pour-se-faire-des-amis\/#primaryimage","url":"https:\/\/theplayoffs.news\/fr\/wp-content\/uploads\/2025\/02\/USATSI_25334804.jpg","contentUrl":"https:\/\/theplayoffs.news\/fr\/wp-content\/uploads\/2025\/02\/USATSI_25334804.jpg","width":1920,"height":1280,"caption":"Feb 3, 2025; Memphis, Tennessee, USA; San Antonio Spurs center Victor Wembanyama (1) reacts during the second quarter against the Memphis Grizzlies at FedExForum. Mandatory Credit: Petre Thomas-Imagn Images"},{"@type":"BreadcrumbList","@id":"https:\/\/theplayoffs.news\/fr\/actualite-nba\/victor-wembanyama-ne-va-pas-au-all-star-game-pour-se-faire-des-amis\/#breadcrumb","itemListElement":[{"@type":"ListItem","position":1,"name":"Accueil","item":"https:\/\/theplayoffs.news\/fr\/"},{"@type":"ListItem","position":2,"name":"Victor Wembanyama ne va pas au All-Star Game pour \u201cse faire des amis\u201d !"}]},{"@type":"WebSite","@id":"https:\/\/theplayoffs.news\/fr\/#website","url":"https:\/\/theplayoffs.news\/fr\/","name":"The Playoffs FR","description":"NBA-NFL-NHL-MLB","potentialAction":[{"@type":"SearchAction","target":{"@type":"EntryPoint","urlTemplate":"https:\/\/theplayoffs.news\/fr\/?s={search_term_string}"},"query-input":{"@type":"PropertyValueSpecification","valueRequired":true,"valueName":"search_term_string"}}],"inLanguage":"fr-FR"},{"@type":"Person","@id":"https:\/\/theplayoffs.news\/fr\/#\/schema\/person\/2bc470c6a49f4f6229a67af19c87a732","name":"Elian Goethals","image":{"@type":"ImageObject","inLanguage":"fr-FR","@id":"https:\/\/theplayoffs.news\/fr\/#\/schema\/person\/image\/","url":"https:\/\/secure.gravatar.com\/avatar\/293e2e649a094756005b611f6122ac1a95e95d453dbfe74b9d434b39855927f6?s=96&d=mm&r=g","contentUrl":"https:\/\/secure.gravatar.com\/avatar\/293e2e649a094756005b611f6122ac1a95e95d453dbfe74b9d434b39855927f6?s=96&d=mm&r=g","caption":"Elian Goethals"},"description":"Je suis sp\u00e9cialis\u00e9 dans la r\u00e9daction d\\'articles NBA et je suis un grand fan de basket am\u00e9ricain depuis toujours. Cela fait 20 ans que je joue au basket, et mon exp\u00e9rience sur les terrains me permet d\\'avoir une analyse approfondie des matchs. J\u2019ai d\u2019abord fait partie d\u2019autres m\u00e9dias sportifs en tant que b\u00e9n\u00e9vole avant de rejoindre ThePlayoffs en janvier. Je termine \u00e9galement un master en \u00e9tudes internationales. Ce que je pr\u00e9f\u00e8re dans mon travail, c\u2019est de transformer ma passion en m\u00e9tier et de partager avec vous l\u2019information NBA. J\u2019essaie de produire un contenu de qualit\u00e9 en esp\u00e9rant qu\u2019il vous plaise !","sameAs":["https:\/\/www.linkedin.com\/in\/elian-goethals-729b71200\/","https:\/\/x.com\/x.com\/elidwight"],"url":"https:\/\/theplayoffs.news\/fr\/author\/elian\/"}]}},"_links":{"self":[{"href":"https:\/\/theplayoffs.news\/fr\/wp-json\/wp\/v2\/posts\/1477254","targetHints":{"allow":["GET"]}}],"collection":[{"href":"https:\/\/theplayoffs.news\/fr\/wp-json\/wp\/v2\/posts"}],"about":[{"href":"https:\/\/theplayoffs.news\/fr\/wp-json\/wp\/v2\/types\/post"}],"author":[{"embeddable":true,"href":"https:\/\/theplayoffs.news\/fr\/wp-json\/wp\/v2\/users\/180310268"}],"replies":[{"embeddable":true,"href":"https:\/\/theplayoffs.news\/fr\/wp-json\/wp\/v2\/comments?post=1477254"}],"version-history":[{"count":4,"href":"https:\/\/theplayoffs.news\/fr\/wp-json\/wp\/v2\/posts\/1477254\/revisions"}],"predecessor-version":[{"id":1477268,"href":"https:\/\/theplayoffs.news\/fr\/wp-json\/wp\/v2\/posts\/1477254\/revisions\/1477268"}],"wp:featuredmedia":[{"embeddable":true,"href":"https:\/\/theplayoffs.news\/fr\/wp-json\/wp\/v2\/media\/1477255"}],"wp:attachment":[{"href":"https:\/\/theplayoffs.news\/fr\/wp-json\/wp\/v2\/media?parent=1477254"}],"wp:term":[{"taxonomy":"category","embeddable":true,"href":"https:\/\/theplayoffs.news\/fr\/wp-json\/wp\/v2\/categories?post=1477254"},{"taxonomy":"post_tag","embeddable":true,"href":"https:\/\/theplayoffs.news\/fr\/wp-json\/wp\/v2\/tags?post=1477254"},{"taxonomy":"sport","embeddable":true,"href":"https:\/\/theplayoffs.news\/fr\/wp-json\/wp\/v2\/sport?post=1477254"},{"taxonomy":"saison","embeddable":true,"href":"https:\/\/theplayoffs.news\/fr\/wp-json\/wp\/v2\/saison?post=1477254"}],"curies":[{"name":"wp","href":"https:\/\/api.w.org\/{rel}","templated":true}]}}