{"id":1476717,"date":"2025-01-30T09:47:03","date_gmt":"2025-01-30T08:47:03","guid":{"rendered":"https:\/\/theplayoffs.news\/fr\/uncategorized\/\/"},"modified":"2025-01-30T09:47:04","modified_gmt":"2025-01-30T08:47:04","slug":"new-york-jets-steve-wilks-est-le-nouveau-coordinateur-defensif","status":"publish","type":"post","link":"https:\/\/theplayoffs.news\/fr\/actualite-nfl\/new-york-jets-steve-wilks-est-le-nouveau-coordinateur-defensif\/","title":{"rendered":"New York Jets: Steve Wilks est le nouveau coordinateur d\u00e9fensif!"},"content":{"rendered":"<p>Les New York Jets continuent de constituer leur coaching staff pour la saison 2025. Apr&egrave;s avoir <a href=\"https:\/\/theplayoffs.news\/fr\/actualite-nfl\/aaron-glenn-debarque-chez-les-jets\/\" class=\"trk-cta-link\" data-cta-trk='{\"ctaType\":\"Link\",\"ctaSubType\":\"main\"}'>engag&eacute; Aaron Glenn<\/a> comme entra&icirc;neur principal il y a quelques jours, la franchise new-yorkaise a annonc&eacute; ce mercredi que Steve Wilks occuperait le poste de coordinateur d&eacute;fensif. Un entra&icirc;neur d&rsquo;exp&eacute;rience qui rejoint donc les Jets.<\/p><blockquote class=\"twitter-tweet\"><p lang=\"en\" dir=\"ltr\">The <a href=\"https:\/\/twitter.com\/hashtag\/Jets?src=hash&amp;ref_src=twsrc%5Etfw\" class=\"trk-cta-link\" data-cta-trk='{\"ctaType\":\"Link\",\"ctaSubType\":\"main\"}'>#Jets<\/a> have agreed to terms with Steve Wilks as their defensive coordinator, per sources. <br><br>After sitting out last season, Wilks &mdash; a longtime respected assistant and former <a href=\"https:\/\/twitter.com\/hashtag\/Cardinals?src=hash&amp;ref_src=twsrc%5Etfw\" class=\"trk-cta-link\" data-cta-trk='{\"ctaType\":\"Link\",\"ctaSubType\":\"main\"}'>#Cardinals<\/a> head coach &mdash; now returns as a key figure on Aaron Glenn&rsquo;s new staff in New York. <a href=\"https:\/\/t.co\/qfWtWdZU7E\" class=\"trk-cta-link\" data-cta-trk='{\"ctaType\":\"Link\",\"ctaSubType\":\"main\"}'>pic.twitter.com\/qfWtWdZU7E<\/a><\/p>&mdash; Tom Pelissero (@TomPelissero) <a href=\"https:\/\/twitter.com\/TomPelissero\/status\/1884748632085180544?ref_src=twsrc%5Etfw\" class=\"trk-cta-link\" data-cta-trk='{\"ctaType\":\"Link\",\"ctaSubType\":\"main\"}'>January 29, 2025<\/a><\/blockquote><script async src=\"https:\/\/platform.twitter.com\/widgets.js\" charset=\"utf-8\"><\/script><p>Car Steve Wilks n&rsquo;est pas n&rsquo;importe qui. Arriv&eacute; en NFL comme coordinateur d&eacute;fensif chez les Carolina Panthers, Wilks va conna&icirc;tre sa premi&egrave;re exp&eacute;rience d&rsquo;entra&icirc;neur principal avec les Arizona Cardinals en 2018. Apr&egrave;s une saison manqu&eacute;e, Wilks redevient coordinateur d&eacute;fensif chez les Browns. De retour dans le staff des Panthers, il prendra le poste d&rsquo;entra&icirc;neur par int&eacute;rim apr&egrave;s le limogeage de Matt Rhule pendant la saison 2022. Pour terminer, Steve Wilks deviendra coordinateur d&eacute;fensif des San Francisco 49ers avec qui il ira au Super Bowl la saison derni&egrave;re.<\/p><p>C&rsquo;est donc un entra&icirc;neur exp&eacute;riment&eacute; dans le domaine d&eacute;fensif qui rejoint Aaron Glenn chez les New York Jets. Il faudra d&eacute;sormais pour le nouvel entra&icirc;neur des Jets trouver qui conduira l&rsquo;attaque de la franchise new-yorkaise. De ce choix pourrait d&rsquo;ailleurs d&eacute;couler ensuite la d&eacute;cision d&rsquo;Aaron Rodgers de rester ou non chez les Jets l&rsquo;ann&eacute;e prochaine.<\/p><p>Cr&eacute;dit photo: &copy; Mark J. Rebilas-Imagn Images<\/p>\n","protected":false},"excerpt":{"rendered":"<p>NFL &#8211; Les New York Jets ont d\u00e9cid\u00e9 de confier le poste de coordinateur d\u00e9fensif \u00e0 Steve Wilks pour la saison 2025.<\/p>\n","protected":false},"author":180309964,"featured_media":1476718,"comment_status":"closed","ping_status":"closed","sticky":false,"template":"","format":"standard","meta":{"inline_featured_image":false,"kia_subtitle":"NFL - Les New York Jets ont d\u00e9cid\u00e9 de confier le poste de coordinateur d\u00e9fensif \u00e0 Steve Wilks pour la saison 2025.","_mux_skip_reasons":[],"proofreadBy":0,"footnotes":""},"categories":[118,40],"tags":[732,4943],"sport":[2785],"saison":[7475],"class_list":["post-1476717","post","type-post","status-publish","format-standard","has-post-thumbnail","hentry","category-actualite-nfl","category-nfl","tag-new-york-jets","tag-steve-wilks","sport-nfl","saison-7475"],"acf":[],"yoast_head":"<!-- This site is optimized with the Yoast SEO plugin v24.2 - https:\/\/yoast.com\/wordpress\/plugins\/seo\/ -->\n<title>New York Jets: Steve Wilks est le nouveau coordinateur d&eacute;fensif! - The Playoffs FR<\/title>\n<meta name=\"description\" content=\"Les New York Jets continuent de constituer leur coaching staff pour la saison 2025. Apr&egrave;s avoir engag&eacute; Aaron Glenn\" \/>\n<meta name=\"robots\" content=\"index, follow, max-snippet:-1, max-image-preview:large, max-video-preview:-1\" \/>\n<link rel=\"canonical\" href=\"https:\/\/theplayoffs.news\/fr\/actualite-nfl\/new-york-jets-steve-wilks-est-le-nouveau-coordinateur-defensif\/\" \/>\n<meta property=\"og:locale\" content=\"fr_FR\" \/>\n<meta property=\"og:type\" content=\"article\" \/>\n<meta property=\"og:title\" content=\"New York Jets: Steve Wilks est le nouveau coordinateur d&eacute;fensif! - The Playoffs FR\" \/>\n<meta property=\"og:description\" content=\"Les New York Jets continuent de constituer leur coaching staff pour la saison 2025. Apr&egrave;s avoir engag&eacute; Aaron Glenn\" \/>\n<meta property=\"og:url\" content=\"https:\/\/theplayoffs.news\/fr\/actualite-nfl\/new-york-jets-steve-wilks-est-le-nouveau-coordinateur-defensif\/\" \/>\n<meta property=\"og:site_name\" content=\"The Playoffs FR\" \/>\n<meta property=\"article:publisher\" content=\"https:\/\/www.facebook.com\/TheFreeAgentFR\/\" \/>\n<meta property=\"article:modified_time\" content=\"2025-01-30T09:47:04+01:00\" \/>\n<meta property=\"og:image\" content=\"https:\/\/theplayoffs.news\/fr\/wp-content\/uploads\/2025\/01\/USATSI_22522880.jpg\" \/>\n\t<meta property=\"og:image:width\" content=\"1920\" \/>\n\t<meta property=\"og:image:height\" content=\"1450\" \/>\n\t<meta property=\"og:image:type\" content=\"image\/jpeg\" \/>\n<meta name=\"author\" content=\"Flavien Jumeau\" \/>\n<meta name=\"twitter:card\" content=\"summary_large_image\" \/>\n<meta name=\"twitter:creator\" content=\"@TheFreeAgentFR\" \/>\n<meta name=\"twitter:site\" content=\"@TheFreeAgentFR\" \/>\n<meta name=\"twitter:label1\" content=\"\u00c9crit par\" \/>\n\t<meta name=\"twitter:data1\" content=\"Flavien Jumeau\" \/>\n\t<meta name=\"twitter:label2\" content=\"Dur\u00e9e de lecture estim\u00e9e\" \/>\n\t<meta name=\"twitter:data2\" content=\"2 minutes\" \/>\n<script type=\"application\/ld+json\" class=\"yoast-schema-graph\">{\"@context\":\"https:\/\/schema.org\",\"@graph\":[{\"@type\":\"WebPage\",\"@id\":\"https:\/\/theplayoffs.news\/fr\/actualite-nfl\/new-york-jets-steve-wilks-est-le-nouveau-coordinateur-defensif\/\",\"url\":\"https:\/\/theplayoffs.news\/fr\/actualite-nfl\/new-york-jets-steve-wilks-est-le-nouveau-coordinateur-defensif\/\",\"name\":\"New York Jets: Steve Wilks est le nouveau coordinateur d\u00e9fensif! - The Playoffs FR\",\"isPartOf\":{\"@id\":\"https:\/\/theplayoffs.news\/fr\/#website\"},\"primaryImageOfPage\":{\"@id\":\"https:\/\/theplayoffs.news\/fr\/actualite-nfl\/new-york-jets-steve-wilks-est-le-nouveau-coordinateur-defensif\/#primaryimage\"},\"image\":{\"@id\":\"https:\/\/theplayoffs.news\/fr\/actualite-nfl\/new-york-jets-steve-wilks-est-le-nouveau-coordinateur-defensif\/#primaryimage\"},\"thumbnailUrl\":\"https:\/\/theplayoffs.news\/fr\/wp-content\/uploads\/2025\/01\/USATSI_22522880.jpg\",\"datePublished\":\"2025-01-30T08:47:03+00:00\",\"dateModified\":\"2025-01-30T08:47:04+00:00\",\"author\":{\"@id\":\"https:\/\/theplayoffs.news\/fr\/#\/schema\/person\/def63bc6746dc5957469b75feb99e66d\"},\"description\":\"Les New York Jets continuent de constituer leur coaching staff pour la saison 2025. Apr\u00e8s avoir engag\u00e9 Aaron Glenn\",\"breadcrumb\":{\"@id\":\"https:\/\/theplayoffs.news\/fr\/actualite-nfl\/new-york-jets-steve-wilks-est-le-nouveau-coordinateur-defensif\/#breadcrumb\"},\"inLanguage\":\"fr-FR\",\"potentialAction\":[{\"@type\":\"ReadAction\",\"target\":[\"https:\/\/theplayoffs.news\/fr\/actualite-nfl\/new-york-jets-steve-wilks-est-le-nouveau-coordinateur-defensif\/\"]}]},{\"@type\":\"ImageObject\",\"inLanguage\":\"fr-FR\",\"@id\":\"https:\/\/theplayoffs.news\/fr\/actualite-nfl\/new-york-jets-steve-wilks-est-le-nouveau-coordinateur-defensif\/#primaryimage\",\"url\":\"https:\/\/theplayoffs.news\/fr\/wp-content\/uploads\/2025\/01\/USATSI_22522880.jpg\",\"contentUrl\":\"https:\/\/theplayoffs.news\/fr\/wp-content\/uploads\/2025\/01\/USATSI_22522880.jpg\",\"width\":1920,\"height\":1450,\"caption\":\"Feb 11, 2024; Paradise, Nevada, USA; San Francisco 49ers defensive coordinator Steve Wilks against the Kansas City Chiefs in Super Bowl LVIII at Allegiant Stadium. Mandatory Credit: Mark J. Rebilas-USA TODAY Sports\"},{\"@type\":\"BreadcrumbList\",\"@id\":\"https:\/\/theplayoffs.news\/fr\/actualite-nfl\/new-york-jets-steve-wilks-est-le-nouveau-coordinateur-defensif\/#breadcrumb\",\"itemListElement\":[{\"@type\":\"ListItem\",\"position\":1,\"name\":\"Accueil\",\"item\":\"https:\/\/theplayoffs.news\/fr\/\"},{\"@type\":\"ListItem\",\"position\":2,\"name\":\"New York Jets: Steve Wilks est le nouveau coordinateur d\u00e9fensif!\"}]},{\"@type\":\"WebSite\",\"@id\":\"https:\/\/theplayoffs.news\/fr\/#website\",\"url\":\"https:\/\/theplayoffs.news\/fr\/\",\"name\":\"The Playoffs FR\",\"description\":\"NBA-NFL-NHL-MLB\",\"potentialAction\":[{\"@type\":\"SearchAction\",\"target\":{\"@type\":\"EntryPoint\",\"urlTemplate\":\"https:\/\/theplayoffs.news\/fr\/?s={search_term_string}\"},\"query-input\":{\"@type\":\"PropertyValueSpecification\",\"valueRequired\":true,\"valueName\":\"search_term_string\"}}],\"inLanguage\":\"fr-FR\"},{\"@type\":\"Person\",\"@id\":\"https:\/\/theplayoffs.news\/fr\/#\/schema\/person\/def63bc6746dc5957469b75feb99e66d\",\"name\":\"Flavien Jumeau\",\"image\":{\"@type\":\"ImageObject\",\"inLanguage\":\"fr-FR\",\"@id\":\"https:\/\/theplayoffs.news\/fr\/#\/schema\/person\/image\/\",\"url\":\"https:\/\/secure.gravatar.com\/avatar\/e7fa8ba5a4b7e4ce35fe152f083f352db28ad0acce692004ed88a7a7d78893f7?s=96&d=mm&r=g\",\"contentUrl\":\"https:\/\/secure.gravatar.com\/avatar\/e7fa8ba5a4b7e4ce35fe152f083f352db28ad0acce692004ed88a7a7d78893f7?s=96&d=mm&r=g\",\"caption\":\"Flavien Jumeau\"},\"description\":\"Amoureux du sport (et de vraiment tous les sports) depuis mon plus jeune \u00e2ge, j\u2019ai longtemps h\u00e9site entre le snooker et le curling. Finalement c\u2019est le foot US que j\u2019ai d\u00e9cid\u00e9 de choisir! Responsable foot US sur TPO et animateur du podcast Tailgate j\u2019ai pour mission de vous faire d\u00e9couvrir ce sport passionnant si ce n\u2019est pas encore fait et de vous donner les derni\u00e8res actus. Le tout dans la bonne humeur et avec toujours un jeu de mots ou deux savamment distill\u00e9s! Fan des Saints, pour moi Drew Brees est le vrai GOAT!\",\"url\":\"https:\/\/theplayoffs.news\/fr\/author\/flavien-jumeaugmail-com\/\"}]}<\/script>\n<!-- \/ Yoast SEO plugin. -->","yoast_head_json":{"title":"New York Jets: Steve Wilks est le nouveau coordinateur d&eacute;fensif! - The Playoffs FR","description":"Les New York Jets continuent de constituer leur coaching staff pour la saison 2025. Apr&egrave;s avoir engag&eacute; Aaron Glenn","robots":{"index":"index","follow":"follow","max-snippet":"max-snippet:-1","max-image-preview":"max-image-preview:large","max-video-preview":"max-video-preview:-1"},"canonical":"https:\/\/theplayoffs.news\/fr\/actualite-nfl\/new-york-jets-steve-wilks-est-le-nouveau-coordinateur-defensif\/","og_locale":"fr_FR","og_type":"article","og_title":"New York Jets: Steve Wilks est le nouveau coordinateur d&eacute;fensif! - The Playoffs FR","og_description":"Les New York Jets continuent de constituer leur coaching staff pour la saison 2025. Apr&egrave;s avoir engag&eacute; Aaron Glenn","og_url":"https:\/\/theplayoffs.news\/fr\/actualite-nfl\/new-york-jets-steve-wilks-est-le-nouveau-coordinateur-defensif\/","og_site_name":"The Playoffs FR","article_publisher":"https:\/\/www.facebook.com\/TheFreeAgentFR\/","article_modified_time":"2025-01-30T08:47:04+00:00","og_image":[{"width":1920,"height":1450,"url":"https:\/\/theplayoffs.news\/fr\/wp-content\/uploads\/2025\/01\/USATSI_22522880.jpg","type":"image\/jpeg"}],"author":"Flavien Jumeau","twitter_card":"summary_large_image","twitter_creator":"@TheFreeAgentFR","twitter_site":"@TheFreeAgentFR","twitter_misc":{"\u00c9crit par":"Flavien Jumeau","Dur\u00e9e de lecture estim\u00e9e":"2 minutes"},"schema":{"@context":"https:\/\/schema.org","@graph":[{"@type":"WebPage","@id":"https:\/\/theplayoffs.news\/fr\/actualite-nfl\/new-york-jets-steve-wilks-est-le-nouveau-coordinateur-defensif\/","url":"https:\/\/theplayoffs.news\/fr\/actualite-nfl\/new-york-jets-steve-wilks-est-le-nouveau-coordinateur-defensif\/","name":"New York Jets: Steve Wilks est le nouveau coordinateur d\u00e9fensif! - The Playoffs FR","isPartOf":{"@id":"https:\/\/theplayoffs.news\/fr\/#website"},"primaryImageOfPage":{"@id":"https:\/\/theplayoffs.news\/fr\/actualite-nfl\/new-york-jets-steve-wilks-est-le-nouveau-coordinateur-defensif\/#primaryimage"},"image":{"@id":"https:\/\/theplayoffs.news\/fr\/actualite-nfl\/new-york-jets-steve-wilks-est-le-nouveau-coordinateur-defensif\/#primaryimage"},"thumbnailUrl":"https:\/\/theplayoffs.news\/fr\/wp-content\/uploads\/2025\/01\/USATSI_22522880.jpg","datePublished":"2025-01-30T08:47:03+00:00","dateModified":"2025-01-30T08:47:04+00:00","author":{"@id":"https:\/\/theplayoffs.news\/fr\/#\/schema\/person\/def63bc6746dc5957469b75feb99e66d"},"description":"Les New York Jets continuent de constituer leur coaching staff pour la saison 2025. Apr\u00e8s avoir engag\u00e9 Aaron Glenn","breadcrumb":{"@id":"https:\/\/theplayoffs.news\/fr\/actualite-nfl\/new-york-jets-steve-wilks-est-le-nouveau-coordinateur-defensif\/#breadcrumb"},"inLanguage":"fr-FR","potentialAction":[{"@type":"ReadAction","target":["https:\/\/theplayoffs.news\/fr\/actualite-nfl\/new-york-jets-steve-wilks-est-le-nouveau-coordinateur-defensif\/"]}]},{"@type":"ImageObject","inLanguage":"fr-FR","@id":"https:\/\/theplayoffs.news\/fr\/actualite-nfl\/new-york-jets-steve-wilks-est-le-nouveau-coordinateur-defensif\/#primaryimage","url":"https:\/\/theplayoffs.news\/fr\/wp-content\/uploads\/2025\/01\/USATSI_22522880.jpg","contentUrl":"https:\/\/theplayoffs.news\/fr\/wp-content\/uploads\/2025\/01\/USATSI_22522880.jpg","width":1920,"height":1450,"caption":"Feb 11, 2024; Paradise, Nevada, USA; San Francisco 49ers defensive coordinator Steve Wilks against the Kansas City Chiefs in Super Bowl LVIII at Allegiant Stadium. Mandatory Credit: Mark J. Rebilas-USA TODAY Sports"},{"@type":"BreadcrumbList","@id":"https:\/\/theplayoffs.news\/fr\/actualite-nfl\/new-york-jets-steve-wilks-est-le-nouveau-coordinateur-defensif\/#breadcrumb","itemListElement":[{"@type":"ListItem","position":1,"name":"Accueil","item":"https:\/\/theplayoffs.news\/fr\/"},{"@type":"ListItem","position":2,"name":"New York Jets: Steve Wilks est le nouveau coordinateur d\u00e9fensif!"}]},{"@type":"WebSite","@id":"https:\/\/theplayoffs.news\/fr\/#website","url":"https:\/\/theplayoffs.news\/fr\/","name":"The Playoffs FR","description":"NBA-NFL-NHL-MLB","potentialAction":[{"@type":"SearchAction","target":{"@type":"EntryPoint","urlTemplate":"https:\/\/theplayoffs.news\/fr\/?s={search_term_string}"},"query-input":{"@type":"PropertyValueSpecification","valueRequired":true,"valueName":"search_term_string"}}],"inLanguage":"fr-FR"},{"@type":"Person","@id":"https:\/\/theplayoffs.news\/fr\/#\/schema\/person\/def63bc6746dc5957469b75feb99e66d","name":"Flavien Jumeau","image":{"@type":"ImageObject","inLanguage":"fr-FR","@id":"https:\/\/theplayoffs.news\/fr\/#\/schema\/person\/image\/","url":"https:\/\/secure.gravatar.com\/avatar\/e7fa8ba5a4b7e4ce35fe152f083f352db28ad0acce692004ed88a7a7d78893f7?s=96&d=mm&r=g","contentUrl":"https:\/\/secure.gravatar.com\/avatar\/e7fa8ba5a4b7e4ce35fe152f083f352db28ad0acce692004ed88a7a7d78893f7?s=96&d=mm&r=g","caption":"Flavien Jumeau"},"description":"Amoureux du sport (et de vraiment tous les sports) depuis mon plus jeune \u00e2ge, j\u2019ai longtemps h\u00e9site entre le snooker et le curling. Finalement c\u2019est le foot US que j\u2019ai d\u00e9cid\u00e9 de choisir! Responsable foot US sur TPO et animateur du podcast Tailgate j\u2019ai pour mission de vous faire d\u00e9couvrir ce sport passionnant si ce n\u2019est pas encore fait et de vous donner les derni\u00e8res actus. Le tout dans la bonne humeur et avec toujours un jeu de mots ou deux savamment distill\u00e9s! Fan des Saints, pour moi Drew Brees est le vrai GOAT!","url":"https:\/\/theplayoffs.news\/fr\/author\/flavien-jumeaugmail-com\/"}]}},"_links":{"self":[{"href":"https:\/\/theplayoffs.news\/fr\/wp-json\/wp\/v2\/posts\/1476717","targetHints":{"allow":["GET"]}}],"collection":[{"href":"https:\/\/theplayoffs.news\/fr\/wp-json\/wp\/v2\/posts"}],"about":[{"href":"https:\/\/theplayoffs.news\/fr\/wp-json\/wp\/v2\/types\/post"}],"author":[{"embeddable":true,"href":"https:\/\/theplayoffs.news\/fr\/wp-json\/wp\/v2\/users\/180309964"}],"replies":[{"embeddable":true,"href":"https:\/\/theplayoffs.news\/fr\/wp-json\/wp\/v2\/comments?post=1476717"}],"version-history":[{"count":1,"href":"https:\/\/theplayoffs.news\/fr\/wp-json\/wp\/v2\/posts\/1476717\/revisions"}],"predecessor-version":[{"id":1476719,"href":"https:\/\/theplayoffs.news\/fr\/wp-json\/wp\/v2\/posts\/1476717\/revisions\/1476719"}],"wp:featuredmedia":[{"embeddable":true,"href":"https:\/\/theplayoffs.news\/fr\/wp-json\/wp\/v2\/media\/1476718"}],"wp:attachment":[{"href":"https:\/\/theplayoffs.news\/fr\/wp-json\/wp\/v2\/media?parent=1476717"}],"wp:term":[{"taxonomy":"category","embeddable":true,"href":"https:\/\/theplayoffs.news\/fr\/wp-json\/wp\/v2\/categories?post=1476717"},{"taxonomy":"post_tag","embeddable":true,"href":"https:\/\/theplayoffs.news\/fr\/wp-json\/wp\/v2\/tags?post=1476717"},{"taxonomy":"sport","embeddable":true,"href":"https:\/\/theplayoffs.news\/fr\/wp-json\/wp\/v2\/sport?post=1476717"},{"taxonomy":"saison","embeddable":true,"href":"https:\/\/theplayoffs.news\/fr\/wp-json\/wp\/v2\/saison?post=1476717"}],"curies":[{"name":"wp","href":"https:\/\/api.w.org\/{rel}","templated":true}]}}