{"id":1476714,"date":"2025-01-30T09:29:40","date_gmt":"2025-01-30T08:29:40","guid":{"rendered":"https:\/\/theplayoffs.news\/fr\/uncategorized\/\/"},"modified":"2025-01-30T09:29:43","modified_gmt":"2025-01-30T08:29:43","slug":"matthew-stafford-continuera-sa-carriere-en-2025","status":"publish","type":"post","link":"https:\/\/theplayoffs.news\/fr\/actualite-nfl\/matthew-stafford-continuera-sa-carriere-en-2025\/","title":{"rendered":"Matthew Stafford continuera sa carri\u00e8re en 2025"},"content":{"rendered":"<p>Lui, il sera bel et bien l&agrave; la saison prochaine! Lui, c&rsquo;est Matthew Stafford. Le quarterback des Los Angeles Rams avait laiss&eacute; planer le doute sur la suite de sa carri&egrave;re au lendemain de la d&eacute;faite des Los Angeles Rams face aux Philadelphie Eagles lors du <a href=\"https:\/\/theplayoffs.news\/fr\/nfl\/podcast-nfl-debrief-divisional-round\/\" class=\"trk-cta-link\" data-cta-trk='{\"ctaType\":\"Link\",\"ctaSubType\":\"main\"}'>Divisional Round<\/a>. Une semaine plus tard, le doute est lev&eacute;. D&rsquo;apr&egrave;s <a href=\"https:\/\/www.nfl.com\/news\/veteran-qb-matthew-stafford-plans-to-play-in-2025-situation-with-rams-still-to-be-determined#:~:text=Stafford%20revised%20his%20contract%20with,number%20into%20the%202025%20campaign.\" class=\"trk-cta-link\" data-cta-trk='{\"ctaType\":\"Link\",\"ctaSubType\":\"main\"}'>Ian Rapoport<\/a>, Stafford sera bel et bien pr&eacute;sent sur les terrains de NFL en 2025.<\/p><blockquote class=\"twitter-tweet\"><p lang=\"en\" dir=\"ltr\">From The Insiders in Mobile: <a href=\"https:\/\/twitter.com\/hashtag\/Rams?src=hash&amp;ref_src=twsrc%5Etfw\" class=\"trk-cta-link\" data-cta-trk='{\"ctaType\":\"Link\",\"ctaSubType\":\"main\"}'>#Rams<\/a> QB Matthew Stafford plans to return and play in 2025, sources say, though a deal likely needs to be worked out. <a href=\"https:\/\/t.co\/ArzNDnWQsi\" class=\"trk-cta-link\" data-cta-trk='{\"ctaType\":\"Link\",\"ctaSubType\":\"main\"}'>pic.twitter.com\/ArzNDnWQsi<\/a><\/p>&mdash; Ian Rapoport (@RapSheet) <a href=\"https:\/\/twitter.com\/RapSheet\/status\/1884759376294039869?ref_src=twsrc%5Etfw\" class=\"trk-cta-link\" data-cta-trk='{\"ctaType\":\"Link\",\"ctaSubType\":\"main\"}'>January 30, 2025<\/a><\/blockquote><script async src=\"https:\/\/platform.twitter.com\/widgets.js\" charset=\"utf-8\"><\/script><p>Draft&eacute; en premier choix de la draft NFL 2019 par les Detroit Lions, Matthew Stafford va jouer pendant 12 saisons avec la franchise du Michigan. En 2021, il est &eacute;chang&eacute; avec Jared Goff et arrive donc chez les Rams. Rapidement le succ&egrave;s sera au rendez-vous avec le gain du Super Bowl de cette saison 2021. Au bout des 16 ans de sa carri&egrave;re, Stafford a d&eacute;j&agrave; lanc&eacute; plus de 59 000 yards &agrave; la passe et pas moins de 377 touchdowns.<\/p><p>Une carri&egrave;re qui ne va donc pas s&rsquo;arr&ecirc;ter en si bon chemin. Reste maintenant &agrave; savoir o&ugrave; jouera Matthew Stafford en 2025. Le quarterback avait restructur&eacute; son contrat la saison derni&egrave;re mais il n&rsquo;est pas impossible que les Rams cherchent &agrave; prendre une autre direction et &eacute;conomisent 27 millions en l&rsquo;&eacute;changeant avec une autre franchise. Mais que Stafford se rassure il y aura des candidats pour l&rsquo;accueillir si les Rams d&eacute;cident de choisir un autre chemin.<\/p><p>Cr&eacute;dit photo: &copy; Bill Streicher-Imagn Images<\/p>\n","protected":false},"excerpt":{"rendered":"<p>NFL &#8211; Le quarterback des Los Angeles Rams, Matthew Stafford, a d\u00e9cid\u00e9 de poursuive sa carri\u00e8re en NFL pour au moins une saison suppl\u00e9mentaire<\/p>\n","protected":false},"author":180309964,"featured_media":1476715,"comment_status":"closed","ping_status":"closed","sticky":false,"template":"","format":"standard","meta":{"inline_featured_image":false,"kia_subtitle":"NFL - Le quarterback des Los Angeles Rams, Matthew Stafford, a d\u00e9cid\u00e9 de poursuive sa carri\u00e8re en NFL pour au moins une saison suppl\u00e9mentaire","_mux_skip_reasons":[],"proofreadBy":0,"footnotes":""},"categories":[118,40],"tags":[695,782],"sport":[2785],"saison":[7475],"class_list":["post-1476714","post","type-post","status-publish","format-standard","has-post-thumbnail","hentry","category-actualite-nfl","category-nfl","tag-los-angeles-rams","tag-matthew-stafford","sport-nfl","saison-7475"],"acf":[],"yoast_head":"<!-- This site is optimized with the Yoast SEO plugin v24.2 - https:\/\/yoast.com\/wordpress\/plugins\/seo\/ -->\n<title>Matthew Stafford continuera sa carri&egrave;re en 2025 - The Playoffs FR<\/title>\n<meta name=\"description\" content=\"Lui, il sera bel et bien l&agrave; la saison prochaine! Lui, c&#039;est Matthew Stafford. Le quarterback des Los Angeles Rams avait laiss&eacute;\" \/>\n<meta name=\"robots\" content=\"index, follow, max-snippet:-1, max-image-preview:large, max-video-preview:-1\" \/>\n<link rel=\"canonical\" href=\"https:\/\/theplayoffs.news\/fr\/actualite-nfl\/matthew-stafford-continuera-sa-carriere-en-2025\/\" \/>\n<meta property=\"og:locale\" content=\"fr_FR\" \/>\n<meta property=\"og:type\" content=\"article\" \/>\n<meta property=\"og:title\" content=\"Matthew Stafford continuera sa carri&egrave;re en 2025 - The Playoffs FR\" \/>\n<meta property=\"og:description\" content=\"Lui, il sera bel et bien l&agrave; la saison prochaine! Lui, c&#039;est Matthew Stafford. Le quarterback des Los Angeles Rams avait laiss&eacute;\" \/>\n<meta property=\"og:url\" content=\"https:\/\/theplayoffs.news\/fr\/actualite-nfl\/matthew-stafford-continuera-sa-carriere-en-2025\/\" \/>\n<meta property=\"og:site_name\" content=\"The Playoffs FR\" \/>\n<meta property=\"article:publisher\" content=\"https:\/\/www.facebook.com\/TheFreeAgentFR\/\" \/>\n<meta property=\"article:modified_time\" content=\"2025-01-30T09:29:43+01:00\" \/>\n<meta property=\"og:image\" content=\"https:\/\/theplayoffs.news\/fr\/wp-content\/uploads\/2025\/01\/USATSI_25227976-1.jpg\" \/>\n\t<meta property=\"og:image:width\" content=\"1920\" \/>\n\t<meta property=\"og:image:height\" content=\"1280\" \/>\n\t<meta property=\"og:image:type\" content=\"image\/jpeg\" \/>\n<meta name=\"author\" content=\"Flavien Jumeau\" \/>\n<meta name=\"twitter:card\" content=\"summary_large_image\" \/>\n<meta name=\"twitter:creator\" content=\"@TheFreeAgentFR\" \/>\n<meta name=\"twitter:site\" content=\"@TheFreeAgentFR\" \/>\n<meta name=\"twitter:label1\" content=\"\u00c9crit par\" \/>\n\t<meta name=\"twitter:data1\" content=\"Flavien Jumeau\" \/>\n\t<meta name=\"twitter:label2\" content=\"Dur\u00e9e de lecture estim\u00e9e\" \/>\n\t<meta name=\"twitter:data2\" content=\"2 minutes\" \/>\n<script type=\"application\/ld+json\" class=\"yoast-schema-graph\">{\"@context\":\"https:\/\/schema.org\",\"@graph\":[{\"@type\":\"WebPage\",\"@id\":\"https:\/\/theplayoffs.news\/fr\/actualite-nfl\/matthew-stafford-continuera-sa-carriere-en-2025\/\",\"url\":\"https:\/\/theplayoffs.news\/fr\/actualite-nfl\/matthew-stafford-continuera-sa-carriere-en-2025\/\",\"name\":\"Matthew Stafford continuera sa carri\u00e8re en 2025 - The Playoffs FR\",\"isPartOf\":{\"@id\":\"https:\/\/theplayoffs.news\/fr\/#website\"},\"primaryImageOfPage\":{\"@id\":\"https:\/\/theplayoffs.news\/fr\/actualite-nfl\/matthew-stafford-continuera-sa-carriere-en-2025\/#primaryimage\"},\"image\":{\"@id\":\"https:\/\/theplayoffs.news\/fr\/actualite-nfl\/matthew-stafford-continuera-sa-carriere-en-2025\/#primaryimage\"},\"thumbnailUrl\":\"https:\/\/theplayoffs.news\/fr\/wp-content\/uploads\/2025\/01\/USATSI_25227976-1.jpg\",\"datePublished\":\"2025-01-30T08:29:40+00:00\",\"dateModified\":\"2025-01-30T08:29:43+00:00\",\"author\":{\"@id\":\"https:\/\/theplayoffs.news\/fr\/#\/schema\/person\/def63bc6746dc5957469b75feb99e66d\"},\"description\":\"Lui, il sera bel et bien l\u00e0 la saison prochaine! Lui, c\\\\'est Matthew Stafford. Le quarterback des Los Angeles Rams avait laiss\u00e9\",\"breadcrumb\":{\"@id\":\"https:\/\/theplayoffs.news\/fr\/actualite-nfl\/matthew-stafford-continuera-sa-carriere-en-2025\/#breadcrumb\"},\"inLanguage\":\"fr-FR\",\"potentialAction\":[{\"@type\":\"ReadAction\",\"target\":[\"https:\/\/theplayoffs.news\/fr\/actualite-nfl\/matthew-stafford-continuera-sa-carriere-en-2025\/\"]}]},{\"@type\":\"ImageObject\",\"inLanguage\":\"fr-FR\",\"@id\":\"https:\/\/theplayoffs.news\/fr\/actualite-nfl\/matthew-stafford-continuera-sa-carriere-en-2025\/#primaryimage\",\"url\":\"https:\/\/theplayoffs.news\/fr\/wp-content\/uploads\/2025\/01\/USATSI_25227976-1.jpg\",\"contentUrl\":\"https:\/\/theplayoffs.news\/fr\/wp-content\/uploads\/2025\/01\/USATSI_25227976-1.jpg\",\"width\":1920,\"height\":1280,\"caption\":\"Jan 19, 2025; Philadelphia, Pennsylvania, USA; Los Angeles Rams quarterback Matthew Stafford (9) calls a play from the line of scrimmage in the third quarter against the Philadelphia Eagles in a 2025 NFC divisional round game at Lincoln Financial Field. Mandatory Credit: Bill Streicher-Imagn Images\"},{\"@type\":\"BreadcrumbList\",\"@id\":\"https:\/\/theplayoffs.news\/fr\/actualite-nfl\/matthew-stafford-continuera-sa-carriere-en-2025\/#breadcrumb\",\"itemListElement\":[{\"@type\":\"ListItem\",\"position\":1,\"name\":\"Accueil\",\"item\":\"https:\/\/theplayoffs.news\/fr\/\"},{\"@type\":\"ListItem\",\"position\":2,\"name\":\"Matthew Stafford continuera sa carri\u00e8re en 2025\"}]},{\"@type\":\"WebSite\",\"@id\":\"https:\/\/theplayoffs.news\/fr\/#website\",\"url\":\"https:\/\/theplayoffs.news\/fr\/\",\"name\":\"The Playoffs FR\",\"description\":\"NBA-NFL-NHL-MLB\",\"potentialAction\":[{\"@type\":\"SearchAction\",\"target\":{\"@type\":\"EntryPoint\",\"urlTemplate\":\"https:\/\/theplayoffs.news\/fr\/?s={search_term_string}\"},\"query-input\":{\"@type\":\"PropertyValueSpecification\",\"valueRequired\":true,\"valueName\":\"search_term_string\"}}],\"inLanguage\":\"fr-FR\"},{\"@type\":\"Person\",\"@id\":\"https:\/\/theplayoffs.news\/fr\/#\/schema\/person\/def63bc6746dc5957469b75feb99e66d\",\"name\":\"Flavien Jumeau\",\"image\":{\"@type\":\"ImageObject\",\"inLanguage\":\"fr-FR\",\"@id\":\"https:\/\/theplayoffs.news\/fr\/#\/schema\/person\/image\/\",\"url\":\"https:\/\/secure.gravatar.com\/avatar\/e7fa8ba5a4b7e4ce35fe152f083f352db28ad0acce692004ed88a7a7d78893f7?s=96&d=mm&r=g\",\"contentUrl\":\"https:\/\/secure.gravatar.com\/avatar\/e7fa8ba5a4b7e4ce35fe152f083f352db28ad0acce692004ed88a7a7d78893f7?s=96&d=mm&r=g\",\"caption\":\"Flavien Jumeau\"},\"description\":\"Amoureux du sport (et de vraiment tous les sports) depuis mon plus jeune \u00e2ge, j\u2019ai longtemps h\u00e9site entre le snooker et le curling. Finalement c\u2019est le foot US que j\u2019ai d\u00e9cid\u00e9 de choisir! Responsable foot US sur TPO et animateur du podcast Tailgate j\u2019ai pour mission de vous faire d\u00e9couvrir ce sport passionnant si ce n\u2019est pas encore fait et de vous donner les derni\u00e8res actus. Le tout dans la bonne humeur et avec toujours un jeu de mots ou deux savamment distill\u00e9s! Fan des Saints, pour moi Drew Brees est le vrai GOAT!\",\"url\":\"https:\/\/theplayoffs.news\/fr\/author\/flavien-jumeaugmail-com\/\"}]}<\/script>\n<!-- \/ Yoast SEO plugin. -->","yoast_head_json":{"title":"Matthew Stafford continuera sa carri&egrave;re en 2025 - The Playoffs FR","description":"Lui, il sera bel et bien l&agrave; la saison prochaine! Lui, c&#039;est Matthew Stafford. Le quarterback des Los Angeles Rams avait laiss&eacute;","robots":{"index":"index","follow":"follow","max-snippet":"max-snippet:-1","max-image-preview":"max-image-preview:large","max-video-preview":"max-video-preview:-1"},"canonical":"https:\/\/theplayoffs.news\/fr\/actualite-nfl\/matthew-stafford-continuera-sa-carriere-en-2025\/","og_locale":"fr_FR","og_type":"article","og_title":"Matthew Stafford continuera sa carri&egrave;re en 2025 - The Playoffs FR","og_description":"Lui, il sera bel et bien l&agrave; la saison prochaine! Lui, c&#039;est Matthew Stafford. Le quarterback des Los Angeles Rams avait laiss&eacute;","og_url":"https:\/\/theplayoffs.news\/fr\/actualite-nfl\/matthew-stafford-continuera-sa-carriere-en-2025\/","og_site_name":"The Playoffs FR","article_publisher":"https:\/\/www.facebook.com\/TheFreeAgentFR\/","article_modified_time":"2025-01-30T08:29:43+00:00","og_image":[{"width":1920,"height":1280,"url":"https:\/\/theplayoffs.news\/fr\/wp-content\/uploads\/2025\/01\/USATSI_25227976-1.jpg","type":"image\/jpeg"}],"author":"Flavien Jumeau","twitter_card":"summary_large_image","twitter_creator":"@TheFreeAgentFR","twitter_site":"@TheFreeAgentFR","twitter_misc":{"\u00c9crit par":"Flavien Jumeau","Dur\u00e9e de lecture estim\u00e9e":"2 minutes"},"schema":{"@context":"https:\/\/schema.org","@graph":[{"@type":"WebPage","@id":"https:\/\/theplayoffs.news\/fr\/actualite-nfl\/matthew-stafford-continuera-sa-carriere-en-2025\/","url":"https:\/\/theplayoffs.news\/fr\/actualite-nfl\/matthew-stafford-continuera-sa-carriere-en-2025\/","name":"Matthew Stafford continuera sa carri\u00e8re en 2025 - The Playoffs FR","isPartOf":{"@id":"https:\/\/theplayoffs.news\/fr\/#website"},"primaryImageOfPage":{"@id":"https:\/\/theplayoffs.news\/fr\/actualite-nfl\/matthew-stafford-continuera-sa-carriere-en-2025\/#primaryimage"},"image":{"@id":"https:\/\/theplayoffs.news\/fr\/actualite-nfl\/matthew-stafford-continuera-sa-carriere-en-2025\/#primaryimage"},"thumbnailUrl":"https:\/\/theplayoffs.news\/fr\/wp-content\/uploads\/2025\/01\/USATSI_25227976-1.jpg","datePublished":"2025-01-30T08:29:40+00:00","dateModified":"2025-01-30T08:29:43+00:00","author":{"@id":"https:\/\/theplayoffs.news\/fr\/#\/schema\/person\/def63bc6746dc5957469b75feb99e66d"},"description":"Lui, il sera bel et bien l\u00e0 la saison prochaine! Lui, c\\'est Matthew Stafford. Le quarterback des Los Angeles Rams avait laiss\u00e9","breadcrumb":{"@id":"https:\/\/theplayoffs.news\/fr\/actualite-nfl\/matthew-stafford-continuera-sa-carriere-en-2025\/#breadcrumb"},"inLanguage":"fr-FR","potentialAction":[{"@type":"ReadAction","target":["https:\/\/theplayoffs.news\/fr\/actualite-nfl\/matthew-stafford-continuera-sa-carriere-en-2025\/"]}]},{"@type":"ImageObject","inLanguage":"fr-FR","@id":"https:\/\/theplayoffs.news\/fr\/actualite-nfl\/matthew-stafford-continuera-sa-carriere-en-2025\/#primaryimage","url":"https:\/\/theplayoffs.news\/fr\/wp-content\/uploads\/2025\/01\/USATSI_25227976-1.jpg","contentUrl":"https:\/\/theplayoffs.news\/fr\/wp-content\/uploads\/2025\/01\/USATSI_25227976-1.jpg","width":1920,"height":1280,"caption":"Jan 19, 2025; Philadelphia, Pennsylvania, USA; Los Angeles Rams quarterback Matthew Stafford (9) calls a play from the line of scrimmage in the third quarter against the Philadelphia Eagles in a 2025 NFC divisional round game at Lincoln Financial Field. Mandatory Credit: Bill Streicher-Imagn Images"},{"@type":"BreadcrumbList","@id":"https:\/\/theplayoffs.news\/fr\/actualite-nfl\/matthew-stafford-continuera-sa-carriere-en-2025\/#breadcrumb","itemListElement":[{"@type":"ListItem","position":1,"name":"Accueil","item":"https:\/\/theplayoffs.news\/fr\/"},{"@type":"ListItem","position":2,"name":"Matthew Stafford continuera sa carri\u00e8re en 2025"}]},{"@type":"WebSite","@id":"https:\/\/theplayoffs.news\/fr\/#website","url":"https:\/\/theplayoffs.news\/fr\/","name":"The Playoffs FR","description":"NBA-NFL-NHL-MLB","potentialAction":[{"@type":"SearchAction","target":{"@type":"EntryPoint","urlTemplate":"https:\/\/theplayoffs.news\/fr\/?s={search_term_string}"},"query-input":{"@type":"PropertyValueSpecification","valueRequired":true,"valueName":"search_term_string"}}],"inLanguage":"fr-FR"},{"@type":"Person","@id":"https:\/\/theplayoffs.news\/fr\/#\/schema\/person\/def63bc6746dc5957469b75feb99e66d","name":"Flavien Jumeau","image":{"@type":"ImageObject","inLanguage":"fr-FR","@id":"https:\/\/theplayoffs.news\/fr\/#\/schema\/person\/image\/","url":"https:\/\/secure.gravatar.com\/avatar\/e7fa8ba5a4b7e4ce35fe152f083f352db28ad0acce692004ed88a7a7d78893f7?s=96&d=mm&r=g","contentUrl":"https:\/\/secure.gravatar.com\/avatar\/e7fa8ba5a4b7e4ce35fe152f083f352db28ad0acce692004ed88a7a7d78893f7?s=96&d=mm&r=g","caption":"Flavien Jumeau"},"description":"Amoureux du sport (et de vraiment tous les sports) depuis mon plus jeune \u00e2ge, j\u2019ai longtemps h\u00e9site entre le snooker et le curling. Finalement c\u2019est le foot US que j\u2019ai d\u00e9cid\u00e9 de choisir! Responsable foot US sur TPO et animateur du podcast Tailgate j\u2019ai pour mission de vous faire d\u00e9couvrir ce sport passionnant si ce n\u2019est pas encore fait et de vous donner les derni\u00e8res actus. Le tout dans la bonne humeur et avec toujours un jeu de mots ou deux savamment distill\u00e9s! Fan des Saints, pour moi Drew Brees est le vrai GOAT!","url":"https:\/\/theplayoffs.news\/fr\/author\/flavien-jumeaugmail-com\/"}]}},"_links":{"self":[{"href":"https:\/\/theplayoffs.news\/fr\/wp-json\/wp\/v2\/posts\/1476714","targetHints":{"allow":["GET"]}}],"collection":[{"href":"https:\/\/theplayoffs.news\/fr\/wp-json\/wp\/v2\/posts"}],"about":[{"href":"https:\/\/theplayoffs.news\/fr\/wp-json\/wp\/v2\/types\/post"}],"author":[{"embeddable":true,"href":"https:\/\/theplayoffs.news\/fr\/wp-json\/wp\/v2\/users\/180309964"}],"replies":[{"embeddable":true,"href":"https:\/\/theplayoffs.news\/fr\/wp-json\/wp\/v2\/comments?post=1476714"}],"version-history":[{"count":1,"href":"https:\/\/theplayoffs.news\/fr\/wp-json\/wp\/v2\/posts\/1476714\/revisions"}],"predecessor-version":[{"id":1476716,"href":"https:\/\/theplayoffs.news\/fr\/wp-json\/wp\/v2\/posts\/1476714\/revisions\/1476716"}],"wp:featuredmedia":[{"embeddable":true,"href":"https:\/\/theplayoffs.news\/fr\/wp-json\/wp\/v2\/media\/1476715"}],"wp:attachment":[{"href":"https:\/\/theplayoffs.news\/fr\/wp-json\/wp\/v2\/media?parent=1476714"}],"wp:term":[{"taxonomy":"category","embeddable":true,"href":"https:\/\/theplayoffs.news\/fr\/wp-json\/wp\/v2\/categories?post=1476714"},{"taxonomy":"post_tag","embeddable":true,"href":"https:\/\/theplayoffs.news\/fr\/wp-json\/wp\/v2\/tags?post=1476714"},{"taxonomy":"sport","embeddable":true,"href":"https:\/\/theplayoffs.news\/fr\/wp-json\/wp\/v2\/sport?post=1476714"},{"taxonomy":"saison","embeddable":true,"href":"https:\/\/theplayoffs.news\/fr\/wp-json\/wp\/v2\/saison?post=1476714"}],"curies":[{"name":"wp","href":"https:\/\/api.w.org\/{rel}","templated":true}]}}