{"id":1476696,"date":"2025-01-29T18:30:32","date_gmt":"2025-01-29T17:30:32","guid":{"rendered":"https:\/\/theplayoffs.news\/fr\/uncategorized\/\/"},"modified":"2025-01-29T18:30:34","modified_gmt":"2025-01-29T17:30:34","slug":"j-j-redick-sur-bronny-james-il-na-pas-bien-joue-ce-soir","status":"publish","type":"post","link":"https:\/\/theplayoffs.news\/fr\/actualite-nba\/j-j-redick-sur-bronny-james-il-na-pas-bien-joue-ce-soir\/","title":{"rendered":"J.J. Redick sur Bronny James : \u00ab Il n\u2019a pas bien jou\u00e9 ce soir \u00bb"},"content":{"rendered":"<p><strong>Apr&egrave;s de solides performances en G-League, Bronny James a eu l&rsquo;opportunit&eacute; de jouer mardi soir lors du match entre les Lakers et Philadelphie. Malheureusement pour lui, cette rencontre ne s&rsquo;est pas d&eacute;roul&eacute;e comme pr&eacute;vu.<\/strong><\/p><p>Avec une moyenne de <strong>16,3 points, 4,2 rebonds et 4,2 passes d&eacute;cisives<\/strong> par match, Bronny James s&rsquo;est impos&eacute; comme un joueur cl&eacute; des South Bay Lakers en G-League. Mis en confiance par ses performances avec l&rsquo;&eacute;quipe r&eacute;serve de L.A., le fils du King avait ainsi fait part de son envie d&rsquo;&eacute;voluer davantage sur les parquets <a href=\"https:\/\/theplayoffs.news\/fr\/category\/nba\/\" class=\"trk-cta-link\" data-cta-trk='{\"ctaType\":\"Link\",\"ctaSubType\":\"main\"}'>NBA<\/a>.<\/p><blockquote class=\"twitter-tweet\"><p lang=\"en\" dir=\"ltr\">BRONNY JAMES POSTER MY GOODNESS. &#128293;&#128293;&#128293;&#128293;<br><br> <a href=\"https:\/\/t.co\/47AlP8S5j8\" class=\"trk-cta-link\" data-cta-trk='{\"ctaType\":\"Link\",\"ctaSubType\":\"main\"}'>pic.twitter.com\/47AlP8S5j8<\/a><\/p>&mdash; Hoop Central (@TheHoopCentral) <a href=\"https:\/\/twitter.com\/TheHoopCentral\/status\/1883009504876638494?ref_src=twsrc%5Etfw\" class=\"trk-cta-link\" data-cta-trk='{\"ctaType\":\"Link\",\"ctaSubType\":\"main\"}'>January 25, 2025<\/a><\/blockquote><script async src=\"https:\/\/platform.twitter.com\/widgets.js\" charset=\"utf-8\"><\/script><p>Lors de la rencontre de mardi soir, dans le cadre d&rsquo;un <strong>back-to-back<\/strong> difficile pour Los Angeles, le num&eacute;ro 0 a jou&eacute; la bagatelle de 15 minutes, soit son plus gros temps de jeu depuis son arriv&eacute;e dans la ligue en octobre dernier. Une opportunit&eacute; que le fr&egrave;re ain&eacute; de Bryce, avec 0 points &agrave; 0 sur 5 aux tirs et 3 balles perdues, n&rsquo;a h&eacute;las pas saisi. Une contre performance &agrave; laquelle son coach <strong>J.J. Redick<\/strong> a r&eacute;agi &agrave; l&rsquo;issue de la rencontre :<\/p><p><em>&laquo; L&rsquo;objectif &eacute;tait qu&rsquo;il apporte de l&rsquo;&eacute;nergie, surtout lors d&rsquo;un back-to-back. Mais peut-&ecirc;tre que je l&rsquo;ai mis dans une position difficile en le faisant venir hier pour un match diffus&eacute; en TV national contre Philadelphie. Il n&rsquo;a pas bien jou&eacute; ce soir, mais il performe tr&egrave;s bien en G-League en ce moment. &raquo;<\/em><\/p><p><strong>Lire aussi : <\/strong><\/p><p><a href=\"https:\/\/theplayoffs.news\/fr\/actualite-nba\/paul-george-snobe-par-les-pacers-je-nai-jamais-recu-dhommage-video\/\" class=\"trk-cta-link\" data-cta-trk='{\"ctaType\":\"Link\",\"ctaSubType\":\"main\"}'>Paul George snob&eacute; : &laquo;&nbsp;je n&rsquo;ai jamais re&ccedil;u d&rsquo;hommage des Pacers&nbsp;&raquo;<\/a><\/p><p><a href=\"https:\/\/theplayoffs.news\/fr\/actualite-nba\/deaaron-fox-la-fin-dune-ere-a-sacramento\/\" class=\"trk-cta-link\" data-cta-trk='{\"ctaType\":\"Link\",\"ctaSubType\":\"main\"}'>De&rsquo;Aaron Fox : la fin d&rsquo;une &egrave;re &agrave; Sacramento ?<\/a><\/p><p>Malgr&eacute; ses <strong>13 petites apparitions<\/strong> en NBA, le fils de la l&eacute;gende reste pr&ecirc;t &agrave; saisir toutes les opportunit&eacute;s. Il continue de travailler et d&rsquo;&eacute;voluer, tout en cherchant &agrave; jouer de mani&egrave;re intelligente.<\/p><p><em>&laquo; Je reste pr&ecirc;t, je continue de progresser en G-League. Je suis pr&ecirc;t &agrave; jouer et &agrave; jouer intelligemment. J&rsquo;essaye d&rsquo;&ecirc;tre agressif &agrave; chaque match et de jouer de la bonne mani&egrave;re. &raquo;<\/em><\/p><p>Une attitude pour le moins positive qui faisait &eacute;chos aux r&eacute;cents propos de LeBron James himself, <a href=\"https:\/\/clutchpoints.com\/lakers-news-lebron-james-reacts-bronny-first-extensive-minutes-of-career\" class=\"trk-cta-link\" data-cta-trk='{\"ctaType\":\"Link\",\"ctaSubType\":\"main\"}'>interrog&eacute; au micro d&rsquo;ESPN<\/a> &agrave; l&rsquo;issue de la rencontre. Le quadruple MVP, qui savourait &laquo;&nbsp;le moment&nbsp;&raquo;, a indiqu&eacute; que son rejeton &laquo;&nbsp;allait profiter de cette premi&egrave;re opportunit&eacute; pour continuer de progresser.&nbsp;&raquo;insistait sur le fait qu&rsquo;il s&rsquo;agissait de sa &laquo;&nbsp;premi&egrave;re exp&eacute;rience&nbsp;&raquo; de ce type et qu&rsquo;il allait &laquo;&nbsp;continuer de progresser&nbsp;&raquo;. <\/p><p>Avec 0,3 points de moyenne &agrave; 6,3% aux tirs en 13 rencontres NBA, difficile en effet de ne pas imaginer Bronny James progresser&hellip; <\/p><p>Cr&eacute;dit Photo : Bill Streicher-Imagn Images<\/p>\n","protected":false},"excerpt":{"rendered":"<p>Responsabilis\u00e9 par J.J. Redick mardi face \u00e0 Philly avec 15 minutes de jeu, Bronny James a rat\u00e9 une occasion de se montrer en NBA.<\/p>\n","protected":false},"author":180310268,"featured_media":1476700,"comment_status":"closed","ping_status":"closed","sticky":false,"template":"","format":"standard","meta":{"inline_featured_image":false,"kia_subtitle":"Responsabilis\u00e9 par J.J. Redick mardi face \u00e0 Philly avec 15 minutes de jeu, Bronny James a rat\u00e9 une occasion de se montrer en NBA.","_mux_skip_reasons":[],"proofreadBy":0,"footnotes":""},"categories":[110,10],"tags":[4614,116,117,23],"sport":[2783],"saison":[],"class_list":["post-1476696","post","type-post","status-publish","format-standard","has-post-thumbnail","hentry","category-actualite-nba","category-nba","tag-bronny-james","tag-lebron-james","tag-los-angeles-lakers","tag-nba-tag","sport-nba"],"acf":[],"yoast_head":"<!-- This site is optimized with the Yoast SEO plugin v24.2 - https:\/\/yoast.com\/wordpress\/plugins\/seo\/ -->\n<title>J.J. Redick sur Bronny James : &laquo; Il n&rsquo;a pas bien jou&eacute; ce soir &raquo;<\/title>\n<meta name=\"description\" content=\"Responsabilis&eacute; par J.J. Redick mardi face &agrave; Philly avec 15 minutes de jeu, Bronny James a rat&eacute; une occasion de se montrer en NBA.\" \/>\n<meta name=\"robots\" content=\"index, follow, max-snippet:-1, max-image-preview:large, max-video-preview:-1\" \/>\n<link rel=\"canonical\" href=\"https:\/\/theplayoffs.news\/fr\/actualite-nba\/j-j-redick-sur-bronny-james-il-na-pas-bien-joue-ce-soir\/\" \/>\n<meta property=\"og:locale\" content=\"fr_FR\" \/>\n<meta property=\"og:type\" content=\"article\" \/>\n<meta property=\"og:title\" content=\"J.J. Redick sur Bronny James : &laquo; Il n&rsquo;a pas bien jou&eacute; ce soir &raquo;\" \/>\n<meta property=\"og:description\" content=\"Responsabilis&eacute; par J.J. Redick mardi face &agrave; Philly avec 15 minutes de jeu, Bronny James a rat&eacute; une occasion de se montrer en NBA.\" \/>\n<meta property=\"og:url\" content=\"https:\/\/theplayoffs.news\/fr\/actualite-nba\/j-j-redick-sur-bronny-james-il-na-pas-bien-joue-ce-soir\/\" \/>\n<meta property=\"og:site_name\" content=\"The Playoffs FR\" \/>\n<meta property=\"article:publisher\" content=\"https:\/\/www.facebook.com\/TheFreeAgentFR\/\" \/>\n<meta property=\"article:modified_time\" content=\"2025-01-29T18:30:34+01:00\" \/>\n<meta property=\"og:image\" content=\"https:\/\/theplayoffs.news\/fr\/wp-content\/uploads\/2025\/01\/USATSI_25287183.jpg\" \/>\n\t<meta property=\"og:image:width\" content=\"1920\" \/>\n\t<meta property=\"og:image:height\" content=\"1280\" \/>\n\t<meta property=\"og:image:type\" content=\"image\/jpeg\" \/>\n<meta name=\"author\" content=\"Elian Goethals\" \/>\n<meta name=\"twitter:card\" content=\"summary_large_image\" \/>\n<meta name=\"twitter:creator\" content=\"@x.com\/elidwight\" \/>\n<meta name=\"twitter:site\" content=\"@TheFreeAgentFR\" \/>\n<meta name=\"twitter:label1\" content=\"\u00c9crit par\" \/>\n\t<meta name=\"twitter:data1\" content=\"Elian Goethals\" \/>\n\t<meta name=\"twitter:label2\" content=\"Dur\u00e9e de lecture estim\u00e9e\" \/>\n\t<meta name=\"twitter:data2\" content=\"3 minutes\" \/>\n<script type=\"application\/ld+json\" class=\"yoast-schema-graph\">{\"@context\":\"https:\/\/schema.org\",\"@graph\":[{\"@type\":\"WebPage\",\"@id\":\"https:\/\/theplayoffs.news\/fr\/actualite-nba\/j-j-redick-sur-bronny-james-il-na-pas-bien-joue-ce-soir\/\",\"url\":\"https:\/\/theplayoffs.news\/fr\/actualite-nba\/j-j-redick-sur-bronny-james-il-na-pas-bien-joue-ce-soir\/\",\"name\":\"J.J. Redick sur Bronny James : \u00ab Il n\u2019a pas bien jou\u00e9 ce soir \u00bb\",\"isPartOf\":{\"@id\":\"https:\/\/theplayoffs.news\/fr\/#website\"},\"primaryImageOfPage\":{\"@id\":\"https:\/\/theplayoffs.news\/fr\/actualite-nba\/j-j-redick-sur-bronny-james-il-na-pas-bien-joue-ce-soir\/#primaryimage\"},\"image\":{\"@id\":\"https:\/\/theplayoffs.news\/fr\/actualite-nba\/j-j-redick-sur-bronny-james-il-na-pas-bien-joue-ce-soir\/#primaryimage\"},\"thumbnailUrl\":\"https:\/\/theplayoffs.news\/fr\/wp-content\/uploads\/2025\/01\/USATSI_25287183.jpg\",\"datePublished\":\"2025-01-29T17:30:32+00:00\",\"dateModified\":\"2025-01-29T17:30:34+00:00\",\"author\":{\"@id\":\"https:\/\/theplayoffs.news\/fr\/#\/schema\/person\/2bc470c6a49f4f6229a67af19c87a732\"},\"description\":\"Responsabilis\u00e9 par J.J. Redick mardi face \u00e0 Philly avec 15 minutes de jeu, Bronny James a rat\u00e9 une occasion de se montrer en NBA.\",\"breadcrumb\":{\"@id\":\"https:\/\/theplayoffs.news\/fr\/actualite-nba\/j-j-redick-sur-bronny-james-il-na-pas-bien-joue-ce-soir\/#breadcrumb\"},\"inLanguage\":\"fr-FR\",\"potentialAction\":[{\"@type\":\"ReadAction\",\"target\":[\"https:\/\/theplayoffs.news\/fr\/actualite-nba\/j-j-redick-sur-bronny-james-il-na-pas-bien-joue-ce-soir\/\"]}]},{\"@type\":\"ImageObject\",\"inLanguage\":\"fr-FR\",\"@id\":\"https:\/\/theplayoffs.news\/fr\/actualite-nba\/j-j-redick-sur-bronny-james-il-na-pas-bien-joue-ce-soir\/#primaryimage\",\"url\":\"https:\/\/theplayoffs.news\/fr\/wp-content\/uploads\/2025\/01\/USATSI_25287183.jpg\",\"contentUrl\":\"https:\/\/theplayoffs.news\/fr\/wp-content\/uploads\/2025\/01\/USATSI_25287183.jpg\",\"width\":1920,\"height\":1280,\"caption\":\"Jan 28, 2025; Philadelphia, Pennsylvania, USA; Los Angeles Lakers guard Bronny James (9) controls the ball against the Philadelphia 76ers at Wells Fargo Center. Mandatory Credit: Bill Streicher-Imagn Images\"},{\"@type\":\"BreadcrumbList\",\"@id\":\"https:\/\/theplayoffs.news\/fr\/actualite-nba\/j-j-redick-sur-bronny-james-il-na-pas-bien-joue-ce-soir\/#breadcrumb\",\"itemListElement\":[{\"@type\":\"ListItem\",\"position\":1,\"name\":\"Accueil\",\"item\":\"https:\/\/theplayoffs.news\/fr\/\"},{\"@type\":\"ListItem\",\"position\":2,\"name\":\"J.J. Redick sur Bronny James : \u00ab Il n\u2019a pas bien jou\u00e9 ce soir \u00bb\"}]},{\"@type\":\"WebSite\",\"@id\":\"https:\/\/theplayoffs.news\/fr\/#website\",\"url\":\"https:\/\/theplayoffs.news\/fr\/\",\"name\":\"The Playoffs FR\",\"description\":\"NBA-NFL-NHL-MLB\",\"potentialAction\":[{\"@type\":\"SearchAction\",\"target\":{\"@type\":\"EntryPoint\",\"urlTemplate\":\"https:\/\/theplayoffs.news\/fr\/?s={search_term_string}\"},\"query-input\":{\"@type\":\"PropertyValueSpecification\",\"valueRequired\":true,\"valueName\":\"search_term_string\"}}],\"inLanguage\":\"fr-FR\"},{\"@type\":\"Person\",\"@id\":\"https:\/\/theplayoffs.news\/fr\/#\/schema\/person\/2bc470c6a49f4f6229a67af19c87a732\",\"name\":\"Elian Goethals\",\"image\":{\"@type\":\"ImageObject\",\"inLanguage\":\"fr-FR\",\"@id\":\"https:\/\/theplayoffs.news\/fr\/#\/schema\/person\/image\/\",\"url\":\"https:\/\/secure.gravatar.com\/avatar\/293e2e649a094756005b611f6122ac1a95e95d453dbfe74b9d434b39855927f6?s=96&d=mm&r=g\",\"contentUrl\":\"https:\/\/secure.gravatar.com\/avatar\/293e2e649a094756005b611f6122ac1a95e95d453dbfe74b9d434b39855927f6?s=96&d=mm&r=g\",\"caption\":\"Elian Goethals\"},\"description\":\"Je suis sp\u00e9cialis\u00e9 dans la r\u00e9daction d\\\\'articles NBA et je suis un grand fan de basket am\u00e9ricain depuis toujours. Cela fait 20 ans que je joue au basket, et mon exp\u00e9rience sur les terrains me permet d\\\\'avoir une analyse approfondie des matchs. J\u2019ai d\u2019abord fait partie d\u2019autres m\u00e9dias sportifs en tant que b\u00e9n\u00e9vole avant de rejoindre ThePlayoffs en janvier. Je termine \u00e9galement un master en \u00e9tudes internationales. Ce que je pr\u00e9f\u00e8re dans mon travail, c\u2019est de transformer ma passion en m\u00e9tier et de partager avec vous l\u2019information NBA. J\u2019essaie de produire un contenu de qualit\u00e9 en esp\u00e9rant qu\u2019il vous plaise !\",\"sameAs\":[\"https:\/\/www.linkedin.com\/in\/elian-goethals-729b71200\/\",\"https:\/\/x.com\/x.com\/elidwight\"],\"url\":\"https:\/\/theplayoffs.news\/fr\/author\/elian\/\"}]}<\/script>\n<!-- \/ Yoast SEO plugin. -->","yoast_head_json":{"title":"J.J. Redick sur Bronny James : &laquo; Il n&rsquo;a pas bien jou&eacute; ce soir &raquo;","description":"Responsabilis&eacute; par J.J. Redick mardi face &agrave; Philly avec 15 minutes de jeu, Bronny James a rat&eacute; une occasion de se montrer en NBA.","robots":{"index":"index","follow":"follow","max-snippet":"max-snippet:-1","max-image-preview":"max-image-preview:large","max-video-preview":"max-video-preview:-1"},"canonical":"https:\/\/theplayoffs.news\/fr\/actualite-nba\/j-j-redick-sur-bronny-james-il-na-pas-bien-joue-ce-soir\/","og_locale":"fr_FR","og_type":"article","og_title":"J.J. Redick sur Bronny James : &laquo; Il n&rsquo;a pas bien jou&eacute; ce soir &raquo;","og_description":"Responsabilis&eacute; par J.J. Redick mardi face &agrave; Philly avec 15 minutes de jeu, Bronny James a rat&eacute; une occasion de se montrer en NBA.","og_url":"https:\/\/theplayoffs.news\/fr\/actualite-nba\/j-j-redick-sur-bronny-james-il-na-pas-bien-joue-ce-soir\/","og_site_name":"The Playoffs FR","article_publisher":"https:\/\/www.facebook.com\/TheFreeAgentFR\/","article_modified_time":"2025-01-29T17:30:34+00:00","og_image":[{"width":1920,"height":1280,"url":"https:\/\/theplayoffs.news\/fr\/wp-content\/uploads\/2025\/01\/USATSI_25287183.jpg","type":"image\/jpeg"}],"author":"Elian Goethals","twitter_card":"summary_large_image","twitter_creator":"@x.com\/elidwight","twitter_site":"@TheFreeAgentFR","twitter_misc":{"\u00c9crit par":"Elian Goethals","Dur\u00e9e de lecture estim\u00e9e":"3 minutes"},"schema":{"@context":"https:\/\/schema.org","@graph":[{"@type":"WebPage","@id":"https:\/\/theplayoffs.news\/fr\/actualite-nba\/j-j-redick-sur-bronny-james-il-na-pas-bien-joue-ce-soir\/","url":"https:\/\/theplayoffs.news\/fr\/actualite-nba\/j-j-redick-sur-bronny-james-il-na-pas-bien-joue-ce-soir\/","name":"J.J. Redick sur Bronny James : \u00ab Il n\u2019a pas bien jou\u00e9 ce soir \u00bb","isPartOf":{"@id":"https:\/\/theplayoffs.news\/fr\/#website"},"primaryImageOfPage":{"@id":"https:\/\/theplayoffs.news\/fr\/actualite-nba\/j-j-redick-sur-bronny-james-il-na-pas-bien-joue-ce-soir\/#primaryimage"},"image":{"@id":"https:\/\/theplayoffs.news\/fr\/actualite-nba\/j-j-redick-sur-bronny-james-il-na-pas-bien-joue-ce-soir\/#primaryimage"},"thumbnailUrl":"https:\/\/theplayoffs.news\/fr\/wp-content\/uploads\/2025\/01\/USATSI_25287183.jpg","datePublished":"2025-01-29T17:30:32+00:00","dateModified":"2025-01-29T17:30:34+00:00","author":{"@id":"https:\/\/theplayoffs.news\/fr\/#\/schema\/person\/2bc470c6a49f4f6229a67af19c87a732"},"description":"Responsabilis\u00e9 par J.J. Redick mardi face \u00e0 Philly avec 15 minutes de jeu, Bronny James a rat\u00e9 une occasion de se montrer en NBA.","breadcrumb":{"@id":"https:\/\/theplayoffs.news\/fr\/actualite-nba\/j-j-redick-sur-bronny-james-il-na-pas-bien-joue-ce-soir\/#breadcrumb"},"inLanguage":"fr-FR","potentialAction":[{"@type":"ReadAction","target":["https:\/\/theplayoffs.news\/fr\/actualite-nba\/j-j-redick-sur-bronny-james-il-na-pas-bien-joue-ce-soir\/"]}]},{"@type":"ImageObject","inLanguage":"fr-FR","@id":"https:\/\/theplayoffs.news\/fr\/actualite-nba\/j-j-redick-sur-bronny-james-il-na-pas-bien-joue-ce-soir\/#primaryimage","url":"https:\/\/theplayoffs.news\/fr\/wp-content\/uploads\/2025\/01\/USATSI_25287183.jpg","contentUrl":"https:\/\/theplayoffs.news\/fr\/wp-content\/uploads\/2025\/01\/USATSI_25287183.jpg","width":1920,"height":1280,"caption":"Jan 28, 2025; Philadelphia, Pennsylvania, USA; Los Angeles Lakers guard Bronny James (9) controls the ball against the Philadelphia 76ers at Wells Fargo Center. Mandatory Credit: Bill Streicher-Imagn Images"},{"@type":"BreadcrumbList","@id":"https:\/\/theplayoffs.news\/fr\/actualite-nba\/j-j-redick-sur-bronny-james-il-na-pas-bien-joue-ce-soir\/#breadcrumb","itemListElement":[{"@type":"ListItem","position":1,"name":"Accueil","item":"https:\/\/theplayoffs.news\/fr\/"},{"@type":"ListItem","position":2,"name":"J.J. Redick sur Bronny James : \u00ab Il n\u2019a pas bien jou\u00e9 ce soir \u00bb"}]},{"@type":"WebSite","@id":"https:\/\/theplayoffs.news\/fr\/#website","url":"https:\/\/theplayoffs.news\/fr\/","name":"The Playoffs FR","description":"NBA-NFL-NHL-MLB","potentialAction":[{"@type":"SearchAction","target":{"@type":"EntryPoint","urlTemplate":"https:\/\/theplayoffs.news\/fr\/?s={search_term_string}"},"query-input":{"@type":"PropertyValueSpecification","valueRequired":true,"valueName":"search_term_string"}}],"inLanguage":"fr-FR"},{"@type":"Person","@id":"https:\/\/theplayoffs.news\/fr\/#\/schema\/person\/2bc470c6a49f4f6229a67af19c87a732","name":"Elian Goethals","image":{"@type":"ImageObject","inLanguage":"fr-FR","@id":"https:\/\/theplayoffs.news\/fr\/#\/schema\/person\/image\/","url":"https:\/\/secure.gravatar.com\/avatar\/293e2e649a094756005b611f6122ac1a95e95d453dbfe74b9d434b39855927f6?s=96&d=mm&r=g","contentUrl":"https:\/\/secure.gravatar.com\/avatar\/293e2e649a094756005b611f6122ac1a95e95d453dbfe74b9d434b39855927f6?s=96&d=mm&r=g","caption":"Elian Goethals"},"description":"Je suis sp\u00e9cialis\u00e9 dans la r\u00e9daction d\\'articles NBA et je suis un grand fan de basket am\u00e9ricain depuis toujours. Cela fait 20 ans que je joue au basket, et mon exp\u00e9rience sur les terrains me permet d\\'avoir une analyse approfondie des matchs. J\u2019ai d\u2019abord fait partie d\u2019autres m\u00e9dias sportifs en tant que b\u00e9n\u00e9vole avant de rejoindre ThePlayoffs en janvier. Je termine \u00e9galement un master en \u00e9tudes internationales. Ce que je pr\u00e9f\u00e8re dans mon travail, c\u2019est de transformer ma passion en m\u00e9tier et de partager avec vous l\u2019information NBA. J\u2019essaie de produire un contenu de qualit\u00e9 en esp\u00e9rant qu\u2019il vous plaise !","sameAs":["https:\/\/www.linkedin.com\/in\/elian-goethals-729b71200\/","https:\/\/x.com\/x.com\/elidwight"],"url":"https:\/\/theplayoffs.news\/fr\/author\/elian\/"}]}},"_links":{"self":[{"href":"https:\/\/theplayoffs.news\/fr\/wp-json\/wp\/v2\/posts\/1476696","targetHints":{"allow":["GET"]}}],"collection":[{"href":"https:\/\/theplayoffs.news\/fr\/wp-json\/wp\/v2\/posts"}],"about":[{"href":"https:\/\/theplayoffs.news\/fr\/wp-json\/wp\/v2\/types\/post"}],"author":[{"embeddable":true,"href":"https:\/\/theplayoffs.news\/fr\/wp-json\/wp\/v2\/users\/180310268"}],"replies":[{"embeddable":true,"href":"https:\/\/theplayoffs.news\/fr\/wp-json\/wp\/v2\/comments?post=1476696"}],"version-history":[{"count":2,"href":"https:\/\/theplayoffs.news\/fr\/wp-json\/wp\/v2\/posts\/1476696\/revisions"}],"predecessor-version":[{"id":1476703,"href":"https:\/\/theplayoffs.news\/fr\/wp-json\/wp\/v2\/posts\/1476696\/revisions\/1476703"}],"wp:featuredmedia":[{"embeddable":true,"href":"https:\/\/theplayoffs.news\/fr\/wp-json\/wp\/v2\/media\/1476700"}],"wp:attachment":[{"href":"https:\/\/theplayoffs.news\/fr\/wp-json\/wp\/v2\/media?parent=1476696"}],"wp:term":[{"taxonomy":"category","embeddable":true,"href":"https:\/\/theplayoffs.news\/fr\/wp-json\/wp\/v2\/categories?post=1476696"},{"taxonomy":"post_tag","embeddable":true,"href":"https:\/\/theplayoffs.news\/fr\/wp-json\/wp\/v2\/tags?post=1476696"},{"taxonomy":"sport","embeddable":true,"href":"https:\/\/theplayoffs.news\/fr\/wp-json\/wp\/v2\/sport?post=1476696"},{"taxonomy":"saison","embeddable":true,"href":"https:\/\/theplayoffs.news\/fr\/wp-json\/wp\/v2\/saison?post=1476696"}],"curies":[{"name":"wp","href":"https:\/\/api.w.org\/{rel}","templated":true}]}}