{"id":1476672,"date":"2025-01-29T15:40:14","date_gmt":"2025-01-29T14:40:14","guid":{"rendered":"https:\/\/theplayoffs.news\/fr\/uncategorized\/\/"},"modified":"2025-01-29T18:09:17","modified_gmt":"2025-01-29T17:09:17","slug":"deaaron-fox-la-fin-dune-ere-a-sacramento","status":"publish","type":"post","link":"https:\/\/theplayoffs.news\/fr\/actualite-nba\/deaaron-fox-la-fin-dune-ere-a-sacramento\/","title":{"rendered":"De&rsquo;Aaron Fox : la fin d&rsquo;une \u00e8re \u00e0 Sacramento ?"},"content":{"rendered":"<p><strong>Au c&oelig;ur des rumeurs de transferts depuis le d&eacute;but de la saison, De&rsquo;Aaron Fox devrait bien &ecirc;tre &eacute;chang&eacute; par les Sacramento Kings avant la trade deadline du 6 f&eacute;vrier, selon le journaliste d&rsquo;ESPN Shams Charania.<\/strong><\/p><p>Draft&eacute; en 5&egrave;me position par les Kings en 2017, <strong>De&rsquo;Aaron Fox <\/strong>n&rsquo;a port&eacute; aucun autre maillot que celui de Sacramento en NBA. Mais les choses pourraient bien changer tr&egrave;s rapidement &agrave; en croire les derni&egrave;res rumeurs concernant l&rsquo;&eacute;tat de ses relations avec la direction de la franchise, d&eacute;&ccedil;ue de n&rsquo;avoir pu prolonger le bail de son meneur All-Star l&rsquo;&eacute;t&eacute; dernier.<\/p><blockquote class=\"twitter-tweet\"><p lang=\"en\" dir=\"ltr\">JUST IN: The Sacramento Kings are expected to open up talks to potentially deal All-Star De'Aaron Fox ahead of Feb. 6 trade deadline, sources tell ESPN. There will be plenty of suitors, but it's believed that Fox has a target destination in mind ahead of 2026 free agency. <a href=\"https:\/\/t.co\/Oh3fXgZjm3\" class=\"trk-cta-link\" data-cta-trk='{\"ctaType\":\"Link\",\"ctaSubType\":\"main\"}'>pic.twitter.com\/Oh3fXgZjm3<\/a><\/p>&mdash; Shams Charania (@ShamsCharania) <a href=\"https:\/\/twitter.com\/ShamsCharania\/status\/1884340205429129673?ref_src=twsrc%5Etfw\" class=\"trk-cta-link\" data-cta-trk='{\"ctaType\":\"Link\",\"ctaSubType\":\"main\"}'>January 28, 2025<\/a><\/blockquote><script async src=\"https:\/\/platform.twitter.com\/widgets.js\" charset=\"utf-8\"><\/script><p>Une situation interroge au regard de la timeline contractuelle du joueur le plus &laquo;&nbsp;clutch&nbsp;&raquo; de NBA en 2023, sous contrat avec la franchise californienne jusqu&rsquo;&agrave; la fin de la saison 2025-2026. A moins que le front office de Sactown n&rsquo;ait perdu tout espoir de prolonger sa star cet &eacute;t&eacute; ? Quoiqu&rsquo;il en soit et si les informations diffus&eacute;es par Shams Charania s&rsquo;av&eacute;raient exactes, nul doute que Fox, auteur de <strong>25,2 points, 5,0 rebonds et 6,2 passes d&eacute;cisives<\/strong> de moyenne par match, int&eacute;ressera nombre de franchises d&rsquo;ici &agrave; la trade deadline du 6 f&eacute;vrier.<\/p><p><strong>Lire aussi : <\/strong><\/p><p><a href=\"https:\/\/theplayoffs.news\/fr\/actualite-nba\/rising-star-challenge-les-francais-en-vedette-a-san-francisco\/\" class=\"trk-cta-link\" data-cta-trk='{\"ctaType\":\"Link\",\"ctaSubType\":\"main\"}'>NBA Rising Star Challenge : Les Fran&ccedil;ais &agrave; l&rsquo;honneur !<\/a><\/p><p><a href=\"https:\/\/theplayoffs.news\/fr\/actualite-nba\/recap-nba-de-la-nuit-28-01-tyrese-maxey-et-philly-brillent-les-bucks-decoivent\/\" class=\"trk-cta-link\" data-cta-trk='{\"ctaType\":\"Link\",\"ctaSubType\":\"main\"}'>R&eacute;cap NBA (28\/01) : Maxey et Philly brillent, les Bucks d&eacute;&ccedil;oivent !<\/a><\/p><p><strong>Les San Antonio Spurs<\/strong> semblent tenir la corde pour accueillir le meneur, <a href=\"https:\/\/x.com\/James_HamNBA\/status\/1884349704089325898?ref_src=twsrc%5Etfw%7Ctwcamp%5Etweetembed%7Ctwterm%5E1884349704089325898%7Ctwgr%5Ea2ef2e3cf44f8d7cda77dc656a99071c40d7a28e%7Ctwcon%5Es1_&amp;ref_url=https%3A%2F%2Fwww.lefigaro.fr%2Fsports%2Fbasket%2Fnba%2Fnba-de-aaron-fox-interesse-par-l-idee-de-rejoindre-victor-wembanyama-a-san-antonio-20250128\" class=\"trk-cta-link\" data-cta-trk='{\"ctaType\":\"Link\",\"ctaSubType\":\"main\"}'>comme l&rsquo;indiquait mardi<\/a> le journaliste d&rsquo;ESPN 1320 James Ham. Et si l&rsquo;id&eacute;e d&rsquo;un duo entre <strong>Victor Wembanyama<\/strong> et le joueur le plus rapide de la ligue semble pour le moins prometteuse, d&rsquo;autres &eacute;quipes telles que le <strong>Miami Heat<\/strong>, les <strong>Los Angeles Lakers<\/strong> et le <strong>Magic d&rsquo;Orlando<\/strong>, sont bel et bien sur les rangs.<\/p><blockquote class=\"twitter-tweet\"><p lang=\"en\" dir=\"ltr\">60 POINTS FOR DE'AARON FOX.<br><br>Career-high.<br>Franchise record.<br>Most in the NBA this season.<br><br>He dropped 26 in the 4Q and OT as the Kings lose a THRILLER to Minnesota. <a href=\"https:\/\/t.co\/imQwLdh0jc\" class=\"trk-cta-link\" data-cta-trk='{\"ctaType\":\"Link\",\"ctaSubType\":\"main\"}'>pic.twitter.com\/imQwLdh0jc<\/a><\/p>&mdash; NBA (@NBA) <a href=\"https:\/\/twitter.com\/NBA\/status\/1857669801218339055?ref_src=twsrc%5Etfw\" class=\"trk-cta-link\" data-cta-trk='{\"ctaType\":\"Link\",\"ctaSubType\":\"main\"}'>November 16, 2024<\/a><\/blockquote><script async src=\"https:\/\/platform.twitter.com\/widgets.js\" charset=\"utf-8\"><\/script><p>Actuels 10e de la <strong>conf&eacute;rence Ouest<\/strong> et sur une dynamique de 11 succ&egrave;s en 14 matchs, les Kings semblent d&eacute;cid&eacute; &agrave; avancer rapidement sur le dossier pour esp&eacute;rer retrouver les playoffs au printemps prochain. En d&eacute;pit des rumeurs persistantes, le meneur de Sacramento s&rsquo;est quant &agrave; lui montr&eacute; extr&ecirc;mement <strong>professionnel<\/strong> jusqu&rsquo;ici en continuant de livrer des performances de haut niveau sur le terrain chaque soir.<\/p><p><strong>Cr&eacute;dit Photo : <\/strong>Brad Penner-Imagn Images<\/p>\n","protected":false},"excerpt":{"rendered":"<p>De&rsquo;Aaron Fox figure parmi les joueurs susceptibles d&rsquo;\u00eatre \u00e9chang\u00e9s par les Sacramento Kings avant la trade deadline du 6 f\u00e9vrier !<\/p>\n","protected":false},"author":180310268,"featured_media":1476673,"comment_status":"closed","ping_status":"closed","sticky":false,"template":"","format":"standard","meta":{"inline_featured_image":false,"kia_subtitle":"De'Aaron Fox figure parmi les joueurs susceptibles d'\u00eatre \u00e9chang\u00e9s par les Sacramento Kings avant la trade deadline du 6 f\u00e9vrier !","_mux_skip_reasons":[],"proofreadBy":0,"footnotes":""},"categories":[110,10],"tags":[1930,1951,2820,698,1194],"sport":[2783],"saison":[],"class_list":["post-1476672","post","type-post","status-publish","format-standard","has-post-thumbnail","hentry","category-actualite-nba","category-nba","tag-deaaron-fox","tag-domantas-sabonis","tag-nba","tag-sacramento-kings","tag-victor-wembanyama","sport-nba"],"acf":[],"yoast_head":"<!-- This site is optimized with the Yoast SEO plugin v24.2 - https:\/\/yoast.com\/wordpress\/plugins\/seo\/ -->\n<title>De&#039;Aaron Fox : la fin d&#039;une &egrave;re &agrave; Sacramento ?<\/title>\n<meta name=\"description\" content=\"De&#039;Aaron Fox figure parmi les joueurs susceptibles d&#039;&ecirc;tre &eacute;chang&eacute;s par les Sacramento Kings avant la trade deadline du 6 f&eacute;vrier !\" \/>\n<meta name=\"robots\" content=\"index, follow, max-snippet:-1, max-image-preview:large, max-video-preview:-1\" \/>\n<link rel=\"canonical\" href=\"https:\/\/theplayoffs.news\/fr\/actualite-nba\/deaaron-fox-la-fin-dune-ere-a-sacramento\/\" \/>\n<meta property=\"og:locale\" content=\"fr_FR\" \/>\n<meta property=\"og:type\" content=\"article\" \/>\n<meta property=\"og:title\" content=\"De&#039;Aaron Fox : la fin d&#039;une &egrave;re &agrave; Sacramento ?\" \/>\n<meta property=\"og:description\" content=\"De&#039;Aaron Fox figure parmi les joueurs susceptibles d&#039;&ecirc;tre &eacute;chang&eacute;s par les Sacramento Kings avant la trade deadline du 6 f&eacute;vrier !\" \/>\n<meta property=\"og:url\" content=\"https:\/\/theplayoffs.news\/fr\/actualite-nba\/deaaron-fox-la-fin-dune-ere-a-sacramento\/\" \/>\n<meta property=\"og:site_name\" content=\"The Playoffs FR\" \/>\n<meta property=\"article:publisher\" content=\"https:\/\/www.facebook.com\/TheFreeAgentFR\/\" \/>\n<meta property=\"article:modified_time\" content=\"2025-01-29T18:09:17+01:00\" \/>\n<meta property=\"og:image\" content=\"https:\/\/theplayoffs.news\/fr\/wp-content\/uploads\/2025\/01\/USATSI_25281201.jpg\" \/>\n\t<meta property=\"og:image:width\" content=\"1920\" \/>\n\t<meta property=\"og:image:height\" content=\"1280\" \/>\n\t<meta property=\"og:image:type\" content=\"image\/jpeg\" \/>\n<meta name=\"author\" content=\"Elian Goethals\" \/>\n<meta name=\"twitter:card\" content=\"summary_large_image\" \/>\n<meta name=\"twitter:creator\" content=\"@x.com\/elidwight\" \/>\n<meta name=\"twitter:site\" content=\"@TheFreeAgentFR\" \/>\n<meta name=\"twitter:label1\" content=\"\u00c9crit par\" \/>\n\t<meta name=\"twitter:data1\" content=\"Elian Goethals\" \/>\n\t<meta name=\"twitter:label2\" content=\"Dur\u00e9e de lecture estim\u00e9e\" \/>\n\t<meta name=\"twitter:data2\" content=\"2 minutes\" \/>\n<script type=\"application\/ld+json\" class=\"yoast-schema-graph\">{\"@context\":\"https:\/\/schema.org\",\"@graph\":[{\"@type\":\"WebPage\",\"@id\":\"https:\/\/theplayoffs.news\/fr\/actualite-nba\/deaaron-fox-la-fin-dune-ere-a-sacramento\/\",\"url\":\"https:\/\/theplayoffs.news\/fr\/actualite-nba\/deaaron-fox-la-fin-dune-ere-a-sacramento\/\",\"name\":\"De\\\\'Aaron Fox : la fin d\\\\'une \u00e8re \u00e0 Sacramento ?\",\"isPartOf\":{\"@id\":\"https:\/\/theplayoffs.news\/fr\/#website\"},\"primaryImageOfPage\":{\"@id\":\"https:\/\/theplayoffs.news\/fr\/actualite-nba\/deaaron-fox-la-fin-dune-ere-a-sacramento\/#primaryimage\"},\"image\":{\"@id\":\"https:\/\/theplayoffs.news\/fr\/actualite-nba\/deaaron-fox-la-fin-dune-ere-a-sacramento\/#primaryimage\"},\"thumbnailUrl\":\"https:\/\/theplayoffs.news\/fr\/wp-content\/uploads\/2025\/01\/USATSI_25281201.jpg\",\"datePublished\":\"2025-01-29T14:40:14+00:00\",\"dateModified\":\"2025-01-29T17:09:17+00:00\",\"author\":{\"@id\":\"https:\/\/theplayoffs.news\/fr\/#\/schema\/person\/2bc470c6a49f4f6229a67af19c87a732\"},\"description\":\"De\\\\'Aaron Fox figure parmi les joueurs susceptibles d\\\\'\u00eatre \u00e9chang\u00e9s par les Sacramento Kings avant la trade deadline du 6 f\u00e9vrier !\",\"breadcrumb\":{\"@id\":\"https:\/\/theplayoffs.news\/fr\/actualite-nba\/deaaron-fox-la-fin-dune-ere-a-sacramento\/#breadcrumb\"},\"inLanguage\":\"fr-FR\",\"potentialAction\":[{\"@type\":\"ReadAction\",\"target\":[\"https:\/\/theplayoffs.news\/fr\/actualite-nba\/deaaron-fox-la-fin-dune-ere-a-sacramento\/\"]}]},{\"@type\":\"ImageObject\",\"inLanguage\":\"fr-FR\",\"@id\":\"https:\/\/theplayoffs.news\/fr\/actualite-nba\/deaaron-fox-la-fin-dune-ere-a-sacramento\/#primaryimage\",\"url\":\"https:\/\/theplayoffs.news\/fr\/wp-content\/uploads\/2025\/01\/USATSI_25281201.jpg\",\"contentUrl\":\"https:\/\/theplayoffs.news\/fr\/wp-content\/uploads\/2025\/01\/USATSI_25281201.jpg\",\"width\":1920,\"height\":1280,\"caption\":\"Jan 27, 2025; Brooklyn, New York, USA; Sacramento Kings guard De\\\\'Aaron Fox (5) reacts during the second quarter against the Brooklyn Nets at Barclays Center. Mandatory Credit: Brad Penner-Imagn Images\"},{\"@type\":\"BreadcrumbList\",\"@id\":\"https:\/\/theplayoffs.news\/fr\/actualite-nba\/deaaron-fox-la-fin-dune-ere-a-sacramento\/#breadcrumb\",\"itemListElement\":[{\"@type\":\"ListItem\",\"position\":1,\"name\":\"Accueil\",\"item\":\"https:\/\/theplayoffs.news\/fr\/\"},{\"@type\":\"ListItem\",\"position\":2,\"name\":\"De&rsquo;Aaron Fox : la fin d&rsquo;une \u00e8re \u00e0 Sacramento ?\"}]},{\"@type\":\"WebSite\",\"@id\":\"https:\/\/theplayoffs.news\/fr\/#website\",\"url\":\"https:\/\/theplayoffs.news\/fr\/\",\"name\":\"The Playoffs FR\",\"description\":\"NBA-NFL-NHL-MLB\",\"potentialAction\":[{\"@type\":\"SearchAction\",\"target\":{\"@type\":\"EntryPoint\",\"urlTemplate\":\"https:\/\/theplayoffs.news\/fr\/?s={search_term_string}\"},\"query-input\":{\"@type\":\"PropertyValueSpecification\",\"valueRequired\":true,\"valueName\":\"search_term_string\"}}],\"inLanguage\":\"fr-FR\"},{\"@type\":\"Person\",\"@id\":\"https:\/\/theplayoffs.news\/fr\/#\/schema\/person\/2bc470c6a49f4f6229a67af19c87a732\",\"name\":\"Elian Goethals\",\"image\":{\"@type\":\"ImageObject\",\"inLanguage\":\"fr-FR\",\"@id\":\"https:\/\/theplayoffs.news\/fr\/#\/schema\/person\/image\/\",\"url\":\"https:\/\/secure.gravatar.com\/avatar\/293e2e649a094756005b611f6122ac1a95e95d453dbfe74b9d434b39855927f6?s=96&d=mm&r=g\",\"contentUrl\":\"https:\/\/secure.gravatar.com\/avatar\/293e2e649a094756005b611f6122ac1a95e95d453dbfe74b9d434b39855927f6?s=96&d=mm&r=g\",\"caption\":\"Elian Goethals\"},\"description\":\"Je suis sp\u00e9cialis\u00e9 dans la r\u00e9daction d\\\\'articles NBA et je suis un grand fan de basket am\u00e9ricain depuis toujours. Cela fait 20 ans que je joue au basket, et mon exp\u00e9rience sur les terrains me permet d\\\\'avoir une analyse approfondie des matchs. J\u2019ai d\u2019abord fait partie d\u2019autres m\u00e9dias sportifs en tant que b\u00e9n\u00e9vole avant de rejoindre ThePlayoffs en janvier. Je termine \u00e9galement un master en \u00e9tudes internationales. Ce que je pr\u00e9f\u00e8re dans mon travail, c\u2019est de transformer ma passion en m\u00e9tier et de partager avec vous l\u2019information NBA. J\u2019essaie de produire un contenu de qualit\u00e9 en esp\u00e9rant qu\u2019il vous plaise !\",\"sameAs\":[\"https:\/\/www.linkedin.com\/in\/elian-goethals-729b71200\/\",\"https:\/\/x.com\/x.com\/elidwight\"],\"url\":\"https:\/\/theplayoffs.news\/fr\/author\/elian\/\"}]}<\/script>\n<!-- \/ Yoast SEO plugin. -->","yoast_head_json":{"title":"De&#039;Aaron Fox : la fin d&#039;une &egrave;re &agrave; Sacramento ?","description":"De&#039;Aaron Fox figure parmi les joueurs susceptibles d&#039;&ecirc;tre &eacute;chang&eacute;s par les Sacramento Kings avant la trade deadline du 6 f&eacute;vrier !","robots":{"index":"index","follow":"follow","max-snippet":"max-snippet:-1","max-image-preview":"max-image-preview:large","max-video-preview":"max-video-preview:-1"},"canonical":"https:\/\/theplayoffs.news\/fr\/actualite-nba\/deaaron-fox-la-fin-dune-ere-a-sacramento\/","og_locale":"fr_FR","og_type":"article","og_title":"De&#039;Aaron Fox : la fin d&#039;une &egrave;re &agrave; Sacramento ?","og_description":"De&#039;Aaron Fox figure parmi les joueurs susceptibles d&#039;&ecirc;tre &eacute;chang&eacute;s par les Sacramento Kings avant la trade deadline du 6 f&eacute;vrier !","og_url":"https:\/\/theplayoffs.news\/fr\/actualite-nba\/deaaron-fox-la-fin-dune-ere-a-sacramento\/","og_site_name":"The Playoffs FR","article_publisher":"https:\/\/www.facebook.com\/TheFreeAgentFR\/","article_modified_time":"2025-01-29T17:09:17+00:00","og_image":[{"width":1920,"height":1280,"url":"https:\/\/theplayoffs.news\/fr\/wp-content\/uploads\/2025\/01\/USATSI_25281201.jpg","type":"image\/jpeg"}],"author":"Elian Goethals","twitter_card":"summary_large_image","twitter_creator":"@x.com\/elidwight","twitter_site":"@TheFreeAgentFR","twitter_misc":{"\u00c9crit par":"Elian Goethals","Dur\u00e9e de lecture estim\u00e9e":"2 minutes"},"schema":{"@context":"https:\/\/schema.org","@graph":[{"@type":"WebPage","@id":"https:\/\/theplayoffs.news\/fr\/actualite-nba\/deaaron-fox-la-fin-dune-ere-a-sacramento\/","url":"https:\/\/theplayoffs.news\/fr\/actualite-nba\/deaaron-fox-la-fin-dune-ere-a-sacramento\/","name":"De\\'Aaron Fox : la fin d\\'une \u00e8re \u00e0 Sacramento ?","isPartOf":{"@id":"https:\/\/theplayoffs.news\/fr\/#website"},"primaryImageOfPage":{"@id":"https:\/\/theplayoffs.news\/fr\/actualite-nba\/deaaron-fox-la-fin-dune-ere-a-sacramento\/#primaryimage"},"image":{"@id":"https:\/\/theplayoffs.news\/fr\/actualite-nba\/deaaron-fox-la-fin-dune-ere-a-sacramento\/#primaryimage"},"thumbnailUrl":"https:\/\/theplayoffs.news\/fr\/wp-content\/uploads\/2025\/01\/USATSI_25281201.jpg","datePublished":"2025-01-29T14:40:14+00:00","dateModified":"2025-01-29T17:09:17+00:00","author":{"@id":"https:\/\/theplayoffs.news\/fr\/#\/schema\/person\/2bc470c6a49f4f6229a67af19c87a732"},"description":"De\\'Aaron Fox figure parmi les joueurs susceptibles d\\'\u00eatre \u00e9chang\u00e9s par les Sacramento Kings avant la trade deadline du 6 f\u00e9vrier !","breadcrumb":{"@id":"https:\/\/theplayoffs.news\/fr\/actualite-nba\/deaaron-fox-la-fin-dune-ere-a-sacramento\/#breadcrumb"},"inLanguage":"fr-FR","potentialAction":[{"@type":"ReadAction","target":["https:\/\/theplayoffs.news\/fr\/actualite-nba\/deaaron-fox-la-fin-dune-ere-a-sacramento\/"]}]},{"@type":"ImageObject","inLanguage":"fr-FR","@id":"https:\/\/theplayoffs.news\/fr\/actualite-nba\/deaaron-fox-la-fin-dune-ere-a-sacramento\/#primaryimage","url":"https:\/\/theplayoffs.news\/fr\/wp-content\/uploads\/2025\/01\/USATSI_25281201.jpg","contentUrl":"https:\/\/theplayoffs.news\/fr\/wp-content\/uploads\/2025\/01\/USATSI_25281201.jpg","width":1920,"height":1280,"caption":"Jan 27, 2025; Brooklyn, New York, USA; Sacramento Kings guard De\\'Aaron Fox (5) reacts during the second quarter against the Brooklyn Nets at Barclays Center. Mandatory Credit: Brad Penner-Imagn Images"},{"@type":"BreadcrumbList","@id":"https:\/\/theplayoffs.news\/fr\/actualite-nba\/deaaron-fox-la-fin-dune-ere-a-sacramento\/#breadcrumb","itemListElement":[{"@type":"ListItem","position":1,"name":"Accueil","item":"https:\/\/theplayoffs.news\/fr\/"},{"@type":"ListItem","position":2,"name":"De&rsquo;Aaron Fox : la fin d&rsquo;une \u00e8re \u00e0 Sacramento ?"}]},{"@type":"WebSite","@id":"https:\/\/theplayoffs.news\/fr\/#website","url":"https:\/\/theplayoffs.news\/fr\/","name":"The Playoffs FR","description":"NBA-NFL-NHL-MLB","potentialAction":[{"@type":"SearchAction","target":{"@type":"EntryPoint","urlTemplate":"https:\/\/theplayoffs.news\/fr\/?s={search_term_string}"},"query-input":{"@type":"PropertyValueSpecification","valueRequired":true,"valueName":"search_term_string"}}],"inLanguage":"fr-FR"},{"@type":"Person","@id":"https:\/\/theplayoffs.news\/fr\/#\/schema\/person\/2bc470c6a49f4f6229a67af19c87a732","name":"Elian Goethals","image":{"@type":"ImageObject","inLanguage":"fr-FR","@id":"https:\/\/theplayoffs.news\/fr\/#\/schema\/person\/image\/","url":"https:\/\/secure.gravatar.com\/avatar\/293e2e649a094756005b611f6122ac1a95e95d453dbfe74b9d434b39855927f6?s=96&d=mm&r=g","contentUrl":"https:\/\/secure.gravatar.com\/avatar\/293e2e649a094756005b611f6122ac1a95e95d453dbfe74b9d434b39855927f6?s=96&d=mm&r=g","caption":"Elian Goethals"},"description":"Je suis sp\u00e9cialis\u00e9 dans la r\u00e9daction d\\'articles NBA et je suis un grand fan de basket am\u00e9ricain depuis toujours. Cela fait 20 ans que je joue au basket, et mon exp\u00e9rience sur les terrains me permet d\\'avoir une analyse approfondie des matchs. J\u2019ai d\u2019abord fait partie d\u2019autres m\u00e9dias sportifs en tant que b\u00e9n\u00e9vole avant de rejoindre ThePlayoffs en janvier. Je termine \u00e9galement un master en \u00e9tudes internationales. Ce que je pr\u00e9f\u00e8re dans mon travail, c\u2019est de transformer ma passion en m\u00e9tier et de partager avec vous l\u2019information NBA. J\u2019essaie de produire un contenu de qualit\u00e9 en esp\u00e9rant qu\u2019il vous plaise !","sameAs":["https:\/\/www.linkedin.com\/in\/elian-goethals-729b71200\/","https:\/\/x.com\/x.com\/elidwight"],"url":"https:\/\/theplayoffs.news\/fr\/author\/elian\/"}]}},"_links":{"self":[{"href":"https:\/\/theplayoffs.news\/fr\/wp-json\/wp\/v2\/posts\/1476672","targetHints":{"allow":["GET"]}}],"collection":[{"href":"https:\/\/theplayoffs.news\/fr\/wp-json\/wp\/v2\/posts"}],"about":[{"href":"https:\/\/theplayoffs.news\/fr\/wp-json\/wp\/v2\/types\/post"}],"author":[{"embeddable":true,"href":"https:\/\/theplayoffs.news\/fr\/wp-json\/wp\/v2\/users\/180310268"}],"replies":[{"embeddable":true,"href":"https:\/\/theplayoffs.news\/fr\/wp-json\/wp\/v2\/comments?post=1476672"}],"version-history":[{"count":4,"href":"https:\/\/theplayoffs.news\/fr\/wp-json\/wp\/v2\/posts\/1476672\/revisions"}],"predecessor-version":[{"id":1476699,"href":"https:\/\/theplayoffs.news\/fr\/wp-json\/wp\/v2\/posts\/1476672\/revisions\/1476699"}],"wp:featuredmedia":[{"embeddable":true,"href":"https:\/\/theplayoffs.news\/fr\/wp-json\/wp\/v2\/media\/1476673"}],"wp:attachment":[{"href":"https:\/\/theplayoffs.news\/fr\/wp-json\/wp\/v2\/media?parent=1476672"}],"wp:term":[{"taxonomy":"category","embeddable":true,"href":"https:\/\/theplayoffs.news\/fr\/wp-json\/wp\/v2\/categories?post=1476672"},{"taxonomy":"post_tag","embeddable":true,"href":"https:\/\/theplayoffs.news\/fr\/wp-json\/wp\/v2\/tags?post=1476672"},{"taxonomy":"sport","embeddable":true,"href":"https:\/\/theplayoffs.news\/fr\/wp-json\/wp\/v2\/sport?post=1476672"},{"taxonomy":"saison","embeddable":true,"href":"https:\/\/theplayoffs.news\/fr\/wp-json\/wp\/v2\/saison?post=1476672"}],"curies":[{"name":"wp","href":"https:\/\/api.w.org\/{rel}","templated":true}]}}