{"id":1476589,"date":"2025-01-28T17:17:15","date_gmt":"2025-01-28T16:17:15","guid":{"rendered":"https:\/\/theplayoffs.news\/fr\/uncategorized\/\/"},"modified":"2025-01-28T17:17:16","modified_gmt":"2025-01-28T16:17:16","slug":"rudy-gobert-le-ciel-lui-est-presque-tombe-sur-la-tete","status":"publish","type":"post","link":"https:\/\/theplayoffs.news\/fr\/actualite-nba\/rudy-gobert-le-ciel-lui-est-presque-tombe-sur-la-tete\/","title":{"rendered":"Rudy Gobert : le ciel lui est (presque) tomb\u00e9 sur la t\u00eate !\u00a0"},"content":{"rendered":"<p><strong>Lors de la rencontre entre les Hawks et les Timberwolves, le pivot fran&ccedil;ais Rudy Gobert (Minnesota) et l&rsquo;int&eacute;rieur s&eacute;n&eacute;galais Mouhamed Gueye (Atlanta) ont failli &ecirc;tre frapp&eacute;s par un morceau de l&rsquo;&eacute;cran central du Target Center !<\/strong><\/p><p><strong>L&rsquo;incident<\/strong> a eu lieu &agrave; la fin du premier quart-temps, alors que les deux joueurs se dirigeaient vers leurs bancs respectifs. Un morceau de l&rsquo;&eacute;cran de la salle des <strong>Timberwolves<\/strong> est tomb&eacute; &agrave; quelques centim&egrave;tres des deux hommes. Si le natif de Dakar ne semble pas avoir remarqu&eacute; l&rsquo;incident, <strong>Gobzilla,<\/strong> quant &agrave; lui, a r&eacute;agi imm&eacute;diatement en voyant le morceau tomber du ciel.<\/p><blockquote class=\"twitter-tweet\"><p lang=\"en\" dir=\"ltr\">Piece of the Jumbotron falls, almost hits Rudy Gobert <a href=\"https:\/\/t.co\/qL2KhZ7gwE\" class=\"trk-cta-link\" data-cta-trk='{\"ctaType\":\"Link\",\"ctaSubType\":\"main\"}'>pic.twitter.com\/qL2KhZ7gwE<\/a><\/p>&mdash; Timberwolves Clips (@WolvesClips) <a href=\"https:\/\/twitter.com\/WolvesClips\/status\/1884053459630186542?ref_src=twsrc%5Etfw\" class=\"trk-cta-link\" data-cta-trk='{\"ctaType\":\"Link\",\"ctaSubType\":\"main\"}'>January 28, 2025<\/a><\/blockquote><script async src=\"https:\/\/platform.twitter.com\/widgets.js\" charset=\"utf-8\"><\/script><p>Heureusement, plus de peur que de mal : <strong>aucun joueur n&rsquo;a &eacute;t&eacute; bless&eacute;<\/strong> et Minnesota a fini par s&rsquo;imposer dans cette rencontre, notamment gr&acirc;ce &agrave; un grand <strong>Rudy Gobert<\/strong>, auteur de 18 points, 10 rebonds et 2 contres. <strong>Gueye<\/strong> de son c&ocirc;t&eacute; a &eacute;t&eacute; plus discret, avec seulement 4 points, 4 rebonds et 2 interceptions. <\/p><p>&Agrave; noter la belle performance de<strong> DeAndre Hunter<\/strong>, auteur de son record en carri&egrave;re au scoring avec <strong>35 unit&eacute;s <\/strong>en sortie de banc, malgr&eacute; la d&eacute;faite d&rsquo;Atlanta. Pour son retour de blessure, <strong>Zaccharie Risacher<\/strong> a sembl&eacute; en jambes malgr&eacute; un adresse approximative. Le N&deg;1 de la derni&egrave;re draft NBA s&rsquo;est fendu de <strong>11 points &agrave; 4 sur 13, 7 rebonds, 3 passes d&eacute;cisives et 2 interceptions<\/strong>.<\/p><p><strong>Lire aussi : <\/strong><\/p><p><a href=\"https:\/\/theplayoffs.news\/fr\/actualite-nba\/recap-nba-de-la-nuit-27-01-amen-thompson-crucifie-les-celtics\/\" class=\"trk-cta-link\" data-cta-trk='{\"ctaType\":\"Link\",\"ctaSubType\":\"main\"}'>R&eacute;cap NBA (27\/01) : Amen Thompson crucifie les Celtics !<\/a><\/p><p><a href=\"https:\/\/theplayoffs.news\/fr\/actualite-nba\/le-miami-heat-suspend-jimmy-butler-indefiniment-pour-avoir-quitte-lentrainement-avant-la-date-limite-des-echanges\/\" class=\"trk-cta-link\" data-cta-trk='{\"ctaType\":\"Link\",\"ctaSubType\":\"main\"}'>Le Miami Heat suspend Jimmy Butler ind&eacute;finiment pour avoir quitt&eacute; l&rsquo;entra&icirc;nement avant la date limite des &eacute;changes &ndash; The Playoffs<\/a><\/p><p><a href=\"https:\/\/theplayoffs.news\/fr\/actualite-nba\/la-legende-de-kobe-bryant-entachee-par-un-nouveau-documentaire\/\" class=\"trk-cta-link\" data-cta-trk='{\"ctaType\":\"Link\",\"ctaSubType\":\"main\"}'>La l&eacute;gende de Kobe Bryant ent&acirc;ch&eacute;e par un documentaire ?<\/a><\/p><p>R&eacute;guli&egrave;rement pris &agrave; partie par nombre de joueurs (coucou Draymond Green), souhaitons &agrave; notre <strong>Rudy Gobert<\/strong> national de ne pas devenir la cible des jumbotrons de la ligue. Au regard des images, nul doute que les services techniques des Wolves ont d&ucirc; oeuvrer pour &eacute;viter qu&rsquo;un tel &eacute;cueil ne se reproduise.<\/p><p><strong>Cr&eacute;dit Photo : <\/strong>Bruce Kluckhohn-Imagn Images<\/p>\n","protected":false},"excerpt":{"rendered":"","protected":false},"author":180310268,"featured_media":1476593,"comment_status":"closed","ping_status":"closed","sticky":false,"template":"","format":"standard","meta":{"inline_featured_image":false,"kia_subtitle":"","_mux_skip_reasons":[],"proofreadBy":0,"footnotes":""},"categories":[110,10],"tags":[8004,23,516,8005],"sport":[2783],"saison":[],"class_list":["post-1476589","post","type-post","status-publish","format-standard","has-post-thumbnail","hentry","category-actualite-nba","category-nba","tag-mouhamed-gueye","tag-nba-tag","tag-rudy-gobert","tag-target-center","sport-nba"],"acf":[],"yoast_head":"<!-- This site is optimized with the Yoast SEO plugin v24.2 - https:\/\/yoast.com\/wordpress\/plugins\/seo\/ -->\n<title>Rudy Gobert : Le ciel lui est (presque) tomb&eacute; sur la t&ecirc;te !&nbsp;<\/title>\n<meta name=\"description\" content=\"Un morceau de l&#039;&eacute;cran central des Wolves s&#039;est d&eacute;tach&eacute; lundi lors du match face aux Hawks, manquant de blesser Rudy Gobert et Mouhamed Gueye.\" \/>\n<meta name=\"robots\" content=\"index, follow, max-snippet:-1, max-image-preview:large, max-video-preview:-1\" \/>\n<link rel=\"canonical\" href=\"https:\/\/theplayoffs.news\/fr\/actualite-nba\/rudy-gobert-le-ciel-lui-est-presque-tombe-sur-la-tete\/\" \/>\n<meta property=\"og:locale\" content=\"fr_FR\" \/>\n<meta property=\"og:type\" content=\"article\" \/>\n<meta property=\"og:title\" content=\"Rudy Gobert : Le ciel lui est (presque) tomb&eacute; sur la t&ecirc;te !&nbsp;\" \/>\n<meta property=\"og:description\" content=\"Un morceau de l&#039;&eacute;cran central des Wolves s&#039;est d&eacute;tach&eacute; lundi lors du match face aux Hawks, manquant de blesser Rudy Gobert et Mouhamed Gueye.\" \/>\n<meta property=\"og:url\" content=\"https:\/\/theplayoffs.news\/fr\/actualite-nba\/rudy-gobert-le-ciel-lui-est-presque-tombe-sur-la-tete\/\" \/>\n<meta property=\"og:site_name\" content=\"The Playoffs FR\" \/>\n<meta property=\"article:publisher\" content=\"https:\/\/www.facebook.com\/TheFreeAgentFR\/\" \/>\n<meta property=\"article:modified_time\" content=\"2025-01-28T17:17:16+01:00\" \/>\n<meta property=\"og:image\" content=\"https:\/\/theplayoffs.news\/fr\/wp-content\/uploads\/2025\/01\/USATSI_25282911.jpg\" \/>\n\t<meta property=\"og:image:width\" content=\"1920\" \/>\n\t<meta property=\"og:image:height\" content=\"1752\" \/>\n\t<meta property=\"og:image:type\" content=\"image\/jpeg\" \/>\n<meta name=\"author\" content=\"Elian Goethals\" \/>\n<meta name=\"twitter:card\" content=\"summary_large_image\" \/>\n<meta name=\"twitter:creator\" content=\"@x.com\/elidwight\" \/>\n<meta name=\"twitter:site\" content=\"@TheFreeAgentFR\" \/>\n<meta name=\"twitter:label1\" content=\"\u00c9crit par\" \/>\n\t<meta name=\"twitter:data1\" content=\"Elian Goethals\" \/>\n\t<meta name=\"twitter:label2\" content=\"Dur\u00e9e de lecture estim\u00e9e\" \/>\n\t<meta name=\"twitter:data2\" content=\"2 minutes\" \/>\n<script type=\"application\/ld+json\" class=\"yoast-schema-graph\">{\"@context\":\"https:\/\/schema.org\",\"@graph\":[{\"@type\":\"WebPage\",\"@id\":\"https:\/\/theplayoffs.news\/fr\/actualite-nba\/rudy-gobert-le-ciel-lui-est-presque-tombe-sur-la-tete\/\",\"url\":\"https:\/\/theplayoffs.news\/fr\/actualite-nba\/rudy-gobert-le-ciel-lui-est-presque-tombe-sur-la-tete\/\",\"name\":\"Rudy Gobert : Le ciel lui est (presque) tomb\u00e9 sur la t\u00eate !\u00a0\",\"isPartOf\":{\"@id\":\"https:\/\/theplayoffs.news\/fr\/#website\"},\"primaryImageOfPage\":{\"@id\":\"https:\/\/theplayoffs.news\/fr\/actualite-nba\/rudy-gobert-le-ciel-lui-est-presque-tombe-sur-la-tete\/#primaryimage\"},\"image\":{\"@id\":\"https:\/\/theplayoffs.news\/fr\/actualite-nba\/rudy-gobert-le-ciel-lui-est-presque-tombe-sur-la-tete\/#primaryimage\"},\"thumbnailUrl\":\"https:\/\/theplayoffs.news\/fr\/wp-content\/uploads\/2025\/01\/USATSI_25282911.jpg\",\"datePublished\":\"2025-01-28T16:17:15+00:00\",\"dateModified\":\"2025-01-28T16:17:16+00:00\",\"author\":{\"@id\":\"https:\/\/theplayoffs.news\/fr\/#\/schema\/person\/2bc470c6a49f4f6229a67af19c87a732\"},\"description\":\"Un morceau de l\\\\'\u00e9cran central des Wolves s\\\\'est d\u00e9tach\u00e9 lundi lors du match face aux Hawks, manquant de blesser Rudy Gobert et Mouhamed Gueye.\",\"breadcrumb\":{\"@id\":\"https:\/\/theplayoffs.news\/fr\/actualite-nba\/rudy-gobert-le-ciel-lui-est-presque-tombe-sur-la-tete\/#breadcrumb\"},\"inLanguage\":\"fr-FR\",\"potentialAction\":[{\"@type\":\"ReadAction\",\"target\":[\"https:\/\/theplayoffs.news\/fr\/actualite-nba\/rudy-gobert-le-ciel-lui-est-presque-tombe-sur-la-tete\/\"]}]},{\"@type\":\"ImageObject\",\"inLanguage\":\"fr-FR\",\"@id\":\"https:\/\/theplayoffs.news\/fr\/actualite-nba\/rudy-gobert-le-ciel-lui-est-presque-tombe-sur-la-tete\/#primaryimage\",\"url\":\"https:\/\/theplayoffs.news\/fr\/wp-content\/uploads\/2025\/01\/USATSI_25282911.jpg\",\"contentUrl\":\"https:\/\/theplayoffs.news\/fr\/wp-content\/uploads\/2025\/01\/USATSI_25282911.jpg\",\"width\":1920,\"height\":1752,\"caption\":\"Jan 27, 2025; Minneapolis, Minnesota, USA; Minnesota Timberwolves mascot Crunch holds an umbrella over center Rudy Gobert (27) during his interview after a game with the Atlanta Hawks at Target Center. Mandatory Credit: Bruce Kluckhohn-Imagn Images\"},{\"@type\":\"BreadcrumbList\",\"@id\":\"https:\/\/theplayoffs.news\/fr\/actualite-nba\/rudy-gobert-le-ciel-lui-est-presque-tombe-sur-la-tete\/#breadcrumb\",\"itemListElement\":[{\"@type\":\"ListItem\",\"position\":1,\"name\":\"Accueil\",\"item\":\"https:\/\/theplayoffs.news\/fr\/\"},{\"@type\":\"ListItem\",\"position\":2,\"name\":\"Rudy Gobert : le ciel lui est (presque) tomb\u00e9 sur la t\u00eate !\u00a0\"}]},{\"@type\":\"WebSite\",\"@id\":\"https:\/\/theplayoffs.news\/fr\/#website\",\"url\":\"https:\/\/theplayoffs.news\/fr\/\",\"name\":\"The Playoffs FR\",\"description\":\"NBA-NFL-NHL-MLB\",\"potentialAction\":[{\"@type\":\"SearchAction\",\"target\":{\"@type\":\"EntryPoint\",\"urlTemplate\":\"https:\/\/theplayoffs.news\/fr\/?s={search_term_string}\"},\"query-input\":{\"@type\":\"PropertyValueSpecification\",\"valueRequired\":true,\"valueName\":\"search_term_string\"}}],\"inLanguage\":\"fr-FR\"},{\"@type\":\"Person\",\"@id\":\"https:\/\/theplayoffs.news\/fr\/#\/schema\/person\/2bc470c6a49f4f6229a67af19c87a732\",\"name\":\"Elian Goethals\",\"image\":{\"@type\":\"ImageObject\",\"inLanguage\":\"fr-FR\",\"@id\":\"https:\/\/theplayoffs.news\/fr\/#\/schema\/person\/image\/\",\"url\":\"https:\/\/secure.gravatar.com\/avatar\/293e2e649a094756005b611f6122ac1a95e95d453dbfe74b9d434b39855927f6?s=96&d=mm&r=g\",\"contentUrl\":\"https:\/\/secure.gravatar.com\/avatar\/293e2e649a094756005b611f6122ac1a95e95d453dbfe74b9d434b39855927f6?s=96&d=mm&r=g\",\"caption\":\"Elian Goethals\"},\"description\":\"Je suis sp\u00e9cialis\u00e9 dans la r\u00e9daction d\\\\'articles NBA et je suis un grand fan de basket am\u00e9ricain depuis toujours. Cela fait 20 ans que je joue au basket, et mon exp\u00e9rience sur les terrains me permet d\\\\'avoir une analyse approfondie des matchs. J\u2019ai d\u2019abord fait partie d\u2019autres m\u00e9dias sportifs en tant que b\u00e9n\u00e9vole avant de rejoindre ThePlayoffs en janvier. Je termine \u00e9galement un master en \u00e9tudes internationales. Ce que je pr\u00e9f\u00e8re dans mon travail, c\u2019est de transformer ma passion en m\u00e9tier et de partager avec vous l\u2019information NBA. J\u2019essaie de produire un contenu de qualit\u00e9 en esp\u00e9rant qu\u2019il vous plaise !\",\"sameAs\":[\"https:\/\/www.linkedin.com\/in\/elian-goethals-729b71200\/\",\"https:\/\/x.com\/x.com\/elidwight\"],\"url\":\"https:\/\/theplayoffs.news\/fr\/author\/elian\/\"}]}<\/script>\n<!-- \/ Yoast SEO plugin. -->","yoast_head_json":{"title":"Rudy Gobert : Le ciel lui est (presque) tomb&eacute; sur la t&ecirc;te !&nbsp;","description":"Un morceau de l&#039;&eacute;cran central des Wolves s&#039;est d&eacute;tach&eacute; lundi lors du match face aux Hawks, manquant de blesser Rudy Gobert et Mouhamed Gueye.","robots":{"index":"index","follow":"follow","max-snippet":"max-snippet:-1","max-image-preview":"max-image-preview:large","max-video-preview":"max-video-preview:-1"},"canonical":"https:\/\/theplayoffs.news\/fr\/actualite-nba\/rudy-gobert-le-ciel-lui-est-presque-tombe-sur-la-tete\/","og_locale":"fr_FR","og_type":"article","og_title":"Rudy Gobert : Le ciel lui est (presque) tomb&eacute; sur la t&ecirc;te !&nbsp;","og_description":"Un morceau de l&#039;&eacute;cran central des Wolves s&#039;est d&eacute;tach&eacute; lundi lors du match face aux Hawks, manquant de blesser Rudy Gobert et Mouhamed Gueye.","og_url":"https:\/\/theplayoffs.news\/fr\/actualite-nba\/rudy-gobert-le-ciel-lui-est-presque-tombe-sur-la-tete\/","og_site_name":"The Playoffs FR","article_publisher":"https:\/\/www.facebook.com\/TheFreeAgentFR\/","article_modified_time":"2025-01-28T16:17:16+00:00","og_image":[{"width":1920,"height":1752,"url":"https:\/\/theplayoffs.news\/fr\/wp-content\/uploads\/2025\/01\/USATSI_25282911.jpg","type":"image\/jpeg"}],"author":"Elian Goethals","twitter_card":"summary_large_image","twitter_creator":"@x.com\/elidwight","twitter_site":"@TheFreeAgentFR","twitter_misc":{"\u00c9crit par":"Elian Goethals","Dur\u00e9e de lecture estim\u00e9e":"2 minutes"},"schema":{"@context":"https:\/\/schema.org","@graph":[{"@type":"WebPage","@id":"https:\/\/theplayoffs.news\/fr\/actualite-nba\/rudy-gobert-le-ciel-lui-est-presque-tombe-sur-la-tete\/","url":"https:\/\/theplayoffs.news\/fr\/actualite-nba\/rudy-gobert-le-ciel-lui-est-presque-tombe-sur-la-tete\/","name":"Rudy Gobert : Le ciel lui est (presque) tomb\u00e9 sur la t\u00eate !\u00a0","isPartOf":{"@id":"https:\/\/theplayoffs.news\/fr\/#website"},"primaryImageOfPage":{"@id":"https:\/\/theplayoffs.news\/fr\/actualite-nba\/rudy-gobert-le-ciel-lui-est-presque-tombe-sur-la-tete\/#primaryimage"},"image":{"@id":"https:\/\/theplayoffs.news\/fr\/actualite-nba\/rudy-gobert-le-ciel-lui-est-presque-tombe-sur-la-tete\/#primaryimage"},"thumbnailUrl":"https:\/\/theplayoffs.news\/fr\/wp-content\/uploads\/2025\/01\/USATSI_25282911.jpg","datePublished":"2025-01-28T16:17:15+00:00","dateModified":"2025-01-28T16:17:16+00:00","author":{"@id":"https:\/\/theplayoffs.news\/fr\/#\/schema\/person\/2bc470c6a49f4f6229a67af19c87a732"},"description":"Un morceau de l\\'\u00e9cran central des Wolves s\\'est d\u00e9tach\u00e9 lundi lors du match face aux Hawks, manquant de blesser Rudy Gobert et Mouhamed Gueye.","breadcrumb":{"@id":"https:\/\/theplayoffs.news\/fr\/actualite-nba\/rudy-gobert-le-ciel-lui-est-presque-tombe-sur-la-tete\/#breadcrumb"},"inLanguage":"fr-FR","potentialAction":[{"@type":"ReadAction","target":["https:\/\/theplayoffs.news\/fr\/actualite-nba\/rudy-gobert-le-ciel-lui-est-presque-tombe-sur-la-tete\/"]}]},{"@type":"ImageObject","inLanguage":"fr-FR","@id":"https:\/\/theplayoffs.news\/fr\/actualite-nba\/rudy-gobert-le-ciel-lui-est-presque-tombe-sur-la-tete\/#primaryimage","url":"https:\/\/theplayoffs.news\/fr\/wp-content\/uploads\/2025\/01\/USATSI_25282911.jpg","contentUrl":"https:\/\/theplayoffs.news\/fr\/wp-content\/uploads\/2025\/01\/USATSI_25282911.jpg","width":1920,"height":1752,"caption":"Jan 27, 2025; Minneapolis, Minnesota, USA; Minnesota Timberwolves mascot Crunch holds an umbrella over center Rudy Gobert (27) during his interview after a game with the Atlanta Hawks at Target Center. Mandatory Credit: Bruce Kluckhohn-Imagn Images"},{"@type":"BreadcrumbList","@id":"https:\/\/theplayoffs.news\/fr\/actualite-nba\/rudy-gobert-le-ciel-lui-est-presque-tombe-sur-la-tete\/#breadcrumb","itemListElement":[{"@type":"ListItem","position":1,"name":"Accueil","item":"https:\/\/theplayoffs.news\/fr\/"},{"@type":"ListItem","position":2,"name":"Rudy Gobert : le ciel lui est (presque) tomb\u00e9 sur la t\u00eate !\u00a0"}]},{"@type":"WebSite","@id":"https:\/\/theplayoffs.news\/fr\/#website","url":"https:\/\/theplayoffs.news\/fr\/","name":"The Playoffs FR","description":"NBA-NFL-NHL-MLB","potentialAction":[{"@type":"SearchAction","target":{"@type":"EntryPoint","urlTemplate":"https:\/\/theplayoffs.news\/fr\/?s={search_term_string}"},"query-input":{"@type":"PropertyValueSpecification","valueRequired":true,"valueName":"search_term_string"}}],"inLanguage":"fr-FR"},{"@type":"Person","@id":"https:\/\/theplayoffs.news\/fr\/#\/schema\/person\/2bc470c6a49f4f6229a67af19c87a732","name":"Elian Goethals","image":{"@type":"ImageObject","inLanguage":"fr-FR","@id":"https:\/\/theplayoffs.news\/fr\/#\/schema\/person\/image\/","url":"https:\/\/secure.gravatar.com\/avatar\/293e2e649a094756005b611f6122ac1a95e95d453dbfe74b9d434b39855927f6?s=96&d=mm&r=g","contentUrl":"https:\/\/secure.gravatar.com\/avatar\/293e2e649a094756005b611f6122ac1a95e95d453dbfe74b9d434b39855927f6?s=96&d=mm&r=g","caption":"Elian Goethals"},"description":"Je suis sp\u00e9cialis\u00e9 dans la r\u00e9daction d\\'articles NBA et je suis un grand fan de basket am\u00e9ricain depuis toujours. Cela fait 20 ans que je joue au basket, et mon exp\u00e9rience sur les terrains me permet d\\'avoir une analyse approfondie des matchs. J\u2019ai d\u2019abord fait partie d\u2019autres m\u00e9dias sportifs en tant que b\u00e9n\u00e9vole avant de rejoindre ThePlayoffs en janvier. Je termine \u00e9galement un master en \u00e9tudes internationales. Ce que je pr\u00e9f\u00e8re dans mon travail, c\u2019est de transformer ma passion en m\u00e9tier et de partager avec vous l\u2019information NBA. J\u2019essaie de produire un contenu de qualit\u00e9 en esp\u00e9rant qu\u2019il vous plaise !","sameAs":["https:\/\/www.linkedin.com\/in\/elian-goethals-729b71200\/","https:\/\/x.com\/x.com\/elidwight"],"url":"https:\/\/theplayoffs.news\/fr\/author\/elian\/"}]}},"_links":{"self":[{"href":"https:\/\/theplayoffs.news\/fr\/wp-json\/wp\/v2\/posts\/1476589","targetHints":{"allow":["GET"]}}],"collection":[{"href":"https:\/\/theplayoffs.news\/fr\/wp-json\/wp\/v2\/posts"}],"about":[{"href":"https:\/\/theplayoffs.news\/fr\/wp-json\/wp\/v2\/types\/post"}],"author":[{"embeddable":true,"href":"https:\/\/theplayoffs.news\/fr\/wp-json\/wp\/v2\/users\/180310268"}],"replies":[{"embeddable":true,"href":"https:\/\/theplayoffs.news\/fr\/wp-json\/wp\/v2\/comments?post=1476589"}],"version-history":[{"count":2,"href":"https:\/\/theplayoffs.news\/fr\/wp-json\/wp\/v2\/posts\/1476589\/revisions"}],"predecessor-version":[{"id":1476606,"href":"https:\/\/theplayoffs.news\/fr\/wp-json\/wp\/v2\/posts\/1476589\/revisions\/1476606"}],"wp:featuredmedia":[{"embeddable":true,"href":"https:\/\/theplayoffs.news\/fr\/wp-json\/wp\/v2\/media\/1476593"}],"wp:attachment":[{"href":"https:\/\/theplayoffs.news\/fr\/wp-json\/wp\/v2\/media?parent=1476589"}],"wp:term":[{"taxonomy":"category","embeddable":true,"href":"https:\/\/theplayoffs.news\/fr\/wp-json\/wp\/v2\/categories?post=1476589"},{"taxonomy":"post_tag","embeddable":true,"href":"https:\/\/theplayoffs.news\/fr\/wp-json\/wp\/v2\/tags?post=1476589"},{"taxonomy":"sport","embeddable":true,"href":"https:\/\/theplayoffs.news\/fr\/wp-json\/wp\/v2\/sport?post=1476589"},{"taxonomy":"saison","embeddable":true,"href":"https:\/\/theplayoffs.news\/fr\/wp-json\/wp\/v2\/saison?post=1476589"}],"curies":[{"name":"wp","href":"https:\/\/api.w.org\/{rel}","templated":true}]}}