{"id":1476559,"date":"2025-01-28T14:52:34","date_gmt":"2025-01-28T13:52:34","guid":{"rendered":"https:\/\/theplayoffs.news\/fr\/uncategorized\/\/"},"modified":"2025-01-28T14:52:36","modified_gmt":"2025-01-28T13:52:36","slug":"la-legende-de-kobe-bryant-entachee-par-un-nouveau-documentaire","status":"publish","type":"post","link":"https:\/\/theplayoffs.news\/fr\/actualite-nba\/la-legende-de-kobe-bryant-entachee-par-un-nouveau-documentaire\/","title":{"rendered":"La l\u00e9gende de Kobe Bryant entach\u00e9e par un nouveau documentaire ?"},"content":{"rendered":"<p>L&rsquo;un des &eacute;pisodes les plus controvers&eacute;s de la carri&egrave;re de Kobe Bryant est au c&oelig;ur du deuxi&egrave;me volet d&rsquo;un nouveau documentaire consacr&eacute; &agrave; la l&eacute;gende de la NBA. Produit par la cha&icirc;ne am&eacute;ricaine CNN, <em>&laquo; Kobe: The Making of a Legend &raquo;<\/em> a &eacute;t&eacute; lanc&eacute; officiellement samedi dernier (25 janvier) et abordera dans son second opus certains d&eacute;tails de l&rsquo;agression sexuelle dont l&rsquo;ic&ocirc;ne des Lakers avait &eacute;t&eacute; accus&eacute;e en 2003.<\/p><p>Pr&eacute;vu pour &ecirc;tre diffus&eacute; ce vendredi (31), ce nouvel &eacute;pisode int&eacute;grera des images d&rsquo;entretiens men&eacute;s par la police avec la plaignante, &acirc;g&eacute;e de 19 ans &agrave; l&rsquo;&eacute;poque des faits. Celle-ci avait alors accus&eacute; le MVP 2009 de l&rsquo;avoir agress&eacute; sexuellement dans l&rsquo;h&ocirc;tel o&ugrave; elle travaillait.<\/p><h3 class=\"wp-block-heading\">Les faits<\/h3><p>En 2003, Kobe, alors arri&egrave;re vedette des Los Angeles Lakers, s&eacute;journait dans un h&ocirc;tel &agrave; Eagle, une petite ville du Colorado, o&ugrave; il venait de subir une op&eacute;ration au genou. La pr&eacute;sum&eacute;e victime, employ&eacute;e &agrave; la r&eacute;ception de l&rsquo;h&ocirc;tel, aurait, selon ses d&eacute;clarations, pr&eacute;sent&eacute; la suite VIP &agrave; Bryant avant que l&rsquo;incident ne se produise.<\/p><figure class=\"wp-block-image size-large\"><img loading=\"lazy\" decoding=\"async\" width=\"1200\" height=\"858\" src=\"https:\/\/theplayoffs.news\/fr\/wp-content\/uploads\/2025\/01\/USATSI_5821814-1200x858.jpg\" alt=\"\" class=\"wp-image-1476587\" srcset=\"https:\/\/theplayoffs.news\/fr\/wp-content\/uploads\/2025\/01\/USATSI_5821814-1200x858.jpg 1200w, https:\/\/theplayoffs.news\/fr\/wp-content\/uploads\/2025\/01\/USATSI_5821814-600x429.jpg 600w, https:\/\/theplayoffs.news\/fr\/wp-content\/uploads\/2025\/01\/USATSI_5821814-768x549.jpg 768w, https:\/\/theplayoffs.news\/fr\/wp-content\/uploads\/2025\/01\/USATSI_5821814-1536x1098.jpg 1536w, https:\/\/theplayoffs.news\/fr\/wp-content\/uploads\/2025\/01\/USATSI_5821814-1320x944.jpg 1320w, https:\/\/theplayoffs.news\/fr\/wp-content\/uploads\/2025\/01\/USATSI_5821814.jpg 1835w\" sizes=\"auto, (max-width: 1200px) 100vw, 1200px\" \/><figcaption class=\"wp-element-caption\">Jul 18, 2003; Los Angeles, CA, USA; Los Angeles Lakers guard Kobe Bryant (right) and wife Vanessa Bryant at press conference to discuss sexual assault allegations at the Staples Center. Mandatory Credit: Kirby Lee\/Image of Sport-USA TODAY Sports<\/figcaption><\/figure><p>D&rsquo;apr&egrave;s son t&eacute;moignage, apr&egrave;s avoir demand&eacute; une visite de la chambre, Kobe aurait commenc&eacute; par l&rsquo;enlacer et l&rsquo;embrasser, une interaction qu&rsquo;elle aurait initialement accept&eacute;. La situation aurait bascul&eacute; lorsque le joueur serait devenu agressif apr&egrave;s qu&rsquo;elle ait refus&eacute; ses avances.<\/p><p><em>&laquo; Quand il a baiss&eacute; son pantalon, c&rsquo;est l&agrave; que j&rsquo;ai commenc&eacute; &agrave; reculer et &agrave; repousser ses mains &raquo;<\/em>, a-t-elle expliqu&eacute; dans les enregistrements retrouv&eacute;s. <em>&laquo; Il a commenc&eacute; &agrave; m&rsquo;&eacute;trangler. Pas au point de m&rsquo;&eacute;touffer compl&egrave;tement, mais suffisamment pour me terrifier. &raquo;<\/em><\/p><p>Elle a &eacute;galement pr&eacute;cis&eacute; avoir dit <em>&laquo; non &raquo;<\/em> &agrave; plusieurs reprises : <em>&laquo; Chaque fois que je disais &lsquo;non&rsquo;, il me serrait encore plus fort &raquo;<\/em>, a-t-elle relat&eacute; lorsqu&rsquo;on lui a demand&eacute; si Bryant avait entendu son refus.<\/p><p>Le documentaire inclut &eacute;galement des extraits du t&eacute;moignage de Kobe Bryant. Bien qu&rsquo;il ait initialement ni&eacute; toute relation sexuelle, il a fini par admettre qu&rsquo;il avait eu un rapport avec la jeune femme et confirm&eacute; par la suite l&rsquo;avoir tenue par le cou.<\/p><p><strong>Lire aussi:<\/strong><\/p><p><a href=\"https:\/\/theplayoffs.news\/fr\/actualite-nba\/recap-nba-de-la-nuit-27-01-amen-thompson-crucifie-les-celtics\/\" class=\"trk-cta-link\" data-cta-trk='{\"ctaType\":\"Link\",\"ctaSubType\":\"main\"}'>R&eacute;cap NBA (27\/01) : Amen Thompson crucifie les Celtics !<\/a><\/p><p><a href=\"https:\/\/theplayoffs.news\/fr\/actualite-nba\/le-miami-heat-suspend-jimmy-butler-indefiniment-pour-avoir-quitte-lentrainement-avant-la-date-limite-des-echanges\/\" class=\"trk-cta-link\" data-cta-trk='{\"ctaType\":\"Link\",\"ctaSubType\":\"main\"}'>Le Miami Heat suspend Jimmy Butler ind&eacute;finiment pour avoir quitt&eacute; l&rsquo;entra&icirc;nement avant la date limite des &eacute;changes &ndash; The Playoffs<\/a><\/p><h3 class=\"wp-block-heading\">Le proc&egrave;s<\/h3><p>L&rsquo;affaire a &eacute;t&eacute; port&eacute;e devant les tribunaux &agrave; l&rsquo;&eacute;poque. Et bien que les avocats de Bryant aient &eacute;t&eacute; somm&eacute;s de pr&eacute;server l&rsquo;anonymat de la pr&eacute;sum&eacute;e victime, son nom a &eacute;t&eacute; mentionn&eacute; &agrave; six reprises durant le proc&egrave;s. Une affaire qui avait entra&icirc;n&eacute; une m&eacute;diatisation intense, des menaces de mort et un harc&egrave;lement constant pour la jeune femme. En septembre 2004, celle-ci avait refus&eacute; de t&eacute;moigner, conduisant &agrave; l&rsquo;abandon des poursuites p&eacute;nales.<\/p><p>Dans une d&eacute;claration publique, Kobe Bryant avait alors pr&eacute;sent&eacute; ses excuses, tout en affirmant que la relation avait &eacute;t&eacute; consensuelle. Plus tard, un proc&egrave;s civil avait &eacute;t&eacute; intent&eacute; par la jeune femme, avant que les deux parties ne concluent finalement un accord financier d&rsquo;un montant de 2,5 millions de dollars pour dommages et int&eacute;r&ecirc;ts en 2005.<\/p><figure class=\"wp-block-embed is-type-video is-provider-youtube wp-block-embed-youtube wp-embed-aspect-16-9 wp-has-aspect-ratio\"><div class=\"wp-block-embed__wrapper\">\n<iframe loading=\"lazy\" title=\"Kobe Bryant: Criminal charges changed me\" width=\"500\" height=\"281\" src=\"https:\/\/www.youtube.com\/embed\/lGtGif1q40Y?feature=oembed\" frameborder=\"0\" allow=\"accelerometer; autoplay; clipboard-write; encrypted-media; gyroscope; picture-in-picture; web-share\" referrerpolicy=\"strict-origin-when-cross-origin\" allowfullscreen><\/iframe>\n<\/div><\/figure><h3 class=\"wp-block-heading\">Les r&eacute;percussions<\/h3><p>Bien que l&rsquo;affaire judiciaire ait pris fin, les accusations ont profond&eacute;ment marqu&eacute; Kobe Bryant, tant sur le plan personnel que professionnel. Cependant, avec le temps, l&rsquo;athl&egrave;te a r&eacute;ussi &agrave; reconstruire son image publique, gr&acirc;ce &agrave; ses exploits sur les terrains et &agrave; ses initiatives philanthropiques dans le monde du sport.<\/p><p>La carri&egrave;re de Kobe Bryant, marqu&eacute;e par des sommets impressionnants, s&rsquo;est tragiquement interrompue en janvier 2020, lorsqu&rsquo;il a perdu la vie dans un accident d&rsquo;h&eacute;licopt&egrave;re, aux c&ocirc;t&eacute;s de sa fille Gianna Bryant et de sept autres personnes.<\/p><p>Credit : &copy; Robert Hanashiro-Imagn Images<\/p>\n","protected":false},"excerpt":{"rendered":"","protected":false},"author":180309799,"featured_media":1476588,"comment_status":"closed","ping_status":"closed","sticky":false,"template":"","format":"standard","meta":{"inline_featured_image":false,"kia_subtitle":"","_mux_skip_reasons":[],"proofreadBy":0,"footnotes":""},"categories":[110,10],"tags":[1836,117,23],"sport":[],"saison":[],"class_list":["post-1476559","post","type-post","status-publish","format-standard","has-post-thumbnail","hentry","category-actualite-nba","category-nba","tag-kobe-bryant","tag-los-angeles-lakers","tag-nba-tag"],"acf":[],"yoast_head":"<!-- This site is optimized with the Yoast SEO plugin v24.2 - https:\/\/yoast.com\/wordpress\/plugins\/seo\/ -->\n<title>La l&eacute;gende de Kobe Bryant ent&acirc;ch&eacute;e par un documentaire ?<\/title>\n<meta name=\"description\" content=\"Disparu tragiquement en 2020, Kobe Bryant pourrait voir sa legacy &eacute;corn&eacute;e par un nouveau documentaire produit par CNN.\" \/>\n<meta name=\"robots\" content=\"index, follow, max-snippet:-1, max-image-preview:large, max-video-preview:-1\" \/>\n<link rel=\"canonical\" href=\"https:\/\/theplayoffs.news\/fr\/actualite-nba\/la-legende-de-kobe-bryant-entachee-par-un-nouveau-documentaire\/\" \/>\n<meta property=\"og:locale\" content=\"fr_FR\" \/>\n<meta property=\"og:type\" content=\"article\" \/>\n<meta property=\"og:title\" content=\"La l&eacute;gende de Kobe Bryant ent&acirc;ch&eacute;e par un documentaire ?\" \/>\n<meta property=\"og:description\" content=\"Disparu tragiquement en 2020, Kobe Bryant pourrait voir sa legacy &eacute;corn&eacute;e par un nouveau documentaire produit par CNN.\" \/>\n<meta property=\"og:url\" content=\"https:\/\/theplayoffs.news\/fr\/actualite-nba\/la-legende-de-kobe-bryant-entachee-par-un-nouveau-documentaire\/\" \/>\n<meta property=\"og:site_name\" content=\"The Playoffs FR\" \/>\n<meta property=\"article:publisher\" content=\"https:\/\/www.facebook.com\/TheFreeAgentFR\/\" \/>\n<meta property=\"article:modified_time\" content=\"2025-01-28T14:52:36+01:00\" \/>\n<meta property=\"og:image\" content=\"https:\/\/theplayoffs.news\/fr\/wp-content\/uploads\/2025\/01\/USATSI_10494165.jpg\" \/>\n\t<meta property=\"og:image:width\" content=\"1920\" \/>\n\t<meta property=\"og:image:height\" content=\"1608\" \/>\n\t<meta property=\"og:image:type\" content=\"image\/jpeg\" \/>\n<meta name=\"author\" content=\"La r\u00e9daction\" \/>\n<meta name=\"twitter:card\" content=\"summary_large_image\" \/>\n<meta name=\"twitter:creator\" content=\"@TheFreeAgentFR\" \/>\n<meta name=\"twitter:site\" content=\"@TheFreeAgentFR\" \/>\n<meta name=\"twitter:label1\" content=\"\u00c9crit par\" \/>\n\t<meta name=\"twitter:data1\" content=\"La r\u00e9daction\" \/>\n\t<meta name=\"twitter:label2\" content=\"Dur\u00e9e de lecture estim\u00e9e\" \/>\n\t<meta name=\"twitter:data2\" content=\"4 minutes\" \/>\n<script type=\"application\/ld+json\" class=\"yoast-schema-graph\">{\"@context\":\"https:\/\/schema.org\",\"@graph\":[{\"@type\":\"WebPage\",\"@id\":\"https:\/\/theplayoffs.news\/fr\/actualite-nba\/la-legende-de-kobe-bryant-entachee-par-un-nouveau-documentaire\/\",\"url\":\"https:\/\/theplayoffs.news\/fr\/actualite-nba\/la-legende-de-kobe-bryant-entachee-par-un-nouveau-documentaire\/\",\"name\":\"La l\u00e9gende de Kobe Bryant ent\u00e2ch\u00e9e par un documentaire ?\",\"isPartOf\":{\"@id\":\"https:\/\/theplayoffs.news\/fr\/#website\"},\"primaryImageOfPage\":{\"@id\":\"https:\/\/theplayoffs.news\/fr\/actualite-nba\/la-legende-de-kobe-bryant-entachee-par-un-nouveau-documentaire\/#primaryimage\"},\"image\":{\"@id\":\"https:\/\/theplayoffs.news\/fr\/actualite-nba\/la-legende-de-kobe-bryant-entachee-par-un-nouveau-documentaire\/#primaryimage\"},\"thumbnailUrl\":\"https:\/\/theplayoffs.news\/fr\/wp-content\/uploads\/2025\/01\/USATSI_10494165.jpg\",\"datePublished\":\"2025-01-28T13:52:34+00:00\",\"dateModified\":\"2025-01-28T13:52:36+00:00\",\"author\":{\"@id\":\"https:\/\/theplayoffs.news\/fr\/#\/schema\/person\/bb40426f4e478f9bd8cdbfeb4f2f9784\"},\"description\":\"Disparu tragiquement en 2020, Kobe Bryant pourrait voir sa legacy \u00e9corn\u00e9e par un nouveau documentaire produit par CNN.\",\"breadcrumb\":{\"@id\":\"https:\/\/theplayoffs.news\/fr\/actualite-nba\/la-legende-de-kobe-bryant-entachee-par-un-nouveau-documentaire\/#breadcrumb\"},\"inLanguage\":\"fr-FR\",\"potentialAction\":[{\"@type\":\"ReadAction\",\"target\":[\"https:\/\/theplayoffs.news\/fr\/actualite-nba\/la-legende-de-kobe-bryant-entachee-par-un-nouveau-documentaire\/\"]}]},{\"@type\":\"ImageObject\",\"inLanguage\":\"fr-FR\",\"@id\":\"https:\/\/theplayoffs.news\/fr\/actualite-nba\/la-legende-de-kobe-bryant-entachee-par-un-nouveau-documentaire\/#primaryimage\",\"url\":\"https:\/\/theplayoffs.news\/fr\/wp-content\/uploads\/2025\/01\/USATSI_10494165.jpg\",\"contentUrl\":\"https:\/\/theplayoffs.news\/fr\/wp-content\/uploads\/2025\/01\/USATSI_10494165.jpg\",\"width\":1920,\"height\":1608,\"caption\":\"Kobe Bryant NBA\"},{\"@type\":\"BreadcrumbList\",\"@id\":\"https:\/\/theplayoffs.news\/fr\/actualite-nba\/la-legende-de-kobe-bryant-entachee-par-un-nouveau-documentaire\/#breadcrumb\",\"itemListElement\":[{\"@type\":\"ListItem\",\"position\":1,\"name\":\"Accueil\",\"item\":\"https:\/\/theplayoffs.news\/fr\/\"},{\"@type\":\"ListItem\",\"position\":2,\"name\":\"La l\u00e9gende de Kobe Bryant entach\u00e9e par un nouveau documentaire ?\"}]},{\"@type\":\"WebSite\",\"@id\":\"https:\/\/theplayoffs.news\/fr\/#website\",\"url\":\"https:\/\/theplayoffs.news\/fr\/\",\"name\":\"The Playoffs FR\",\"description\":\"NBA-NFL-NHL-MLB\",\"potentialAction\":[{\"@type\":\"SearchAction\",\"target\":{\"@type\":\"EntryPoint\",\"urlTemplate\":\"https:\/\/theplayoffs.news\/fr\/?s={search_term_string}\"},\"query-input\":{\"@type\":\"PropertyValueSpecification\",\"valueRequired\":true,\"valueName\":\"search_term_string\"}}],\"inLanguage\":\"fr-FR\"},{\"@type\":\"Person\",\"@id\":\"https:\/\/theplayoffs.news\/fr\/#\/schema\/person\/bb40426f4e478f9bd8cdbfeb4f2f9784\",\"name\":\"La r\u00e9daction\",\"image\":{\"@type\":\"ImageObject\",\"inLanguage\":\"fr-FR\",\"@id\":\"https:\/\/theplayoffs.news\/fr\/#\/schema\/person\/image\/\",\"url\":\"https:\/\/secure.gravatar.com\/avatar\/7e69b41460ab2c17d61c8c364b6a0ee006f957a70191383ef42be1f4733d6515?s=96&d=mm&r=g\",\"contentUrl\":\"https:\/\/secure.gravatar.com\/avatar\/7e69b41460ab2c17d61c8c364b6a0ee006f957a70191383ef42be1f4733d6515?s=96&d=mm&r=g\",\"caption\":\"La r\u00e9daction\"},\"description\":\"On dit qu\\\\'il faut un village pour s\\\\'occuper d\\\\'un enfant. Et bien c\\\\'est exactement ce dont il s\\\\'agit ici pour The Playoffs. La r\u00e9daction, ce sont vos r\u00e9dacteurs pr\u00e9f\u00e9r\u00e9s qui collaborent sur ces articles que vous lisez au quotidien.\u00a0\",\"url\":\"https:\/\/theplayoffs.news\/fr\/author\/freeagentfr\/\"}]}<\/script>\n<!-- \/ Yoast SEO plugin. -->","yoast_head_json":{"title":"La l&eacute;gende de Kobe Bryant ent&acirc;ch&eacute;e par un documentaire ?","description":"Disparu tragiquement en 2020, Kobe Bryant pourrait voir sa legacy &eacute;corn&eacute;e par un nouveau documentaire produit par CNN.","robots":{"index":"index","follow":"follow","max-snippet":"max-snippet:-1","max-image-preview":"max-image-preview:large","max-video-preview":"max-video-preview:-1"},"canonical":"https:\/\/theplayoffs.news\/fr\/actualite-nba\/la-legende-de-kobe-bryant-entachee-par-un-nouveau-documentaire\/","og_locale":"fr_FR","og_type":"article","og_title":"La l&eacute;gende de Kobe Bryant ent&acirc;ch&eacute;e par un documentaire ?","og_description":"Disparu tragiquement en 2020, Kobe Bryant pourrait voir sa legacy &eacute;corn&eacute;e par un nouveau documentaire produit par CNN.","og_url":"https:\/\/theplayoffs.news\/fr\/actualite-nba\/la-legende-de-kobe-bryant-entachee-par-un-nouveau-documentaire\/","og_site_name":"The Playoffs FR","article_publisher":"https:\/\/www.facebook.com\/TheFreeAgentFR\/","article_modified_time":"2025-01-28T13:52:36+00:00","og_image":[{"width":1920,"height":1608,"url":"https:\/\/theplayoffs.news\/fr\/wp-content\/uploads\/2025\/01\/USATSI_10494165.jpg","type":"image\/jpeg"}],"author":"La r\u00e9daction","twitter_card":"summary_large_image","twitter_creator":"@TheFreeAgentFR","twitter_site":"@TheFreeAgentFR","twitter_misc":{"\u00c9crit par":"La r\u00e9daction","Dur\u00e9e de lecture estim\u00e9e":"4 minutes"},"schema":{"@context":"https:\/\/schema.org","@graph":[{"@type":"WebPage","@id":"https:\/\/theplayoffs.news\/fr\/actualite-nba\/la-legende-de-kobe-bryant-entachee-par-un-nouveau-documentaire\/","url":"https:\/\/theplayoffs.news\/fr\/actualite-nba\/la-legende-de-kobe-bryant-entachee-par-un-nouveau-documentaire\/","name":"La l\u00e9gende de Kobe Bryant ent\u00e2ch\u00e9e par un documentaire ?","isPartOf":{"@id":"https:\/\/theplayoffs.news\/fr\/#website"},"primaryImageOfPage":{"@id":"https:\/\/theplayoffs.news\/fr\/actualite-nba\/la-legende-de-kobe-bryant-entachee-par-un-nouveau-documentaire\/#primaryimage"},"image":{"@id":"https:\/\/theplayoffs.news\/fr\/actualite-nba\/la-legende-de-kobe-bryant-entachee-par-un-nouveau-documentaire\/#primaryimage"},"thumbnailUrl":"https:\/\/theplayoffs.news\/fr\/wp-content\/uploads\/2025\/01\/USATSI_10494165.jpg","datePublished":"2025-01-28T13:52:34+00:00","dateModified":"2025-01-28T13:52:36+00:00","author":{"@id":"https:\/\/theplayoffs.news\/fr\/#\/schema\/person\/bb40426f4e478f9bd8cdbfeb4f2f9784"},"description":"Disparu tragiquement en 2020, Kobe Bryant pourrait voir sa legacy \u00e9corn\u00e9e par un nouveau documentaire produit par CNN.","breadcrumb":{"@id":"https:\/\/theplayoffs.news\/fr\/actualite-nba\/la-legende-de-kobe-bryant-entachee-par-un-nouveau-documentaire\/#breadcrumb"},"inLanguage":"fr-FR","potentialAction":[{"@type":"ReadAction","target":["https:\/\/theplayoffs.news\/fr\/actualite-nba\/la-legende-de-kobe-bryant-entachee-par-un-nouveau-documentaire\/"]}]},{"@type":"ImageObject","inLanguage":"fr-FR","@id":"https:\/\/theplayoffs.news\/fr\/actualite-nba\/la-legende-de-kobe-bryant-entachee-par-un-nouveau-documentaire\/#primaryimage","url":"https:\/\/theplayoffs.news\/fr\/wp-content\/uploads\/2025\/01\/USATSI_10494165.jpg","contentUrl":"https:\/\/theplayoffs.news\/fr\/wp-content\/uploads\/2025\/01\/USATSI_10494165.jpg","width":1920,"height":1608,"caption":"Kobe Bryant NBA"},{"@type":"BreadcrumbList","@id":"https:\/\/theplayoffs.news\/fr\/actualite-nba\/la-legende-de-kobe-bryant-entachee-par-un-nouveau-documentaire\/#breadcrumb","itemListElement":[{"@type":"ListItem","position":1,"name":"Accueil","item":"https:\/\/theplayoffs.news\/fr\/"},{"@type":"ListItem","position":2,"name":"La l\u00e9gende de Kobe Bryant entach\u00e9e par un nouveau documentaire ?"}]},{"@type":"WebSite","@id":"https:\/\/theplayoffs.news\/fr\/#website","url":"https:\/\/theplayoffs.news\/fr\/","name":"The Playoffs FR","description":"NBA-NFL-NHL-MLB","potentialAction":[{"@type":"SearchAction","target":{"@type":"EntryPoint","urlTemplate":"https:\/\/theplayoffs.news\/fr\/?s={search_term_string}"},"query-input":{"@type":"PropertyValueSpecification","valueRequired":true,"valueName":"search_term_string"}}],"inLanguage":"fr-FR"},{"@type":"Person","@id":"https:\/\/theplayoffs.news\/fr\/#\/schema\/person\/bb40426f4e478f9bd8cdbfeb4f2f9784","name":"La r\u00e9daction","image":{"@type":"ImageObject","inLanguage":"fr-FR","@id":"https:\/\/theplayoffs.news\/fr\/#\/schema\/person\/image\/","url":"https:\/\/secure.gravatar.com\/avatar\/7e69b41460ab2c17d61c8c364b6a0ee006f957a70191383ef42be1f4733d6515?s=96&d=mm&r=g","contentUrl":"https:\/\/secure.gravatar.com\/avatar\/7e69b41460ab2c17d61c8c364b6a0ee006f957a70191383ef42be1f4733d6515?s=96&d=mm&r=g","caption":"La r\u00e9daction"},"description":"On dit qu\\'il faut un village pour s\\'occuper d\\'un enfant. Et bien c\\'est exactement ce dont il s\\'agit ici pour The Playoffs. La r\u00e9daction, ce sont vos r\u00e9dacteurs pr\u00e9f\u00e9r\u00e9s qui collaborent sur ces articles que vous lisez au quotidien.\u00a0","url":"https:\/\/theplayoffs.news\/fr\/author\/freeagentfr\/"}]}},"_links":{"self":[{"href":"https:\/\/theplayoffs.news\/fr\/wp-json\/wp\/v2\/posts\/1476559","targetHints":{"allow":["GET"]}}],"collection":[{"href":"https:\/\/theplayoffs.news\/fr\/wp-json\/wp\/v2\/posts"}],"about":[{"href":"https:\/\/theplayoffs.news\/fr\/wp-json\/wp\/v2\/types\/post"}],"author":[{"embeddable":true,"href":"https:\/\/theplayoffs.news\/fr\/wp-json\/wp\/v2\/users\/180309799"}],"replies":[{"embeddable":true,"href":"https:\/\/theplayoffs.news\/fr\/wp-json\/wp\/v2\/comments?post=1476559"}],"version-history":[{"count":2,"href":"https:\/\/theplayoffs.news\/fr\/wp-json\/wp\/v2\/posts\/1476559\/revisions"}],"predecessor-version":[{"id":1476590,"href":"https:\/\/theplayoffs.news\/fr\/wp-json\/wp\/v2\/posts\/1476559\/revisions\/1476590"}],"wp:featuredmedia":[{"embeddable":true,"href":"https:\/\/theplayoffs.news\/fr\/wp-json\/wp\/v2\/media\/1476588"}],"wp:attachment":[{"href":"https:\/\/theplayoffs.news\/fr\/wp-json\/wp\/v2\/media?parent=1476559"}],"wp:term":[{"taxonomy":"category","embeddable":true,"href":"https:\/\/theplayoffs.news\/fr\/wp-json\/wp\/v2\/categories?post=1476559"},{"taxonomy":"post_tag","embeddable":true,"href":"https:\/\/theplayoffs.news\/fr\/wp-json\/wp\/v2\/tags?post=1476559"},{"taxonomy":"sport","embeddable":true,"href":"https:\/\/theplayoffs.news\/fr\/wp-json\/wp\/v2\/sport?post=1476559"},{"taxonomy":"saison","embeddable":true,"href":"https:\/\/theplayoffs.news\/fr\/wp-json\/wp\/v2\/saison?post=1476559"}],"curies":[{"name":"wp","href":"https:\/\/api.w.org\/{rel}","templated":true}]}}