{"id":1475608,"date":"2025-01-24T09:23:00","date_gmt":"2025-01-24T08:23:00","guid":{"rendered":"https:\/\/theplayoffs.news\/fr\/uncategorized\/\/"},"modified":"2025-01-24T09:07:26","modified_gmt":"2025-01-24T08:07:26","slug":"les-braves-signent-jurickson-profar-pour-un-contrat-de-trois-ans","status":"publish","type":"post","link":"https:\/\/theplayoffs.news\/fr\/actualite-mlb\/les-braves-signent-jurickson-profar-pour-un-contrat-de-trois-ans\/","title":{"rendered":"Les Braves signent Jurickson Profar pour un contrat de trois ans"},"content":{"rendered":"<p>Le joueur de champs ext&eacute;rieur, Jurickson Profar, l&rsquo;une des r&eacute;v&eacute;lations des San Diego Padres la saison derni&egrave;re, a sign&eacute; un contrat de trois ans d&rsquo;une valeur de 42 millions de dollars avec les Atlanta Braves. <\/p><p>L&rsquo;information a &eacute;t&eacute; rapport&eacute;e par l&rsquo;insider Jeff Passan d&rsquo;ESPN.<\/p><blockquote class=\"twitter-tweet\"><p lang=\"en\" dir=\"ltr\">BREAKING: Outfielder Jurickson Profar and the Atlanta Braves are finalizing a free agent contract, sources tell ESPN.<\/p>&mdash; Jeff Passan (@JeffPassan) <a href=\"https:\/\/twitter.com\/JeffPassan\/status\/1882547387564278168?ref_src=twsrc%5Etfw\" class=\"trk-cta-link\" data-cta-trk='{\"ctaType\":\"Link\",\"ctaSubType\":\"main\"}'>January 23, 2025<\/a><\/blockquote><script async src=\"https:\/\/platform.twitter.com\/widgets.js\" charset=\"utf-8\"><\/script><p>Jurickson Profar &eacute;tait l&rsquo;un des joueurs les plus sous-&eacute;valu&eacute;s lors de la derni&egrave;re p&eacute;riode de free agency, ayant rejoint les Padres pour seulement 1 million de dollars. Il a commenc&eacute; la saison 2023 avec les Colorado Rockies, mais a termin&eacute; l&rsquo;ann&eacute;e avec les Padres, o&ugrave; il a r&eacute;alis&eacute; la meilleure performance de sa carri&egrave;re. <\/p><p>Le joueur a affich&eacute; une moyenne au b&acirc;ton de 28 %, frapp&eacute; 24 home runs et produit 85 points en 158 matchs, ce qui lui a valu sa premi&egrave;re s&eacute;lection au All-Star Game.<\/p><p>Cette performance a confirm&eacute; les grandes attentes autour de lui depuis ses d&eacute;buts dans les ligues mineures. En 2013, il avait &eacute;t&eacute; class&eacute; comme le plus grand espoir de la <a href=\"https:\/\/theplayoffs.news\/fr\/category\/mlb\/\" class=\"trk-cta-link\" data-cta-trk='{\"ctaType\":\"Link\",\"ctaSubType\":\"main\"}'>MLB<\/a>.<\/p><p> Cependant, une blessure &agrave; l&rsquo;&eacute;paule l&rsquo;a &eacute;cart&eacute; pour toute la saison 2014, freinant son &eacute;lan en d&eacute;but de carri&egrave;re. Ce n&rsquo;est qu&rsquo;en 2018 qu&rsquo;il s&rsquo;est impos&eacute; comme titulaire chez les Texas Rangers avant d&rsquo;&ecirc;tre &eacute;chang&eacute; aux Oakland Athletics en 2019.<\/p><p>Lors de son premier passage chez les Padres entre 2020 et 2022, Jurickson Profar a commenc&eacute; &agrave; montrer tout son potentiel, en particulier lors de la saison raccourcie par la pand&eacute;mie, o&ugrave; il a affich&eacute; un OPS+ de 114, le meilleur de sa carri&egrave;re &agrave; l&rsquo;&eacute;poque. Cependant, en 2024, il a surpass&eacute; toutes ses performances pr&eacute;c&eacute;dentes.<\/p><p>Bien qu&rsquo;il existe des doutes sur sa capacit&eacute; &agrave; maintenir son niveau de 2024, les Braves misent sur son potentiel. Si Profar parvient &agrave; r&eacute;it&eacute;rer sa performance de la saison derni&egrave;re, il pourrait devenir un joueur cl&eacute; pour l&rsquo;&eacute;quipe. Sur un march&eacute; des agents libres offrant peu d&rsquo;options d&rsquo;impact, ce recrutement semble &ecirc;tre un pari raisonnable pour Atlanta.<\/p><p><\/p><p>Credit Photo: Jayne Kamin-Oncea-Imagn Images<\/p>\n","protected":false},"excerpt":{"rendered":"<p>Le joueur s\u2019est distingu\u00e9 chez les Padres la saison derni\u00e8re, obtenant sa premi\u00e8re s\u00e9lection au All-Star Game.<\/p>\n","protected":false},"author":13,"featured_media":1475609,"comment_status":"closed","ping_status":"closed","sticky":false,"template":"","format":"standard","meta":{"inline_featured_image":false,"kia_subtitle":"Le joueur s\u2019est distingu\u00e9 chez les Padres la saison derni\u00e8re, obtenant sa premi\u00e8re s\u00e9lection au All-Star Game.","_mux_skip_reasons":[],"proofreadBy":0,"footnotes":""},"categories":[188,9],"tags":[4540],"sport":[],"saison":[],"class_list":["post-1475608","post","type-post","status-publish","format-standard","has-post-thumbnail","hentry","category-actualite-mlb","category-mlb","tag-jurickson-profar"],"acf":[],"yoast_head":"<!-- This site is optimized with the Yoast SEO plugin v24.2 - https:\/\/yoast.com\/wordpress\/plugins\/seo\/ -->\n<title>Les Braves signent Jurickson Profar pour un contrat de trois ans - The Playoffs FR<\/title>\n<meta name=\"robots\" content=\"index, follow, max-snippet:-1, max-image-preview:large, max-video-preview:-1\" \/>\n<link rel=\"canonical\" href=\"https:\/\/theplayoffs.news\/fr\/actualite-mlb\/les-braves-signent-jurickson-profar-pour-un-contrat-de-trois-ans\/\" \/>\n<meta property=\"og:locale\" content=\"fr_FR\" \/>\n<meta property=\"og:type\" content=\"article\" \/>\n<meta property=\"og:title\" content=\"Les Braves signent Jurickson Profar pour un contrat de trois ans - The Playoffs FR\" \/>\n<meta property=\"og:description\" content=\"Le joueur s&rsquo;est distingu&eacute; chez les Padres la saison derni&egrave;re, obtenant sa premi&egrave;re s&eacute;lection au All-Star Game.\" \/>\n<meta property=\"og:url\" content=\"https:\/\/theplayoffs.news\/fr\/actualite-mlb\/les-braves-signent-jurickson-profar-pour-un-contrat-de-trois-ans\/\" \/>\n<meta property=\"og:site_name\" content=\"The Playoffs FR\" \/>\n<meta property=\"article:publisher\" content=\"https:\/\/www.facebook.com\/TheFreeAgentFR\/\" \/>\n<meta property=\"article:modified_time\" content=\"2025-01-24T09:23:00+01:00\" \/>\n<meta property=\"og:image\" content=\"https:\/\/theplayoffs.news\/fr\/wp-content\/uploads\/2025\/01\/USATSI_24465027.jpg\" \/>\n\t<meta property=\"og:image:width\" content=\"1920\" \/>\n\t<meta property=\"og:image:height\" content=\"1280\" \/>\n\t<meta property=\"og:image:type\" content=\"image\/jpeg\" \/>\n<meta name=\"author\" content=\"Charles Taudin\" \/>\n<meta name=\"twitter:card\" content=\"summary_large_image\" \/>\n<meta name=\"twitter:creator\" content=\"@TheFreeAgentFR\" \/>\n<meta name=\"twitter:site\" content=\"@TheFreeAgentFR\" \/>\n<meta name=\"twitter:label1\" content=\"\u00c9crit par\" \/>\n\t<meta name=\"twitter:data1\" content=\"Charles Taudin\" \/>\n\t<meta name=\"twitter:label2\" content=\"Dur\u00e9e de lecture estim\u00e9e\" \/>\n\t<meta name=\"twitter:data2\" content=\"2 minutes\" \/>\n<script type=\"application\/ld+json\" class=\"yoast-schema-graph\">{\"@context\":\"https:\/\/schema.org\",\"@graph\":[{\"@type\":\"WebPage\",\"@id\":\"https:\/\/theplayoffs.news\/fr\/actualite-mlb\/les-braves-signent-jurickson-profar-pour-un-contrat-de-trois-ans\/\",\"url\":\"https:\/\/theplayoffs.news\/fr\/actualite-mlb\/les-braves-signent-jurickson-profar-pour-un-contrat-de-trois-ans\/\",\"name\":\"Les Braves signent Jurickson Profar pour un contrat de trois ans - The Playoffs FR\",\"isPartOf\":{\"@id\":\"https:\/\/theplayoffs.news\/fr\/#website\"},\"primaryImageOfPage\":{\"@id\":\"https:\/\/theplayoffs.news\/fr\/actualite-mlb\/les-braves-signent-jurickson-profar-pour-un-contrat-de-trois-ans\/#primaryimage\"},\"image\":{\"@id\":\"https:\/\/theplayoffs.news\/fr\/actualite-mlb\/les-braves-signent-jurickson-profar-pour-un-contrat-de-trois-ans\/#primaryimage\"},\"thumbnailUrl\":\"https:\/\/theplayoffs.news\/fr\/wp-content\/uploads\/2025\/01\/USATSI_24465027.jpg\",\"datePublished\":\"2025-01-24T08:23:00+00:00\",\"dateModified\":\"2025-01-24T09:23:00+01:00\",\"author\":{\"@id\":\"https:\/\/theplayoffs.news\/fr\/#\/schema\/person\/eee5b69ad5d3c51cabe881c839dbe133\"},\"breadcrumb\":{\"@id\":\"https:\/\/theplayoffs.news\/fr\/actualite-mlb\/les-braves-signent-jurickson-profar-pour-un-contrat-de-trois-ans\/#breadcrumb\"},\"inLanguage\":\"fr-FR\",\"potentialAction\":[{\"@type\":\"ReadAction\",\"target\":[\"https:\/\/theplayoffs.news\/fr\/actualite-mlb\/les-braves-signent-jurickson-profar-pour-un-contrat-de-trois-ans\/\"]}]},{\"@type\":\"ImageObject\",\"inLanguage\":\"fr-FR\",\"@id\":\"https:\/\/theplayoffs.news\/fr\/actualite-mlb\/les-braves-signent-jurickson-profar-pour-un-contrat-de-trois-ans\/#primaryimage\",\"url\":\"https:\/\/theplayoffs.news\/fr\/wp-content\/uploads\/2025\/01\/USATSI_24465027.jpg\",\"contentUrl\":\"https:\/\/theplayoffs.news\/fr\/wp-content\/uploads\/2025\/01\/USATSI_24465027.jpg\",\"width\":1920,\"height\":1280,\"caption\":\"Oct 11, 2024; Los Angeles, California, USA; San Diego Padres outfielder Jurickson Profar (10) looks on before game five against the Los Angeles Dodgers in the NLDS for the 2024 MLB Playoffs at Dodger Stadium. Mandatory Credit: Jayne Kamin-Oncea-Imagn Images\"},{\"@type\":\"BreadcrumbList\",\"@id\":\"https:\/\/theplayoffs.news\/fr\/actualite-mlb\/les-braves-signent-jurickson-profar-pour-un-contrat-de-trois-ans\/#breadcrumb\",\"itemListElement\":[{\"@type\":\"ListItem\",\"position\":1,\"name\":\"Accueil\",\"item\":\"https:\/\/theplayoffs.news\/fr\/\"},{\"@type\":\"ListItem\",\"position\":2,\"name\":\"Les Braves signent Jurickson Profar pour un contrat de trois ans\"}]},{\"@type\":\"WebSite\",\"@id\":\"https:\/\/theplayoffs.news\/fr\/#website\",\"url\":\"https:\/\/theplayoffs.news\/fr\/\",\"name\":\"The Playoffs FR\",\"description\":\"NBA-NFL-NHL-MLB\",\"potentialAction\":[{\"@type\":\"SearchAction\",\"target\":{\"@type\":\"EntryPoint\",\"urlTemplate\":\"https:\/\/theplayoffs.news\/fr\/?s={search_term_string}\"},\"query-input\":{\"@type\":\"PropertyValueSpecification\",\"valueRequired\":true,\"valueName\":\"search_term_string\"}}],\"inLanguage\":\"fr-FR\"},{\"@type\":\"Person\",\"@id\":\"https:\/\/theplayoffs.news\/fr\/#\/schema\/person\/eee5b69ad5d3c51cabe881c839dbe133\",\"name\":\"Charles Taudin\",\"image\":{\"@type\":\"ImageObject\",\"inLanguage\":\"fr-FR\",\"@id\":\"https:\/\/theplayoffs.news\/fr\/#\/schema\/person\/image\/\",\"url\":\"https:\/\/secure.gravatar.com\/avatar\/59a1e772205ce9fd255edfcafc93013736822e20261f294c5753b20c41ede9f2?s=96&d=mm&r=g\",\"contentUrl\":\"https:\/\/secure.gravatar.com\/avatar\/59a1e772205ce9fd255edfcafc93013736822e20261f294c5753b20c41ede9f2?s=96&d=mm&r=g\",\"caption\":\"Charles Taudin\"},\"description\":\"R\u00e9dacteur en chef global de The Playoffs, j\u2019ai cr\u00e9\u00e9 The Free Agent, devenu The Playoffs FR, en 2020 durant la pand\u00e9mie. Amoureux depuis des ann\u00e9es des 4 sports majeurs am\u00e9ricains, j\u2019organise maintenant la strat\u00e9gie \u00e9ditoriale et les r\u00e9seaux sociaux de l\u2019ensemble des versions de The Playoffs. Il m\u2019arrive encore d\u2019\u00e9crire sur certains sports que j\u2019affectionne particuli\u00e8rement comme la NFL ou la MLB. Si vous devez retenir qu\u2019une chose : Eli Manning est le vrai GOAT pour avoir battu deux fois Tom Brady.\",\"sameAs\":[\"https:\/\/www.instagram.com\/ctaudin_\/\"],\"url\":\"https:\/\/theplayoffs.news\/fr\/author\/charles-taudin\/\"}]}<\/script>\n<!-- \/ Yoast SEO plugin. -->","yoast_head_json":{"title":"Les Braves signent Jurickson Profar pour un contrat de trois ans - The Playoffs FR","robots":{"index":"index","follow":"follow","max-snippet":"max-snippet:-1","max-image-preview":"max-image-preview:large","max-video-preview":"max-video-preview:-1"},"canonical":"https:\/\/theplayoffs.news\/fr\/actualite-mlb\/les-braves-signent-jurickson-profar-pour-un-contrat-de-trois-ans\/","og_locale":"fr_FR","og_type":"article","og_title":"Les Braves signent Jurickson Profar pour un contrat de trois ans - The Playoffs FR","og_description":"Le joueur s&rsquo;est distingu&eacute; chez les Padres la saison derni&egrave;re, obtenant sa premi&egrave;re s&eacute;lection au All-Star Game.","og_url":"https:\/\/theplayoffs.news\/fr\/actualite-mlb\/les-braves-signent-jurickson-profar-pour-un-contrat-de-trois-ans\/","og_site_name":"The Playoffs FR","article_publisher":"https:\/\/www.facebook.com\/TheFreeAgentFR\/","article_modified_time":"2025-01-24T08:07:26+00:00","og_image":[{"width":1920,"height":1280,"url":"https:\/\/theplayoffs.news\/fr\/wp-content\/uploads\/2025\/01\/USATSI_24465027.jpg","type":"image\/jpeg"}],"author":"Charles Taudin","twitter_card":"summary_large_image","twitter_creator":"@TheFreeAgentFR","twitter_site":"@TheFreeAgentFR","twitter_misc":{"\u00c9crit par":"Charles Taudin","Dur\u00e9e de lecture estim\u00e9e":"2 minutes"},"schema":{"@context":"https:\/\/schema.org","@graph":[{"@type":"WebPage","@id":"https:\/\/theplayoffs.news\/fr\/actualite-mlb\/les-braves-signent-jurickson-profar-pour-un-contrat-de-trois-ans\/","url":"https:\/\/theplayoffs.news\/fr\/actualite-mlb\/les-braves-signent-jurickson-profar-pour-un-contrat-de-trois-ans\/","name":"Les Braves signent Jurickson Profar pour un contrat de trois ans - The Playoffs FR","isPartOf":{"@id":"https:\/\/theplayoffs.news\/fr\/#website"},"primaryImageOfPage":{"@id":"https:\/\/theplayoffs.news\/fr\/actualite-mlb\/les-braves-signent-jurickson-profar-pour-un-contrat-de-trois-ans\/#primaryimage"},"image":{"@id":"https:\/\/theplayoffs.news\/fr\/actualite-mlb\/les-braves-signent-jurickson-profar-pour-un-contrat-de-trois-ans\/#primaryimage"},"thumbnailUrl":"https:\/\/theplayoffs.news\/fr\/wp-content\/uploads\/2025\/01\/USATSI_24465027.jpg","datePublished":"2025-01-24T08:23:00+00:00","dateModified":"2025-01-24T09:23:00+01:00","author":{"@id":"https:\/\/theplayoffs.news\/fr\/#\/schema\/person\/eee5b69ad5d3c51cabe881c839dbe133"},"breadcrumb":{"@id":"https:\/\/theplayoffs.news\/fr\/actualite-mlb\/les-braves-signent-jurickson-profar-pour-un-contrat-de-trois-ans\/#breadcrumb"},"inLanguage":"fr-FR","potentialAction":[{"@type":"ReadAction","target":["https:\/\/theplayoffs.news\/fr\/actualite-mlb\/les-braves-signent-jurickson-profar-pour-un-contrat-de-trois-ans\/"]}]},{"@type":"ImageObject","inLanguage":"fr-FR","@id":"https:\/\/theplayoffs.news\/fr\/actualite-mlb\/les-braves-signent-jurickson-profar-pour-un-contrat-de-trois-ans\/#primaryimage","url":"https:\/\/theplayoffs.news\/fr\/wp-content\/uploads\/2025\/01\/USATSI_24465027.jpg","contentUrl":"https:\/\/theplayoffs.news\/fr\/wp-content\/uploads\/2025\/01\/USATSI_24465027.jpg","width":1920,"height":1280,"caption":"Oct 11, 2024; Los Angeles, California, USA; San Diego Padres outfielder Jurickson Profar (10) looks on before game five against the Los Angeles Dodgers in the NLDS for the 2024 MLB Playoffs at Dodger Stadium. Mandatory Credit: Jayne Kamin-Oncea-Imagn Images"},{"@type":"BreadcrumbList","@id":"https:\/\/theplayoffs.news\/fr\/actualite-mlb\/les-braves-signent-jurickson-profar-pour-un-contrat-de-trois-ans\/#breadcrumb","itemListElement":[{"@type":"ListItem","position":1,"name":"Accueil","item":"https:\/\/theplayoffs.news\/fr\/"},{"@type":"ListItem","position":2,"name":"Les Braves signent Jurickson Profar pour un contrat de trois ans"}]},{"@type":"WebSite","@id":"https:\/\/theplayoffs.news\/fr\/#website","url":"https:\/\/theplayoffs.news\/fr\/","name":"The Playoffs FR","description":"NBA-NFL-NHL-MLB","potentialAction":[{"@type":"SearchAction","target":{"@type":"EntryPoint","urlTemplate":"https:\/\/theplayoffs.news\/fr\/?s={search_term_string}"},"query-input":{"@type":"PropertyValueSpecification","valueRequired":true,"valueName":"search_term_string"}}],"inLanguage":"fr-FR"},{"@type":"Person","@id":"https:\/\/theplayoffs.news\/fr\/#\/schema\/person\/eee5b69ad5d3c51cabe881c839dbe133","name":"Charles Taudin","image":{"@type":"ImageObject","inLanguage":"fr-FR","@id":"https:\/\/theplayoffs.news\/fr\/#\/schema\/person\/image\/","url":"https:\/\/secure.gravatar.com\/avatar\/59a1e772205ce9fd255edfcafc93013736822e20261f294c5753b20c41ede9f2?s=96&d=mm&r=g","contentUrl":"https:\/\/secure.gravatar.com\/avatar\/59a1e772205ce9fd255edfcafc93013736822e20261f294c5753b20c41ede9f2?s=96&d=mm&r=g","caption":"Charles Taudin"},"description":"R\u00e9dacteur en chef global de The Playoffs, j\u2019ai cr\u00e9\u00e9 The Free Agent, devenu The Playoffs FR, en 2020 durant la pand\u00e9mie. Amoureux depuis des ann\u00e9es des 4 sports majeurs am\u00e9ricains, j\u2019organise maintenant la strat\u00e9gie \u00e9ditoriale et les r\u00e9seaux sociaux de l\u2019ensemble des versions de The Playoffs. Il m\u2019arrive encore d\u2019\u00e9crire sur certains sports que j\u2019affectionne particuli\u00e8rement comme la NFL ou la MLB. Si vous devez retenir qu\u2019une chose : Eli Manning est le vrai GOAT pour avoir battu deux fois Tom Brady.","sameAs":["https:\/\/www.instagram.com\/ctaudin_\/"],"url":"https:\/\/theplayoffs.news\/fr\/author\/charles-taudin\/"}]}},"_links":{"self":[{"href":"https:\/\/theplayoffs.news\/fr\/wp-json\/wp\/v2\/posts\/1475608","targetHints":{"allow":["GET"]}}],"collection":[{"href":"https:\/\/theplayoffs.news\/fr\/wp-json\/wp\/v2\/posts"}],"about":[{"href":"https:\/\/theplayoffs.news\/fr\/wp-json\/wp\/v2\/types\/post"}],"author":[{"embeddable":true,"href":"https:\/\/theplayoffs.news\/fr\/wp-json\/wp\/v2\/users\/13"}],"replies":[{"embeddable":true,"href":"https:\/\/theplayoffs.news\/fr\/wp-json\/wp\/v2\/comments?post=1475608"}],"version-history":[{"count":1,"href":"https:\/\/theplayoffs.news\/fr\/wp-json\/wp\/v2\/posts\/1475608\/revisions"}],"predecessor-version":[{"id":1475610,"href":"https:\/\/theplayoffs.news\/fr\/wp-json\/wp\/v2\/posts\/1475608\/revisions\/1475610"}],"wp:featuredmedia":[{"embeddable":true,"href":"https:\/\/theplayoffs.news\/fr\/wp-json\/wp\/v2\/media\/1475609"}],"wp:attachment":[{"href":"https:\/\/theplayoffs.news\/fr\/wp-json\/wp\/v2\/media?parent=1475608"}],"wp:term":[{"taxonomy":"category","embeddable":true,"href":"https:\/\/theplayoffs.news\/fr\/wp-json\/wp\/v2\/categories?post=1475608"},{"taxonomy":"post_tag","embeddable":true,"href":"https:\/\/theplayoffs.news\/fr\/wp-json\/wp\/v2\/tags?post=1475608"},{"taxonomy":"sport","embeddable":true,"href":"https:\/\/theplayoffs.news\/fr\/wp-json\/wp\/v2\/sport?post=1475608"},{"taxonomy":"saison","embeddable":true,"href":"https:\/\/theplayoffs.news\/fr\/wp-json\/wp\/v2\/saison?post=1475608"}],"curies":[{"name":"wp","href":"https:\/\/api.w.org\/{rel}","templated":true}]}}