{"id":1475533,"date":"2025-01-22T21:25:56","date_gmt":"2025-01-22T20:25:56","guid":{"rendered":"https:\/\/theplayoffs.news\/fr\/uncategorized\/\/"},"modified":"2025-01-22T21:26:06","modified_gmt":"2025-01-22T20:26:06","slug":"trent-baalke-et-les-jacksonville-jaguars-se-separent","status":"publish","type":"post","link":"https:\/\/theplayoffs.news\/fr\/actualite-nfl\/trent-baalke-et-les-jacksonville-jaguars-se-separent\/","title":{"rendered":"Trent Baalke et les Jacksonville Jaguars se s\u00e9parent"},"content":{"rendered":"<p>Trent Baalke et les Jacksonville Jaguars c&rsquo;est fini! Alors que le manager g&eacute;n&eacute;ral avait &eacute;vit&eacute; le couperet du licenciement qui s&rsquo;&eacute;tait abattu sur <a href=\"https:\/\/theplayoffs.news\/fr\/actualite-nfl\/doug-pederson-renvoye-poste-dentraineur\/\" class=\"trk-cta-link\" data-cta-trk='{\"ctaType\":\"Link\",\"ctaSubType\":\"main\"}'>Doug Pederson &agrave; la fin de la saison 2024<\/a>, le propri&eacute;taire de la franchise de Floride a finalement d&eacute;cid&eacute; de se s&eacute;parer de son manager g&eacute;n&eacute;ral avant le d&eacute;but de cette intersaison importante pour les Jaguars. Une annonce faite dans un communiqu&eacute; publi&eacute; par la franchise ce mercredi. Un communiqu&eacute; qui indique que les deux parties se s&eacute;parent avec un &laquo;&nbsp;respect mutuel&nbsp;&raquo;.<\/p><blockquote class=\"twitter-tweet\"><p lang=\"en\" dir=\"ltr\">Statement from Jaguars Owner Shad Khan. <a href=\"https:\/\/t.co\/YDjGHvdn2z\" class=\"trk-cta-link\" data-cta-trk='{\"ctaType\":\"Link\",\"ctaSubType\":\"main\"}'>pic.twitter.com\/YDjGHvdn2z<\/a><\/p>&mdash; Jacksonville Jaguars (@Jaguars) <a href=\"https:\/\/twitter.com\/Jaguars\/status\/1882157340914602221?ref_src=twsrc%5Etfw\" class=\"trk-cta-link\" data-cta-trk='{\"ctaType\":\"Link\",\"ctaSubType\":\"main\"}'>January 22, 2025<\/a><\/blockquote><script async src=\"https:\/\/platform.twitter.com\/widgets.js\" charset=\"utf-8\"><\/script><p>Ag&eacute; de 60 ans, Trent Baalke fait ses <a href=\"https:\/\/www.pro-football-reference.com\/executives\/BaalTr0.htm\" class=\"trk-cta-link\" data-cta-trk='{\"ctaType\":\"Link\",\"ctaSubType\":\"main\"}'>premiers pas de manager g&eacute;n&eacute;ral chez les San Francisco 49ers<\/a>. Il d&eacute;barque ensuite avant la saison 2021 dans le m&ecirc;me r&ocirc;le chez les Jacksonville Jaguars qui tentent de se reconstruire avec Trevor Lawrence comme quarterback. Pendant son mandat chez les Jaguars, la franchise obtiendra un bilan de 25 victoires pour 43 d&eacute;faites. Elle appara&icirc;tra aussi une fois en playoffs, lors de la saison 2022, pendant laquelle elle sera vaincue lors du Divisional Round.<\/p><p>C&rsquo;est donc une reconstruction compl&egrave;te du staff qui attend les Jacksonville Jaguars avant 2025. A l&rsquo;heure actuelle, la franchise floridienne ne poss&egrave;de plus ni d&rsquo;entra&icirc;neur principal ni de manager g&eacute;n&eacute;ral.  Un nouveau manager g&eacute;n&eacute;ral sera donc nomm&eacute; dans les prochains jours chez les Jaguars. Sa mission num&eacute;ro 1? R&eacute;ussir &agrave; bonifier le 5e choix de draft obtenu par les Jaguars au terme d&rsquo;une saison 2024 une nouvelle fois particuli&egrave;rement d&eacute;cevante.<\/p><p><em>Cr&eacute;dit photo: &copy; Kirby Lee-Imagn Images<\/em><\/p>\n","protected":false},"excerpt":{"rendered":"<p>NFL &#8211; Le manager g\u00e9n\u00e9ral des Jacksonville Jaguars, Trent Baalke, a quitt\u00e9 la franchise floridienne ce mercredi<\/p>\n","protected":false},"author":180309964,"featured_media":1475534,"comment_status":"closed","ping_status":"closed","sticky":false,"template":"","format":"standard","meta":{"inline_featured_image":false,"kia_subtitle":"NFL - Le manager g\u00e9n\u00e9ral des Jacksonville Jaguars, Trent Baalke, a quitt\u00e9 la franchise floridienne ce mercredi","_mux_skip_reasons":[],"proofreadBy":0,"footnotes":""},"categories":[118,40],"tags":[510,1818],"sport":[2785],"saison":[7475],"class_list":["post-1475533","post","type-post","status-publish","format-standard","has-post-thumbnail","hentry","category-actualite-nfl","category-nfl","tag-jacksonville-jaguars","tag-trent-baalke","sport-nfl","saison-7475"],"acf":[],"yoast_head":"<!-- This site is optimized with the Yoast SEO plugin v24.2 - https:\/\/yoast.com\/wordpress\/plugins\/seo\/ -->\n<title>Trent Baalke et les Jacksonville Jaguars se s&eacute;parent - The Playoffs FR<\/title>\n<meta name=\"description\" content=\"Trent Baalke et les Jacksonville Jaguars c&#039;est fini! Alors que le manager g&eacute;n&eacute;ral avait &eacute;vit&eacute; le couperet du licenciement...\" \/>\n<meta name=\"robots\" content=\"index, follow, max-snippet:-1, max-image-preview:large, max-video-preview:-1\" \/>\n<link rel=\"canonical\" href=\"https:\/\/theplayoffs.news\/fr\/actualite-nfl\/trent-baalke-et-les-jacksonville-jaguars-se-separent\/\" \/>\n<meta property=\"og:locale\" content=\"fr_FR\" \/>\n<meta property=\"og:type\" content=\"article\" \/>\n<meta property=\"og:title\" content=\"Trent Baalke et les Jacksonville Jaguars se s&eacute;parent - The Playoffs FR\" \/>\n<meta property=\"og:description\" content=\"Trent Baalke et les Jacksonville Jaguars c&#039;est fini! Alors que le manager g&eacute;n&eacute;ral avait &eacute;vit&eacute; le couperet du licenciement...\" \/>\n<meta property=\"og:url\" content=\"https:\/\/theplayoffs.news\/fr\/actualite-nfl\/trent-baalke-et-les-jacksonville-jaguars-se-separent\/\" \/>\n<meta property=\"og:site_name\" content=\"The Playoffs FR\" \/>\n<meta property=\"article:publisher\" content=\"https:\/\/www.facebook.com\/TheFreeAgentFR\/\" \/>\n<meta property=\"article:modified_time\" content=\"2025-01-22T21:26:06+01:00\" \/>\n<meta property=\"og:image\" content=\"https:\/\/theplayoffs.news\/fr\/wp-content\/uploads\/2025\/01\/USATSI_24542913-1.jpg\" \/>\n\t<meta property=\"og:image:width\" content=\"1920\" \/>\n\t<meta property=\"og:image:height\" content=\"1280\" \/>\n\t<meta property=\"og:image:type\" content=\"image\/jpeg\" \/>\n<meta name=\"author\" content=\"Flavien Jumeau\" \/>\n<meta name=\"twitter:card\" content=\"summary_large_image\" \/>\n<meta name=\"twitter:creator\" content=\"@TheFreeAgentFR\" \/>\n<meta name=\"twitter:site\" content=\"@TheFreeAgentFR\" \/>\n<meta name=\"twitter:label1\" content=\"\u00c9crit par\" \/>\n\t<meta name=\"twitter:data1\" content=\"Flavien Jumeau\" \/>\n\t<meta name=\"twitter:label2\" content=\"Dur\u00e9e de lecture estim\u00e9e\" \/>\n\t<meta name=\"twitter:data2\" content=\"2 minutes\" \/>\n<script type=\"application\/ld+json\" class=\"yoast-schema-graph\">{\"@context\":\"https:\/\/schema.org\",\"@graph\":[{\"@type\":\"WebPage\",\"@id\":\"https:\/\/theplayoffs.news\/fr\/actualite-nfl\/trent-baalke-et-les-jacksonville-jaguars-se-separent\/\",\"url\":\"https:\/\/theplayoffs.news\/fr\/actualite-nfl\/trent-baalke-et-les-jacksonville-jaguars-se-separent\/\",\"name\":\"Trent Baalke et les Jacksonville Jaguars se s\u00e9parent - The Playoffs FR\",\"isPartOf\":{\"@id\":\"https:\/\/theplayoffs.news\/fr\/#website\"},\"primaryImageOfPage\":{\"@id\":\"https:\/\/theplayoffs.news\/fr\/actualite-nfl\/trent-baalke-et-les-jacksonville-jaguars-se-separent\/#primaryimage\"},\"image\":{\"@id\":\"https:\/\/theplayoffs.news\/fr\/actualite-nfl\/trent-baalke-et-les-jacksonville-jaguars-se-separent\/#primaryimage\"},\"thumbnailUrl\":\"https:\/\/theplayoffs.news\/fr\/wp-content\/uploads\/2025\/01\/USATSI_24542913-1.jpg\",\"datePublished\":\"2025-01-22T20:25:56+00:00\",\"dateModified\":\"2025-01-22T20:26:06+00:00\",\"author\":{\"@id\":\"https:\/\/theplayoffs.news\/fr\/#\/schema\/person\/def63bc6746dc5957469b75feb99e66d\"},\"description\":\"Trent Baalke et les Jacksonville Jaguars c\\\\'est fini! Alors que le manager g\u00e9n\u00e9ral avait \u00e9vit\u00e9 le couperet du licenciement...\",\"breadcrumb\":{\"@id\":\"https:\/\/theplayoffs.news\/fr\/actualite-nfl\/trent-baalke-et-les-jacksonville-jaguars-se-separent\/#breadcrumb\"},\"inLanguage\":\"fr-FR\",\"potentialAction\":[{\"@type\":\"ReadAction\",\"target\":[\"https:\/\/theplayoffs.news\/fr\/actualite-nfl\/trent-baalke-et-les-jacksonville-jaguars-se-separent\/\"]}]},{\"@type\":\"ImageObject\",\"inLanguage\":\"fr-FR\",\"@id\":\"https:\/\/theplayoffs.news\/fr\/actualite-nfl\/trent-baalke-et-les-jacksonville-jaguars-se-separent\/#primaryimage\",\"url\":\"https:\/\/theplayoffs.news\/fr\/wp-content\/uploads\/2025\/01\/USATSI_24542913-1.jpg\",\"contentUrl\":\"https:\/\/theplayoffs.news\/fr\/wp-content\/uploads\/2025\/01\/USATSI_24542913-1.jpg\",\"width\":1920,\"height\":1280,\"caption\":\"Oct 20, 2024; London, United Kingdom; Jacksonville Jaguars general manager Trent Baalke reacts during an NFL International Series game against the New England Patriots at Wembley Stadium. Mandatory Credit: Kirby Lee-Imagn Images\"},{\"@type\":\"BreadcrumbList\",\"@id\":\"https:\/\/theplayoffs.news\/fr\/actualite-nfl\/trent-baalke-et-les-jacksonville-jaguars-se-separent\/#breadcrumb\",\"itemListElement\":[{\"@type\":\"ListItem\",\"position\":1,\"name\":\"Accueil\",\"item\":\"https:\/\/theplayoffs.news\/fr\/\"},{\"@type\":\"ListItem\",\"position\":2,\"name\":\"Trent Baalke et les Jacksonville Jaguars se s\u00e9parent\"}]},{\"@type\":\"WebSite\",\"@id\":\"https:\/\/theplayoffs.news\/fr\/#website\",\"url\":\"https:\/\/theplayoffs.news\/fr\/\",\"name\":\"The Playoffs FR\",\"description\":\"NBA-NFL-NHL-MLB\",\"potentialAction\":[{\"@type\":\"SearchAction\",\"target\":{\"@type\":\"EntryPoint\",\"urlTemplate\":\"https:\/\/theplayoffs.news\/fr\/?s={search_term_string}\"},\"query-input\":{\"@type\":\"PropertyValueSpecification\",\"valueRequired\":true,\"valueName\":\"search_term_string\"}}],\"inLanguage\":\"fr-FR\"},{\"@type\":\"Person\",\"@id\":\"https:\/\/theplayoffs.news\/fr\/#\/schema\/person\/def63bc6746dc5957469b75feb99e66d\",\"name\":\"Flavien Jumeau\",\"image\":{\"@type\":\"ImageObject\",\"inLanguage\":\"fr-FR\",\"@id\":\"https:\/\/theplayoffs.news\/fr\/#\/schema\/person\/image\/\",\"url\":\"https:\/\/secure.gravatar.com\/avatar\/e7fa8ba5a4b7e4ce35fe152f083f352db28ad0acce692004ed88a7a7d78893f7?s=96&d=mm&r=g\",\"contentUrl\":\"https:\/\/secure.gravatar.com\/avatar\/e7fa8ba5a4b7e4ce35fe152f083f352db28ad0acce692004ed88a7a7d78893f7?s=96&d=mm&r=g\",\"caption\":\"Flavien Jumeau\"},\"description\":\"Amoureux du sport (et de vraiment tous les sports) depuis mon plus jeune \u00e2ge, j\u2019ai longtemps h\u00e9site entre le snooker et le curling. Finalement c\u2019est le foot US que j\u2019ai d\u00e9cid\u00e9 de choisir! Responsable foot US sur TPO et animateur du podcast Tailgate j\u2019ai pour mission de vous faire d\u00e9couvrir ce sport passionnant si ce n\u2019est pas encore fait et de vous donner les derni\u00e8res actus. Le tout dans la bonne humeur et avec toujours un jeu de mots ou deux savamment distill\u00e9s! Fan des Saints, pour moi Drew Brees est le vrai GOAT!\",\"url\":\"https:\/\/theplayoffs.news\/fr\/author\/flavien-jumeaugmail-com\/\"}]}<\/script>\n<!-- \/ Yoast SEO plugin. -->","yoast_head_json":{"title":"Trent Baalke et les Jacksonville Jaguars se s&eacute;parent - The Playoffs FR","description":"Trent Baalke et les Jacksonville Jaguars c&#039;est fini! Alors que le manager g&eacute;n&eacute;ral avait &eacute;vit&eacute; le couperet du licenciement...","robots":{"index":"index","follow":"follow","max-snippet":"max-snippet:-1","max-image-preview":"max-image-preview:large","max-video-preview":"max-video-preview:-1"},"canonical":"https:\/\/theplayoffs.news\/fr\/actualite-nfl\/trent-baalke-et-les-jacksonville-jaguars-se-separent\/","og_locale":"fr_FR","og_type":"article","og_title":"Trent Baalke et les Jacksonville Jaguars se s&eacute;parent - The Playoffs FR","og_description":"Trent Baalke et les Jacksonville Jaguars c&#039;est fini! Alors que le manager g&eacute;n&eacute;ral avait &eacute;vit&eacute; le couperet du licenciement...","og_url":"https:\/\/theplayoffs.news\/fr\/actualite-nfl\/trent-baalke-et-les-jacksonville-jaguars-se-separent\/","og_site_name":"The Playoffs FR","article_publisher":"https:\/\/www.facebook.com\/TheFreeAgentFR\/","article_modified_time":"2025-01-22T20:26:06+00:00","og_image":[{"width":1920,"height":1280,"url":"https:\/\/theplayoffs.news\/fr\/wp-content\/uploads\/2025\/01\/USATSI_24542913-1.jpg","type":"image\/jpeg"}],"author":"Flavien Jumeau","twitter_card":"summary_large_image","twitter_creator":"@TheFreeAgentFR","twitter_site":"@TheFreeAgentFR","twitter_misc":{"\u00c9crit par":"Flavien Jumeau","Dur\u00e9e de lecture estim\u00e9e":"2 minutes"},"schema":{"@context":"https:\/\/schema.org","@graph":[{"@type":"WebPage","@id":"https:\/\/theplayoffs.news\/fr\/actualite-nfl\/trent-baalke-et-les-jacksonville-jaguars-se-separent\/","url":"https:\/\/theplayoffs.news\/fr\/actualite-nfl\/trent-baalke-et-les-jacksonville-jaguars-se-separent\/","name":"Trent Baalke et les Jacksonville Jaguars se s\u00e9parent - The Playoffs FR","isPartOf":{"@id":"https:\/\/theplayoffs.news\/fr\/#website"},"primaryImageOfPage":{"@id":"https:\/\/theplayoffs.news\/fr\/actualite-nfl\/trent-baalke-et-les-jacksonville-jaguars-se-separent\/#primaryimage"},"image":{"@id":"https:\/\/theplayoffs.news\/fr\/actualite-nfl\/trent-baalke-et-les-jacksonville-jaguars-se-separent\/#primaryimage"},"thumbnailUrl":"https:\/\/theplayoffs.news\/fr\/wp-content\/uploads\/2025\/01\/USATSI_24542913-1.jpg","datePublished":"2025-01-22T20:25:56+00:00","dateModified":"2025-01-22T20:26:06+00:00","author":{"@id":"https:\/\/theplayoffs.news\/fr\/#\/schema\/person\/def63bc6746dc5957469b75feb99e66d"},"description":"Trent Baalke et les Jacksonville Jaguars c\\'est fini! Alors que le manager g\u00e9n\u00e9ral avait \u00e9vit\u00e9 le couperet du licenciement...","breadcrumb":{"@id":"https:\/\/theplayoffs.news\/fr\/actualite-nfl\/trent-baalke-et-les-jacksonville-jaguars-se-separent\/#breadcrumb"},"inLanguage":"fr-FR","potentialAction":[{"@type":"ReadAction","target":["https:\/\/theplayoffs.news\/fr\/actualite-nfl\/trent-baalke-et-les-jacksonville-jaguars-se-separent\/"]}]},{"@type":"ImageObject","inLanguage":"fr-FR","@id":"https:\/\/theplayoffs.news\/fr\/actualite-nfl\/trent-baalke-et-les-jacksonville-jaguars-se-separent\/#primaryimage","url":"https:\/\/theplayoffs.news\/fr\/wp-content\/uploads\/2025\/01\/USATSI_24542913-1.jpg","contentUrl":"https:\/\/theplayoffs.news\/fr\/wp-content\/uploads\/2025\/01\/USATSI_24542913-1.jpg","width":1920,"height":1280,"caption":"Oct 20, 2024; London, United Kingdom; Jacksonville Jaguars general manager Trent Baalke reacts during an NFL International Series game against the New England Patriots at Wembley Stadium. Mandatory Credit: Kirby Lee-Imagn Images"},{"@type":"BreadcrumbList","@id":"https:\/\/theplayoffs.news\/fr\/actualite-nfl\/trent-baalke-et-les-jacksonville-jaguars-se-separent\/#breadcrumb","itemListElement":[{"@type":"ListItem","position":1,"name":"Accueil","item":"https:\/\/theplayoffs.news\/fr\/"},{"@type":"ListItem","position":2,"name":"Trent Baalke et les Jacksonville Jaguars se s\u00e9parent"}]},{"@type":"WebSite","@id":"https:\/\/theplayoffs.news\/fr\/#website","url":"https:\/\/theplayoffs.news\/fr\/","name":"The Playoffs FR","description":"NBA-NFL-NHL-MLB","potentialAction":[{"@type":"SearchAction","target":{"@type":"EntryPoint","urlTemplate":"https:\/\/theplayoffs.news\/fr\/?s={search_term_string}"},"query-input":{"@type":"PropertyValueSpecification","valueRequired":true,"valueName":"search_term_string"}}],"inLanguage":"fr-FR"},{"@type":"Person","@id":"https:\/\/theplayoffs.news\/fr\/#\/schema\/person\/def63bc6746dc5957469b75feb99e66d","name":"Flavien Jumeau","image":{"@type":"ImageObject","inLanguage":"fr-FR","@id":"https:\/\/theplayoffs.news\/fr\/#\/schema\/person\/image\/","url":"https:\/\/secure.gravatar.com\/avatar\/e7fa8ba5a4b7e4ce35fe152f083f352db28ad0acce692004ed88a7a7d78893f7?s=96&d=mm&r=g","contentUrl":"https:\/\/secure.gravatar.com\/avatar\/e7fa8ba5a4b7e4ce35fe152f083f352db28ad0acce692004ed88a7a7d78893f7?s=96&d=mm&r=g","caption":"Flavien Jumeau"},"description":"Amoureux du sport (et de vraiment tous les sports) depuis mon plus jeune \u00e2ge, j\u2019ai longtemps h\u00e9site entre le snooker et le curling. Finalement c\u2019est le foot US que j\u2019ai d\u00e9cid\u00e9 de choisir! Responsable foot US sur TPO et animateur du podcast Tailgate j\u2019ai pour mission de vous faire d\u00e9couvrir ce sport passionnant si ce n\u2019est pas encore fait et de vous donner les derni\u00e8res actus. Le tout dans la bonne humeur et avec toujours un jeu de mots ou deux savamment distill\u00e9s! Fan des Saints, pour moi Drew Brees est le vrai GOAT!","url":"https:\/\/theplayoffs.news\/fr\/author\/flavien-jumeaugmail-com\/"}]}},"_links":{"self":[{"href":"https:\/\/theplayoffs.news\/fr\/wp-json\/wp\/v2\/posts\/1475533","targetHints":{"allow":["GET"]}}],"collection":[{"href":"https:\/\/theplayoffs.news\/fr\/wp-json\/wp\/v2\/posts"}],"about":[{"href":"https:\/\/theplayoffs.news\/fr\/wp-json\/wp\/v2\/types\/post"}],"author":[{"embeddable":true,"href":"https:\/\/theplayoffs.news\/fr\/wp-json\/wp\/v2\/users\/180309964"}],"replies":[{"embeddable":true,"href":"https:\/\/theplayoffs.news\/fr\/wp-json\/wp\/v2\/comments?post=1475533"}],"version-history":[{"count":1,"href":"https:\/\/theplayoffs.news\/fr\/wp-json\/wp\/v2\/posts\/1475533\/revisions"}],"predecessor-version":[{"id":1475535,"href":"https:\/\/theplayoffs.news\/fr\/wp-json\/wp\/v2\/posts\/1475533\/revisions\/1475535"}],"wp:featuredmedia":[{"embeddable":true,"href":"https:\/\/theplayoffs.news\/fr\/wp-json\/wp\/v2\/media\/1475534"}],"wp:attachment":[{"href":"https:\/\/theplayoffs.news\/fr\/wp-json\/wp\/v2\/media?parent=1475533"}],"wp:term":[{"taxonomy":"category","embeddable":true,"href":"https:\/\/theplayoffs.news\/fr\/wp-json\/wp\/v2\/categories?post=1475533"},{"taxonomy":"post_tag","embeddable":true,"href":"https:\/\/theplayoffs.news\/fr\/wp-json\/wp\/v2\/tags?post=1475533"},{"taxonomy":"sport","embeddable":true,"href":"https:\/\/theplayoffs.news\/fr\/wp-json\/wp\/v2\/sport?post=1475533"},{"taxonomy":"saison","embeddable":true,"href":"https:\/\/theplayoffs.news\/fr\/wp-json\/wp\/v2\/saison?post=1475533"}],"curies":[{"name":"wp","href":"https:\/\/api.w.org\/{rel}","templated":true}]}}