{"id":1475530,"date":"2025-01-22T20:33:49","date_gmt":"2025-01-22T19:33:49","guid":{"rendered":"https:\/\/theplayoffs.news\/fr\/uncategorized\/\/"},"modified":"2025-01-22T20:34:06","modified_gmt":"2025-01-22T19:34:06","slug":"aaron-glenn-debarque-chez-les-jets","status":"publish","type":"post","link":"https:\/\/theplayoffs.news\/fr\/actualite-nfl\/aaron-glenn-debarque-chez-les-jets\/","title":{"rendered":"Aaron Glenn d\u00e9barque chez les Jets!"},"content":{"rendered":"<p>Apr&egrave;s l&rsquo;arriv&eacute;e <a href=\"https:\/\/theplayoffs.news\/fr\/actualite-nfl\/ben-johnson-file-chez-les-bears\/\" class=\"trk-cta-link\" data-cta-trk='{\"ctaType\":\"Link\",\"ctaSubType\":\"main\"}'>lundi de Ben Johnson chez les Bears<\/a>, c&rsquo;est au tour de l&rsquo;autre coordinateur des Lions, Aaron Glenn, d&rsquo;arriver comme entra&icirc;neur principal dans une franchise NFL pour la saison 2025. <a href=\"https:\/\/twitter.com\/AdamSchefter\/status\/1882137022900666588\" class=\"trk-cta-link\" data-cta-trk='{\"ctaType\":\"Link\",\"ctaSubType\":\"main\"}'>D&rsquo;apr&egrave;s de nombreuses sources concordantes<\/a>, Glenn serait tomb&eacute; d&rsquo;accord avec les Jets pour occuper le poste d&rsquo;entra&icirc;neur principal. Une annonce qui n&rsquo;est pas une surprise. En effet, d&eacute;j&agrave; hier, l&rsquo;ancien coordinateur d&eacute;fensif des Lions &eacute;tait annonc&eacute; comme favori pour occuper ce poste important chez les Jets.<\/p><blockquote class=\"twitter-tweet\"><p lang=\"en\" dir=\"ltr\">A new coach in New York: Jets are hiring former Lions defensive coordinator Aaron Glenn as their new head coach, per sources. <br><br>The former Jets 1994 first-round pick, who became a personnel scout for the team, now is becoming their head coach. <a href=\"https:\/\/t.co\/eb3nu7it5C\" class=\"trk-cta-link\" data-cta-trk='{\"ctaType\":\"Link\",\"ctaSubType\":\"main\"}'>pic.twitter.com\/eb3nu7it5C<\/a><\/p>&mdash; Adam Schefter (@AdamSchefter) <a href=\"https:\/\/twitter.com\/AdamSchefter\/status\/1882137022900666588?ref_src=twsrc%5Etfw\" class=\"trk-cta-link\" data-cta-trk='{\"ctaType\":\"Link\",\"ctaSubType\":\"main\"}'>January 22, 2025<\/a><\/blockquote><script async src=\"https:\/\/platform.twitter.com\/widgets.js\" charset=\"utf-8\"><\/script><p>Ag&eacute; de 52 ans, Aaron Glenn fut un joueur NFL pendant 15 ans au poste de cornerback. Il avait d&rsquo;ailleurs &eacute;t&eacute; choisi lors de la draft 1994 par&hellip; les New York Jets. Apr&egrave;s avoir entra&icirc;n&eacute; les defensive backs des Browns puis des Saints, le technicien se voit offrir une opportunit&eacute; de devenir coordinateur d&eacute;fensif chez les Detroit Lions qui viennent alors de nommer Dan Campbell comme entra&icirc;neur principal. Lors de cette saison 2024, la d&eacute;fense conduite par Glenn fut la 7e meilleure en nombre de points encaiss&eacute;s!<\/p><p>La t&acirc;che s&rsquo;annonce cependant lourde pour Aaron Glenn chez les New York Jets. La franchise d&rsquo;AFC Est sort d&rsquo;une saison catastrophique et les points d&rsquo;interrogations sont nombreux avant la nouvelle saison. Qui sera le quarterback? Les jeunes talents voudront-ils rester? La nomination d&rsquo;Aaron Glenn apportera-t-elle un souffle nouveau? Glenn r&eacute;ussira-t-il le difficile passage de coordinateur &agrave; entra&icirc;neur principal?<\/p><p>De la r&eacute;ponse &agrave; ces questions d&eacute;pend une grande partie de la r&eacute;ussite de la saison 2025 des New York Jets. Pour ne pas conna&icirc;tre une nouvelle d&eacute;sillusion. <\/p><p><em>Cr&eacute;dit photo: &copy; Junfu Han \/ USA TODAY NETWORK via Imagn Images<\/em><\/p>\n","protected":false},"excerpt":{"rendered":"<p>NFL &#8211; L&rsquo;ancien coordinateur d\u00e9fensif des Detroit Lions, Aaron Glenn, devient le nouvel entra\u00eeneur des New York Jets<\/p>\n","protected":false},"author":180309964,"featured_media":1475531,"comment_status":"closed","ping_status":"closed","sticky":false,"template":"","format":"standard","meta":{"inline_featured_image":false,"kia_subtitle":"NFL - L'ancien coordinateur d\u00e9fensif des Detroit Lions, Aaron Glenn, devient le nouvel entra\u00eeneur des New York Jets","_mux_skip_reasons":[],"proofreadBy":0,"footnotes":""},"categories":[118,40],"tags":[3284,732],"sport":[2785],"saison":[7475],"class_list":["post-1475530","post","type-post","status-publish","format-standard","has-post-thumbnail","hentry","category-actualite-nfl","category-nfl","tag-aaron-glenn","tag-new-york-jets","sport-nfl","saison-7475"],"acf":[],"yoast_head":"<!-- This site is optimized with the Yoast SEO plugin v24.2 - https:\/\/yoast.com\/wordpress\/plugins\/seo\/ -->\n<title>Aaron Glenn d&eacute;barque chez les Jets! - The Playoffs FR<\/title>\n<meta name=\"description\" content=\"Ancien coordinateur d&eacute;fensif des Detroit Lions, Aaron Glenn vient d&#039;&ecirc;tre nomm&eacute; entra&icirc;neur principal des New York Jets pour la saison 2025.\" \/>\n<meta name=\"robots\" content=\"index, follow, max-snippet:-1, max-image-preview:large, max-video-preview:-1\" \/>\n<link rel=\"canonical\" href=\"https:\/\/theplayoffs.news\/fr\/actualite-nfl\/aaron-glenn-debarque-chez-les-jets\/\" \/>\n<meta property=\"og:locale\" content=\"fr_FR\" \/>\n<meta property=\"og:type\" content=\"article\" \/>\n<meta property=\"og:title\" content=\"Aaron Glenn d&eacute;barque chez les Jets! - The Playoffs FR\" \/>\n<meta property=\"og:description\" content=\"Ancien coordinateur d&eacute;fensif des Detroit Lions, Aaron Glenn vient d&#039;&ecirc;tre nomm&eacute; entra&icirc;neur principal des New York Jets pour la saison 2025.\" \/>\n<meta property=\"og:url\" content=\"https:\/\/theplayoffs.news\/fr\/actualite-nfl\/aaron-glenn-debarque-chez-les-jets\/\" \/>\n<meta property=\"og:site_name\" content=\"The Playoffs FR\" \/>\n<meta property=\"article:publisher\" content=\"https:\/\/www.facebook.com\/TheFreeAgentFR\/\" \/>\n<meta property=\"article:modified_time\" content=\"2025-01-22T20:34:06+01:00\" \/>\n<meta property=\"og:image\" content=\"https:\/\/theplayoffs.news\/fr\/wp-content\/uploads\/2025\/01\/USATSI_25227892.jpg\" \/>\n\t<meta property=\"og:image:width\" content=\"1920\" \/>\n\t<meta property=\"og:image:height\" content=\"1284\" \/>\n\t<meta property=\"og:image:type\" content=\"image\/jpeg\" \/>\n<meta name=\"author\" content=\"Flavien Jumeau\" \/>\n<meta name=\"twitter:card\" content=\"summary_large_image\" \/>\n<meta name=\"twitter:creator\" content=\"@TheFreeAgentFR\" \/>\n<meta name=\"twitter:site\" content=\"@TheFreeAgentFR\" \/>\n<meta name=\"twitter:label1\" content=\"\u00c9crit par\" \/>\n\t<meta name=\"twitter:data1\" content=\"Flavien Jumeau\" \/>\n\t<meta name=\"twitter:label2\" content=\"Dur\u00e9e de lecture estim\u00e9e\" \/>\n\t<meta name=\"twitter:data2\" content=\"2 minutes\" \/>\n<script type=\"application\/ld+json\" class=\"yoast-schema-graph\">{\"@context\":\"https:\/\/schema.org\",\"@graph\":[{\"@type\":\"WebPage\",\"@id\":\"https:\/\/theplayoffs.news\/fr\/actualite-nfl\/aaron-glenn-debarque-chez-les-jets\/\",\"url\":\"https:\/\/theplayoffs.news\/fr\/actualite-nfl\/aaron-glenn-debarque-chez-les-jets\/\",\"name\":\"Aaron Glenn d\u00e9barque chez les Jets! - The Playoffs FR\",\"isPartOf\":{\"@id\":\"https:\/\/theplayoffs.news\/fr\/#website\"},\"primaryImageOfPage\":{\"@id\":\"https:\/\/theplayoffs.news\/fr\/actualite-nfl\/aaron-glenn-debarque-chez-les-jets\/#primaryimage\"},\"image\":{\"@id\":\"https:\/\/theplayoffs.news\/fr\/actualite-nfl\/aaron-glenn-debarque-chez-les-jets\/#primaryimage\"},\"thumbnailUrl\":\"https:\/\/theplayoffs.news\/fr\/wp-content\/uploads\/2025\/01\/USATSI_25227892.jpg\",\"datePublished\":\"2025-01-22T19:33:49+00:00\",\"dateModified\":\"2025-01-22T19:34:06+00:00\",\"author\":{\"@id\":\"https:\/\/theplayoffs.news\/fr\/#\/schema\/person\/def63bc6746dc5957469b75feb99e66d\"},\"description\":\"Ancien coordinateur d\u00e9fensif des Detroit Lions, Aaron Glenn vient d\\\\'\u00eatre nomm\u00e9 entra\u00eeneur principal des New York Jets pour la saison 2025.\",\"breadcrumb\":{\"@id\":\"https:\/\/theplayoffs.news\/fr\/actualite-nfl\/aaron-glenn-debarque-chez-les-jets\/#breadcrumb\"},\"inLanguage\":\"fr-FR\",\"potentialAction\":[{\"@type\":\"ReadAction\",\"target\":[\"https:\/\/theplayoffs.news\/fr\/actualite-nfl\/aaron-glenn-debarque-chez-les-jets\/\"]}]},{\"@type\":\"ImageObject\",\"inLanguage\":\"fr-FR\",\"@id\":\"https:\/\/theplayoffs.news\/fr\/actualite-nfl\/aaron-glenn-debarque-chez-les-jets\/#primaryimage\",\"url\":\"https:\/\/theplayoffs.news\/fr\/wp-content\/uploads\/2025\/01\/USATSI_25227892.jpg\",\"contentUrl\":\"https:\/\/theplayoffs.news\/fr\/wp-content\/uploads\/2025\/01\/USATSI_25227892.jpg\",\"width\":1920,\"height\":1284,\"caption\":\"Detroit Lions defensive coordinator Aaron Glenn watches a replay during the first half of the 45-31 loss to the Washington Commanders in the NFC divisional round of the NFL playoffs at Ford Field in Detroit on Saturday, Jan. 18, 2025.\"},{\"@type\":\"BreadcrumbList\",\"@id\":\"https:\/\/theplayoffs.news\/fr\/actualite-nfl\/aaron-glenn-debarque-chez-les-jets\/#breadcrumb\",\"itemListElement\":[{\"@type\":\"ListItem\",\"position\":1,\"name\":\"Accueil\",\"item\":\"https:\/\/theplayoffs.news\/fr\/\"},{\"@type\":\"ListItem\",\"position\":2,\"name\":\"Aaron Glenn d\u00e9barque chez les Jets!\"}]},{\"@type\":\"WebSite\",\"@id\":\"https:\/\/theplayoffs.news\/fr\/#website\",\"url\":\"https:\/\/theplayoffs.news\/fr\/\",\"name\":\"The Playoffs FR\",\"description\":\"NBA-NFL-NHL-MLB\",\"potentialAction\":[{\"@type\":\"SearchAction\",\"target\":{\"@type\":\"EntryPoint\",\"urlTemplate\":\"https:\/\/theplayoffs.news\/fr\/?s={search_term_string}\"},\"query-input\":{\"@type\":\"PropertyValueSpecification\",\"valueRequired\":true,\"valueName\":\"search_term_string\"}}],\"inLanguage\":\"fr-FR\"},{\"@type\":\"Person\",\"@id\":\"https:\/\/theplayoffs.news\/fr\/#\/schema\/person\/def63bc6746dc5957469b75feb99e66d\",\"name\":\"Flavien Jumeau\",\"image\":{\"@type\":\"ImageObject\",\"inLanguage\":\"fr-FR\",\"@id\":\"https:\/\/theplayoffs.news\/fr\/#\/schema\/person\/image\/\",\"url\":\"https:\/\/secure.gravatar.com\/avatar\/e7fa8ba5a4b7e4ce35fe152f083f352db28ad0acce692004ed88a7a7d78893f7?s=96&d=mm&r=g\",\"contentUrl\":\"https:\/\/secure.gravatar.com\/avatar\/e7fa8ba5a4b7e4ce35fe152f083f352db28ad0acce692004ed88a7a7d78893f7?s=96&d=mm&r=g\",\"caption\":\"Flavien Jumeau\"},\"description\":\"Amoureux du sport (et de vraiment tous les sports) depuis mon plus jeune \u00e2ge, j\u2019ai longtemps h\u00e9site entre le snooker et le curling. Finalement c\u2019est le foot US que j\u2019ai d\u00e9cid\u00e9 de choisir! Responsable foot US sur TPO et animateur du podcast Tailgate j\u2019ai pour mission de vous faire d\u00e9couvrir ce sport passionnant si ce n\u2019est pas encore fait et de vous donner les derni\u00e8res actus. Le tout dans la bonne humeur et avec toujours un jeu de mots ou deux savamment distill\u00e9s! Fan des Saints, pour moi Drew Brees est le vrai GOAT!\",\"url\":\"https:\/\/theplayoffs.news\/fr\/author\/flavien-jumeaugmail-com\/\"}]}<\/script>\n<!-- \/ Yoast SEO plugin. -->","yoast_head_json":{"title":"Aaron Glenn d&eacute;barque chez les Jets! - The Playoffs FR","description":"Ancien coordinateur d&eacute;fensif des Detroit Lions, Aaron Glenn vient d&#039;&ecirc;tre nomm&eacute; entra&icirc;neur principal des New York Jets pour la saison 2025.","robots":{"index":"index","follow":"follow","max-snippet":"max-snippet:-1","max-image-preview":"max-image-preview:large","max-video-preview":"max-video-preview:-1"},"canonical":"https:\/\/theplayoffs.news\/fr\/actualite-nfl\/aaron-glenn-debarque-chez-les-jets\/","og_locale":"fr_FR","og_type":"article","og_title":"Aaron Glenn d&eacute;barque chez les Jets! - The Playoffs FR","og_description":"Ancien coordinateur d&eacute;fensif des Detroit Lions, Aaron Glenn vient d&#039;&ecirc;tre nomm&eacute; entra&icirc;neur principal des New York Jets pour la saison 2025.","og_url":"https:\/\/theplayoffs.news\/fr\/actualite-nfl\/aaron-glenn-debarque-chez-les-jets\/","og_site_name":"The Playoffs FR","article_publisher":"https:\/\/www.facebook.com\/TheFreeAgentFR\/","article_modified_time":"2025-01-22T19:34:06+00:00","og_image":[{"width":1920,"height":1284,"url":"https:\/\/theplayoffs.news\/fr\/wp-content\/uploads\/2025\/01\/USATSI_25227892.jpg","type":"image\/jpeg"}],"author":"Flavien Jumeau","twitter_card":"summary_large_image","twitter_creator":"@TheFreeAgentFR","twitter_site":"@TheFreeAgentFR","twitter_misc":{"\u00c9crit par":"Flavien Jumeau","Dur\u00e9e de lecture estim\u00e9e":"2 minutes"},"schema":{"@context":"https:\/\/schema.org","@graph":[{"@type":"WebPage","@id":"https:\/\/theplayoffs.news\/fr\/actualite-nfl\/aaron-glenn-debarque-chez-les-jets\/","url":"https:\/\/theplayoffs.news\/fr\/actualite-nfl\/aaron-glenn-debarque-chez-les-jets\/","name":"Aaron Glenn d\u00e9barque chez les Jets! - The Playoffs FR","isPartOf":{"@id":"https:\/\/theplayoffs.news\/fr\/#website"},"primaryImageOfPage":{"@id":"https:\/\/theplayoffs.news\/fr\/actualite-nfl\/aaron-glenn-debarque-chez-les-jets\/#primaryimage"},"image":{"@id":"https:\/\/theplayoffs.news\/fr\/actualite-nfl\/aaron-glenn-debarque-chez-les-jets\/#primaryimage"},"thumbnailUrl":"https:\/\/theplayoffs.news\/fr\/wp-content\/uploads\/2025\/01\/USATSI_25227892.jpg","datePublished":"2025-01-22T19:33:49+00:00","dateModified":"2025-01-22T19:34:06+00:00","author":{"@id":"https:\/\/theplayoffs.news\/fr\/#\/schema\/person\/def63bc6746dc5957469b75feb99e66d"},"description":"Ancien coordinateur d\u00e9fensif des Detroit Lions, Aaron Glenn vient d\\'\u00eatre nomm\u00e9 entra\u00eeneur principal des New York Jets pour la saison 2025.","breadcrumb":{"@id":"https:\/\/theplayoffs.news\/fr\/actualite-nfl\/aaron-glenn-debarque-chez-les-jets\/#breadcrumb"},"inLanguage":"fr-FR","potentialAction":[{"@type":"ReadAction","target":["https:\/\/theplayoffs.news\/fr\/actualite-nfl\/aaron-glenn-debarque-chez-les-jets\/"]}]},{"@type":"ImageObject","inLanguage":"fr-FR","@id":"https:\/\/theplayoffs.news\/fr\/actualite-nfl\/aaron-glenn-debarque-chez-les-jets\/#primaryimage","url":"https:\/\/theplayoffs.news\/fr\/wp-content\/uploads\/2025\/01\/USATSI_25227892.jpg","contentUrl":"https:\/\/theplayoffs.news\/fr\/wp-content\/uploads\/2025\/01\/USATSI_25227892.jpg","width":1920,"height":1284,"caption":"Detroit Lions defensive coordinator Aaron Glenn watches a replay during the first half of the 45-31 loss to the Washington Commanders in the NFC divisional round of the NFL playoffs at Ford Field in Detroit on Saturday, Jan. 18, 2025."},{"@type":"BreadcrumbList","@id":"https:\/\/theplayoffs.news\/fr\/actualite-nfl\/aaron-glenn-debarque-chez-les-jets\/#breadcrumb","itemListElement":[{"@type":"ListItem","position":1,"name":"Accueil","item":"https:\/\/theplayoffs.news\/fr\/"},{"@type":"ListItem","position":2,"name":"Aaron Glenn d\u00e9barque chez les Jets!"}]},{"@type":"WebSite","@id":"https:\/\/theplayoffs.news\/fr\/#website","url":"https:\/\/theplayoffs.news\/fr\/","name":"The Playoffs FR","description":"NBA-NFL-NHL-MLB","potentialAction":[{"@type":"SearchAction","target":{"@type":"EntryPoint","urlTemplate":"https:\/\/theplayoffs.news\/fr\/?s={search_term_string}"},"query-input":{"@type":"PropertyValueSpecification","valueRequired":true,"valueName":"search_term_string"}}],"inLanguage":"fr-FR"},{"@type":"Person","@id":"https:\/\/theplayoffs.news\/fr\/#\/schema\/person\/def63bc6746dc5957469b75feb99e66d","name":"Flavien Jumeau","image":{"@type":"ImageObject","inLanguage":"fr-FR","@id":"https:\/\/theplayoffs.news\/fr\/#\/schema\/person\/image\/","url":"https:\/\/secure.gravatar.com\/avatar\/e7fa8ba5a4b7e4ce35fe152f083f352db28ad0acce692004ed88a7a7d78893f7?s=96&d=mm&r=g","contentUrl":"https:\/\/secure.gravatar.com\/avatar\/e7fa8ba5a4b7e4ce35fe152f083f352db28ad0acce692004ed88a7a7d78893f7?s=96&d=mm&r=g","caption":"Flavien Jumeau"},"description":"Amoureux du sport (et de vraiment tous les sports) depuis mon plus jeune \u00e2ge, j\u2019ai longtemps h\u00e9site entre le snooker et le curling. Finalement c\u2019est le foot US que j\u2019ai d\u00e9cid\u00e9 de choisir! Responsable foot US sur TPO et animateur du podcast Tailgate j\u2019ai pour mission de vous faire d\u00e9couvrir ce sport passionnant si ce n\u2019est pas encore fait et de vous donner les derni\u00e8res actus. Le tout dans la bonne humeur et avec toujours un jeu de mots ou deux savamment distill\u00e9s! Fan des Saints, pour moi Drew Brees est le vrai GOAT!","url":"https:\/\/theplayoffs.news\/fr\/author\/flavien-jumeaugmail-com\/"}]}},"_links":{"self":[{"href":"https:\/\/theplayoffs.news\/fr\/wp-json\/wp\/v2\/posts\/1475530","targetHints":{"allow":["GET"]}}],"collection":[{"href":"https:\/\/theplayoffs.news\/fr\/wp-json\/wp\/v2\/posts"}],"about":[{"href":"https:\/\/theplayoffs.news\/fr\/wp-json\/wp\/v2\/types\/post"}],"author":[{"embeddable":true,"href":"https:\/\/theplayoffs.news\/fr\/wp-json\/wp\/v2\/users\/180309964"}],"replies":[{"embeddable":true,"href":"https:\/\/theplayoffs.news\/fr\/wp-json\/wp\/v2\/comments?post=1475530"}],"version-history":[{"count":1,"href":"https:\/\/theplayoffs.news\/fr\/wp-json\/wp\/v2\/posts\/1475530\/revisions"}],"predecessor-version":[{"id":1475532,"href":"https:\/\/theplayoffs.news\/fr\/wp-json\/wp\/v2\/posts\/1475530\/revisions\/1475532"}],"wp:featuredmedia":[{"embeddable":true,"href":"https:\/\/theplayoffs.news\/fr\/wp-json\/wp\/v2\/media\/1475531"}],"wp:attachment":[{"href":"https:\/\/theplayoffs.news\/fr\/wp-json\/wp\/v2\/media?parent=1475530"}],"wp:term":[{"taxonomy":"category","embeddable":true,"href":"https:\/\/theplayoffs.news\/fr\/wp-json\/wp\/v2\/categories?post=1475530"},{"taxonomy":"post_tag","embeddable":true,"href":"https:\/\/theplayoffs.news\/fr\/wp-json\/wp\/v2\/tags?post=1475530"},{"taxonomy":"sport","embeddable":true,"href":"https:\/\/theplayoffs.news\/fr\/wp-json\/wp\/v2\/sport?post=1475530"},{"taxonomy":"saison","embeddable":true,"href":"https:\/\/theplayoffs.news\/fr\/wp-json\/wp\/v2\/saison?post=1475530"}],"curies":[{"name":"wp","href":"https:\/\/api.w.org\/{rel}","templated":true}]}}