{"id":1475475,"date":"2025-01-22T15:14:45","date_gmt":"2025-01-22T14:14:45","guid":{"rendered":"https:\/\/theplayoffs.news\/fr\/uncategorized\/\/"},"modified":"2025-01-22T15:14:49","modified_gmt":"2025-01-22T14:14:49","slug":"khalil-mack-continuera-sa-carriere-en-2025","status":"publish","type":"post","link":"https:\/\/theplayoffs.news\/fr\/actualite-nfl\/khalil-mack-continuera-sa-carriere-en-2025\/","title":{"rendered":"Khalil Mack continuera sa carri\u00e8re en 2025"},"content":{"rendered":"<p>Apr&egrave;s la d&eacute;faite des Chargers lors de la campagne de playoffs NFL, Khalil Mack nous avait laiss&eacute; dans le doute. Apr&egrave;s une carri&egrave;re bien remplie, le joueur des Los Angeles Chargers se laissait <a href=\"https:\/\/theplayoffs.news\/fr\/nfl\/lavenir-incertain-de-khalil-mack-apres-lelimination-des-chargers-en-wild-card\/\" class=\"trk-cta-link\" data-cta-trk='{\"ctaType\":\"Link\",\"ctaSubType\":\"main\"}'>le temps de la r&eacute;flexion<\/a> concernant la suite &agrave; donner &agrave; sa carri&egrave;re. Visiblement, la r&eacute;flexion est arriv&eacute;e &agrave; son terme. D&rsquo;apr&egrave;s <a href=\"https:\/\/x.com\/AdamSchefter\/status\/1882064149020315832\" class=\"trk-cta-link\" data-cta-trk='{\"ctaType\":\"Link\",\"ctaSubType\":\"main\"}'>Adam Schefter<\/a>, Mack a d&eacute;cid&eacute; de continuer l&rsquo;aventure NFL lors de la prochaine saison 2025.<\/p><blockquote class=\"twitter-tweet\"><p lang=\"en\" dir=\"ltr\">Nine-time Pro-Bowl LB Khalil Mack, who said after the Chargers&rsquo; postseason loss to the Texans that he needed to take some time to mull his future, will indeed play in the 2025 season, per source. Mack&rsquo;s contract is up and he is scheduled to be an unrestricted free agent. <a href=\"https:\/\/t.co\/qa8WrbKiJY\" class=\"trk-cta-link\" data-cta-trk='{\"ctaType\":\"Link\",\"ctaSubType\":\"main\"}'>pic.twitter.com\/qa8WrbKiJY<\/a><\/p>&mdash; Adam Schefter (@AdamSchefter) <a href=\"https:\/\/twitter.com\/AdamSchefter\/status\/1882064149020315832?ref_src=twsrc%5Etfw\" class=\"trk-cta-link\" data-cta-trk='{\"ctaType\":\"Link\",\"ctaSubType\":\"main\"}'>January 22, 2025<\/a><\/blockquote><script async src=\"https:\/\/platform.twitter.com\/widgets.js\" charset=\"utf-8\"><\/script><p>Choisi au premier tour de la draft NFL 2014 par les Oakland Raiders, Khalil Mack s&rsquo;est rapidement impos&eacute; comme l&rsquo;un des meilleurs linebackers de toute la ligue. Apr&egrave;s 4 ans pass&eacute;s chez les Raiders, Mack jouera chez les Chicago Bears puis, depuis 3 saisons, chez les Los Angeles Chargers. Depuis le d&eacute;but de sa carri&egrave;re, il a r&eacute;ussi 630 plaquages et 107.5 sacks. Il a &eacute;galement &agrave; son actif 43 passes d&eacute;vi&eacute;es ou encore 32 fumbles forc&eacute;s. A l&rsquo;occasion de cette saison 2024, Mack sera s&eacute;lectionn&eacute; pour la 9e fois de sa carri&egrave;re au Pro Bowl.<\/p><p>Maintenant que Khalil Mack a d&eacute;cid&eacute; de poursuivre l&rsquo;aventure en 2025, une question fondamentale reste en suspens: o&ugrave; jouera-t-il? En fin de contrat avec les Chargers &agrave; la fin de cette saison 2024, Mack sera donc agent libre pendant l&rsquo;intersaison. Mais nul doute que m&ecirc;me &agrave; 33 ans, des &eacute;quipes devraient se montrer int&eacute;ress&eacute;es pour renforcer leur d&eacute;fense.<\/p><p><em>Cr&eacute;dit photo: &copy; Mark J. Rebilas-Imagn Images <\/em><\/p>\n","protected":false},"excerpt":{"rendered":"<p>NFL &#8211; Le lineback des Los Angeles Chargers, Khalil Mack, ne prendra finalement pas sa retraite \u00e0 la fin de cette saison NFL<\/p>\n","protected":false},"author":180309964,"featured_media":1475480,"comment_status":"closed","ping_status":"closed","sticky":false,"template":"","format":"standard","meta":{"inline_featured_image":false,"kia_subtitle":"NFL - Le lineback des Los Angeles Chargers, Khalil Mack, ne prendra finalement pas sa retraite \u00e0 la fin de cette saison NFL","_mux_skip_reasons":[],"proofreadBy":0,"footnotes":""},"categories":[118,40],"tags":[888,759],"sport":[2785],"saison":[7475],"class_list":["post-1475475","post","type-post","status-publish","format-standard","has-post-thumbnail","hentry","category-actualite-nfl","category-nfl","tag-khalil-mack","tag-los-angeles-chargers","sport-nfl","saison-7475"],"acf":[],"yoast_head":"<!-- This site is optimized with the Yoast SEO plugin v24.2 - https:\/\/yoast.com\/wordpress\/plugins\/seo\/ -->\n<title>Khalil Mack continuera sa carri&egrave;re en 2025 - The Playoffs FR<\/title>\n<meta name=\"description\" content=\"Le linebacker des Los Angeles Chargers, Khalil Mack, va finalement poursuivre sa carri&egrave;re pour une nouvelle saison en 2025\" \/>\n<meta name=\"robots\" content=\"index, follow, max-snippet:-1, max-image-preview:large, max-video-preview:-1\" \/>\n<link rel=\"canonical\" href=\"https:\/\/theplayoffs.news\/fr\/actualite-nfl\/khalil-mack-continuera-sa-carriere-en-2025\/\" \/>\n<meta property=\"og:locale\" content=\"fr_FR\" \/>\n<meta property=\"og:type\" content=\"article\" \/>\n<meta property=\"og:title\" content=\"Khalil Mack continuera sa carri&egrave;re en 2025 - The Playoffs FR\" \/>\n<meta property=\"og:description\" content=\"Le linebacker des Los Angeles Chargers, Khalil Mack, va finalement poursuivre sa carri&egrave;re pour une nouvelle saison en 2025\" \/>\n<meta property=\"og:url\" content=\"https:\/\/theplayoffs.news\/fr\/actualite-nfl\/khalil-mack-continuera-sa-carriere-en-2025\/\" \/>\n<meta property=\"og:site_name\" content=\"The Playoffs FR\" \/>\n<meta property=\"article:publisher\" content=\"https:\/\/www.facebook.com\/TheFreeAgentFR\/\" \/>\n<meta property=\"article:modified_time\" content=\"2025-01-22T15:14:49+01:00\" \/>\n<meta property=\"og:image\" content=\"https:\/\/theplayoffs.news\/fr\/wp-content\/uploads\/2025\/01\/USATSI_24560844-1.jpg\" \/>\n\t<meta property=\"og:image:width\" content=\"1920\" \/>\n\t<meta property=\"og:image:height\" content=\"1380\" \/>\n\t<meta property=\"og:image:type\" content=\"image\/jpeg\" \/>\n<meta name=\"author\" content=\"Flavien Jumeau\" \/>\n<meta name=\"twitter:card\" content=\"summary_large_image\" \/>\n<meta name=\"twitter:creator\" content=\"@TheFreeAgentFR\" \/>\n<meta name=\"twitter:site\" content=\"@TheFreeAgentFR\" \/>\n<meta name=\"twitter:label1\" content=\"\u00c9crit par\" \/>\n\t<meta name=\"twitter:data1\" content=\"Flavien Jumeau\" \/>\n\t<meta name=\"twitter:label2\" content=\"Dur\u00e9e de lecture estim\u00e9e\" \/>\n\t<meta name=\"twitter:data2\" content=\"2 minutes\" \/>\n<script type=\"application\/ld+json\" class=\"yoast-schema-graph\">{\"@context\":\"https:\/\/schema.org\",\"@graph\":[{\"@type\":\"WebPage\",\"@id\":\"https:\/\/theplayoffs.news\/fr\/actualite-nfl\/khalil-mack-continuera-sa-carriere-en-2025\/\",\"url\":\"https:\/\/theplayoffs.news\/fr\/actualite-nfl\/khalil-mack-continuera-sa-carriere-en-2025\/\",\"name\":\"Khalil Mack continuera sa carri\u00e8re en 2025 - The Playoffs FR\",\"isPartOf\":{\"@id\":\"https:\/\/theplayoffs.news\/fr\/#website\"},\"primaryImageOfPage\":{\"@id\":\"https:\/\/theplayoffs.news\/fr\/actualite-nfl\/khalil-mack-continuera-sa-carriere-en-2025\/#primaryimage\"},\"image\":{\"@id\":\"https:\/\/theplayoffs.news\/fr\/actualite-nfl\/khalil-mack-continuera-sa-carriere-en-2025\/#primaryimage\"},\"thumbnailUrl\":\"https:\/\/theplayoffs.news\/fr\/wp-content\/uploads\/2025\/01\/USATSI_24560844-1.jpg\",\"datePublished\":\"2025-01-22T14:14:45+00:00\",\"dateModified\":\"2025-01-22T14:14:49+00:00\",\"author\":{\"@id\":\"https:\/\/theplayoffs.news\/fr\/#\/schema\/person\/def63bc6746dc5957469b75feb99e66d\"},\"description\":\"Le linebacker des Los Angeles Chargers, Khalil Mack, va finalement poursuivre sa carri\u00e8re pour une nouvelle saison en 2025\",\"breadcrumb\":{\"@id\":\"https:\/\/theplayoffs.news\/fr\/actualite-nfl\/khalil-mack-continuera-sa-carriere-en-2025\/#breadcrumb\"},\"inLanguage\":\"fr-FR\",\"potentialAction\":[{\"@type\":\"ReadAction\",\"target\":[\"https:\/\/theplayoffs.news\/fr\/actualite-nfl\/khalil-mack-continuera-sa-carriere-en-2025\/\"]}]},{\"@type\":\"ImageObject\",\"inLanguage\":\"fr-FR\",\"@id\":\"https:\/\/theplayoffs.news\/fr\/actualite-nfl\/khalil-mack-continuera-sa-carriere-en-2025\/#primaryimage\",\"url\":\"https:\/\/theplayoffs.news\/fr\/wp-content\/uploads\/2025\/01\/USATSI_24560844-1.jpg\",\"contentUrl\":\"https:\/\/theplayoffs.news\/fr\/wp-content\/uploads\/2025\/01\/USATSI_24560844-1.jpg\",\"width\":1920,\"height\":1380,\"caption\":\"Oct 21, 2024; Glendale, Arizona, USA; Los Angeles Chargers linebacker Khalil Mack (52) against the Arizona Cardinals at State Farm Stadium. Mandatory Credit: Mark J. Rebilas-Imagn Images\"},{\"@type\":\"BreadcrumbList\",\"@id\":\"https:\/\/theplayoffs.news\/fr\/actualite-nfl\/khalil-mack-continuera-sa-carriere-en-2025\/#breadcrumb\",\"itemListElement\":[{\"@type\":\"ListItem\",\"position\":1,\"name\":\"Accueil\",\"item\":\"https:\/\/theplayoffs.news\/fr\/\"},{\"@type\":\"ListItem\",\"position\":2,\"name\":\"Khalil Mack continuera sa carri\u00e8re en 2025\"}]},{\"@type\":\"WebSite\",\"@id\":\"https:\/\/theplayoffs.news\/fr\/#website\",\"url\":\"https:\/\/theplayoffs.news\/fr\/\",\"name\":\"The Playoffs FR\",\"description\":\"NBA-NFL-NHL-MLB\",\"potentialAction\":[{\"@type\":\"SearchAction\",\"target\":{\"@type\":\"EntryPoint\",\"urlTemplate\":\"https:\/\/theplayoffs.news\/fr\/?s={search_term_string}\"},\"query-input\":{\"@type\":\"PropertyValueSpecification\",\"valueRequired\":true,\"valueName\":\"search_term_string\"}}],\"inLanguage\":\"fr-FR\"},{\"@type\":\"Person\",\"@id\":\"https:\/\/theplayoffs.news\/fr\/#\/schema\/person\/def63bc6746dc5957469b75feb99e66d\",\"name\":\"Flavien Jumeau\",\"image\":{\"@type\":\"ImageObject\",\"inLanguage\":\"fr-FR\",\"@id\":\"https:\/\/theplayoffs.news\/fr\/#\/schema\/person\/image\/\",\"url\":\"https:\/\/secure.gravatar.com\/avatar\/e7fa8ba5a4b7e4ce35fe152f083f352db28ad0acce692004ed88a7a7d78893f7?s=96&d=mm&r=g\",\"contentUrl\":\"https:\/\/secure.gravatar.com\/avatar\/e7fa8ba5a4b7e4ce35fe152f083f352db28ad0acce692004ed88a7a7d78893f7?s=96&d=mm&r=g\",\"caption\":\"Flavien Jumeau\"},\"description\":\"Amoureux du sport (et de vraiment tous les sports) depuis mon plus jeune \u00e2ge, j\u2019ai longtemps h\u00e9site entre le snooker et le curling. Finalement c\u2019est le foot US que j\u2019ai d\u00e9cid\u00e9 de choisir! Responsable foot US sur TPO et animateur du podcast Tailgate j\u2019ai pour mission de vous faire d\u00e9couvrir ce sport passionnant si ce n\u2019est pas encore fait et de vous donner les derni\u00e8res actus. Le tout dans la bonne humeur et avec toujours un jeu de mots ou deux savamment distill\u00e9s! Fan des Saints, pour moi Drew Brees est le vrai GOAT!\",\"url\":\"https:\/\/theplayoffs.news\/fr\/author\/flavien-jumeaugmail-com\/\"}]}<\/script>\n<!-- \/ Yoast SEO plugin. -->","yoast_head_json":{"title":"Khalil Mack continuera sa carri&egrave;re en 2025 - The Playoffs FR","description":"Le linebacker des Los Angeles Chargers, Khalil Mack, va finalement poursuivre sa carri&egrave;re pour une nouvelle saison en 2025","robots":{"index":"index","follow":"follow","max-snippet":"max-snippet:-1","max-image-preview":"max-image-preview:large","max-video-preview":"max-video-preview:-1"},"canonical":"https:\/\/theplayoffs.news\/fr\/actualite-nfl\/khalil-mack-continuera-sa-carriere-en-2025\/","og_locale":"fr_FR","og_type":"article","og_title":"Khalil Mack continuera sa carri&egrave;re en 2025 - The Playoffs FR","og_description":"Le linebacker des Los Angeles Chargers, Khalil Mack, va finalement poursuivre sa carri&egrave;re pour une nouvelle saison en 2025","og_url":"https:\/\/theplayoffs.news\/fr\/actualite-nfl\/khalil-mack-continuera-sa-carriere-en-2025\/","og_site_name":"The Playoffs FR","article_publisher":"https:\/\/www.facebook.com\/TheFreeAgentFR\/","article_modified_time":"2025-01-22T14:14:49+00:00","og_image":[{"width":1920,"height":1380,"url":"https:\/\/theplayoffs.news\/fr\/wp-content\/uploads\/2025\/01\/USATSI_24560844-1.jpg","type":"image\/jpeg"}],"author":"Flavien Jumeau","twitter_card":"summary_large_image","twitter_creator":"@TheFreeAgentFR","twitter_site":"@TheFreeAgentFR","twitter_misc":{"\u00c9crit par":"Flavien Jumeau","Dur\u00e9e de lecture estim\u00e9e":"2 minutes"},"schema":{"@context":"https:\/\/schema.org","@graph":[{"@type":"WebPage","@id":"https:\/\/theplayoffs.news\/fr\/actualite-nfl\/khalil-mack-continuera-sa-carriere-en-2025\/","url":"https:\/\/theplayoffs.news\/fr\/actualite-nfl\/khalil-mack-continuera-sa-carriere-en-2025\/","name":"Khalil Mack continuera sa carri\u00e8re en 2025 - The Playoffs FR","isPartOf":{"@id":"https:\/\/theplayoffs.news\/fr\/#website"},"primaryImageOfPage":{"@id":"https:\/\/theplayoffs.news\/fr\/actualite-nfl\/khalil-mack-continuera-sa-carriere-en-2025\/#primaryimage"},"image":{"@id":"https:\/\/theplayoffs.news\/fr\/actualite-nfl\/khalil-mack-continuera-sa-carriere-en-2025\/#primaryimage"},"thumbnailUrl":"https:\/\/theplayoffs.news\/fr\/wp-content\/uploads\/2025\/01\/USATSI_24560844-1.jpg","datePublished":"2025-01-22T14:14:45+00:00","dateModified":"2025-01-22T14:14:49+00:00","author":{"@id":"https:\/\/theplayoffs.news\/fr\/#\/schema\/person\/def63bc6746dc5957469b75feb99e66d"},"description":"Le linebacker des Los Angeles Chargers, Khalil Mack, va finalement poursuivre sa carri\u00e8re pour une nouvelle saison en 2025","breadcrumb":{"@id":"https:\/\/theplayoffs.news\/fr\/actualite-nfl\/khalil-mack-continuera-sa-carriere-en-2025\/#breadcrumb"},"inLanguage":"fr-FR","potentialAction":[{"@type":"ReadAction","target":["https:\/\/theplayoffs.news\/fr\/actualite-nfl\/khalil-mack-continuera-sa-carriere-en-2025\/"]}]},{"@type":"ImageObject","inLanguage":"fr-FR","@id":"https:\/\/theplayoffs.news\/fr\/actualite-nfl\/khalil-mack-continuera-sa-carriere-en-2025\/#primaryimage","url":"https:\/\/theplayoffs.news\/fr\/wp-content\/uploads\/2025\/01\/USATSI_24560844-1.jpg","contentUrl":"https:\/\/theplayoffs.news\/fr\/wp-content\/uploads\/2025\/01\/USATSI_24560844-1.jpg","width":1920,"height":1380,"caption":"Oct 21, 2024; Glendale, Arizona, USA; Los Angeles Chargers linebacker Khalil Mack (52) against the Arizona Cardinals at State Farm Stadium. Mandatory Credit: Mark J. Rebilas-Imagn Images"},{"@type":"BreadcrumbList","@id":"https:\/\/theplayoffs.news\/fr\/actualite-nfl\/khalil-mack-continuera-sa-carriere-en-2025\/#breadcrumb","itemListElement":[{"@type":"ListItem","position":1,"name":"Accueil","item":"https:\/\/theplayoffs.news\/fr\/"},{"@type":"ListItem","position":2,"name":"Khalil Mack continuera sa carri\u00e8re en 2025"}]},{"@type":"WebSite","@id":"https:\/\/theplayoffs.news\/fr\/#website","url":"https:\/\/theplayoffs.news\/fr\/","name":"The Playoffs FR","description":"NBA-NFL-NHL-MLB","potentialAction":[{"@type":"SearchAction","target":{"@type":"EntryPoint","urlTemplate":"https:\/\/theplayoffs.news\/fr\/?s={search_term_string}"},"query-input":{"@type":"PropertyValueSpecification","valueRequired":true,"valueName":"search_term_string"}}],"inLanguage":"fr-FR"},{"@type":"Person","@id":"https:\/\/theplayoffs.news\/fr\/#\/schema\/person\/def63bc6746dc5957469b75feb99e66d","name":"Flavien Jumeau","image":{"@type":"ImageObject","inLanguage":"fr-FR","@id":"https:\/\/theplayoffs.news\/fr\/#\/schema\/person\/image\/","url":"https:\/\/secure.gravatar.com\/avatar\/e7fa8ba5a4b7e4ce35fe152f083f352db28ad0acce692004ed88a7a7d78893f7?s=96&d=mm&r=g","contentUrl":"https:\/\/secure.gravatar.com\/avatar\/e7fa8ba5a4b7e4ce35fe152f083f352db28ad0acce692004ed88a7a7d78893f7?s=96&d=mm&r=g","caption":"Flavien Jumeau"},"description":"Amoureux du sport (et de vraiment tous les sports) depuis mon plus jeune \u00e2ge, j\u2019ai longtemps h\u00e9site entre le snooker et le curling. Finalement c\u2019est le foot US que j\u2019ai d\u00e9cid\u00e9 de choisir! Responsable foot US sur TPO et animateur du podcast Tailgate j\u2019ai pour mission de vous faire d\u00e9couvrir ce sport passionnant si ce n\u2019est pas encore fait et de vous donner les derni\u00e8res actus. Le tout dans la bonne humeur et avec toujours un jeu de mots ou deux savamment distill\u00e9s! Fan des Saints, pour moi Drew Brees est le vrai GOAT!","url":"https:\/\/theplayoffs.news\/fr\/author\/flavien-jumeaugmail-com\/"}]}},"_links":{"self":[{"href":"https:\/\/theplayoffs.news\/fr\/wp-json\/wp\/v2\/posts\/1475475","targetHints":{"allow":["GET"]}}],"collection":[{"href":"https:\/\/theplayoffs.news\/fr\/wp-json\/wp\/v2\/posts"}],"about":[{"href":"https:\/\/theplayoffs.news\/fr\/wp-json\/wp\/v2\/types\/post"}],"author":[{"embeddable":true,"href":"https:\/\/theplayoffs.news\/fr\/wp-json\/wp\/v2\/users\/180309964"}],"replies":[{"embeddable":true,"href":"https:\/\/theplayoffs.news\/fr\/wp-json\/wp\/v2\/comments?post=1475475"}],"version-history":[{"count":1,"href":"https:\/\/theplayoffs.news\/fr\/wp-json\/wp\/v2\/posts\/1475475\/revisions"}],"predecessor-version":[{"id":1475482,"href":"https:\/\/theplayoffs.news\/fr\/wp-json\/wp\/v2\/posts\/1475475\/revisions\/1475482"}],"wp:featuredmedia":[{"embeddable":true,"href":"https:\/\/theplayoffs.news\/fr\/wp-json\/wp\/v2\/media\/1475480"}],"wp:attachment":[{"href":"https:\/\/theplayoffs.news\/fr\/wp-json\/wp\/v2\/media?parent=1475475"}],"wp:term":[{"taxonomy":"category","embeddable":true,"href":"https:\/\/theplayoffs.news\/fr\/wp-json\/wp\/v2\/categories?post=1475475"},{"taxonomy":"post_tag","embeddable":true,"href":"https:\/\/theplayoffs.news\/fr\/wp-json\/wp\/v2\/tags?post=1475475"},{"taxonomy":"sport","embeddable":true,"href":"https:\/\/theplayoffs.news\/fr\/wp-json\/wp\/v2\/sport?post=1475475"},{"taxonomy":"saison","embeddable":true,"href":"https:\/\/theplayoffs.news\/fr\/wp-json\/wp\/v2\/saison?post=1475475"}],"curies":[{"name":"wp","href":"https:\/\/api.w.org\/{rel}","templated":true}]}}