{"id":1475435,"date":"2025-01-21T22:54:56","date_gmt":"2025-01-21T21:54:56","guid":{"rendered":"https:\/\/theplayoffs.news\/fr\/uncategorized\/\/"},"modified":"2025-01-21T22:55:03","modified_gmt":"2025-01-21T21:55:03","slug":"kevin-oconnell-prolonge-avec-les-vikings","status":"publish","type":"post","link":"https:\/\/theplayoffs.news\/fr\/actualite-nfl\/kevin-oconnell-prolonge-avec-les-vikings\/","title":{"rendered":"Kevin O&rsquo;Connell prolonge avec les Vikings"},"content":{"rendered":"<p>Il y a encore quelques heures, <a href=\"https:\/\/theplayoffs.news\/fr\/actualite-nfl\/kevin-oconnell-veut-prolonge-saison-2025\/\" class=\"trk-cta-link\" data-cta-trk='{\"ctaType\":\"Link\",\"ctaSubType\":\"main\"}'>Kevin O&rsquo;Connell<\/a> avait un contrat jusqu&rsquo;&agrave; la fin de la saison 2025. Ce n&rsquo;est plus le cas! D&rsquo;apr&egrave;s de <a href=\"https:\/\/x.com\/RapSheet\/status\/1881816431702253779\" class=\"trk-cta-link\" data-cta-trk='{\"ctaType\":\"Link\",\"ctaSubType\":\"main\"}'>nombreuses sources concordantes<\/a>, l&rsquo;entra&icirc;neur principal des Vikings a prolong&eacute; son contrat ce mardi. Si la dur&eacute;e n&rsquo;est pas encore connue, le nouveau contrat portera sur plusieurs saisons. Offrant ainsi une stabilit&eacute; &agrave; la franchise du Minnesota qui sort d&rsquo;une tr&egrave;s belle saison 2024.<\/p><blockquote class=\"twitter-tweet\"><p lang=\"en\" dir=\"ltr\">OUR GUY&#8252;&#65039;<br><br>We've agreed to terms on a multi-year contract extension with Head Coach Kevin O'Connell. <br><br>&#128240;: <a href=\"https:\/\/t.co\/IpmSNnpXlP\" class=\"trk-cta-link\" data-cta-trk='{\"ctaType\":\"Link\",\"ctaSubType\":\"main\"}'>https:\/\/t.co\/IpmSNnpXlP<\/a> <a href=\"https:\/\/t.co\/U4SPsKAmws\" class=\"trk-cta-link\" data-cta-trk='{\"ctaType\":\"Link\",\"ctaSubType\":\"main\"}'>pic.twitter.com\/U4SPsKAmws<\/a><\/p>&mdash; Minnesota Vikings (@Vikings) <a href=\"https:\/\/twitter.com\/Vikings\/status\/1881816711986655551?ref_src=twsrc%5Etfw\" class=\"trk-cta-link\" data-cta-trk='{\"ctaType\":\"Link\",\"ctaSubType\":\"main\"}'>January 21, 2025<\/a><\/blockquote><script async src=\"https:\/\/platform.twitter.com\/widgets.js\" charset=\"utf-8\"><\/script><p>Entra&icirc;neur des quarterbacks chez les Browns de Cleveland puis &agrave; Washington, Kevin O&rsquo;Connell devient coordinateur offensif de cette franchise de Washington lors de la saison 2019. La saison suivante, le jeune coach part endosser les m&ecirc;mes fonctions chez les Los Angeles Rams. Apr&egrave;s un succ&egrave;s au Super Bowl avec la franchise californienne, O&rsquo;Connell signe comme entra&icirc;neur principal avec les Minnesota Vikings. Un contrat qui courait jusqu&rsquo;&agrave; la fin de la saison 2025 et qui vient donc d&rsquo;&ecirc;tre prolong&eacute; aujourd&rsquo;hui.<\/p><p>Sous le commandement de Kevin O&rsquo;Connell, les Minnesota Vikings poss&egrave;dent un bilan de 34 victoires pour 17 d&eacute;faites en saison r&eacute;guli&egrave;re. Sur les trois saisons pendant lesquelles il entra&icirc;na cette franchise, O&rsquo;Connell conduira deux fois les Vikings jusqu&rsquo;en playoffs. Malheureusement, par deux fois, l&rsquo;&eacute;quipe des Vikings sera &eacute;limin&eacute;e d&egrave;s son entr&eacute;e en lice dans la post-saison.<\/p><p>Consid&eacute;r&eacute;e comme une &eacute;quipe en reconstruction avant le d&eacute;but de la saison 2024, les Minnesota Vikings ont d&eacute;jou&eacute; tous les pronostics pour s&rsquo;offrir une saison r&eacute;guli&egrave;re avec pas moins de 14 victoires. Une performance exceptionnelle due en grande partie &agrave; Kevin O&rsquo;Connell. Favori pour le titre de coach de l&rsquo;ann&eacute;e lors de cette saison 2024, l&rsquo;entra&icirc;neur de 39 ans aura encore l&rsquo;occasion de prouver son talent pendant de nombreuses saisons. Au grand bonheur des fans des Minnesota Vikings.<\/p><p><em>Cr&eacute;dit photo: &copy; Mark J. Rebilas-Imagn Images<\/em><\/p>\n","protected":false},"excerpt":{"rendered":"<p>NFL &#8211; L&rsquo;entra\u00eeneur principal des Minnesota Vikings, Kevin O&rsquo;Connell, a prolong\u00e9 ce mardi son contrat avec la franchise du Minnesota<\/p>\n","protected":false},"author":180309964,"featured_media":1475438,"comment_status":"closed","ping_status":"closed","sticky":false,"template":"","format":"standard","meta":{"inline_featured_image":false,"kia_subtitle":"NFL - L'entra\u00eeneur principal des Minnesota Vikings, Kevin O'Connell, a prolong\u00e9 ce mardi son contrat avec la franchise du Minnesota","_mux_skip_reasons":[],"proofreadBy":0,"footnotes":""},"categories":[118,40],"tags":[3410,744,79],"sport":[2785],"saison":[7475],"class_list":["post-1475435","post","type-post","status-publish","format-standard","has-post-thumbnail","hentry","category-actualite-nfl","category-nfl","tag-kevin-oconnell","tag-minnesota-vikings","tag-nfl","sport-nfl","saison-7475"],"acf":[],"yoast_head":"<!-- This site is optimized with the Yoast SEO plugin v24.2 - https:\/\/yoast.com\/wordpress\/plugins\/seo\/ -->\n<title>Kevin O&#039;Connell prolonge avec les Vikings - The Playoffs FR<\/title>\n<meta name=\"description\" content=\"L&#039;entra&icirc;neur principal des Minnesota Vikings, Kevin O&#039;Connell, a d&eacute;cid&eacute; de prolonger son aventure avec la franchise du Minnesota.\" \/>\n<meta name=\"robots\" content=\"index, follow, max-snippet:-1, max-image-preview:large, max-video-preview:-1\" \/>\n<link rel=\"canonical\" href=\"https:\/\/theplayoffs.news\/fr\/actualite-nfl\/kevin-oconnell-prolonge-avec-les-vikings\/\" \/>\n<meta property=\"og:locale\" content=\"fr_FR\" \/>\n<meta property=\"og:type\" content=\"article\" \/>\n<meta property=\"og:title\" content=\"Kevin O&#039;Connell prolonge avec les Vikings - The Playoffs FR\" \/>\n<meta property=\"og:description\" content=\"L&#039;entra&icirc;neur principal des Minnesota Vikings, Kevin O&#039;Connell, a d&eacute;cid&eacute; de prolonger son aventure avec la franchise du Minnesota.\" \/>\n<meta property=\"og:url\" content=\"https:\/\/theplayoffs.news\/fr\/actualite-nfl\/kevin-oconnell-prolonge-avec-les-vikings\/\" \/>\n<meta property=\"og:site_name\" content=\"The Playoffs FR\" \/>\n<meta property=\"article:publisher\" content=\"https:\/\/www.facebook.com\/TheFreeAgentFR\/\" \/>\n<meta property=\"article:modified_time\" content=\"2025-01-21T22:55:03+01:00\" \/>\n<meta property=\"og:image\" content=\"https:\/\/theplayoffs.news\/fr\/wp-content\/uploads\/2025\/01\/USATSI_25191328.jpg\" \/>\n\t<meta property=\"og:image:width\" content=\"1920\" \/>\n\t<meta property=\"og:image:height\" content=\"1280\" \/>\n\t<meta property=\"og:image:type\" content=\"image\/jpeg\" \/>\n<meta name=\"author\" content=\"Flavien Jumeau\" \/>\n<meta name=\"twitter:card\" content=\"summary_large_image\" \/>\n<meta name=\"twitter:creator\" content=\"@TheFreeAgentFR\" \/>\n<meta name=\"twitter:site\" content=\"@TheFreeAgentFR\" \/>\n<meta name=\"twitter:label1\" content=\"\u00c9crit par\" \/>\n\t<meta name=\"twitter:data1\" content=\"Flavien Jumeau\" \/>\n\t<meta name=\"twitter:label2\" content=\"Dur\u00e9e de lecture estim\u00e9e\" \/>\n\t<meta name=\"twitter:data2\" content=\"2 minutes\" \/>\n<script type=\"application\/ld+json\" class=\"yoast-schema-graph\">{\"@context\":\"https:\/\/schema.org\",\"@graph\":[{\"@type\":\"WebPage\",\"@id\":\"https:\/\/theplayoffs.news\/fr\/actualite-nfl\/kevin-oconnell-prolonge-avec-les-vikings\/\",\"url\":\"https:\/\/theplayoffs.news\/fr\/actualite-nfl\/kevin-oconnell-prolonge-avec-les-vikings\/\",\"name\":\"Kevin O\\\\'Connell prolonge avec les Vikings - The Playoffs FR\",\"isPartOf\":{\"@id\":\"https:\/\/theplayoffs.news\/fr\/#website\"},\"primaryImageOfPage\":{\"@id\":\"https:\/\/theplayoffs.news\/fr\/actualite-nfl\/kevin-oconnell-prolonge-avec-les-vikings\/#primaryimage\"},\"image\":{\"@id\":\"https:\/\/theplayoffs.news\/fr\/actualite-nfl\/kevin-oconnell-prolonge-avec-les-vikings\/#primaryimage\"},\"thumbnailUrl\":\"https:\/\/theplayoffs.news\/fr\/wp-content\/uploads\/2025\/01\/USATSI_25191328.jpg\",\"datePublished\":\"2025-01-21T21:54:56+00:00\",\"dateModified\":\"2025-01-21T21:55:03+00:00\",\"author\":{\"@id\":\"https:\/\/theplayoffs.news\/fr\/#\/schema\/person\/def63bc6746dc5957469b75feb99e66d\"},\"description\":\"L\\\\'entra\u00eeneur principal des Minnesota Vikings, Kevin O\\\\'Connell, a d\u00e9cid\u00e9 de prolonger son aventure avec la franchise du Minnesota.\",\"breadcrumb\":{\"@id\":\"https:\/\/theplayoffs.news\/fr\/actualite-nfl\/kevin-oconnell-prolonge-avec-les-vikings\/#breadcrumb\"},\"inLanguage\":\"fr-FR\",\"potentialAction\":[{\"@type\":\"ReadAction\",\"target\":[\"https:\/\/theplayoffs.news\/fr\/actualite-nfl\/kevin-oconnell-prolonge-avec-les-vikings\/\"]}]},{\"@type\":\"ImageObject\",\"inLanguage\":\"fr-FR\",\"@id\":\"https:\/\/theplayoffs.news\/fr\/actualite-nfl\/kevin-oconnell-prolonge-avec-les-vikings\/#primaryimage\",\"url\":\"https:\/\/theplayoffs.news\/fr\/wp-content\/uploads\/2025\/01\/USATSI_25191328.jpg\",\"contentUrl\":\"https:\/\/theplayoffs.news\/fr\/wp-content\/uploads\/2025\/01\/USATSI_25191328.jpg\",\"width\":1920,\"height\":1280,\"caption\":\"Jan 13, 2025; Glendale, AZ, USA; Minnesota Vikings head coach Kevin O\\\\'Connell against the Los Angeles Rams during an NFC wild card game at State Farm Stadium. Mandatory Credit: Mark J. Rebilas-Imagn Images\"},{\"@type\":\"BreadcrumbList\",\"@id\":\"https:\/\/theplayoffs.news\/fr\/actualite-nfl\/kevin-oconnell-prolonge-avec-les-vikings\/#breadcrumb\",\"itemListElement\":[{\"@type\":\"ListItem\",\"position\":1,\"name\":\"Accueil\",\"item\":\"https:\/\/theplayoffs.news\/fr\/\"},{\"@type\":\"ListItem\",\"position\":2,\"name\":\"Kevin O&rsquo;Connell prolonge avec les Vikings\"}]},{\"@type\":\"WebSite\",\"@id\":\"https:\/\/theplayoffs.news\/fr\/#website\",\"url\":\"https:\/\/theplayoffs.news\/fr\/\",\"name\":\"The Playoffs FR\",\"description\":\"NBA-NFL-NHL-MLB\",\"potentialAction\":[{\"@type\":\"SearchAction\",\"target\":{\"@type\":\"EntryPoint\",\"urlTemplate\":\"https:\/\/theplayoffs.news\/fr\/?s={search_term_string}\"},\"query-input\":{\"@type\":\"PropertyValueSpecification\",\"valueRequired\":true,\"valueName\":\"search_term_string\"}}],\"inLanguage\":\"fr-FR\"},{\"@type\":\"Person\",\"@id\":\"https:\/\/theplayoffs.news\/fr\/#\/schema\/person\/def63bc6746dc5957469b75feb99e66d\",\"name\":\"Flavien Jumeau\",\"image\":{\"@type\":\"ImageObject\",\"inLanguage\":\"fr-FR\",\"@id\":\"https:\/\/theplayoffs.news\/fr\/#\/schema\/person\/image\/\",\"url\":\"https:\/\/secure.gravatar.com\/avatar\/e7fa8ba5a4b7e4ce35fe152f083f352db28ad0acce692004ed88a7a7d78893f7?s=96&d=mm&r=g\",\"contentUrl\":\"https:\/\/secure.gravatar.com\/avatar\/e7fa8ba5a4b7e4ce35fe152f083f352db28ad0acce692004ed88a7a7d78893f7?s=96&d=mm&r=g\",\"caption\":\"Flavien Jumeau\"},\"description\":\"Amoureux du sport (et de vraiment tous les sports) depuis mon plus jeune \u00e2ge, j\u2019ai longtemps h\u00e9site entre le snooker et le curling. Finalement c\u2019est le foot US que j\u2019ai d\u00e9cid\u00e9 de choisir! Responsable foot US sur TPO et animateur du podcast Tailgate j\u2019ai pour mission de vous faire d\u00e9couvrir ce sport passionnant si ce n\u2019est pas encore fait et de vous donner les derni\u00e8res actus. Le tout dans la bonne humeur et avec toujours un jeu de mots ou deux savamment distill\u00e9s! Fan des Saints, pour moi Drew Brees est le vrai GOAT!\",\"url\":\"https:\/\/theplayoffs.news\/fr\/author\/flavien-jumeaugmail-com\/\"}]}<\/script>\n<!-- \/ Yoast SEO plugin. -->","yoast_head_json":{"title":"Kevin O&#039;Connell prolonge avec les Vikings - The Playoffs FR","description":"L&#039;entra&icirc;neur principal des Minnesota Vikings, Kevin O&#039;Connell, a d&eacute;cid&eacute; de prolonger son aventure avec la franchise du Minnesota.","robots":{"index":"index","follow":"follow","max-snippet":"max-snippet:-1","max-image-preview":"max-image-preview:large","max-video-preview":"max-video-preview:-1"},"canonical":"https:\/\/theplayoffs.news\/fr\/actualite-nfl\/kevin-oconnell-prolonge-avec-les-vikings\/","og_locale":"fr_FR","og_type":"article","og_title":"Kevin O&#039;Connell prolonge avec les Vikings - The Playoffs FR","og_description":"L&#039;entra&icirc;neur principal des Minnesota Vikings, Kevin O&#039;Connell, a d&eacute;cid&eacute; de prolonger son aventure avec la franchise du Minnesota.","og_url":"https:\/\/theplayoffs.news\/fr\/actualite-nfl\/kevin-oconnell-prolonge-avec-les-vikings\/","og_site_name":"The Playoffs FR","article_publisher":"https:\/\/www.facebook.com\/TheFreeAgentFR\/","article_modified_time":"2025-01-21T21:55:03+00:00","og_image":[{"width":1920,"height":1280,"url":"https:\/\/theplayoffs.news\/fr\/wp-content\/uploads\/2025\/01\/USATSI_25191328.jpg","type":"image\/jpeg"}],"author":"Flavien Jumeau","twitter_card":"summary_large_image","twitter_creator":"@TheFreeAgentFR","twitter_site":"@TheFreeAgentFR","twitter_misc":{"\u00c9crit par":"Flavien Jumeau","Dur\u00e9e de lecture estim\u00e9e":"2 minutes"},"schema":{"@context":"https:\/\/schema.org","@graph":[{"@type":"WebPage","@id":"https:\/\/theplayoffs.news\/fr\/actualite-nfl\/kevin-oconnell-prolonge-avec-les-vikings\/","url":"https:\/\/theplayoffs.news\/fr\/actualite-nfl\/kevin-oconnell-prolonge-avec-les-vikings\/","name":"Kevin O\\'Connell prolonge avec les Vikings - The Playoffs FR","isPartOf":{"@id":"https:\/\/theplayoffs.news\/fr\/#website"},"primaryImageOfPage":{"@id":"https:\/\/theplayoffs.news\/fr\/actualite-nfl\/kevin-oconnell-prolonge-avec-les-vikings\/#primaryimage"},"image":{"@id":"https:\/\/theplayoffs.news\/fr\/actualite-nfl\/kevin-oconnell-prolonge-avec-les-vikings\/#primaryimage"},"thumbnailUrl":"https:\/\/theplayoffs.news\/fr\/wp-content\/uploads\/2025\/01\/USATSI_25191328.jpg","datePublished":"2025-01-21T21:54:56+00:00","dateModified":"2025-01-21T21:55:03+00:00","author":{"@id":"https:\/\/theplayoffs.news\/fr\/#\/schema\/person\/def63bc6746dc5957469b75feb99e66d"},"description":"L\\'entra\u00eeneur principal des Minnesota Vikings, Kevin O\\'Connell, a d\u00e9cid\u00e9 de prolonger son aventure avec la franchise du Minnesota.","breadcrumb":{"@id":"https:\/\/theplayoffs.news\/fr\/actualite-nfl\/kevin-oconnell-prolonge-avec-les-vikings\/#breadcrumb"},"inLanguage":"fr-FR","potentialAction":[{"@type":"ReadAction","target":["https:\/\/theplayoffs.news\/fr\/actualite-nfl\/kevin-oconnell-prolonge-avec-les-vikings\/"]}]},{"@type":"ImageObject","inLanguage":"fr-FR","@id":"https:\/\/theplayoffs.news\/fr\/actualite-nfl\/kevin-oconnell-prolonge-avec-les-vikings\/#primaryimage","url":"https:\/\/theplayoffs.news\/fr\/wp-content\/uploads\/2025\/01\/USATSI_25191328.jpg","contentUrl":"https:\/\/theplayoffs.news\/fr\/wp-content\/uploads\/2025\/01\/USATSI_25191328.jpg","width":1920,"height":1280,"caption":"Jan 13, 2025; Glendale, AZ, USA; Minnesota Vikings head coach Kevin O\\'Connell against the Los Angeles Rams during an NFC wild card game at State Farm Stadium. Mandatory Credit: Mark J. Rebilas-Imagn Images"},{"@type":"BreadcrumbList","@id":"https:\/\/theplayoffs.news\/fr\/actualite-nfl\/kevin-oconnell-prolonge-avec-les-vikings\/#breadcrumb","itemListElement":[{"@type":"ListItem","position":1,"name":"Accueil","item":"https:\/\/theplayoffs.news\/fr\/"},{"@type":"ListItem","position":2,"name":"Kevin O&rsquo;Connell prolonge avec les Vikings"}]},{"@type":"WebSite","@id":"https:\/\/theplayoffs.news\/fr\/#website","url":"https:\/\/theplayoffs.news\/fr\/","name":"The Playoffs FR","description":"NBA-NFL-NHL-MLB","potentialAction":[{"@type":"SearchAction","target":{"@type":"EntryPoint","urlTemplate":"https:\/\/theplayoffs.news\/fr\/?s={search_term_string}"},"query-input":{"@type":"PropertyValueSpecification","valueRequired":true,"valueName":"search_term_string"}}],"inLanguage":"fr-FR"},{"@type":"Person","@id":"https:\/\/theplayoffs.news\/fr\/#\/schema\/person\/def63bc6746dc5957469b75feb99e66d","name":"Flavien Jumeau","image":{"@type":"ImageObject","inLanguage":"fr-FR","@id":"https:\/\/theplayoffs.news\/fr\/#\/schema\/person\/image\/","url":"https:\/\/secure.gravatar.com\/avatar\/e7fa8ba5a4b7e4ce35fe152f083f352db28ad0acce692004ed88a7a7d78893f7?s=96&d=mm&r=g","contentUrl":"https:\/\/secure.gravatar.com\/avatar\/e7fa8ba5a4b7e4ce35fe152f083f352db28ad0acce692004ed88a7a7d78893f7?s=96&d=mm&r=g","caption":"Flavien Jumeau"},"description":"Amoureux du sport (et de vraiment tous les sports) depuis mon plus jeune \u00e2ge, j\u2019ai longtemps h\u00e9site entre le snooker et le curling. Finalement c\u2019est le foot US que j\u2019ai d\u00e9cid\u00e9 de choisir! Responsable foot US sur TPO et animateur du podcast Tailgate j\u2019ai pour mission de vous faire d\u00e9couvrir ce sport passionnant si ce n\u2019est pas encore fait et de vous donner les derni\u00e8res actus. Le tout dans la bonne humeur et avec toujours un jeu de mots ou deux savamment distill\u00e9s! Fan des Saints, pour moi Drew Brees est le vrai GOAT!","url":"https:\/\/theplayoffs.news\/fr\/author\/flavien-jumeaugmail-com\/"}]}},"_links":{"self":[{"href":"https:\/\/theplayoffs.news\/fr\/wp-json\/wp\/v2\/posts\/1475435","targetHints":{"allow":["GET"]}}],"collection":[{"href":"https:\/\/theplayoffs.news\/fr\/wp-json\/wp\/v2\/posts"}],"about":[{"href":"https:\/\/theplayoffs.news\/fr\/wp-json\/wp\/v2\/types\/post"}],"author":[{"embeddable":true,"href":"https:\/\/theplayoffs.news\/fr\/wp-json\/wp\/v2\/users\/180309964"}],"replies":[{"embeddable":true,"href":"https:\/\/theplayoffs.news\/fr\/wp-json\/wp\/v2\/comments?post=1475435"}],"version-history":[{"count":1,"href":"https:\/\/theplayoffs.news\/fr\/wp-json\/wp\/v2\/posts\/1475435\/revisions"}],"predecessor-version":[{"id":1475439,"href":"https:\/\/theplayoffs.news\/fr\/wp-json\/wp\/v2\/posts\/1475435\/revisions\/1475439"}],"wp:featuredmedia":[{"embeddable":true,"href":"https:\/\/theplayoffs.news\/fr\/wp-json\/wp\/v2\/media\/1475438"}],"wp:attachment":[{"href":"https:\/\/theplayoffs.news\/fr\/wp-json\/wp\/v2\/media?parent=1475435"}],"wp:term":[{"taxonomy":"category","embeddable":true,"href":"https:\/\/theplayoffs.news\/fr\/wp-json\/wp\/v2\/categories?post=1475435"},{"taxonomy":"post_tag","embeddable":true,"href":"https:\/\/theplayoffs.news\/fr\/wp-json\/wp\/v2\/tags?post=1475435"},{"taxonomy":"sport","embeddable":true,"href":"https:\/\/theplayoffs.news\/fr\/wp-json\/wp\/v2\/sport?post=1475435"},{"taxonomy":"saison","embeddable":true,"href":"https:\/\/theplayoffs.news\/fr\/wp-json\/wp\/v2\/saison?post=1475435"}],"curies":[{"name":"wp","href":"https:\/\/api.w.org\/{rel}","templated":true}]}}