{"id":1474975,"date":"2025-01-17T09:28:34","date_gmt":"2025-01-17T08:28:34","guid":{"rendered":"https:\/\/theplayoffs.news\/fr\/?p=1474975"},"modified":"2025-01-17T09:28:34","modified_gmt":"2025-01-17T08:28:34","slug":"kevin-oconnell-veut-prolonge-saison-2025","status":"publish","type":"post","link":"https:\/\/theplayoffs.news\/fr\/actualite-nfl\/kevin-oconnell-veut-prolonge-saison-2025\/","title":{"rendered":"Kevin O&rsquo;Connell veut poursuivre l&rsquo;aventure avec les Vikings apr\u00e8s la saison 2025!"},"content":{"rendered":"<h2>NFL &ndash; L&rsquo;entra&icirc;neur des Minnesota Vikings, Kevin O&rsquo;Connell, a ouvert la porte &agrave; une future prolongation de contrat.<\/h2><p>La belle histoire entre Kevin O&rsquo;Connell et les Minnesota Vikings ne semble pas pr&ecirc;te de s&rsquo;arr&ecirc;ter tout de suite. Alors que l&rsquo;entra&icirc;neur principal a conduit les Vikings jusqu&rsquo;en playoffs pour la deuxi&egrave;me fois en trois ans pass&eacute;s sur le banc, O&rsquo;Connell se dit pr&ecirc;t &agrave; discuter avec les propri&eacute;taires de la franchise afin de trouver une entente en vue d&rsquo;une prolongation de contrat d&egrave;s cette intersaison. Tout cela malgr&eacute; les rumeurs insistantes selon lesquelles d&rsquo;autres &eacute;quipes voudraient enr&ocirc;ler O&rsquo;Connell via un trade:<\/p><blockquote><p>&laquo;&nbsp;Je ne m&rsquo;occupe pas des rumeurs et des sp&eacute;culations&nbsp;&raquo; a <a href=\"https:\/\/www.espn.com\/nfl\/story\/_\/id\/43312859\/kevin-oconnell-says-wants-remain-vikings-head-coach\" class=\"trk-cta-link\" data-cta-trk='{\"ctaType\":\"Link\",\"ctaSubType\":\"main\"}'>affirm&eacute; Kevin O&rsquo;Connell &agrave; ESPN<\/a>. &laquo;&nbsp;Tout ce que je sais, c&rsquo;est que j&rsquo;ai envie d&rsquo;&ecirc;tre ici et j&rsquo;ai envie de rester ici. Si la question est de savoir si je veux prolonger ici la r&eacute;ponse est simple: Oui!&nbsp;&raquo;<\/p><\/blockquote><p>Il faut dire que Kevin O&rsquo;Connell engrange de nombreux succ&egrave;s depuis qu&rsquo;il fut plac&eacute; &agrave; la t&ecirc;te des Minnesota Vikings avant la saison 2022. Sur les trois saisons disput&eacute;es par les Vikings sous le commandement de l&rsquo;entra&icirc;neur de 39 ans, la franchise du Minnesota poss&egrave;de un bilan de 34 victoires pour 17 d&eacute;faites dont deux saisons avec au moins 13 victoires en saison r&eacute;guli&egrave;re! Seul point noir au tableau, le manque de victoires en playoffs avec deux d&eacute;faites et toujours aucune victoire depuis la prise en main de l&rsquo;&eacute;quipe par O&rsquo;Connell.<\/p><p>Une statistique qui ne semble pas refroidir les dirigeants des Minnesota Vikings. Ferm&eacute;s &agrave; l&rsquo;id&eacute;e de proposer une prolongation de contrat &agrave; leur entra&icirc;neur au bout de seulement 2 ans sur les 4 que comptent le contrat d&rsquo;O&rsquo;Connell, les propri&eacute;taires de la franchise devraient &ecirc;tre int&eacute;ress&eacute;s par une prolongation de l&rsquo;entra&icirc;neur apr&egrave;s l&rsquo;excellente campagne 2024 qui a conduit les Vikings jusqu&rsquo;en playoffs sous la houlette d&rsquo;un Sam Darnold retrouv&eacute;!<\/p><p><a href=\"https:\/\/theplayoffs.news\/fr\/nfl\/podcast-nfl-les-awards-tfa-pour-la-saison-2024\/\" class=\"trk-cta-link\" data-cta-trk='{\"ctaType\":\"Link\",\"ctaSubType\":\"main\"}'>Favori pour le titre d&rsquo;entra&icirc;neur de la saison 2024<\/a>, Kevin O&rsquo;Connell pourrait encore faire des coups d&rsquo;&eacute;clats sur les prochaines saisons avec les Vikings! Affaire &agrave; suivre ce printemps&hellip;<\/p><p><em>Cr&eacute;dit photo: &copy; Mark J. Rebilas-Imagn Images<\/em><\/p>\n","protected":false},"excerpt":{"rendered":"","protected":false},"author":180309964,"featured_media":1474976,"comment_status":"open","ping_status":"closed","sticky":false,"template":"","format":"standard","meta":{"inline_featured_image":false,"kia_subtitle":"","_mux_skip_reasons":[],"proofreadBy":0,"footnotes":""},"categories":[118,40],"tags":[3410,744,885],"sport":[2785],"saison":[7475],"class_list":["post-1474975","post","type-post","status-publish","format-standard","has-post-thumbnail","hentry","category-actualite-nfl","category-nfl","tag-kevin-oconnell","tag-minnesota-vikings","tag-sam-darnold","sport-nfl","saison-7475"],"acf":[],"yoast_head":"<!-- This site is optimized with the Yoast SEO plugin v24.2 - https:\/\/yoast.com\/wordpress\/plugins\/seo\/ -->\n<title>Kevin O&#039;Connell veut poursuivre l&#039;aventure avec les Vikings apr&egrave;s la saison 2025! - The Playoffs FR<\/title>\n<meta name=\"robots\" content=\"index, follow, max-snippet:-1, max-image-preview:large, max-video-preview:-1\" \/>\n<link rel=\"canonical\" href=\"https:\/\/theplayoffs.news\/fr\/actualite-nfl\/kevin-oconnell-veut-prolonge-saison-2025\/\" \/>\n<meta property=\"og:locale\" content=\"fr_FR\" \/>\n<meta property=\"og:type\" content=\"article\" \/>\n<meta property=\"og:title\" content=\"Kevin O&#039;Connell veut poursuivre l&#039;aventure avec les Vikings apr&egrave;s la saison 2025! - The Playoffs FR\" \/>\n<meta property=\"og:url\" content=\"https:\/\/theplayoffs.news\/fr\/actualite-nfl\/kevin-oconnell-veut-prolonge-saison-2025\/\" \/>\n<meta property=\"og:site_name\" content=\"The Playoffs FR\" \/>\n<meta property=\"article:publisher\" content=\"https:\/\/www.facebook.com\/TheFreeAgentFR\/\" \/>\n<meta property=\"article:modified_time\" content=\"2025-01-17T09:28:34+01:00\" \/>\n<meta property=\"og:image\" content=\"https:\/\/theplayoffs.news\/fr\/wp-content\/uploads\/2025\/01\/USATSI_25182611.jpg\" \/>\n\t<meta property=\"og:image:width\" content=\"1920\" \/>\n\t<meta property=\"og:image:height\" content=\"1280\" \/>\n\t<meta property=\"og:image:type\" content=\"image\/jpeg\" \/>\n<meta name=\"author\" content=\"Flavien Jumeau\" \/>\n<meta name=\"twitter:card\" content=\"summary_large_image\" \/>\n<meta name=\"twitter:creator\" content=\"@TheFreeAgentFR\" \/>\n<meta name=\"twitter:site\" content=\"@TheFreeAgentFR\" \/>\n<meta name=\"twitter:label1\" content=\"\u00c9crit par\" \/>\n\t<meta name=\"twitter:data1\" content=\"Flavien Jumeau\" \/>\n\t<meta name=\"twitter:label2\" content=\"Dur\u00e9e de lecture estim\u00e9e\" \/>\n\t<meta name=\"twitter:data2\" content=\"2 minutes\" \/>\n<script type=\"application\/ld+json\" class=\"yoast-schema-graph\">{\"@context\":\"https:\/\/schema.org\",\"@graph\":[{\"@type\":\"WebPage\",\"@id\":\"https:\/\/theplayoffs.news\/fr\/actualite-nfl\/kevin-oconnell-veut-prolonge-saison-2025\/\",\"url\":\"https:\/\/theplayoffs.news\/fr\/actualite-nfl\/kevin-oconnell-veut-prolonge-saison-2025\/\",\"name\":\"Kevin O\\\\'Connell veut poursuivre l\\\\'aventure avec les Vikings apr\u00e8s la saison 2025! - The Playoffs FR\",\"isPartOf\":{\"@id\":\"https:\/\/theplayoffs.news\/fr\/#website\"},\"primaryImageOfPage\":{\"@id\":\"https:\/\/theplayoffs.news\/fr\/actualite-nfl\/kevin-oconnell-veut-prolonge-saison-2025\/#primaryimage\"},\"image\":{\"@id\":\"https:\/\/theplayoffs.news\/fr\/actualite-nfl\/kevin-oconnell-veut-prolonge-saison-2025\/#primaryimage\"},\"thumbnailUrl\":\"https:\/\/theplayoffs.news\/fr\/wp-content\/uploads\/2025\/01\/USATSI_25182611.jpg\",\"datePublished\":\"2025-01-17T08:28:34+00:00\",\"dateModified\":\"2025-01-17T08:28:34+00:00\",\"author\":{\"@id\":\"https:\/\/theplayoffs.news\/fr\/#\/schema\/person\/def63bc6746dc5957469b75feb99e66d\"},\"breadcrumb\":{\"@id\":\"https:\/\/theplayoffs.news\/fr\/actualite-nfl\/kevin-oconnell-veut-prolonge-saison-2025\/#breadcrumb\"},\"inLanguage\":\"fr-FR\",\"potentialAction\":[{\"@type\":\"ReadAction\",\"target\":[\"https:\/\/theplayoffs.news\/fr\/actualite-nfl\/kevin-oconnell-veut-prolonge-saison-2025\/\"]}]},{\"@type\":\"ImageObject\",\"inLanguage\":\"fr-FR\",\"@id\":\"https:\/\/theplayoffs.news\/fr\/actualite-nfl\/kevin-oconnell-veut-prolonge-saison-2025\/#primaryimage\",\"url\":\"https:\/\/theplayoffs.news\/fr\/wp-content\/uploads\/2025\/01\/USATSI_25182611.jpg\",\"contentUrl\":\"https:\/\/theplayoffs.news\/fr\/wp-content\/uploads\/2025\/01\/USATSI_25182611.jpg\",\"width\":1920,\"height\":1280,\"caption\":\"Jan 13, 2025; Glendale, AZ, USA; Minnesota Vikings head coach Kevin O\\\\'Connell during the second half against the Los Angeles Rams in an NFC wild card game at State Farm Stadium. Mandatory Credit: Mark J. Rebilas-Imagn Images\"},{\"@type\":\"BreadcrumbList\",\"@id\":\"https:\/\/theplayoffs.news\/fr\/actualite-nfl\/kevin-oconnell-veut-prolonge-saison-2025\/#breadcrumb\",\"itemListElement\":[{\"@type\":\"ListItem\",\"position\":1,\"name\":\"Accueil\",\"item\":\"https:\/\/theplayoffs.news\/fr\/\"},{\"@type\":\"ListItem\",\"position\":2,\"name\":\"Kevin O&rsquo;Connell veut poursuivre l&rsquo;aventure avec les Vikings apr\u00e8s la saison 2025!\"}]},{\"@type\":\"WebSite\",\"@id\":\"https:\/\/theplayoffs.news\/fr\/#website\",\"url\":\"https:\/\/theplayoffs.news\/fr\/\",\"name\":\"The Playoffs FR\",\"description\":\"NBA-NFL-NHL-MLB\",\"potentialAction\":[{\"@type\":\"SearchAction\",\"target\":{\"@type\":\"EntryPoint\",\"urlTemplate\":\"https:\/\/theplayoffs.news\/fr\/?s={search_term_string}\"},\"query-input\":{\"@type\":\"PropertyValueSpecification\",\"valueRequired\":true,\"valueName\":\"search_term_string\"}}],\"inLanguage\":\"fr-FR\"},{\"@type\":\"Person\",\"@id\":\"https:\/\/theplayoffs.news\/fr\/#\/schema\/person\/def63bc6746dc5957469b75feb99e66d\",\"name\":\"Flavien Jumeau\",\"image\":{\"@type\":\"ImageObject\",\"inLanguage\":\"fr-FR\",\"@id\":\"https:\/\/theplayoffs.news\/fr\/#\/schema\/person\/image\/\",\"url\":\"https:\/\/secure.gravatar.com\/avatar\/e7fa8ba5a4b7e4ce35fe152f083f352db28ad0acce692004ed88a7a7d78893f7?s=96&d=mm&r=g\",\"contentUrl\":\"https:\/\/secure.gravatar.com\/avatar\/e7fa8ba5a4b7e4ce35fe152f083f352db28ad0acce692004ed88a7a7d78893f7?s=96&d=mm&r=g\",\"caption\":\"Flavien Jumeau\"},\"description\":\"Amoureux du sport (et de vraiment tous les sports) depuis mon plus jeune \u00e2ge, j\u2019ai longtemps h\u00e9site entre le snooker et le curling. Finalement c\u2019est le foot US que j\u2019ai d\u00e9cid\u00e9 de choisir! Responsable foot US sur TPO et animateur du podcast Tailgate j\u2019ai pour mission de vous faire d\u00e9couvrir ce sport passionnant si ce n\u2019est pas encore fait et de vous donner les derni\u00e8res actus. Le tout dans la bonne humeur et avec toujours un jeu de mots ou deux savamment distill\u00e9s! Fan des Saints, pour moi Drew Brees est le vrai GOAT!\",\"url\":\"https:\/\/theplayoffs.news\/fr\/author\/flavien-jumeaugmail-com\/\"}]}<\/script>\n<!-- \/ Yoast SEO plugin. -->","yoast_head_json":{"title":"Kevin O&#039;Connell veut poursuivre l&#039;aventure avec les Vikings apr&egrave;s la saison 2025! - The Playoffs FR","robots":{"index":"index","follow":"follow","max-snippet":"max-snippet:-1","max-image-preview":"max-image-preview:large","max-video-preview":"max-video-preview:-1"},"canonical":"https:\/\/theplayoffs.news\/fr\/actualite-nfl\/kevin-oconnell-veut-prolonge-saison-2025\/","og_locale":"fr_FR","og_type":"article","og_title":"Kevin O&#039;Connell veut poursuivre l&#039;aventure avec les Vikings apr&egrave;s la saison 2025! - The Playoffs FR","og_url":"https:\/\/theplayoffs.news\/fr\/actualite-nfl\/kevin-oconnell-veut-prolonge-saison-2025\/","og_site_name":"The Playoffs FR","article_publisher":"https:\/\/www.facebook.com\/TheFreeAgentFR\/","og_image":[{"width":1920,"height":1280,"url":"https:\/\/theplayoffs.news\/fr\/wp-content\/uploads\/2025\/01\/USATSI_25182611.jpg","type":"image\/jpeg"}],"author":"Flavien Jumeau","twitter_card":"summary_large_image","twitter_creator":"@TheFreeAgentFR","twitter_site":"@TheFreeAgentFR","twitter_misc":{"\u00c9crit par":"Flavien Jumeau","Dur\u00e9e de lecture estim\u00e9e":"2 minutes"},"schema":{"@context":"https:\/\/schema.org","@graph":[{"@type":"WebPage","@id":"https:\/\/theplayoffs.news\/fr\/actualite-nfl\/kevin-oconnell-veut-prolonge-saison-2025\/","url":"https:\/\/theplayoffs.news\/fr\/actualite-nfl\/kevin-oconnell-veut-prolonge-saison-2025\/","name":"Kevin O\\'Connell veut poursuivre l\\'aventure avec les Vikings apr\u00e8s la saison 2025! - The Playoffs FR","isPartOf":{"@id":"https:\/\/theplayoffs.news\/fr\/#website"},"primaryImageOfPage":{"@id":"https:\/\/theplayoffs.news\/fr\/actualite-nfl\/kevin-oconnell-veut-prolonge-saison-2025\/#primaryimage"},"image":{"@id":"https:\/\/theplayoffs.news\/fr\/actualite-nfl\/kevin-oconnell-veut-prolonge-saison-2025\/#primaryimage"},"thumbnailUrl":"https:\/\/theplayoffs.news\/fr\/wp-content\/uploads\/2025\/01\/USATSI_25182611.jpg","datePublished":"2025-01-17T08:28:34+00:00","dateModified":"2025-01-17T08:28:34+00:00","author":{"@id":"https:\/\/theplayoffs.news\/fr\/#\/schema\/person\/def63bc6746dc5957469b75feb99e66d"},"breadcrumb":{"@id":"https:\/\/theplayoffs.news\/fr\/actualite-nfl\/kevin-oconnell-veut-prolonge-saison-2025\/#breadcrumb"},"inLanguage":"fr-FR","potentialAction":[{"@type":"ReadAction","target":["https:\/\/theplayoffs.news\/fr\/actualite-nfl\/kevin-oconnell-veut-prolonge-saison-2025\/"]}]},{"@type":"ImageObject","inLanguage":"fr-FR","@id":"https:\/\/theplayoffs.news\/fr\/actualite-nfl\/kevin-oconnell-veut-prolonge-saison-2025\/#primaryimage","url":"https:\/\/theplayoffs.news\/fr\/wp-content\/uploads\/2025\/01\/USATSI_25182611.jpg","contentUrl":"https:\/\/theplayoffs.news\/fr\/wp-content\/uploads\/2025\/01\/USATSI_25182611.jpg","width":1920,"height":1280,"caption":"Jan 13, 2025; Glendale, AZ, USA; Minnesota Vikings head coach Kevin O\\'Connell during the second half against the Los Angeles Rams in an NFC wild card game at State Farm Stadium. Mandatory Credit: Mark J. Rebilas-Imagn Images"},{"@type":"BreadcrumbList","@id":"https:\/\/theplayoffs.news\/fr\/actualite-nfl\/kevin-oconnell-veut-prolonge-saison-2025\/#breadcrumb","itemListElement":[{"@type":"ListItem","position":1,"name":"Accueil","item":"https:\/\/theplayoffs.news\/fr\/"},{"@type":"ListItem","position":2,"name":"Kevin O&rsquo;Connell veut poursuivre l&rsquo;aventure avec les Vikings apr\u00e8s la saison 2025!"}]},{"@type":"WebSite","@id":"https:\/\/theplayoffs.news\/fr\/#website","url":"https:\/\/theplayoffs.news\/fr\/","name":"The Playoffs FR","description":"NBA-NFL-NHL-MLB","potentialAction":[{"@type":"SearchAction","target":{"@type":"EntryPoint","urlTemplate":"https:\/\/theplayoffs.news\/fr\/?s={search_term_string}"},"query-input":{"@type":"PropertyValueSpecification","valueRequired":true,"valueName":"search_term_string"}}],"inLanguage":"fr-FR"},{"@type":"Person","@id":"https:\/\/theplayoffs.news\/fr\/#\/schema\/person\/def63bc6746dc5957469b75feb99e66d","name":"Flavien Jumeau","image":{"@type":"ImageObject","inLanguage":"fr-FR","@id":"https:\/\/theplayoffs.news\/fr\/#\/schema\/person\/image\/","url":"https:\/\/secure.gravatar.com\/avatar\/e7fa8ba5a4b7e4ce35fe152f083f352db28ad0acce692004ed88a7a7d78893f7?s=96&d=mm&r=g","contentUrl":"https:\/\/secure.gravatar.com\/avatar\/e7fa8ba5a4b7e4ce35fe152f083f352db28ad0acce692004ed88a7a7d78893f7?s=96&d=mm&r=g","caption":"Flavien Jumeau"},"description":"Amoureux du sport (et de vraiment tous les sports) depuis mon plus jeune \u00e2ge, j\u2019ai longtemps h\u00e9site entre le snooker et le curling. Finalement c\u2019est le foot US que j\u2019ai d\u00e9cid\u00e9 de choisir! Responsable foot US sur TPO et animateur du podcast Tailgate j\u2019ai pour mission de vous faire d\u00e9couvrir ce sport passionnant si ce n\u2019est pas encore fait et de vous donner les derni\u00e8res actus. Le tout dans la bonne humeur et avec toujours un jeu de mots ou deux savamment distill\u00e9s! Fan des Saints, pour moi Drew Brees est le vrai GOAT!","url":"https:\/\/theplayoffs.news\/fr\/author\/flavien-jumeaugmail-com\/"}]}},"_links":{"self":[{"href":"https:\/\/theplayoffs.news\/fr\/wp-json\/wp\/v2\/posts\/1474975","targetHints":{"allow":["GET"]}}],"collection":[{"href":"https:\/\/theplayoffs.news\/fr\/wp-json\/wp\/v2\/posts"}],"about":[{"href":"https:\/\/theplayoffs.news\/fr\/wp-json\/wp\/v2\/types\/post"}],"author":[{"embeddable":true,"href":"https:\/\/theplayoffs.news\/fr\/wp-json\/wp\/v2\/users\/180309964"}],"replies":[{"embeddable":true,"href":"https:\/\/theplayoffs.news\/fr\/wp-json\/wp\/v2\/comments?post=1474975"}],"version-history":[{"count":2,"href":"https:\/\/theplayoffs.news\/fr\/wp-json\/wp\/v2\/posts\/1474975\/revisions"}],"predecessor-version":[{"id":1474978,"href":"https:\/\/theplayoffs.news\/fr\/wp-json\/wp\/v2\/posts\/1474975\/revisions\/1474978"}],"wp:featuredmedia":[{"embeddable":true,"href":"https:\/\/theplayoffs.news\/fr\/wp-json\/wp\/v2\/media\/1474976"}],"wp:attachment":[{"href":"https:\/\/theplayoffs.news\/fr\/wp-json\/wp\/v2\/media?parent=1474975"}],"wp:term":[{"taxonomy":"category","embeddable":true,"href":"https:\/\/theplayoffs.news\/fr\/wp-json\/wp\/v2\/categories?post=1474975"},{"taxonomy":"post_tag","embeddable":true,"href":"https:\/\/theplayoffs.news\/fr\/wp-json\/wp\/v2\/tags?post=1474975"},{"taxonomy":"sport","embeddable":true,"href":"https:\/\/theplayoffs.news\/fr\/wp-json\/wp\/v2\/sport?post=1474975"},{"taxonomy":"saison","embeddable":true,"href":"https:\/\/theplayoffs.news\/fr\/wp-json\/wp\/v2\/saison?post=1474975"}],"curies":[{"name":"wp","href":"https:\/\/api.w.org\/{rel}","templated":true}]}}