{"id":1474875,"date":"2025-01-16T18:14:02","date_gmt":"2025-01-16T17:14:02","guid":{"rendered":"https:\/\/theplayoffs.news\/fr\/?p=1474875"},"modified":"2025-01-16T18:14:02","modified_gmt":"2025-01-16T17:14:02","slug":"trevor-lawrence-espere-un-jeune-coordinateur-offensif-pour-les-jaguars","status":"publish","type":"post","link":"https:\/\/theplayoffs.news\/fr\/nfl\/trevor-lawrence-espere-un-jeune-coordinateur-offensif-pour-les-jaguars\/","title":{"rendered":"Trevor Lawrence esp\u00e8re un \u00ab jeune coordinateur offensif \u00bb pour les Jaguars"},"content":{"rendered":"<p class=\"p3\"><strong>Alors que les Jacksonville Jaguars sont &agrave; la recherche d&rsquo;un nouvel entra&icirc;neur-chef apr&egrave;s le licenciement de Doug Pederson, le quarterback de la franchise, Trevor Lawrence, a clairement exprim&eacute; ses pr&eacute;f&eacute;rences.<\/strong><\/p><p class=\"p3\">Trevor Lawrence souhaite un entra&icirc;neur jeune, avec une mentalit&eacute; offensive, capable de renouveler le syst&egrave;me de l&rsquo;&eacute;quipe et de poser les bases d&rsquo;un succ&egrave;s durable.<\/p><p class=\"p3\">&laquo; &Eacute;videmment, je suis biais&eacute; en tant que joueur offensif &raquo;, <a href=\"https:\/\/www.youtube.com\/watch?v=g93NlL16iAY&amp;ab_channel=JacksonvilleJaguars\" class=\"trk-cta-link\" data-cta-trk='{\"ctaType\":\"Link\",\"ctaSubType\":\"main\"}'>a d&eacute;clar&eacute; Trevor Lawrence<\/a>, selon la journaliste des Jaguars, Dianna Stevens. &laquo; J&rsquo;adorerais avoir un jeune entra&icirc;neur offensif qui puisse adapter notre syst&egrave;me et nous permettre de le d&eacute;velopper sur plusieurs ann&eacute;es. &raquo;<\/p><h2 class=\"p4\"><b>La recherche d&rsquo;un nouvel entra&icirc;neur bat son plein<\/b><b><\/b><\/h2><p class=\"p3\">Les Jaguars ont d&eacute;j&agrave; commenc&eacute; &agrave; interviewer plusieurs candidats pour le poste d&rsquo;entra&icirc;neur-chef. Parmi les favoris, on retrouve Ben Johnson, le coordinateur offensif des Detroit Lions, qui a attir&eacute; beaucoup d&rsquo;attention. L&rsquo;&eacute;quipe a &eacute;galement rencontr&eacute; deux sp&eacute;cialistes d&eacute;fensifs : Aaron Glenn, coordinateur d&eacute;fensif des Lions, et <a href=\"https:\/\/theplayoffs.news\/fr\/nfl\/new-york-jets-robert-saleh-renvoye\/\" class=\"trk-cta-link\" data-cta-trk='{\"ctaType\":\"Link\",\"ctaSubType\":\"main\"}'><strong>Robert Saleh<\/strong><\/a>, ancien entra&icirc;neur des Jets.<\/p><p class=\"p3\">En parall&egrave;le, Jacksonville a exprim&eacute; son int&eacute;r&ecirc;t pour d&rsquo;autres coordinateurs offensifs, notamment Liam Coen (Buccaneers), Kellen Moore (Eagles) et Joe Brady (Bills). Bien que ces entretiens n&rsquo;aient pas encore &eacute;t&eacute; programm&eacute;s, il est attendu que les Jaguars privil&eacute;gient l&rsquo;embauche d&rsquo;un entra&icirc;neur avec une mentalit&eacute; offensive. Cette strat&eacute;gie semble n&eacute;cessaire, puisque l&rsquo;&eacute;quipe a termin&eacute; 25e sur 32 en termes de yards par match lors de la saison 2024.<\/p><h2 class=\"p4\"><b>La force et la r&eacute;silience, des priorit&eacute;s<\/b><b><\/b><\/h2><p class=\"p3\">Au-del&agrave; des innovations offensives, Lawrence a soulign&eacute; l&rsquo;importance d&rsquo;un entra&icirc;neur capable de redonner de la &laquo; force et de la r&eacute;silience &raquo; &agrave; l&rsquo;&eacute;quipe. &laquo; J&rsquo;ai quelques opinions sur ce processus, mais je ne veux pas aller trop loin et d&eacute;passer mon r&ocirc;le &raquo;, a expliqu&eacute; Lawrence. &laquo; Ce sont des discussions que j&rsquo;aurai avec [le propri&eacute;taire] Shad Khan et [le manager g&eacute;n&eacute;ral] Trent Baalke. &raquo;<\/p><p class=\"p3\">Alors que la recherche continue, tous les regards sont tourn&eacute;s vers l&rsquo;organisation des Jaguars pour prendre une d&eacute;cision qui correspond &agrave; la vision de Lawrence d&rsquo;un avenir comp&eacute;titif et durable.<\/p><p>&nbsp;<\/p><p>Cr&eacute;dit Photo ; Corey Perrine\/Florida Times-Union<\/p>\n","protected":false},"excerpt":{"rendered":"","protected":false},"author":180309799,"featured_media":1474876,"comment_status":"open","ping_status":"closed","sticky":false,"template":"","format":"standard","meta":{"inline_featured_image":false,"kia_subtitle":"","_mux_skip_reasons":[],"proofreadBy":0,"footnotes":""},"categories":[40],"tags":[180,256],"sport":[],"saison":[],"class_list":["post-1474875","post","type-post","status-publish","format-standard","has-post-thumbnail","hentry","category-nfl","tag-jaguars","tag-trevor-lawrence"],"acf":[],"yoast_head":"<!-- This site is optimized with the Yoast SEO plugin v24.2 - https:\/\/yoast.com\/wordpress\/plugins\/seo\/ -->\n<title>Trevor Lawrence esp&egrave;re un &laquo; jeune coordinateur offensif &raquo; pour les Jaguars - The Playoffs FR<\/title>\n<meta name=\"robots\" content=\"index, follow, max-snippet:-1, max-image-preview:large, max-video-preview:-1\" \/>\n<link rel=\"canonical\" href=\"https:\/\/theplayoffs.news\/fr\/nfl\/trevor-lawrence-espere-un-jeune-coordinateur-offensif-pour-les-jaguars\/\" \/>\n<meta property=\"og:locale\" content=\"fr_FR\" \/>\n<meta property=\"og:type\" content=\"article\" \/>\n<meta property=\"og:title\" content=\"Trevor Lawrence esp&egrave;re un &laquo; jeune coordinateur offensif &raquo; pour les Jaguars - The Playoffs FR\" \/>\n<meta property=\"og:url\" content=\"https:\/\/theplayoffs.news\/fr\/nfl\/trevor-lawrence-espere-un-jeune-coordinateur-offensif-pour-les-jaguars\/\" \/>\n<meta property=\"og:site_name\" content=\"The Playoffs FR\" \/>\n<meta property=\"article:publisher\" content=\"https:\/\/www.facebook.com\/TheFreeAgentFR\/\" \/>\n<meta property=\"article:modified_time\" content=\"2025-01-16T18:14:02+01:00\" \/>\n<meta property=\"og:image\" content=\"https:\/\/theplayoffs.news\/fr\/wp-content\/uploads\/2025\/01\/USATSI_24886682.jpg\" \/>\n\t<meta property=\"og:image:width\" content=\"1920\" \/>\n\t<meta property=\"og:image:height\" content=\"1277\" \/>\n\t<meta property=\"og:image:type\" content=\"image\/jpeg\" \/>\n<meta name=\"author\" content=\"La r\u00e9daction\" \/>\n<meta name=\"twitter:card\" content=\"summary_large_image\" \/>\n<meta name=\"twitter:creator\" content=\"@TheFreeAgentFR\" \/>\n<meta name=\"twitter:site\" content=\"@TheFreeAgentFR\" \/>\n<meta name=\"twitter:label1\" content=\"\u00c9crit par\" \/>\n\t<meta name=\"twitter:data1\" content=\"La r\u00e9daction\" \/>\n\t<meta name=\"twitter:label2\" content=\"Dur\u00e9e de lecture estim\u00e9e\" \/>\n\t<meta name=\"twitter:data2\" content=\"2 minutes\" \/>\n<script type=\"application\/ld+json\" class=\"yoast-schema-graph\">{\"@context\":\"https:\/\/schema.org\",\"@graph\":[{\"@type\":\"WebPage\",\"@id\":\"https:\/\/theplayoffs.news\/fr\/nfl\/trevor-lawrence-espere-un-jeune-coordinateur-offensif-pour-les-jaguars\/\",\"url\":\"https:\/\/theplayoffs.news\/fr\/nfl\/trevor-lawrence-espere-un-jeune-coordinateur-offensif-pour-les-jaguars\/\",\"name\":\"Trevor Lawrence esp\u00e8re un \u00ab jeune coordinateur offensif \u00bb pour les Jaguars - The Playoffs FR\",\"isPartOf\":{\"@id\":\"https:\/\/theplayoffs.news\/fr\/#website\"},\"primaryImageOfPage\":{\"@id\":\"https:\/\/theplayoffs.news\/fr\/nfl\/trevor-lawrence-espere-un-jeune-coordinateur-offensif-pour-les-jaguars\/#primaryimage\"},\"image\":{\"@id\":\"https:\/\/theplayoffs.news\/fr\/nfl\/trevor-lawrence-espere-un-jeune-coordinateur-offensif-pour-les-jaguars\/#primaryimage\"},\"thumbnailUrl\":\"https:\/\/theplayoffs.news\/fr\/wp-content\/uploads\/2025\/01\/USATSI_24886682.jpg\",\"datePublished\":\"2025-01-16T17:14:02+00:00\",\"dateModified\":\"2025-01-16T17:14:02+00:00\",\"author\":{\"@id\":\"https:\/\/theplayoffs.news\/fr\/#\/schema\/person\/bb40426f4e478f9bd8cdbfeb4f2f9784\"},\"breadcrumb\":{\"@id\":\"https:\/\/theplayoffs.news\/fr\/nfl\/trevor-lawrence-espere-un-jeune-coordinateur-offensif-pour-les-jaguars\/#breadcrumb\"},\"inLanguage\":\"fr-FR\",\"potentialAction\":[{\"@type\":\"ReadAction\",\"target\":[\"https:\/\/theplayoffs.news\/fr\/nfl\/trevor-lawrence-espere-un-jeune-coordinateur-offensif-pour-les-jaguars\/\"]}]},{\"@type\":\"ImageObject\",\"inLanguage\":\"fr-FR\",\"@id\":\"https:\/\/theplayoffs.news\/fr\/nfl\/trevor-lawrence-espere-un-jeune-coordinateur-offensif-pour-les-jaguars\/#primaryimage\",\"url\":\"https:\/\/theplayoffs.news\/fr\/wp-content\/uploads\/2025\/01\/USATSI_24886682.jpg\",\"contentUrl\":\"https:\/\/theplayoffs.news\/fr\/wp-content\/uploads\/2025\/01\/USATSI_24886682.jpg\",\"width\":1920,\"height\":1277,\"caption\":\"Jacksonville Jaguars quarterback Trevor Lawrence (16) warms up before an NFL football matchup Sunday, Dec. 1, 2024 at EverBank Stadium in Jacksonville, Fla. [Corey Perrine\/Florida Times-Union]\"},{\"@type\":\"BreadcrumbList\",\"@id\":\"https:\/\/theplayoffs.news\/fr\/nfl\/trevor-lawrence-espere-un-jeune-coordinateur-offensif-pour-les-jaguars\/#breadcrumb\",\"itemListElement\":[{\"@type\":\"ListItem\",\"position\":1,\"name\":\"Accueil\",\"item\":\"https:\/\/theplayoffs.news\/fr\/\"},{\"@type\":\"ListItem\",\"position\":2,\"name\":\"Trevor Lawrence esp\u00e8re un \u00ab jeune coordinateur offensif \u00bb pour les Jaguars\"}]},{\"@type\":\"WebSite\",\"@id\":\"https:\/\/theplayoffs.news\/fr\/#website\",\"url\":\"https:\/\/theplayoffs.news\/fr\/\",\"name\":\"The Playoffs FR\",\"description\":\"NBA-NFL-NHL-MLB\",\"potentialAction\":[{\"@type\":\"SearchAction\",\"target\":{\"@type\":\"EntryPoint\",\"urlTemplate\":\"https:\/\/theplayoffs.news\/fr\/?s={search_term_string}\"},\"query-input\":{\"@type\":\"PropertyValueSpecification\",\"valueRequired\":true,\"valueName\":\"search_term_string\"}}],\"inLanguage\":\"fr-FR\"},{\"@type\":\"Person\",\"@id\":\"https:\/\/theplayoffs.news\/fr\/#\/schema\/person\/bb40426f4e478f9bd8cdbfeb4f2f9784\",\"name\":\"La r\u00e9daction\",\"image\":{\"@type\":\"ImageObject\",\"inLanguage\":\"fr-FR\",\"@id\":\"https:\/\/theplayoffs.news\/fr\/#\/schema\/person\/image\/\",\"url\":\"https:\/\/secure.gravatar.com\/avatar\/7e69b41460ab2c17d61c8c364b6a0ee006f957a70191383ef42be1f4733d6515?s=96&d=mm&r=g\",\"contentUrl\":\"https:\/\/secure.gravatar.com\/avatar\/7e69b41460ab2c17d61c8c364b6a0ee006f957a70191383ef42be1f4733d6515?s=96&d=mm&r=g\",\"caption\":\"La r\u00e9daction\"},\"description\":\"On dit qu\\\\'il faut un village pour s\\\\'occuper d\\\\'un enfant. Et bien c\\\\'est exactement ce dont il s\\\\'agit ici pour The Playoffs. La r\u00e9daction, ce sont vos r\u00e9dacteurs pr\u00e9f\u00e9r\u00e9s qui collaborent sur ces articles que vous lisez au quotidien.\u00a0\",\"url\":\"https:\/\/theplayoffs.news\/fr\/author\/freeagentfr\/\"}]}<\/script>\n<!-- \/ Yoast SEO plugin. -->","yoast_head_json":{"title":"Trevor Lawrence esp&egrave;re un &laquo; jeune coordinateur offensif &raquo; pour les Jaguars - The Playoffs FR","robots":{"index":"index","follow":"follow","max-snippet":"max-snippet:-1","max-image-preview":"max-image-preview:large","max-video-preview":"max-video-preview:-1"},"canonical":"https:\/\/theplayoffs.news\/fr\/nfl\/trevor-lawrence-espere-un-jeune-coordinateur-offensif-pour-les-jaguars\/","og_locale":"fr_FR","og_type":"article","og_title":"Trevor Lawrence esp&egrave;re un &laquo; jeune coordinateur offensif &raquo; pour les Jaguars - The Playoffs FR","og_url":"https:\/\/theplayoffs.news\/fr\/nfl\/trevor-lawrence-espere-un-jeune-coordinateur-offensif-pour-les-jaguars\/","og_site_name":"The Playoffs FR","article_publisher":"https:\/\/www.facebook.com\/TheFreeAgentFR\/","og_image":[{"width":1920,"height":1277,"url":"https:\/\/theplayoffs.news\/fr\/wp-content\/uploads\/2025\/01\/USATSI_24886682.jpg","type":"image\/jpeg"}],"author":"La r\u00e9daction","twitter_card":"summary_large_image","twitter_creator":"@TheFreeAgentFR","twitter_site":"@TheFreeAgentFR","twitter_misc":{"\u00c9crit par":"La r\u00e9daction","Dur\u00e9e de lecture estim\u00e9e":"2 minutes"},"schema":{"@context":"https:\/\/schema.org","@graph":[{"@type":"WebPage","@id":"https:\/\/theplayoffs.news\/fr\/nfl\/trevor-lawrence-espere-un-jeune-coordinateur-offensif-pour-les-jaguars\/","url":"https:\/\/theplayoffs.news\/fr\/nfl\/trevor-lawrence-espere-un-jeune-coordinateur-offensif-pour-les-jaguars\/","name":"Trevor Lawrence esp\u00e8re un \u00ab jeune coordinateur offensif \u00bb pour les Jaguars - The Playoffs FR","isPartOf":{"@id":"https:\/\/theplayoffs.news\/fr\/#website"},"primaryImageOfPage":{"@id":"https:\/\/theplayoffs.news\/fr\/nfl\/trevor-lawrence-espere-un-jeune-coordinateur-offensif-pour-les-jaguars\/#primaryimage"},"image":{"@id":"https:\/\/theplayoffs.news\/fr\/nfl\/trevor-lawrence-espere-un-jeune-coordinateur-offensif-pour-les-jaguars\/#primaryimage"},"thumbnailUrl":"https:\/\/theplayoffs.news\/fr\/wp-content\/uploads\/2025\/01\/USATSI_24886682.jpg","datePublished":"2025-01-16T17:14:02+00:00","dateModified":"2025-01-16T17:14:02+00:00","author":{"@id":"https:\/\/theplayoffs.news\/fr\/#\/schema\/person\/bb40426f4e478f9bd8cdbfeb4f2f9784"},"breadcrumb":{"@id":"https:\/\/theplayoffs.news\/fr\/nfl\/trevor-lawrence-espere-un-jeune-coordinateur-offensif-pour-les-jaguars\/#breadcrumb"},"inLanguage":"fr-FR","potentialAction":[{"@type":"ReadAction","target":["https:\/\/theplayoffs.news\/fr\/nfl\/trevor-lawrence-espere-un-jeune-coordinateur-offensif-pour-les-jaguars\/"]}]},{"@type":"ImageObject","inLanguage":"fr-FR","@id":"https:\/\/theplayoffs.news\/fr\/nfl\/trevor-lawrence-espere-un-jeune-coordinateur-offensif-pour-les-jaguars\/#primaryimage","url":"https:\/\/theplayoffs.news\/fr\/wp-content\/uploads\/2025\/01\/USATSI_24886682.jpg","contentUrl":"https:\/\/theplayoffs.news\/fr\/wp-content\/uploads\/2025\/01\/USATSI_24886682.jpg","width":1920,"height":1277,"caption":"Jacksonville Jaguars quarterback Trevor Lawrence (16) warms up before an NFL football matchup Sunday, Dec. 1, 2024 at EverBank Stadium in Jacksonville, Fla. [Corey Perrine\/Florida Times-Union]"},{"@type":"BreadcrumbList","@id":"https:\/\/theplayoffs.news\/fr\/nfl\/trevor-lawrence-espere-un-jeune-coordinateur-offensif-pour-les-jaguars\/#breadcrumb","itemListElement":[{"@type":"ListItem","position":1,"name":"Accueil","item":"https:\/\/theplayoffs.news\/fr\/"},{"@type":"ListItem","position":2,"name":"Trevor Lawrence esp\u00e8re un \u00ab jeune coordinateur offensif \u00bb pour les Jaguars"}]},{"@type":"WebSite","@id":"https:\/\/theplayoffs.news\/fr\/#website","url":"https:\/\/theplayoffs.news\/fr\/","name":"The Playoffs FR","description":"NBA-NFL-NHL-MLB","potentialAction":[{"@type":"SearchAction","target":{"@type":"EntryPoint","urlTemplate":"https:\/\/theplayoffs.news\/fr\/?s={search_term_string}"},"query-input":{"@type":"PropertyValueSpecification","valueRequired":true,"valueName":"search_term_string"}}],"inLanguage":"fr-FR"},{"@type":"Person","@id":"https:\/\/theplayoffs.news\/fr\/#\/schema\/person\/bb40426f4e478f9bd8cdbfeb4f2f9784","name":"La r\u00e9daction","image":{"@type":"ImageObject","inLanguage":"fr-FR","@id":"https:\/\/theplayoffs.news\/fr\/#\/schema\/person\/image\/","url":"https:\/\/secure.gravatar.com\/avatar\/7e69b41460ab2c17d61c8c364b6a0ee006f957a70191383ef42be1f4733d6515?s=96&d=mm&r=g","contentUrl":"https:\/\/secure.gravatar.com\/avatar\/7e69b41460ab2c17d61c8c364b6a0ee006f957a70191383ef42be1f4733d6515?s=96&d=mm&r=g","caption":"La r\u00e9daction"},"description":"On dit qu\\'il faut un village pour s\\'occuper d\\'un enfant. Et bien c\\'est exactement ce dont il s\\'agit ici pour The Playoffs. La r\u00e9daction, ce sont vos r\u00e9dacteurs pr\u00e9f\u00e9r\u00e9s qui collaborent sur ces articles que vous lisez au quotidien.\u00a0","url":"https:\/\/theplayoffs.news\/fr\/author\/freeagentfr\/"}]}},"_links":{"self":[{"href":"https:\/\/theplayoffs.news\/fr\/wp-json\/wp\/v2\/posts\/1474875","targetHints":{"allow":["GET"]}}],"collection":[{"href":"https:\/\/theplayoffs.news\/fr\/wp-json\/wp\/v2\/posts"}],"about":[{"href":"https:\/\/theplayoffs.news\/fr\/wp-json\/wp\/v2\/types\/post"}],"author":[{"embeddable":true,"href":"https:\/\/theplayoffs.news\/fr\/wp-json\/wp\/v2\/users\/180309799"}],"replies":[{"embeddable":true,"href":"https:\/\/theplayoffs.news\/fr\/wp-json\/wp\/v2\/comments?post=1474875"}],"version-history":[{"count":3,"href":"https:\/\/theplayoffs.news\/fr\/wp-json\/wp\/v2\/posts\/1474875\/revisions"}],"predecessor-version":[{"id":1474879,"href":"https:\/\/theplayoffs.news\/fr\/wp-json\/wp\/v2\/posts\/1474875\/revisions\/1474879"}],"wp:featuredmedia":[{"embeddable":true,"href":"https:\/\/theplayoffs.news\/fr\/wp-json\/wp\/v2\/media\/1474876"}],"wp:attachment":[{"href":"https:\/\/theplayoffs.news\/fr\/wp-json\/wp\/v2\/media?parent=1474875"}],"wp:term":[{"taxonomy":"category","embeddable":true,"href":"https:\/\/theplayoffs.news\/fr\/wp-json\/wp\/v2\/categories?post=1474875"},{"taxonomy":"post_tag","embeddable":true,"href":"https:\/\/theplayoffs.news\/fr\/wp-json\/wp\/v2\/tags?post=1474875"},{"taxonomy":"sport","embeddable":true,"href":"https:\/\/theplayoffs.news\/fr\/wp-json\/wp\/v2\/sport?post=1474875"},{"taxonomy":"saison","embeddable":true,"href":"https:\/\/theplayoffs.news\/fr\/wp-json\/wp\/v2\/saison?post=1474875"}],"curies":[{"name":"wp","href":"https:\/\/api.w.org\/{rel}","templated":true}]}}