{"id":1474834,"date":"2025-01-16T11:18:10","date_gmt":"2025-01-16T10:18:10","guid":{"rendered":"https:\/\/theplayoffs.news\/fr\/?p=1474834"},"modified":"2025-01-16T10:41:49","modified_gmt":"2025-01-16T09:41:49","slug":"eli-manning-doit-il-entre-des-2025","status":"publish","type":"post","link":"https:\/\/theplayoffs.news\/fr\/actualite-nfl\/eli-manning-doit-il-entre-des-2025\/","title":{"rendered":"Hall of Fame: Eli Manning doit-il entr\u00e9 au Hall of Fame d\u00e8s 2025?"},"content":{"rendered":"<h2>NFL &ndash; La candidature d&rsquo;Eli Manning pour entrer au Hall of Fame NFL d&egrave;s sa premi&egrave;re ann&eacute;e d&rsquo;&eacute;ligibilit&eacute; ne semble pas faire l&rsquo;unanimit&eacute;.<\/h2><p>Le cas d&rsquo;Eli Manning n&rsquo;est pas le cas le plus simple &agrave; trancher pour le coll&egrave;ge de votants charg&eacute; tous les ans d&rsquo;&eacute;lire les meilleurs joueurs de football am&eacute;ricain pour entrer dans le <a href=\"https:\/\/theplayoffs.news\/fr\/nfl\/quest-ce-que-le-nfl-hall-of-fame-game\/\" class=\"trk-cta-link\" data-cta-trk='{\"ctaType\":\"Link\",\"ctaSubType\":\"main\"}'>Hall of Fame de la NFL<\/a>. Alors que les 50 votants se retrouveront bient&ocirc;t pour &eacute;lire les nouveaux visages qui entreront dans le temple de la Renomm&eacute;e de la NFL, qui est bas&eacute; &agrave; Canton dans l&rsquo;Ohio, la candidature d&rsquo;Eli Manning semble quelque peu d&eacute;licate &agrave; consid&eacute;rer. Explications!<\/p><h3>Eli Manning ou l&rsquo;ambigu&iuml;t&eacute; des statistiques<\/h3><p>D&rsquo;apr&egrave;s le New York Post, de nombreuses discussions devraient avoir lieu ces prochains jours concernant la candidature d&rsquo;Eli Manning pour entrer d&egrave;s sa premi&egrave;re ann&eacute;e d&rsquo;&eacute;ligibilit&eacute; au Hall of Fame. Des discussions vives qui sont sans doute dues &agrave; un parcours assez atypique de l&rsquo;ancien quarterback des New York Giants.<\/p><p>\n<div id=\"attachment_1474850\" style=\"width: 310px\" class=\"wp-caption aligncenter\"><img loading=\"lazy\" decoding=\"async\" aria-describedby=\"caption-attachment-1474850\" class=\"size-medium wp-image-1474850\" src=\"https:\/\/theplayoffs.news\/fr\/wp-content\/uploads\/2025\/01\/USATSI_23525086-300x200.jpg\" alt=\"Eli Manning\" width=\"300\" height=\"200\" srcset=\"https:\/\/theplayoffs.news\/fr\/wp-content\/uploads\/2025\/01\/USATSI_23525086-300x200.jpg 300w, https:\/\/theplayoffs.news\/fr\/wp-content\/uploads\/2025\/01\/USATSI_23525086-1030x687.jpg 1030w, https:\/\/theplayoffs.news\/fr\/wp-content\/uploads\/2025\/01\/USATSI_23525086-768x512.jpg 768w, https:\/\/theplayoffs.news\/fr\/wp-content\/uploads\/2025\/01\/USATSI_23525086-1320x880.jpg 1320w, https:\/\/theplayoffs.news\/fr\/wp-content\/uploads\/2025\/01\/USATSI_23525086.jpg 1920w\" sizes=\"auto, (max-width: 300px) 100vw, 300px\" \/><p id=\"caption-attachment-1474850\" class=\"wp-caption-text\">&copy; Chris Pedota \/ USA TODAY NETWORK<\/p><\/div>\n<\/p><p>Forc&eacute;ment, si Eli Manning fait partie des finalistes pour &ecirc;tre &eacute;lu au Hall of Fame c&rsquo;est parce qu&rsquo;il a accompli de grandes choses pendant sa carri&egrave;re NFL! Petit rappel des faits pour les plus jeunes d&rsquo;entre nous: Manning a conduit les New York Giants a deux victoires au Super Bowl notamment celle lors du Super Bowl XLII qui prive les New England Patriots d&rsquo;une saison parfaite. Manning sera &eacute;galement &eacute;lu 4 fois au Pro Bowl et deux fois MVP du Super Bowl lors de ces deux victoires. Des victoires qui doivent entrer en ligne de compte pour certains votants:<\/p><blockquote><p>&laquo;&nbsp;Le fait qu&rsquo;Eli Manning ait r&eacute;ussi &agrave; battre la dynastie des Patriots est important &agrave; mes yeux&nbsp;&raquo; <a href=\"https:\/\/nypost.com\/2025\/01\/11\/sports\/hall-of-fame-voters-expect-fireworks-in-complex-eli-manning-debate\/\" class=\"trk-cta-link\" data-cta-trk='{\"ctaType\":\"Link\",\"ctaSubType\":\"main\"}'>avance Sal Paolantonio d&rsquo;ESPN<\/a>, l&rsquo;un des participants au vote pour le Hall of Fame. &laquo;&nbsp;Pour moi, il doit &ecirc;tre &eacute;lu et cela d&egrave;s sa premi&egrave;re ann&eacute;e d&rsquo;&eacute;ligibilit&eacute;.&nbsp;&raquo;<\/p><\/blockquote><p>Mais d&rsquo;un autre c&ocirc;t&eacute;, la carri&egrave;re d&rsquo;Eli Manning fut aussi marqu&eacute;e par des creux et un manque de reconnaissance au niveau des troph&eacute;es individuels. Pendant ses 16 ann&eacute;es de carri&egrave;re chez les New York Giants, Manning n&rsquo;a &eacute;t&eacute; &eacute;lu que 4 fois au Pro Bowl et n&rsquo;a jamais eu de titre de MVP en saison r&eacute;guli&egrave;re. Il ne fait pas partie non plus du top 10 de tous les temps en nombre de touchdowns lanc&eacute;s ou de yards &agrave; la passe. Enfin son &eacute;valuation moyenne sur sa carri&egrave;re de seulement 84.1 montre qu&rsquo;il ne fut pas toujours r&eacute;gulier dans l&rsquo;excellence.<\/p><p>Tant de donn&eacute;es qui font aujourd&rsquo;hui h&eacute;siter bon nombre de votants sur la capacit&eacute; d&rsquo;Eli Manning de rejoindre le Hall of Fame d&egrave;s sa premi&egrave;re ann&eacute;e d&rsquo;&eacute;ligibilit&eacute;.<\/p><h3>Eli Manning: &eacute;lu au Hall of Fame d&egrave;s sa premi&egrave;re ann&eacute;e?<\/h3><p>Car il s&rsquo;agit bien l&agrave; du fond du probl&egrave;me. Si certaines personnes consid&egrave;rent qu&rsquo;Eli Manning n&rsquo;a rien &agrave; faire au Hall of Fame de la NFL, beaucoup de gens plus raisonnables pensent qu&rsquo;il y arrivera t&ocirc;t ou tard. La question est donc principalement de savoir si l&rsquo;ancien quarterback des New York Giants doit &ecirc;tre &eacute;lu d&egrave;s sa premi&egrave;re ann&eacute;e d&rsquo;&eacute;ligibilit&eacute; au Hall of Fame, un honneur reserv&eacute; &agrave; un cercle tr&egrave;s ferm&eacute; d&rsquo;anciens joueurs NFL comme le rappelle Rick Gosselin, un autre votant pour l&rsquo;entr&eacute;e au Hall of Fame:<\/p><blockquote><p>&laquo;&nbsp;Je vais vous para&icirc;tre tr&egrave;s extr&ecirc;me sur ce point mais pour moi l&rsquo;entr&eacute;e d&egrave;s la premi&egrave;re ann&eacute;e d&rsquo;&eacute;ligibilit&eacute; doit &ecirc;tre reserv&eacute;e &agrave; l&rsquo;&eacute;lite! On parle de gens comme Jim Brown, Lawrence Taylor, Jerry Rice, Reggie White. Un petit nombre de personnes qui ont r&eacute;volutionn&eacute; la NFL. Il faut faire la diff&eacute;rence entre les grands joueurs et les tr&egrave;s grands joueurs&nbsp;&raquo; affirme Rick Gosselin. &laquo;&nbsp;Pour moi, Manning est un grand joueur pas un tr&egrave;s grand!&nbsp;&raquo;<\/p><\/blockquote><p>Faire la diff&eacute;rence entre les grands joueurs et les tr&egrave;s grands joueurs, voil&agrave; donc pr&eacute;cis&eacute;ment &agrave; quoi sert la premi&egrave;re ann&eacute;e d&rsquo;&eacute;ligibilit&eacute;. Pour rappel, le joueur doit &ecirc;tre s&eacute;lectionn&eacute; par 80% des votants pour entr&eacute;e au Hall of Fame. Les discussions s&rsquo;annoncent donc vives concernant le cas d&rsquo;Eli Manning pour savoir s&rsquo;il pourra rejoindre la cat&eacute;gorie des tr&egrave;s grands joueurs de la NFL. Pour l&rsquo;&eacute;ternit&eacute;&hellip;<\/p><p><em>Cr&eacute;dit photo: &copy; Brad Penner-Imagn Images<\/em><\/p>\n","protected":false},"excerpt":{"rendered":"","protected":false},"author":180309964,"featured_media":1474836,"comment_status":"open","ping_status":"closed","sticky":false,"template":"","format":"standard","meta":{"inline_featured_image":false,"kia_subtitle":"","_mux_skip_reasons":[],"proofreadBy":0,"footnotes":""},"categories":[118,40],"tags":[],"sport":[2785],"saison":[6111],"class_list":["post-1474834","post","type-post","status-publish","format-standard","has-post-thumbnail","hentry","category-actualite-nfl","category-nfl","sport-nfl","saison-6111"],"acf":[],"yoast_head":"<!-- This site is optimized with the Yoast SEO plugin v24.2 - https:\/\/yoast.com\/wordpress\/plugins\/seo\/ -->\n<title>Hall of Fame: Eli Manning doit-il entr&eacute; au Hall of Fame d&egrave;s 2025? - The Playoffs FR<\/title>\n<meta name=\"robots\" content=\"index, follow, max-snippet:-1, max-image-preview:large, max-video-preview:-1\" \/>\n<link rel=\"canonical\" href=\"https:\/\/theplayoffs.news\/fr\/actualite-nfl\/eli-manning-doit-il-entre-des-2025\/\" \/>\n<meta property=\"og:locale\" content=\"fr_FR\" \/>\n<meta property=\"og:type\" content=\"article\" \/>\n<meta property=\"og:title\" content=\"Hall of Fame: Eli Manning doit-il entr&eacute; au Hall of Fame d&egrave;s 2025? - The Playoffs FR\" \/>\n<meta property=\"og:url\" content=\"https:\/\/theplayoffs.news\/fr\/actualite-nfl\/eli-manning-doit-il-entre-des-2025\/\" \/>\n<meta property=\"og:site_name\" content=\"The Playoffs FR\" \/>\n<meta property=\"article:publisher\" content=\"https:\/\/www.facebook.com\/TheFreeAgentFR\/\" \/>\n<meta property=\"article:modified_time\" content=\"2025-01-16T11:18:10+01:00\" \/>\n<meta property=\"og:image\" content=\"https:\/\/theplayoffs.news\/fr\/wp-content\/uploads\/2025\/01\/USATSI_24485150.jpg\" \/>\n\t<meta property=\"og:image:width\" content=\"1920\" \/>\n\t<meta property=\"og:image:height\" content=\"1280\" \/>\n\t<meta property=\"og:image:type\" content=\"image\/jpeg\" \/>\n<meta name=\"author\" content=\"Flavien Jumeau\" \/>\n<meta name=\"twitter:card\" content=\"summary_large_image\" \/>\n<meta name=\"twitter:creator\" content=\"@TheFreeAgentFR\" \/>\n<meta name=\"twitter:site\" content=\"@TheFreeAgentFR\" \/>\n<meta name=\"twitter:label1\" content=\"\u00c9crit par\" \/>\n\t<meta name=\"twitter:data1\" content=\"Flavien Jumeau\" \/>\n\t<meta name=\"twitter:label2\" content=\"Dur\u00e9e de lecture estim\u00e9e\" \/>\n\t<meta name=\"twitter:data2\" content=\"4 minutes\" \/>\n<script type=\"application\/ld+json\" class=\"yoast-schema-graph\">{\"@context\":\"https:\/\/schema.org\",\"@graph\":[{\"@type\":\"WebPage\",\"@id\":\"https:\/\/theplayoffs.news\/fr\/actualite-nfl\/eli-manning-doit-il-entre-des-2025\/\",\"url\":\"https:\/\/theplayoffs.news\/fr\/actualite-nfl\/eli-manning-doit-il-entre-des-2025\/\",\"name\":\"Hall of Fame: Eli Manning doit-il entr\u00e9 au Hall of Fame d\u00e8s 2025? - The Playoffs FR\",\"isPartOf\":{\"@id\":\"https:\/\/theplayoffs.news\/fr\/#website\"},\"primaryImageOfPage\":{\"@id\":\"https:\/\/theplayoffs.news\/fr\/actualite-nfl\/eli-manning-doit-il-entre-des-2025\/#primaryimage\"},\"image\":{\"@id\":\"https:\/\/theplayoffs.news\/fr\/actualite-nfl\/eli-manning-doit-il-entre-des-2025\/#primaryimage\"},\"thumbnailUrl\":\"https:\/\/theplayoffs.news\/fr\/wp-content\/uploads\/2025\/01\/USATSI_24485150.jpg\",\"datePublished\":\"2025-01-16T10:18:10+00:00\",\"dateModified\":\"2025-01-16T11:18:10+01:00\",\"author\":{\"@id\":\"https:\/\/theplayoffs.news\/fr\/#\/schema\/person\/def63bc6746dc5957469b75feb99e66d\"},\"breadcrumb\":{\"@id\":\"https:\/\/theplayoffs.news\/fr\/actualite-nfl\/eli-manning-doit-il-entre-des-2025\/#breadcrumb\"},\"inLanguage\":\"fr-FR\",\"potentialAction\":[{\"@type\":\"ReadAction\",\"target\":[\"https:\/\/theplayoffs.news\/fr\/actualite-nfl\/eli-manning-doit-il-entre-des-2025\/\"]}]},{\"@type\":\"ImageObject\",\"inLanguage\":\"fr-FR\",\"@id\":\"https:\/\/theplayoffs.news\/fr\/actualite-nfl\/eli-manning-doit-il-entre-des-2025\/#primaryimage\",\"url\":\"https:\/\/theplayoffs.news\/fr\/wp-content\/uploads\/2025\/01\/USATSI_24485150.jpg\",\"contentUrl\":\"https:\/\/theplayoffs.news\/fr\/wp-content\/uploads\/2025\/01\/USATSI_24485150.jpg\",\"width\":1920,\"height\":1280,\"caption\":\"Oct 13, 2024; East Rutherford, New Jersey, USA; New York Giants former quarterback Eli Manning on the field before a game against the Cincinnati Bengals at MetLife Stadium. Mandatory Credit: Brad Penner-Imagn Images\"},{\"@type\":\"BreadcrumbList\",\"@id\":\"https:\/\/theplayoffs.news\/fr\/actualite-nfl\/eli-manning-doit-il-entre-des-2025\/#breadcrumb\",\"itemListElement\":[{\"@type\":\"ListItem\",\"position\":1,\"name\":\"Accueil\",\"item\":\"https:\/\/theplayoffs.news\/fr\/\"},{\"@type\":\"ListItem\",\"position\":2,\"name\":\"Hall of Fame: Eli Manning doit-il entr\u00e9 au Hall of Fame d\u00e8s 2025?\"}]},{\"@type\":\"WebSite\",\"@id\":\"https:\/\/theplayoffs.news\/fr\/#website\",\"url\":\"https:\/\/theplayoffs.news\/fr\/\",\"name\":\"The Playoffs FR\",\"description\":\"NBA-NFL-NHL-MLB\",\"potentialAction\":[{\"@type\":\"SearchAction\",\"target\":{\"@type\":\"EntryPoint\",\"urlTemplate\":\"https:\/\/theplayoffs.news\/fr\/?s={search_term_string}\"},\"query-input\":{\"@type\":\"PropertyValueSpecification\",\"valueRequired\":true,\"valueName\":\"search_term_string\"}}],\"inLanguage\":\"fr-FR\"},{\"@type\":\"Person\",\"@id\":\"https:\/\/theplayoffs.news\/fr\/#\/schema\/person\/def63bc6746dc5957469b75feb99e66d\",\"name\":\"Flavien Jumeau\",\"image\":{\"@type\":\"ImageObject\",\"inLanguage\":\"fr-FR\",\"@id\":\"https:\/\/theplayoffs.news\/fr\/#\/schema\/person\/image\/\",\"url\":\"https:\/\/secure.gravatar.com\/avatar\/e7fa8ba5a4b7e4ce35fe152f083f352db28ad0acce692004ed88a7a7d78893f7?s=96&d=mm&r=g\",\"contentUrl\":\"https:\/\/secure.gravatar.com\/avatar\/e7fa8ba5a4b7e4ce35fe152f083f352db28ad0acce692004ed88a7a7d78893f7?s=96&d=mm&r=g\",\"caption\":\"Flavien Jumeau\"},\"description\":\"Amoureux du sport (et de vraiment tous les sports) depuis mon plus jeune \u00e2ge, j\u2019ai longtemps h\u00e9site entre le snooker et le curling. Finalement c\u2019est le foot US que j\u2019ai d\u00e9cid\u00e9 de choisir! Responsable foot US sur TPO et animateur du podcast Tailgate j\u2019ai pour mission de vous faire d\u00e9couvrir ce sport passionnant si ce n\u2019est pas encore fait et de vous donner les derni\u00e8res actus. Le tout dans la bonne humeur et avec toujours un jeu de mots ou deux savamment distill\u00e9s! Fan des Saints, pour moi Drew Brees est le vrai GOAT!\",\"url\":\"https:\/\/theplayoffs.news\/fr\/author\/flavien-jumeaugmail-com\/\"}]}<\/script>\n<!-- \/ Yoast SEO plugin. -->","yoast_head_json":{"title":"Hall of Fame: Eli Manning doit-il entr&eacute; au Hall of Fame d&egrave;s 2025? - The Playoffs FR","robots":{"index":"index","follow":"follow","max-snippet":"max-snippet:-1","max-image-preview":"max-image-preview:large","max-video-preview":"max-video-preview:-1"},"canonical":"https:\/\/theplayoffs.news\/fr\/actualite-nfl\/eli-manning-doit-il-entre-des-2025\/","og_locale":"fr_FR","og_type":"article","og_title":"Hall of Fame: Eli Manning doit-il entr&eacute; au Hall of Fame d&egrave;s 2025? - The Playoffs FR","og_url":"https:\/\/theplayoffs.news\/fr\/actualite-nfl\/eli-manning-doit-il-entre-des-2025\/","og_site_name":"The Playoffs FR","article_publisher":"https:\/\/www.facebook.com\/TheFreeAgentFR\/","article_modified_time":"2025-01-16T09:41:49+00:00","og_image":[{"width":1920,"height":1280,"url":"https:\/\/theplayoffs.news\/fr\/wp-content\/uploads\/2025\/01\/USATSI_24485150.jpg","type":"image\/jpeg"}],"author":"Flavien Jumeau","twitter_card":"summary_large_image","twitter_creator":"@TheFreeAgentFR","twitter_site":"@TheFreeAgentFR","twitter_misc":{"\u00c9crit par":"Flavien Jumeau","Dur\u00e9e de lecture estim\u00e9e":"4 minutes"},"schema":{"@context":"https:\/\/schema.org","@graph":[{"@type":"WebPage","@id":"https:\/\/theplayoffs.news\/fr\/actualite-nfl\/eli-manning-doit-il-entre-des-2025\/","url":"https:\/\/theplayoffs.news\/fr\/actualite-nfl\/eli-manning-doit-il-entre-des-2025\/","name":"Hall of Fame: Eli Manning doit-il entr\u00e9 au Hall of Fame d\u00e8s 2025? - The Playoffs FR","isPartOf":{"@id":"https:\/\/theplayoffs.news\/fr\/#website"},"primaryImageOfPage":{"@id":"https:\/\/theplayoffs.news\/fr\/actualite-nfl\/eli-manning-doit-il-entre-des-2025\/#primaryimage"},"image":{"@id":"https:\/\/theplayoffs.news\/fr\/actualite-nfl\/eli-manning-doit-il-entre-des-2025\/#primaryimage"},"thumbnailUrl":"https:\/\/theplayoffs.news\/fr\/wp-content\/uploads\/2025\/01\/USATSI_24485150.jpg","datePublished":"2025-01-16T10:18:10+00:00","dateModified":"2025-01-16T11:18:10+01:00","author":{"@id":"https:\/\/theplayoffs.news\/fr\/#\/schema\/person\/def63bc6746dc5957469b75feb99e66d"},"breadcrumb":{"@id":"https:\/\/theplayoffs.news\/fr\/actualite-nfl\/eli-manning-doit-il-entre-des-2025\/#breadcrumb"},"inLanguage":"fr-FR","potentialAction":[{"@type":"ReadAction","target":["https:\/\/theplayoffs.news\/fr\/actualite-nfl\/eli-manning-doit-il-entre-des-2025\/"]}]},{"@type":"ImageObject","inLanguage":"fr-FR","@id":"https:\/\/theplayoffs.news\/fr\/actualite-nfl\/eli-manning-doit-il-entre-des-2025\/#primaryimage","url":"https:\/\/theplayoffs.news\/fr\/wp-content\/uploads\/2025\/01\/USATSI_24485150.jpg","contentUrl":"https:\/\/theplayoffs.news\/fr\/wp-content\/uploads\/2025\/01\/USATSI_24485150.jpg","width":1920,"height":1280,"caption":"Oct 13, 2024; East Rutherford, New Jersey, USA; New York Giants former quarterback Eli Manning on the field before a game against the Cincinnati Bengals at MetLife Stadium. Mandatory Credit: Brad Penner-Imagn Images"},{"@type":"BreadcrumbList","@id":"https:\/\/theplayoffs.news\/fr\/actualite-nfl\/eli-manning-doit-il-entre-des-2025\/#breadcrumb","itemListElement":[{"@type":"ListItem","position":1,"name":"Accueil","item":"https:\/\/theplayoffs.news\/fr\/"},{"@type":"ListItem","position":2,"name":"Hall of Fame: Eli Manning doit-il entr\u00e9 au Hall of Fame d\u00e8s 2025?"}]},{"@type":"WebSite","@id":"https:\/\/theplayoffs.news\/fr\/#website","url":"https:\/\/theplayoffs.news\/fr\/","name":"The Playoffs FR","description":"NBA-NFL-NHL-MLB","potentialAction":[{"@type":"SearchAction","target":{"@type":"EntryPoint","urlTemplate":"https:\/\/theplayoffs.news\/fr\/?s={search_term_string}"},"query-input":{"@type":"PropertyValueSpecification","valueRequired":true,"valueName":"search_term_string"}}],"inLanguage":"fr-FR"},{"@type":"Person","@id":"https:\/\/theplayoffs.news\/fr\/#\/schema\/person\/def63bc6746dc5957469b75feb99e66d","name":"Flavien Jumeau","image":{"@type":"ImageObject","inLanguage":"fr-FR","@id":"https:\/\/theplayoffs.news\/fr\/#\/schema\/person\/image\/","url":"https:\/\/secure.gravatar.com\/avatar\/e7fa8ba5a4b7e4ce35fe152f083f352db28ad0acce692004ed88a7a7d78893f7?s=96&d=mm&r=g","contentUrl":"https:\/\/secure.gravatar.com\/avatar\/e7fa8ba5a4b7e4ce35fe152f083f352db28ad0acce692004ed88a7a7d78893f7?s=96&d=mm&r=g","caption":"Flavien Jumeau"},"description":"Amoureux du sport (et de vraiment tous les sports) depuis mon plus jeune \u00e2ge, j\u2019ai longtemps h\u00e9site entre le snooker et le curling. Finalement c\u2019est le foot US que j\u2019ai d\u00e9cid\u00e9 de choisir! Responsable foot US sur TPO et animateur du podcast Tailgate j\u2019ai pour mission de vous faire d\u00e9couvrir ce sport passionnant si ce n\u2019est pas encore fait et de vous donner les derni\u00e8res actus. Le tout dans la bonne humeur et avec toujours un jeu de mots ou deux savamment distill\u00e9s! Fan des Saints, pour moi Drew Brees est le vrai GOAT!","url":"https:\/\/theplayoffs.news\/fr\/author\/flavien-jumeaugmail-com\/"}]}},"_links":{"self":[{"href":"https:\/\/theplayoffs.news\/fr\/wp-json\/wp\/v2\/posts\/1474834","targetHints":{"allow":["GET"]}}],"collection":[{"href":"https:\/\/theplayoffs.news\/fr\/wp-json\/wp\/v2\/posts"}],"about":[{"href":"https:\/\/theplayoffs.news\/fr\/wp-json\/wp\/v2\/types\/post"}],"author":[{"embeddable":true,"href":"https:\/\/theplayoffs.news\/fr\/wp-json\/wp\/v2\/users\/180309964"}],"replies":[{"embeddable":true,"href":"https:\/\/theplayoffs.news\/fr\/wp-json\/wp\/v2\/comments?post=1474834"}],"version-history":[{"count":2,"href":"https:\/\/theplayoffs.news\/fr\/wp-json\/wp\/v2\/posts\/1474834\/revisions"}],"predecessor-version":[{"id":1474852,"href":"https:\/\/theplayoffs.news\/fr\/wp-json\/wp\/v2\/posts\/1474834\/revisions\/1474852"}],"wp:featuredmedia":[{"embeddable":true,"href":"https:\/\/theplayoffs.news\/fr\/wp-json\/wp\/v2\/media\/1474836"}],"wp:attachment":[{"href":"https:\/\/theplayoffs.news\/fr\/wp-json\/wp\/v2\/media?parent=1474834"}],"wp:term":[{"taxonomy":"category","embeddable":true,"href":"https:\/\/theplayoffs.news\/fr\/wp-json\/wp\/v2\/categories?post=1474834"},{"taxonomy":"post_tag","embeddable":true,"href":"https:\/\/theplayoffs.news\/fr\/wp-json\/wp\/v2\/tags?post=1474834"},{"taxonomy":"sport","embeddable":true,"href":"https:\/\/theplayoffs.news\/fr\/wp-json\/wp\/v2\/sport?post=1474834"},{"taxonomy":"saison","embeddable":true,"href":"https:\/\/theplayoffs.news\/fr\/wp-json\/wp\/v2\/saison?post=1474834"}],"curies":[{"name":"wp","href":"https:\/\/api.w.org\/{rel}","templated":true}]}}