{"id":1474449,"date":"2025-01-13T15:06:30","date_gmt":"2025-01-13T14:06:30","guid":{"rendered":"https:\/\/theplayoffs.news\/fr\/?p=1474449"},"modified":"2025-01-13T15:06:30","modified_gmt":"2025-01-13T14:06:30","slug":"lakers-et-warriors-favoris-pour-recuperer-nikola-vucevic-avant-la-trade-deadline","status":"publish","type":"post","link":"https:\/\/theplayoffs.news\/fr\/actualite-nba\/lakers-et-warriors-favoris-pour-recuperer-nikola-vucevic-avant-la-trade-deadline\/","title":{"rendered":"Lakers et Warriors favoris pour r\u00e9cup\u00e9rer Nikola Vucevic avant la trade deadline ?"},"content":{"rendered":"<p>Alors que la date limite des transferts approche &agrave; grands pas en <a href=\"https:\/\/theplayoffs.news\/fr\/nba-basketball\/\" target=\"_blank\" rel=\"noopener\" class=\"trk-cta-link\" data-cta-trk='{\"ctaType\":\"Link\",\"ctaSubType\":\"main\"}'>NBA<\/a>, les rumeurs se multiplient dans toute la ligue autour de certains joueurs majeurs, parmi lesquels <a href=\"https:\/\/www.basketball-reference.com\/players\/v\/vucevni01.html\" target=\"_blank\" rel=\"nofollow noopener\" class=\"trk-cta-link\" data-cta-trk='{\"ctaType\":\"Link\",\"ctaSubType\":\"main\"}'>Nikola Vucevic<\/a>. Le double All-Star des Chicago Bulls (20,2 points, 10,1 rebonds et 3,3 assists cette saison) serait ainsi la cible prioritaire de deux grands noms de la conf&eacute;rence Ouest: les Lakers et les Warriors.<\/p><p>Selon Evan Sidery, journaliste sp&eacute;cialis&eacute; NBA pour <em>Forbes<\/em>, Los Angeles et Golden State disposent des moyens financiers et des contrats de joueurs n&eacute;cessaires pour int&eacute;grer le salaire annuel de 20 millions de dollars de Vucevic.<\/p><blockquote class=\"twitter-tweet\">\n<p dir=\"ltr\" lang=\"en\">The Lakers and Warriors are viewed as the strongest trade suitors for Nikola Vucevic.<\/p>\n<p>Both teams can match Vucevic&rsquo;s $20 million salary in talks with the Bulls utilizing various contracts.<\/p>\n<p>Chicago will likely have to end up settling for second-round draft capital on Vucevic. <a href=\"https:\/\/t.co\/Xc0hnbIT9Y\" class=\"trk-cta-link\" data-cta-trk='{\"ctaType\":\"Link\",\"ctaSubType\":\"main\"}'>pic.twitter.com\/Xc0hnbIT9Y<\/a><\/p>\n<p>&mdash; Evan Sidery (@esidery) <a href=\"https:\/\/twitter.com\/esidery\/status\/1878598842209464739?ref_src=twsrc%5Etfw\" class=\"trk-cta-link\" data-cta-trk='{\"ctaType\":\"Link\",\"ctaSubType\":\"main\"}'>January 13, 2025<\/a><\/p><\/blockquote><p><script async src=\"https:\/\/platform.twitter.com\/widgets.js\" charset=\"utf-8\"><\/script><\/p><h4>Les Chicago Bulls, entre ambition et reconstruction<\/h4><p>Les Bulls esp&egrave;rent encore d&eacute;crocher une place en playoffs cette saison. Cependant, ils pourraient choisir de se s&eacute;parer de Vucevic avant la date limite des transferts (6 f&eacute;vrier) pour renforcer leur effectif en vue de l&rsquo;avenir. S&eacute;lectionn&eacute; en sixi&egrave;me position lors de la Draft NBA 2011 par les Philadelphia 76ers, Vucevic a port&eacute; les couleurs du Magic avant de rejoindre Chicago en 2020.<\/p><p>Interrog&eacute; r&eacute;cemment par le <em>Chicago Tribune<\/em> sur les rumeurs de transfert, le pivot s&rsquo;est montr&eacute; philosophe : <em>&laquo; &Agrave; cette p&eacute;riode de l&rsquo;ann&eacute;e, cela fait partie du jeu. &raquo;<\/em> Habitu&eacute; &agrave; ce genre de sp&eacute;culations depuis son passage &agrave; Orlando, il a ajout&eacute; : <em>&laquo; Il ne faut pas se laisser distraire par tout &ccedil;a. J&rsquo;entends<\/em> <em>des rumeurs depuis des ann&eacute;es. Tout le monde a une opinion en ligne, et c&rsquo;est comme &ccedil;a que &ccedil;a fonctionne. &raquo;<\/em><\/p><h4>Pourquoi Nikola Vucevic serait un atout pr&eacute;cieux pour les Warriors ?<\/h4><p>Avec une moyenne de 20,2 points, 10,1 rebonds et 3,3 passes d&eacute;cisives par match, ainsi qu&rsquo;une adresse de 42,4 % &agrave; trois points, Vucevic pourrait significativement renforcer l&rsquo;effectif des Warriors. Apr&egrave;s un d&eacute;but de saison prometteur (12-3), Golden State traverse une p&eacute;riode difficile avec un bilan de 19-19 en milieu de saison.<\/p><p>L&rsquo;absence prolong&eacute;e de Jonathan Kuminga, bless&eacute; &agrave; la cheville, a laiss&eacute; les Warriors sans v&eacute;ritable menace offensive &agrave; l&rsquo;int&eacute;rieur. L&rsquo;arriv&eacute;e de Vucevic pourrait offrir une solution id&eacute;ale pour dynamiser leur attaque.<\/p><p><iframe loading=\"lazy\" title=\"Nikola Vucevic Highlight Mix! (Vol. 2 &bull; 2024-25 Season)\" width=\"500\" height=\"281\" src=\"https:\/\/www.youtube.com\/embed\/px-KBNk1zyM?feature=oembed\" frameborder=\"0\" allow=\"accelerometer; autoplay; clipboard-write; encrypted-media; gyroscope; picture-in-picture; web-share\" referrerpolicy=\"strict-origin-when-cross-origin\" allowfullscreen><\/iframe><\/p><p><a href=\"https:\/\/x.com\/BrettSiegelNBA\/status\/1877764201973686398\" target=\"_blank\" rel=\"noopener\" class=\"trk-cta-link\" data-cta-trk='{\"ctaType\":\"Link\",\"ctaSubType\":\"main\"}'>Brett Siegel<\/a> a r&eacute;cemment rapport&eacute; que Golden State cherche &agrave; renforcer son secteur int&eacute;rieur et a d&eacute;j&agrave; Vucevic en t&ecirc;te. Son apport offensif pourrait transformer le jeu des Warriors. Dans un sc&eacute;nario d&rsquo;&eacute;change, l&rsquo;&eacute;quipe pourrait c&eacute;der <a href=\"https:\/\/theplayoffs.news\/fr\/joueur\/buddy-hield-nba-5981968\/\" target=\"_blank\" rel=\"noopener\" class=\"trk-cta-link\" data-cta-trk='{\"ctaType\":\"Link\",\"ctaSubType\":\"main\"}'>Buddy Hield<\/a>, <strong>Gary Payton II<\/strong> et Trayce Jackson-Davis, ainsi que plusieurs choix de deuxi&egrave;me tour.<\/p><p>Gary Payton II a manqu&eacute; 107 matchs depuis le d&eacute;but de la saison 2022-2023, tandis que <strong>Trayce Jackson-Davis<\/strong> (8,8 points par match) peine &agrave; s&rsquo;imposer dans la raquette. De son c&ocirc;t&eacute;, Buddy Hield reste irr&eacute;gulier avec des moyennes de 12,4 points et 3,4 rebonds par match cette saison. Les Warriors alignent actuellement deux joueurs peu port&eacute;s sur l&rsquo;attaque, Draymond Green et Jackson-Davis, ce qui limite leur potentiel offensif.<\/p><p><strong>Lire aussi:<\/strong><\/p><p><a href=\"https:\/\/theplayoffs.news\/fr\/nba-basketball\/shai-gilgeous-alexander-pourrait-devenir-le-joueur-le-mieux-paye-de-la-nba-depassant-stephen-curry\/\" class=\"trk-cta-link\" data-cta-trk='{\"ctaType\":\"Link\",\"ctaSubType\":\"main\"}'>Shai Gilgeous-Alexander pourrait devenir le joueur le mieux pay&eacute; de la NBA d&eacute;passant Stephen Curry &ndash; The Free Agent<\/a><\/p><p><a href=\"https:\/\/theplayoffs.news\/fr\/nba-basketball\/cest-dingue-klay-thompson-mentionne-lebron-james-apres-avoir-atteint-les-16-000-points-en-nba\/\" class=\"trk-cta-link\" data-cta-trk='{\"ctaType\":\"Link\",\"ctaSubType\":\"main\"}'>&laquo; C&rsquo;est dingue &raquo; &ndash; Klay Thompson mentionne LeBron James apr&egrave;s avoir atteint les 16 000 points en NBA &ndash; The Free Agent<\/a><\/p><h4>Les Lakers cherchent un pivot avant les playoffs<\/h4><p>De leur c&ocirc;t&eacute;, les Los Angeles Lakers envisagent &eacute;galement de renforcer leur secteur int&eacute;rieur. Nikola Vucevic, <strong>Robert Williams<\/strong> et <a href=\"https:\/\/theplayoffs.news\/fr\/joueur\/jonas-valanciunas-nba-12954\/\" target=\"_blank\" rel=\"noopener\" class=\"trk-cta-link\" data-cta-trk='{\"ctaType\":\"Link\",\"ctaSubType\":\"main\"}'>Jonas Valanciunas<\/a> figurent parmi leurs cibles prioritaires apr&egrave;s l&rsquo;acquisition de <strong>Dorian Finney-Smith<\/strong> fin d&eacute;cembre.<\/p><p>Vucevic repr&eacute;senterait un atout majeur pour les Lakers, actuellement cinqui&egrave;mes de la Conf&eacute;rence Ouest avec un bilan de 20 victoires et 16 d&eacute;faites en 36 matchs. Le pivot des Bulls, auteur de performances offensives impressionnantes cette saison, pourrait consid&eacute;rablement am&eacute;liorer leur efficacit&eacute;.<\/p><p>Cependant, un &eacute;change pour acqu&eacute;rir Nikola Vucevic n&eacute;cessiterait probablement le d&eacute;part de <strong>Rui Hachimura<\/strong> ou <strong>Jarred Vanderbilt<\/strong>. Sans inclure l&rsquo;un de ces deux joueurs, les Lakers auraient du mal &agrave; concr&eacute;tiser un transfert pour le pivot suisse.<\/p><p>Cr&eacute;dit: &copy; Kamil Krzaczynski-Imagn Images<\/p>\n","protected":false},"excerpt":{"rendered":"","protected":false},"author":180309799,"featured_media":1474450,"comment_status":"open","ping_status":"closed","sticky":false,"template":"","format":"standard","meta":{"inline_featured_image":false,"kia_subtitle":"","_mux_skip_reasons":[],"proofreadBy":0,"footnotes":""},"categories":[110],"tags":[142,1097,117,2158],"sport":[2783],"saison":[],"class_list":["post-1474449","post","type-post","status-publish","format-standard","has-post-thumbnail","hentry","category-actualite-nba","tag-chicago-bulls","tag-golden-state-warriors","tag-los-angeles-lakers","tag-nikola-vucevic","sport-nba"],"acf":[],"yoast_head":"<!-- This site is optimized with the Yoast SEO plugin v24.2 - https:\/\/yoast.com\/wordpress\/plugins\/seo\/ -->\n<title>Lakers et Warriors favoris pour r&eacute;cup&eacute;rer Nikola Vucevic avant la trade deadline ? - The Playoffs FR<\/title>\n<meta name=\"robots\" content=\"index, follow, max-snippet:-1, max-image-preview:large, max-video-preview:-1\" \/>\n<link rel=\"canonical\" href=\"https:\/\/theplayoffs.news\/fr\/actualite-nba\/lakers-et-warriors-favoris-pour-recuperer-nikola-vucevic-avant-la-trade-deadline\/\" \/>\n<meta property=\"og:locale\" content=\"fr_FR\" \/>\n<meta property=\"og:type\" content=\"article\" \/>\n<meta property=\"og:title\" content=\"Lakers et Warriors favoris pour r&eacute;cup&eacute;rer Nikola Vucevic avant la trade deadline ? - The Playoffs FR\" \/>\n<meta property=\"og:url\" content=\"https:\/\/theplayoffs.news\/fr\/actualite-nba\/lakers-et-warriors-favoris-pour-recuperer-nikola-vucevic-avant-la-trade-deadline\/\" \/>\n<meta property=\"og:site_name\" content=\"The Playoffs FR\" \/>\n<meta property=\"article:publisher\" content=\"https:\/\/www.facebook.com\/TheFreeAgentFR\/\" \/>\n<meta property=\"article:modified_time\" content=\"2025-01-13T15:06:30+01:00\" \/>\n<meta property=\"og:image\" content=\"https:\/\/theplayoffs.news\/fr\/wp-content\/uploads\/2025\/01\/USATSI_24929289.jpg\" \/>\n\t<meta property=\"og:image:width\" content=\"1920\" \/>\n\t<meta property=\"og:image:height\" content=\"1280\" \/>\n\t<meta property=\"og:image:type\" content=\"image\/jpeg\" \/>\n<meta name=\"author\" content=\"La r\u00e9daction\" \/>\n<meta name=\"twitter:card\" content=\"summary_large_image\" \/>\n<meta name=\"twitter:creator\" content=\"@TheFreeAgentFR\" \/>\n<meta name=\"twitter:site\" content=\"@TheFreeAgentFR\" \/>\n<meta name=\"twitter:label1\" content=\"\u00c9crit par\" \/>\n\t<meta name=\"twitter:data1\" content=\"La r\u00e9daction\" \/>\n\t<meta name=\"twitter:label2\" content=\"Dur\u00e9e de lecture estim\u00e9e\" \/>\n\t<meta name=\"twitter:data2\" content=\"4 minutes\" \/>\n<script type=\"application\/ld+json\" class=\"yoast-schema-graph\">{\"@context\":\"https:\/\/schema.org\",\"@graph\":[{\"@type\":\"WebPage\",\"@id\":\"https:\/\/theplayoffs.news\/fr\/actualite-nba\/lakers-et-warriors-favoris-pour-recuperer-nikola-vucevic-avant-la-trade-deadline\/\",\"url\":\"https:\/\/theplayoffs.news\/fr\/actualite-nba\/lakers-et-warriors-favoris-pour-recuperer-nikola-vucevic-avant-la-trade-deadline\/\",\"name\":\"Lakers et Warriors favoris pour r\u00e9cup\u00e9rer Nikola Vucevic avant la trade deadline ? - The Playoffs FR\",\"isPartOf\":{\"@id\":\"https:\/\/theplayoffs.news\/fr\/#website\"},\"primaryImageOfPage\":{\"@id\":\"https:\/\/theplayoffs.news\/fr\/actualite-nba\/lakers-et-warriors-favoris-pour-recuperer-nikola-vucevic-avant-la-trade-deadline\/#primaryimage\"},\"image\":{\"@id\":\"https:\/\/theplayoffs.news\/fr\/actualite-nba\/lakers-et-warriors-favoris-pour-recuperer-nikola-vucevic-avant-la-trade-deadline\/#primaryimage\"},\"thumbnailUrl\":\"https:\/\/theplayoffs.news\/fr\/wp-content\/uploads\/2025\/01\/USATSI_24929289.jpg\",\"datePublished\":\"2025-01-13T14:06:30+00:00\",\"dateModified\":\"2025-01-13T14:06:30+00:00\",\"author\":{\"@id\":\"https:\/\/theplayoffs.news\/fr\/#\/schema\/person\/bb40426f4e478f9bd8cdbfeb4f2f9784\"},\"breadcrumb\":{\"@id\":\"https:\/\/theplayoffs.news\/fr\/actualite-nba\/lakers-et-warriors-favoris-pour-recuperer-nikola-vucevic-avant-la-trade-deadline\/#breadcrumb\"},\"inLanguage\":\"fr-FR\",\"potentialAction\":[{\"@type\":\"ReadAction\",\"target\":[\"https:\/\/theplayoffs.news\/fr\/actualite-nba\/lakers-et-warriors-favoris-pour-recuperer-nikola-vucevic-avant-la-trade-deadline\/\"]}]},{\"@type\":\"ImageObject\",\"inLanguage\":\"fr-FR\",\"@id\":\"https:\/\/theplayoffs.news\/fr\/actualite-nba\/lakers-et-warriors-favoris-pour-recuperer-nikola-vucevic-avant-la-trade-deadline\/#primaryimage\",\"url\":\"https:\/\/theplayoffs.news\/fr\/wp-content\/uploads\/2025\/01\/USATSI_24929289.jpg\",\"contentUrl\":\"https:\/\/theplayoffs.news\/fr\/wp-content\/uploads\/2025\/01\/USATSI_24929289.jpg\",\"width\":1920,\"height\":1280,\"caption\":\"Nikola Vucevic NBA\"},{\"@type\":\"BreadcrumbList\",\"@id\":\"https:\/\/theplayoffs.news\/fr\/actualite-nba\/lakers-et-warriors-favoris-pour-recuperer-nikola-vucevic-avant-la-trade-deadline\/#breadcrumb\",\"itemListElement\":[{\"@type\":\"ListItem\",\"position\":1,\"name\":\"Accueil\",\"item\":\"https:\/\/theplayoffs.news\/fr\/\"},{\"@type\":\"ListItem\",\"position\":2,\"name\":\"Lakers et Warriors favoris pour r\u00e9cup\u00e9rer Nikola Vucevic avant la trade deadline ?\"}]},{\"@type\":\"WebSite\",\"@id\":\"https:\/\/theplayoffs.news\/fr\/#website\",\"url\":\"https:\/\/theplayoffs.news\/fr\/\",\"name\":\"The Playoffs FR\",\"description\":\"NBA-NFL-NHL-MLB\",\"potentialAction\":[{\"@type\":\"SearchAction\",\"target\":{\"@type\":\"EntryPoint\",\"urlTemplate\":\"https:\/\/theplayoffs.news\/fr\/?s={search_term_string}\"},\"query-input\":{\"@type\":\"PropertyValueSpecification\",\"valueRequired\":true,\"valueName\":\"search_term_string\"}}],\"inLanguage\":\"fr-FR\"},{\"@type\":\"Person\",\"@id\":\"https:\/\/theplayoffs.news\/fr\/#\/schema\/person\/bb40426f4e478f9bd8cdbfeb4f2f9784\",\"name\":\"La r\u00e9daction\",\"image\":{\"@type\":\"ImageObject\",\"inLanguage\":\"fr-FR\",\"@id\":\"https:\/\/theplayoffs.news\/fr\/#\/schema\/person\/image\/\",\"url\":\"https:\/\/secure.gravatar.com\/avatar\/7e69b41460ab2c17d61c8c364b6a0ee006f957a70191383ef42be1f4733d6515?s=96&d=mm&r=g\",\"contentUrl\":\"https:\/\/secure.gravatar.com\/avatar\/7e69b41460ab2c17d61c8c364b6a0ee006f957a70191383ef42be1f4733d6515?s=96&d=mm&r=g\",\"caption\":\"La r\u00e9daction\"},\"description\":\"On dit qu\\\\'il faut un village pour s\\\\'occuper d\\\\'un enfant. Et bien c\\\\'est exactement ce dont il s\\\\'agit ici pour The Playoffs. La r\u00e9daction, ce sont vos r\u00e9dacteurs pr\u00e9f\u00e9r\u00e9s qui collaborent sur ces articles que vous lisez au quotidien.\u00a0\",\"url\":\"https:\/\/theplayoffs.news\/fr\/author\/freeagentfr\/\"}]}<\/script>\n<!-- \/ Yoast SEO plugin. -->","yoast_head_json":{"title":"Lakers et Warriors favoris pour r&eacute;cup&eacute;rer Nikola Vucevic avant la trade deadline ? - The Playoffs FR","robots":{"index":"index","follow":"follow","max-snippet":"max-snippet:-1","max-image-preview":"max-image-preview:large","max-video-preview":"max-video-preview:-1"},"canonical":"https:\/\/theplayoffs.news\/fr\/actualite-nba\/lakers-et-warriors-favoris-pour-recuperer-nikola-vucevic-avant-la-trade-deadline\/","og_locale":"fr_FR","og_type":"article","og_title":"Lakers et Warriors favoris pour r&eacute;cup&eacute;rer Nikola Vucevic avant la trade deadline ? - The Playoffs FR","og_url":"https:\/\/theplayoffs.news\/fr\/actualite-nba\/lakers-et-warriors-favoris-pour-recuperer-nikola-vucevic-avant-la-trade-deadline\/","og_site_name":"The Playoffs FR","article_publisher":"https:\/\/www.facebook.com\/TheFreeAgentFR\/","og_image":[{"width":1920,"height":1280,"url":"https:\/\/theplayoffs.news\/fr\/wp-content\/uploads\/2025\/01\/USATSI_24929289.jpg","type":"image\/jpeg"}],"author":"La r\u00e9daction","twitter_card":"summary_large_image","twitter_creator":"@TheFreeAgentFR","twitter_site":"@TheFreeAgentFR","twitter_misc":{"\u00c9crit par":"La r\u00e9daction","Dur\u00e9e de lecture estim\u00e9e":"4 minutes"},"schema":{"@context":"https:\/\/schema.org","@graph":[{"@type":"WebPage","@id":"https:\/\/theplayoffs.news\/fr\/actualite-nba\/lakers-et-warriors-favoris-pour-recuperer-nikola-vucevic-avant-la-trade-deadline\/","url":"https:\/\/theplayoffs.news\/fr\/actualite-nba\/lakers-et-warriors-favoris-pour-recuperer-nikola-vucevic-avant-la-trade-deadline\/","name":"Lakers et Warriors favoris pour r\u00e9cup\u00e9rer Nikola Vucevic avant la trade deadline ? - The Playoffs FR","isPartOf":{"@id":"https:\/\/theplayoffs.news\/fr\/#website"},"primaryImageOfPage":{"@id":"https:\/\/theplayoffs.news\/fr\/actualite-nba\/lakers-et-warriors-favoris-pour-recuperer-nikola-vucevic-avant-la-trade-deadline\/#primaryimage"},"image":{"@id":"https:\/\/theplayoffs.news\/fr\/actualite-nba\/lakers-et-warriors-favoris-pour-recuperer-nikola-vucevic-avant-la-trade-deadline\/#primaryimage"},"thumbnailUrl":"https:\/\/theplayoffs.news\/fr\/wp-content\/uploads\/2025\/01\/USATSI_24929289.jpg","datePublished":"2025-01-13T14:06:30+00:00","dateModified":"2025-01-13T14:06:30+00:00","author":{"@id":"https:\/\/theplayoffs.news\/fr\/#\/schema\/person\/bb40426f4e478f9bd8cdbfeb4f2f9784"},"breadcrumb":{"@id":"https:\/\/theplayoffs.news\/fr\/actualite-nba\/lakers-et-warriors-favoris-pour-recuperer-nikola-vucevic-avant-la-trade-deadline\/#breadcrumb"},"inLanguage":"fr-FR","potentialAction":[{"@type":"ReadAction","target":["https:\/\/theplayoffs.news\/fr\/actualite-nba\/lakers-et-warriors-favoris-pour-recuperer-nikola-vucevic-avant-la-trade-deadline\/"]}]},{"@type":"ImageObject","inLanguage":"fr-FR","@id":"https:\/\/theplayoffs.news\/fr\/actualite-nba\/lakers-et-warriors-favoris-pour-recuperer-nikola-vucevic-avant-la-trade-deadline\/#primaryimage","url":"https:\/\/theplayoffs.news\/fr\/wp-content\/uploads\/2025\/01\/USATSI_24929289.jpg","contentUrl":"https:\/\/theplayoffs.news\/fr\/wp-content\/uploads\/2025\/01\/USATSI_24929289.jpg","width":1920,"height":1280,"caption":"Nikola Vucevic NBA"},{"@type":"BreadcrumbList","@id":"https:\/\/theplayoffs.news\/fr\/actualite-nba\/lakers-et-warriors-favoris-pour-recuperer-nikola-vucevic-avant-la-trade-deadline\/#breadcrumb","itemListElement":[{"@type":"ListItem","position":1,"name":"Accueil","item":"https:\/\/theplayoffs.news\/fr\/"},{"@type":"ListItem","position":2,"name":"Lakers et Warriors favoris pour r\u00e9cup\u00e9rer Nikola Vucevic avant la trade deadline ?"}]},{"@type":"WebSite","@id":"https:\/\/theplayoffs.news\/fr\/#website","url":"https:\/\/theplayoffs.news\/fr\/","name":"The Playoffs FR","description":"NBA-NFL-NHL-MLB","potentialAction":[{"@type":"SearchAction","target":{"@type":"EntryPoint","urlTemplate":"https:\/\/theplayoffs.news\/fr\/?s={search_term_string}"},"query-input":{"@type":"PropertyValueSpecification","valueRequired":true,"valueName":"search_term_string"}}],"inLanguage":"fr-FR"},{"@type":"Person","@id":"https:\/\/theplayoffs.news\/fr\/#\/schema\/person\/bb40426f4e478f9bd8cdbfeb4f2f9784","name":"La r\u00e9daction","image":{"@type":"ImageObject","inLanguage":"fr-FR","@id":"https:\/\/theplayoffs.news\/fr\/#\/schema\/person\/image\/","url":"https:\/\/secure.gravatar.com\/avatar\/7e69b41460ab2c17d61c8c364b6a0ee006f957a70191383ef42be1f4733d6515?s=96&d=mm&r=g","contentUrl":"https:\/\/secure.gravatar.com\/avatar\/7e69b41460ab2c17d61c8c364b6a0ee006f957a70191383ef42be1f4733d6515?s=96&d=mm&r=g","caption":"La r\u00e9daction"},"description":"On dit qu\\'il faut un village pour s\\'occuper d\\'un enfant. Et bien c\\'est exactement ce dont il s\\'agit ici pour The Playoffs. La r\u00e9daction, ce sont vos r\u00e9dacteurs pr\u00e9f\u00e9r\u00e9s qui collaborent sur ces articles que vous lisez au quotidien.\u00a0","url":"https:\/\/theplayoffs.news\/fr\/author\/freeagentfr\/"}]}},"_links":{"self":[{"href":"https:\/\/theplayoffs.news\/fr\/wp-json\/wp\/v2\/posts\/1474449","targetHints":{"allow":["GET"]}}],"collection":[{"href":"https:\/\/theplayoffs.news\/fr\/wp-json\/wp\/v2\/posts"}],"about":[{"href":"https:\/\/theplayoffs.news\/fr\/wp-json\/wp\/v2\/types\/post"}],"author":[{"embeddable":true,"href":"https:\/\/theplayoffs.news\/fr\/wp-json\/wp\/v2\/users\/180309799"}],"replies":[{"embeddable":true,"href":"https:\/\/theplayoffs.news\/fr\/wp-json\/wp\/v2\/comments?post=1474449"}],"version-history":[{"count":2,"href":"https:\/\/theplayoffs.news\/fr\/wp-json\/wp\/v2\/posts\/1474449\/revisions"}],"predecessor-version":[{"id":1474453,"href":"https:\/\/theplayoffs.news\/fr\/wp-json\/wp\/v2\/posts\/1474449\/revisions\/1474453"}],"wp:featuredmedia":[{"embeddable":true,"href":"https:\/\/theplayoffs.news\/fr\/wp-json\/wp\/v2\/media\/1474450"}],"wp:attachment":[{"href":"https:\/\/theplayoffs.news\/fr\/wp-json\/wp\/v2\/media?parent=1474449"}],"wp:term":[{"taxonomy":"category","embeddable":true,"href":"https:\/\/theplayoffs.news\/fr\/wp-json\/wp\/v2\/categories?post=1474449"},{"taxonomy":"post_tag","embeddable":true,"href":"https:\/\/theplayoffs.news\/fr\/wp-json\/wp\/v2\/tags?post=1474449"},{"taxonomy":"sport","embeddable":true,"href":"https:\/\/theplayoffs.news\/fr\/wp-json\/wp\/v2\/sport?post=1474449"},{"taxonomy":"saison","embeddable":true,"href":"https:\/\/theplayoffs.news\/fr\/wp-json\/wp\/v2\/saison?post=1474449"}],"curies":[{"name":"wp","href":"https:\/\/api.w.org\/{rel}","templated":true}]}}