{"id":1474440,"date":"2025-01-13T14:14:05","date_gmt":"2025-01-13T13:14:05","guid":{"rendered":"https:\/\/theplayoffs.news\/fr\/?p=1474440"},"modified":"2025-01-13T14:14:05","modified_gmt":"2025-01-13T13:14:05","slug":"lavenir-incertain-de-khalil-mack-apres-lelimination-des-chargers-en-wild-card","status":"publish","type":"post","link":"https:\/\/theplayoffs.news\/fr\/nfl\/lavenir-incertain-de-khalil-mack-apres-lelimination-des-chargers-en-wild-card\/","title":{"rendered":"L\u2019avenir incertain de Khalil Mack apr\u00e8s l\u2019\u00e9limination des Chargers en wild-card"},"content":{"rendered":"<p class=\"p1\"><strong>La saison des Los Angeles Chargers s&rsquo;est termin&eacute;e sur une note d&eacute;cevante samedi, avec une <a href=\"https:\/\/theplayoffs.news\/fr\/nfl\/recap-wildcard-nfl-samedi-24-25\/\" class=\"trk-cta-link\" data-cta-trk='{\"ctaType\":\"Link\",\"ctaSubType\":\"main\"}'>d&eacute;faite 32-12 contre les Houston Texans lors du tour de wild-card<\/a>.<\/strong><\/p><p class=\"p1\">Cette &eacute;limination laisse l&rsquo;embl&eacute;matique linebacker ext&eacute;rieur Khalil Mack r&eacute;fl&eacute;chir &agrave; la suite de sa carri&egrave;re. Pour la premi&egrave;re fois en 11 ans, Mack abordera l&rsquo;intersaison en tant qu&rsquo;agent libre non restreint, et son avenir en NFL reste incertain.<\/p><blockquote>\n<p class=\"p1\">&ldquo;J&rsquo;ai beaucoup de choses en t&ecirc;te en ce moment,&rdquo; a d&eacute;clar&eacute; Mack, 33 ans via <a href=\"https:\/\/www.espn.com\/nfl\/story\/_\/id\/43387874\/chargers-khalil-mack-says-unsure-football-future\" class=\"trk-cta-link\" data-cta-trk='{\"ctaType\":\"Link\",\"ctaSubType\":\"main\"}'>ESPN<\/a>. &ldquo;Je ne peux pas vraiment prendre de d&eacute;cision d&eacute;finitive, car je ne sais pas si je vais continuer &agrave; jouer au football. Il y a des choses que je dois discuter avec ma femme, passer du temps avec mes enfants, et &eacute;viter de prendre une d&eacute;cision pr&eacute;cipit&eacute;e apr&egrave;s une d&eacute;faite.&rdquo;<\/p>\n<\/blockquote><p class=\"p1\">Malgr&eacute; son succ&egrave;s individuel &ndash; deux sacks lors du match de wild-card et une carri&egrave;re remarquable marqu&eacute;e par le titre de D&eacute;fenseur de l&rsquo;ann&eacute;e en 2016 &ndash; Mack n&rsquo;a jamais go&ucirc;t&eacute; au succ&egrave;s collectif. Il a particip&eacute; &agrave; cinq matchs de playoffs au cours de sa carri&egrave;re, tous sold&eacute;s par des d&eacute;faites. Cependant, l&rsquo;envie de poursuivre la qu&ecirc;te d&rsquo;un titre pourrait influencer sa d&eacute;cision.<\/p><p class=\"p1\">Dimanche, alors que les joueurs des Chargers vidaient leurs casiers, Mack a exprim&eacute; sa confiance dans le potentiel de l&rsquo;&eacute;quipe, notamment gr&acirc;ce &agrave; des leaders comme le quarterback Justin Herbert et le safety Derwin James.<\/p><blockquote>\n<p class=\"p1\">&ldquo;Tant que Justin Herbert est ton quarterback, que tu as Derwin James et tous ces gars qui aiment le jeu, tu as toujours une chance de gagner,&rdquo; a d&eacute;clar&eacute; Mack.<\/p>\n<\/blockquote><p class=\"p1\">James a d&eacute;j&agrave; commenc&eacute; &agrave; faire du lobbying aupr&egrave;s de Khalil Mack pour qu&rsquo;il reste dans l&rsquo;&eacute;quipe, soulignant son importance. &ldquo;Je lui ai dit qu&rsquo;on voulait qu&rsquo;il revienne, qu&rsquo;on avait besoin de lui,&rdquo; a affirm&eacute; James.<\/p><p class=\"p1\">Pendant que Mack r&eacute;fl&eacute;chit &agrave; son avenir, le cornerback Asante Samuel Jr., &eacute;galement agent libre non restreint, reste d&eacute;termin&eacute; &agrave; revenir apr&egrave;s une saison marqu&eacute;e par des blessures. Samuel a manqu&eacute; la majeure partie de l&rsquo;ann&eacute;e en raison de douleurs aux &eacute;paules mais se montre optimiste quant &agrave; son retour avec les Chargers. &ldquo;J&rsquo;adore les Chargers, et c&rsquo;est une organisation formidable qui va dans la bonne direction,&rdquo; a-t-il d&eacute;clar&eacute;.<\/p><p>&nbsp;<\/p><p>Credit Photo : Mark J. Rebilas-Imagn Images<\/p>\n","protected":false},"excerpt":{"rendered":"","protected":false},"author":13,"featured_media":1474441,"comment_status":"open","ping_status":"closed","sticky":false,"template":"","format":"standard","meta":{"inline_featured_image":false,"kia_subtitle":"","_mux_skip_reasons":[],"proofreadBy":0,"footnotes":""},"categories":[40],"tags":[888],"sport":[],"saison":[],"class_list":["post-1474440","post","type-post","status-publish","format-standard","has-post-thumbnail","hentry","category-nfl","tag-khalil-mack"],"acf":[],"yoast_head":"<!-- This site is optimized with the Yoast SEO plugin v24.2 - https:\/\/yoast.com\/wordpress\/plugins\/seo\/ -->\n<title>L&rsquo;avenir incertain de Khalil Mack apr&egrave;s l&rsquo;&eacute;limination des Chargers en wild-card - The Playoffs FR<\/title>\n<meta name=\"robots\" content=\"index, follow, max-snippet:-1, max-image-preview:large, max-video-preview:-1\" \/>\n<link rel=\"canonical\" href=\"https:\/\/theplayoffs.news\/fr\/nfl\/lavenir-incertain-de-khalil-mack-apres-lelimination-des-chargers-en-wild-card\/\" \/>\n<meta property=\"og:locale\" content=\"fr_FR\" \/>\n<meta property=\"og:type\" content=\"article\" \/>\n<meta property=\"og:title\" content=\"L&rsquo;avenir incertain de Khalil Mack apr&egrave;s l&rsquo;&eacute;limination des Chargers en wild-card - The Playoffs FR\" \/>\n<meta property=\"og:url\" content=\"https:\/\/theplayoffs.news\/fr\/nfl\/lavenir-incertain-de-khalil-mack-apres-lelimination-des-chargers-en-wild-card\/\" \/>\n<meta property=\"og:site_name\" content=\"The Playoffs FR\" \/>\n<meta property=\"article:publisher\" content=\"https:\/\/www.facebook.com\/TheFreeAgentFR\/\" \/>\n<meta property=\"article:modified_time\" content=\"2025-01-13T14:14:05+01:00\" \/>\n<meta property=\"og:image\" content=\"https:\/\/theplayoffs.news\/fr\/wp-content\/uploads\/2025\/01\/USATSI_24560844.jpg\" \/>\n\t<meta property=\"og:image:width\" content=\"1920\" \/>\n\t<meta property=\"og:image:height\" content=\"1380\" \/>\n\t<meta property=\"og:image:type\" content=\"image\/jpeg\" \/>\n<meta name=\"author\" content=\"Charles Taudin\" \/>\n<meta name=\"twitter:card\" content=\"summary_large_image\" \/>\n<meta name=\"twitter:creator\" content=\"@TheFreeAgentFR\" \/>\n<meta name=\"twitter:site\" content=\"@TheFreeAgentFR\" \/>\n<meta name=\"twitter:label1\" content=\"\u00c9crit par\" \/>\n\t<meta name=\"twitter:data1\" content=\"Charles Taudin\" \/>\n\t<meta name=\"twitter:label2\" content=\"Dur\u00e9e de lecture estim\u00e9e\" \/>\n\t<meta name=\"twitter:data2\" content=\"2 minutes\" \/>\n<script type=\"application\/ld+json\" class=\"yoast-schema-graph\">{\"@context\":\"https:\/\/schema.org\",\"@graph\":[{\"@type\":\"WebPage\",\"@id\":\"https:\/\/theplayoffs.news\/fr\/nfl\/lavenir-incertain-de-khalil-mack-apres-lelimination-des-chargers-en-wild-card\/\",\"url\":\"https:\/\/theplayoffs.news\/fr\/nfl\/lavenir-incertain-de-khalil-mack-apres-lelimination-des-chargers-en-wild-card\/\",\"name\":\"L\u2019avenir incertain de Khalil Mack apr\u00e8s l\u2019\u00e9limination des Chargers en wild-card - The Playoffs FR\",\"isPartOf\":{\"@id\":\"https:\/\/theplayoffs.news\/fr\/#website\"},\"primaryImageOfPage\":{\"@id\":\"https:\/\/theplayoffs.news\/fr\/nfl\/lavenir-incertain-de-khalil-mack-apres-lelimination-des-chargers-en-wild-card\/#primaryimage\"},\"image\":{\"@id\":\"https:\/\/theplayoffs.news\/fr\/nfl\/lavenir-incertain-de-khalil-mack-apres-lelimination-des-chargers-en-wild-card\/#primaryimage\"},\"thumbnailUrl\":\"https:\/\/theplayoffs.news\/fr\/wp-content\/uploads\/2025\/01\/USATSI_24560844.jpg\",\"datePublished\":\"2025-01-13T13:14:05+00:00\",\"dateModified\":\"2025-01-13T13:14:05+00:00\",\"author\":{\"@id\":\"https:\/\/theplayoffs.news\/fr\/#\/schema\/person\/eee5b69ad5d3c51cabe881c839dbe133\"},\"breadcrumb\":{\"@id\":\"https:\/\/theplayoffs.news\/fr\/nfl\/lavenir-incertain-de-khalil-mack-apres-lelimination-des-chargers-en-wild-card\/#breadcrumb\"},\"inLanguage\":\"fr-FR\",\"potentialAction\":[{\"@type\":\"ReadAction\",\"target\":[\"https:\/\/theplayoffs.news\/fr\/nfl\/lavenir-incertain-de-khalil-mack-apres-lelimination-des-chargers-en-wild-card\/\"]}]},{\"@type\":\"ImageObject\",\"inLanguage\":\"fr-FR\",\"@id\":\"https:\/\/theplayoffs.news\/fr\/nfl\/lavenir-incertain-de-khalil-mack-apres-lelimination-des-chargers-en-wild-card\/#primaryimage\",\"url\":\"https:\/\/theplayoffs.news\/fr\/wp-content\/uploads\/2025\/01\/USATSI_24560844.jpg\",\"contentUrl\":\"https:\/\/theplayoffs.news\/fr\/wp-content\/uploads\/2025\/01\/USATSI_24560844.jpg\",\"width\":1920,\"height\":1380,\"caption\":\"Oct 21, 2024; Glendale, Arizona, USA; Los Angeles Chargers linebacker Khalil Mack (52) against the Arizona Cardinals at State Farm Stadium. Mandatory Credit: Mark J. Rebilas-Imagn Images\"},{\"@type\":\"BreadcrumbList\",\"@id\":\"https:\/\/theplayoffs.news\/fr\/nfl\/lavenir-incertain-de-khalil-mack-apres-lelimination-des-chargers-en-wild-card\/#breadcrumb\",\"itemListElement\":[{\"@type\":\"ListItem\",\"position\":1,\"name\":\"Accueil\",\"item\":\"https:\/\/theplayoffs.news\/fr\/\"},{\"@type\":\"ListItem\",\"position\":2,\"name\":\"L\u2019avenir incertain de Khalil Mack apr\u00e8s l\u2019\u00e9limination des Chargers en wild-card\"}]},{\"@type\":\"WebSite\",\"@id\":\"https:\/\/theplayoffs.news\/fr\/#website\",\"url\":\"https:\/\/theplayoffs.news\/fr\/\",\"name\":\"The Playoffs FR\",\"description\":\"NBA-NFL-NHL-MLB\",\"potentialAction\":[{\"@type\":\"SearchAction\",\"target\":{\"@type\":\"EntryPoint\",\"urlTemplate\":\"https:\/\/theplayoffs.news\/fr\/?s={search_term_string}\"},\"query-input\":{\"@type\":\"PropertyValueSpecification\",\"valueRequired\":true,\"valueName\":\"search_term_string\"}}],\"inLanguage\":\"fr-FR\"},{\"@type\":\"Person\",\"@id\":\"https:\/\/theplayoffs.news\/fr\/#\/schema\/person\/eee5b69ad5d3c51cabe881c839dbe133\",\"name\":\"Charles Taudin\",\"image\":{\"@type\":\"ImageObject\",\"inLanguage\":\"fr-FR\",\"@id\":\"https:\/\/theplayoffs.news\/fr\/#\/schema\/person\/image\/\",\"url\":\"https:\/\/secure.gravatar.com\/avatar\/59a1e772205ce9fd255edfcafc93013736822e20261f294c5753b20c41ede9f2?s=96&d=mm&r=g\",\"contentUrl\":\"https:\/\/secure.gravatar.com\/avatar\/59a1e772205ce9fd255edfcafc93013736822e20261f294c5753b20c41ede9f2?s=96&d=mm&r=g\",\"caption\":\"Charles Taudin\"},\"description\":\"R\u00e9dacteur en chef global de The Playoffs, j\u2019ai cr\u00e9\u00e9 The Free Agent, devenu The Playoffs FR, en 2020 durant la pand\u00e9mie. Amoureux depuis des ann\u00e9es des 4 sports majeurs am\u00e9ricains, j\u2019organise maintenant la strat\u00e9gie \u00e9ditoriale et les r\u00e9seaux sociaux de l\u2019ensemble des versions de The Playoffs. Il m\u2019arrive encore d\u2019\u00e9crire sur certains sports que j\u2019affectionne particuli\u00e8rement comme la NFL ou la MLB. Si vous devez retenir qu\u2019une chose : Eli Manning est le vrai GOAT pour avoir battu deux fois Tom Brady.\",\"sameAs\":[\"https:\/\/www.instagram.com\/ctaudin_\/\"],\"url\":\"https:\/\/theplayoffs.news\/fr\/author\/charles-taudin\/\"}]}<\/script>\n<!-- \/ Yoast SEO plugin. -->","yoast_head_json":{"title":"L&rsquo;avenir incertain de Khalil Mack apr&egrave;s l&rsquo;&eacute;limination des Chargers en wild-card - The Playoffs FR","robots":{"index":"index","follow":"follow","max-snippet":"max-snippet:-1","max-image-preview":"max-image-preview:large","max-video-preview":"max-video-preview:-1"},"canonical":"https:\/\/theplayoffs.news\/fr\/nfl\/lavenir-incertain-de-khalil-mack-apres-lelimination-des-chargers-en-wild-card\/","og_locale":"fr_FR","og_type":"article","og_title":"L&rsquo;avenir incertain de Khalil Mack apr&egrave;s l&rsquo;&eacute;limination des Chargers en wild-card - The Playoffs FR","og_url":"https:\/\/theplayoffs.news\/fr\/nfl\/lavenir-incertain-de-khalil-mack-apres-lelimination-des-chargers-en-wild-card\/","og_site_name":"The Playoffs FR","article_publisher":"https:\/\/www.facebook.com\/TheFreeAgentFR\/","og_image":[{"width":1920,"height":1380,"url":"https:\/\/theplayoffs.news\/fr\/wp-content\/uploads\/2025\/01\/USATSI_24560844.jpg","type":"image\/jpeg"}],"author":"Charles Taudin","twitter_card":"summary_large_image","twitter_creator":"@TheFreeAgentFR","twitter_site":"@TheFreeAgentFR","twitter_misc":{"\u00c9crit par":"Charles Taudin","Dur\u00e9e de lecture estim\u00e9e":"2 minutes"},"schema":{"@context":"https:\/\/schema.org","@graph":[{"@type":"WebPage","@id":"https:\/\/theplayoffs.news\/fr\/nfl\/lavenir-incertain-de-khalil-mack-apres-lelimination-des-chargers-en-wild-card\/","url":"https:\/\/theplayoffs.news\/fr\/nfl\/lavenir-incertain-de-khalil-mack-apres-lelimination-des-chargers-en-wild-card\/","name":"L\u2019avenir incertain de Khalil Mack apr\u00e8s l\u2019\u00e9limination des Chargers en wild-card - The Playoffs FR","isPartOf":{"@id":"https:\/\/theplayoffs.news\/fr\/#website"},"primaryImageOfPage":{"@id":"https:\/\/theplayoffs.news\/fr\/nfl\/lavenir-incertain-de-khalil-mack-apres-lelimination-des-chargers-en-wild-card\/#primaryimage"},"image":{"@id":"https:\/\/theplayoffs.news\/fr\/nfl\/lavenir-incertain-de-khalil-mack-apres-lelimination-des-chargers-en-wild-card\/#primaryimage"},"thumbnailUrl":"https:\/\/theplayoffs.news\/fr\/wp-content\/uploads\/2025\/01\/USATSI_24560844.jpg","datePublished":"2025-01-13T13:14:05+00:00","dateModified":"2025-01-13T13:14:05+00:00","author":{"@id":"https:\/\/theplayoffs.news\/fr\/#\/schema\/person\/eee5b69ad5d3c51cabe881c839dbe133"},"breadcrumb":{"@id":"https:\/\/theplayoffs.news\/fr\/nfl\/lavenir-incertain-de-khalil-mack-apres-lelimination-des-chargers-en-wild-card\/#breadcrumb"},"inLanguage":"fr-FR","potentialAction":[{"@type":"ReadAction","target":["https:\/\/theplayoffs.news\/fr\/nfl\/lavenir-incertain-de-khalil-mack-apres-lelimination-des-chargers-en-wild-card\/"]}]},{"@type":"ImageObject","inLanguage":"fr-FR","@id":"https:\/\/theplayoffs.news\/fr\/nfl\/lavenir-incertain-de-khalil-mack-apres-lelimination-des-chargers-en-wild-card\/#primaryimage","url":"https:\/\/theplayoffs.news\/fr\/wp-content\/uploads\/2025\/01\/USATSI_24560844.jpg","contentUrl":"https:\/\/theplayoffs.news\/fr\/wp-content\/uploads\/2025\/01\/USATSI_24560844.jpg","width":1920,"height":1380,"caption":"Oct 21, 2024; Glendale, Arizona, USA; Los Angeles Chargers linebacker Khalil Mack (52) against the Arizona Cardinals at State Farm Stadium. Mandatory Credit: Mark J. Rebilas-Imagn Images"},{"@type":"BreadcrumbList","@id":"https:\/\/theplayoffs.news\/fr\/nfl\/lavenir-incertain-de-khalil-mack-apres-lelimination-des-chargers-en-wild-card\/#breadcrumb","itemListElement":[{"@type":"ListItem","position":1,"name":"Accueil","item":"https:\/\/theplayoffs.news\/fr\/"},{"@type":"ListItem","position":2,"name":"L\u2019avenir incertain de Khalil Mack apr\u00e8s l\u2019\u00e9limination des Chargers en wild-card"}]},{"@type":"WebSite","@id":"https:\/\/theplayoffs.news\/fr\/#website","url":"https:\/\/theplayoffs.news\/fr\/","name":"The Playoffs FR","description":"NBA-NFL-NHL-MLB","potentialAction":[{"@type":"SearchAction","target":{"@type":"EntryPoint","urlTemplate":"https:\/\/theplayoffs.news\/fr\/?s={search_term_string}"},"query-input":{"@type":"PropertyValueSpecification","valueRequired":true,"valueName":"search_term_string"}}],"inLanguage":"fr-FR"},{"@type":"Person","@id":"https:\/\/theplayoffs.news\/fr\/#\/schema\/person\/eee5b69ad5d3c51cabe881c839dbe133","name":"Charles Taudin","image":{"@type":"ImageObject","inLanguage":"fr-FR","@id":"https:\/\/theplayoffs.news\/fr\/#\/schema\/person\/image\/","url":"https:\/\/secure.gravatar.com\/avatar\/59a1e772205ce9fd255edfcafc93013736822e20261f294c5753b20c41ede9f2?s=96&d=mm&r=g","contentUrl":"https:\/\/secure.gravatar.com\/avatar\/59a1e772205ce9fd255edfcafc93013736822e20261f294c5753b20c41ede9f2?s=96&d=mm&r=g","caption":"Charles Taudin"},"description":"R\u00e9dacteur en chef global de The Playoffs, j\u2019ai cr\u00e9\u00e9 The Free Agent, devenu The Playoffs FR, en 2020 durant la pand\u00e9mie. Amoureux depuis des ann\u00e9es des 4 sports majeurs am\u00e9ricains, j\u2019organise maintenant la strat\u00e9gie \u00e9ditoriale et les r\u00e9seaux sociaux de l\u2019ensemble des versions de The Playoffs. Il m\u2019arrive encore d\u2019\u00e9crire sur certains sports que j\u2019affectionne particuli\u00e8rement comme la NFL ou la MLB. Si vous devez retenir qu\u2019une chose : Eli Manning est le vrai GOAT pour avoir battu deux fois Tom Brady.","sameAs":["https:\/\/www.instagram.com\/ctaudin_\/"],"url":"https:\/\/theplayoffs.news\/fr\/author\/charles-taudin\/"}]}},"_links":{"self":[{"href":"https:\/\/theplayoffs.news\/fr\/wp-json\/wp\/v2\/posts\/1474440","targetHints":{"allow":["GET"]}}],"collection":[{"href":"https:\/\/theplayoffs.news\/fr\/wp-json\/wp\/v2\/posts"}],"about":[{"href":"https:\/\/theplayoffs.news\/fr\/wp-json\/wp\/v2\/types\/post"}],"author":[{"embeddable":true,"href":"https:\/\/theplayoffs.news\/fr\/wp-json\/wp\/v2\/users\/13"}],"replies":[{"embeddable":true,"href":"https:\/\/theplayoffs.news\/fr\/wp-json\/wp\/v2\/comments?post=1474440"}],"version-history":[{"count":3,"href":"https:\/\/theplayoffs.news\/fr\/wp-json\/wp\/v2\/posts\/1474440\/revisions"}],"predecessor-version":[{"id":1474444,"href":"https:\/\/theplayoffs.news\/fr\/wp-json\/wp\/v2\/posts\/1474440\/revisions\/1474444"}],"wp:featuredmedia":[{"embeddable":true,"href":"https:\/\/theplayoffs.news\/fr\/wp-json\/wp\/v2\/media\/1474441"}],"wp:attachment":[{"href":"https:\/\/theplayoffs.news\/fr\/wp-json\/wp\/v2\/media?parent=1474440"}],"wp:term":[{"taxonomy":"category","embeddable":true,"href":"https:\/\/theplayoffs.news\/fr\/wp-json\/wp\/v2\/categories?post=1474440"},{"taxonomy":"post_tag","embeddable":true,"href":"https:\/\/theplayoffs.news\/fr\/wp-json\/wp\/v2\/tags?post=1474440"},{"taxonomy":"sport","embeddable":true,"href":"https:\/\/theplayoffs.news\/fr\/wp-json\/wp\/v2\/sport?post=1474440"},{"taxonomy":"saison","embeddable":true,"href":"https:\/\/theplayoffs.news\/fr\/wp-json\/wp\/v2\/saison?post=1474440"}],"curies":[{"name":"wp","href":"https:\/\/api.w.org\/{rel}","templated":true}]}}