{"id":1474115,"date":"2025-01-10T11:04:08","date_gmt":"2025-01-10T10:04:08","guid":{"rendered":"https:\/\/theplayoffs.news\/fr\/?p=1474115"},"modified":"2025-01-10T11:04:08","modified_gmt":"2025-01-10T10:04:08","slug":"coup-dur-pour-les-sixers-jared-mccain-out-jusqua-la-fin-de-la-saison","status":"publish","type":"post","link":"https:\/\/theplayoffs.news\/fr\/actualite-nba\/coup-dur-pour-les-sixers-jared-mccain-out-jusqua-la-fin-de-la-saison\/","title":{"rendered":"Coup dur pour les Sixers : Jared McCain out jusqu&rsquo;\u00e0 la fin de la saison !"},"content":{"rendered":"<p>Les probl&egrave;mes continuent pour Philadelphie ! La franchise de Pennsylvanie a en effet annonc&eacute; jeudi la perte de son surprenant rookie <a href=\"https:\/\/theplayoffs.news\/fr\/joueur\/jared-mccain-nba-9367556\/\" target=\"_blank\" rel=\"noopener\" class=\"trk-cta-link\" data-cta-trk='{\"ctaType\":\"Link\",\"ctaSubType\":\"main\"}'>Jared McCain<\/a> pour le reste de la saison. Bless&eacute; le mois dernier lors d&rsquo;une d&eacute;faite 121-107 contre les Indiana Pacers, l&rsquo;ancienne star de Duke a d&ucirc; subir une op&eacute;ration pour r&eacute;parer une d&eacute;chirure du m&eacute;nisque gauche.<\/p><blockquote class=\"twitter-tweet\">\n<p dir=\"ltr\" lang=\"en\">Jared McCain will miss the remainder of the 2024-25 season after undergoing meniscus surgery on his knee, 76ers announced.<\/p>\n<p>McCain played 23 games this season and led all rookies in scoring (15.3 PPG) <a href=\"https:\/\/t.co\/PDvSWKfOOw\" class=\"trk-cta-link\" data-cta-trk='{\"ctaType\":\"Link\",\"ctaSubType\":\"main\"}'>pic.twitter.com\/PDvSWKfOOw<\/a><\/p>\n<p>&mdash; Bleacher Report (@BleacherReport) <a href=\"https:\/\/twitter.com\/BleacherReport\/status\/1877522448196972624?ref_src=twsrc%5Etfw\" class=\"trk-cta-link\" data-cta-trk='{\"ctaType\":\"Link\",\"ctaSubType\":\"main\"}'>January 10, 2025<\/a><\/p><\/blockquote><p><script async src=\"https:\/\/platform.twitter.com\/widgets.js\" charset=\"utf-8\"><\/script><\/p><p>La saison des 76ers est marqu&eacute;e par des difficult&eacute;s, et les blessures fr&eacute;quentes de leurs joueurs cl&eacute;s figurent parmi les principales raisons de leurs mauvais r&eacute;sultats. Avec un bilan de 15 victoires pour 20 d&eacute;faites, les prot&eacute;g&eacute;s de <strong>Nick Nurse<\/strong> occupent actuellement la 11&#7497; place du classement de la Conf&eacute;rence Est.<\/p><h4>Jared McCain, le steal de la derni&egrave;re draft<\/h4><p>S&eacute;lectionn&eacute; par les Sixers en 16&#7497; position lors de la Draft <a href=\"https:\/\/theplayoffs.news\/fr\/nba-basketball\/\" target=\"_blank\" rel=\"noopener\" class=\"trk-cta-link\" data-cta-trk='{\"ctaType\":\"Link\",\"ctaSubType\":\"main\"}'>NBA<\/a> 2024, <strong>Jared McCain<\/strong> faisait figure de grand favori pour le titre de Rookie of the Year jusqu&rsquo;&agrave; sa blessure. Avec des moyennes de 15,3 points, 2,4 rebonds et 2,6 passes d&eacute;cisives par rencontre en 23 matchs, le natif de Sacramento en Californie avait tout du &laquo;&nbsp;steal&nbsp;&raquo; de cette derni&egrave;re cuv&eacute;e.<\/p><p>Lire aussi:<\/p><p><a href=\"https:\/\/theplayoffs.news\/fr\/nba-basketball\/les-mots-forts-de-bradley-beal-sur-son-nouveau-role-je-ne-me-comporterai-pas-comme-un-enfoire\/\" class=\"trk-cta-link\" data-cta-trk='{\"ctaType\":\"Link\",\"ctaSubType\":\"main\"}'>Bradley Beal : &laquo;&nbsp;Je ne me comporterai pas comme un enfoir&eacute;&nbsp;&raquo;<\/a><\/p><p><a href=\"https:\/\/theplayoffs.news\/fr\/nba-basketball\/vote-nba-all-star-game-2025-top-10-joueurs-apres-seconds-retours-votes-fans\/\" class=\"trk-cta-link\" data-cta-trk='{\"ctaType\":\"Link\",\"ctaSubType\":\"main\"}'>Vote pour le NBA All-Star Game 2025 : Top 10 des joueurs apr&egrave;s les seconds retours des votes des fans &ndash; The Free Agent<\/a><\/p><p>Propuls&eacute; dans le cinq de d&eacute;part &agrave; 8 reprises par son coach, McCain affichait la meilleure moyenne de points parmi les joueurs ayant disput&eacute; au moins 20 matchs avec la franchise.<\/p><p>Les espoirs de playoffs continuent de s&rsquo;&eacute;loigner pour les co&eacute;quipiers de <a href=\"https:\/\/theplayoffs.news\/fr\/joueur\/joel-embiid-philadelphia-76ers-nba\/\" target=\"_blank\" rel=\"noopener\" class=\"trk-cta-link\" data-cta-trk='{\"ctaType\":\"Link\",\"ctaSubType\":\"main\"}'>Jo&euml;l Embiid<\/a>, aujourd&rsquo;hui 11&egrave;mes &agrave; l&rsquo;Est avec un triste bilan de 15 victoires pour 20 d&eacute;faites. Les Sixers affronteront les Pelicans de la Nouvelle-Orl&eacute;ans ce vendredi et iront d&eacute;fier le Magic d&rsquo;Orlando dimanche. L&rsquo;occasion peut &ecirc;tre d&rsquo;engranger deux victoires suppl&eacute;mentaires face &agrave; des &eacute;quipes en difficult&eacute; ces derniers temps.<\/p><p>Cr&eacute;dit: &copy; Bill Streicher-Imagn Images<\/p>\n","protected":false},"excerpt":{"rendered":"","protected":false},"author":180309799,"featured_media":1474129,"comment_status":"open","ping_status":"closed","sticky":false,"template":"","format":"standard","meta":{"inline_featured_image":false,"kia_subtitle":"","_mux_skip_reasons":[],"proofreadBy":0,"footnotes":""},"categories":[110],"tags":[7861,742,496,5522],"sport":[],"saison":[],"class_list":["post-1474115","post","type-post","status-publish","format-standard","has-post-thumbnail","hentry","category-actualite-nba","tag-jared-mccain","tag-joel-embiid","tag-nick-nurse","tag-philadelphia-sixers"],"acf":[],"yoast_head":"<!-- This site is optimized with the Yoast SEO plugin v24.2 - https:\/\/yoast.com\/wordpress\/plugins\/seo\/ -->\n<title>Coup dur pour les Sixers : Jared McCain out jusqu&#039;&agrave; la fin de la saison ! - The Playoffs FR<\/title>\n<meta name=\"robots\" content=\"index, follow, max-snippet:-1, max-image-preview:large, max-video-preview:-1\" \/>\n<link rel=\"canonical\" href=\"https:\/\/theplayoffs.news\/fr\/actualite-nba\/coup-dur-pour-les-sixers-jared-mccain-out-jusqua-la-fin-de-la-saison\/\" \/>\n<meta property=\"og:locale\" content=\"fr_FR\" \/>\n<meta property=\"og:type\" content=\"article\" \/>\n<meta property=\"og:title\" content=\"Coup dur pour les Sixers : Jared McCain out jusqu&#039;&agrave; la fin de la saison ! - The Playoffs FR\" \/>\n<meta property=\"og:url\" content=\"https:\/\/theplayoffs.news\/fr\/actualite-nba\/coup-dur-pour-les-sixers-jared-mccain-out-jusqua-la-fin-de-la-saison\/\" \/>\n<meta property=\"og:site_name\" content=\"The Playoffs FR\" \/>\n<meta property=\"article:publisher\" content=\"https:\/\/www.facebook.com\/TheFreeAgentFR\/\" \/>\n<meta property=\"article:modified_time\" content=\"2025-01-10T11:04:08+01:00\" \/>\n<meta property=\"og:image\" content=\"https:\/\/theplayoffs.news\/fr\/wp-content\/uploads\/2025\/01\/USATSI_24981964.jpg\" \/>\n\t<meta property=\"og:image:width\" content=\"1920\" \/>\n\t<meta property=\"og:image:height\" content=\"1281\" \/>\n\t<meta property=\"og:image:type\" content=\"image\/jpeg\" \/>\n<meta name=\"author\" content=\"La r\u00e9daction\" \/>\n<meta name=\"twitter:card\" content=\"summary_large_image\" \/>\n<meta name=\"twitter:creator\" content=\"@TheFreeAgentFR\" \/>\n<meta name=\"twitter:site\" content=\"@TheFreeAgentFR\" \/>\n<meta name=\"twitter:label1\" content=\"\u00c9crit par\" \/>\n\t<meta name=\"twitter:data1\" content=\"La r\u00e9daction\" \/>\n\t<meta name=\"twitter:label2\" content=\"Dur\u00e9e de lecture estim\u00e9e\" \/>\n\t<meta name=\"twitter:data2\" content=\"2 minutes\" \/>\n<script type=\"application\/ld+json\" class=\"yoast-schema-graph\">{\"@context\":\"https:\/\/schema.org\",\"@graph\":[{\"@type\":\"WebPage\",\"@id\":\"https:\/\/theplayoffs.news\/fr\/actualite-nba\/coup-dur-pour-les-sixers-jared-mccain-out-jusqua-la-fin-de-la-saison\/\",\"url\":\"https:\/\/theplayoffs.news\/fr\/actualite-nba\/coup-dur-pour-les-sixers-jared-mccain-out-jusqua-la-fin-de-la-saison\/\",\"name\":\"Coup dur pour les Sixers : Jared McCain out jusqu\\\\'\u00e0 la fin de la saison ! - The Playoffs FR\",\"isPartOf\":{\"@id\":\"https:\/\/theplayoffs.news\/fr\/#website\"},\"primaryImageOfPage\":{\"@id\":\"https:\/\/theplayoffs.news\/fr\/actualite-nba\/coup-dur-pour-les-sixers-jared-mccain-out-jusqua-la-fin-de-la-saison\/#primaryimage\"},\"image\":{\"@id\":\"https:\/\/theplayoffs.news\/fr\/actualite-nba\/coup-dur-pour-les-sixers-jared-mccain-out-jusqua-la-fin-de-la-saison\/#primaryimage\"},\"thumbnailUrl\":\"https:\/\/theplayoffs.news\/fr\/wp-content\/uploads\/2025\/01\/USATSI_24981964.jpg\",\"datePublished\":\"2025-01-10T10:04:08+00:00\",\"dateModified\":\"2025-01-10T10:04:08+00:00\",\"author\":{\"@id\":\"https:\/\/theplayoffs.news\/fr\/#\/schema\/person\/bb40426f4e478f9bd8cdbfeb4f2f9784\"},\"breadcrumb\":{\"@id\":\"https:\/\/theplayoffs.news\/fr\/actualite-nba\/coup-dur-pour-les-sixers-jared-mccain-out-jusqua-la-fin-de-la-saison\/#breadcrumb\"},\"inLanguage\":\"fr-FR\",\"potentialAction\":[{\"@type\":\"ReadAction\",\"target\":[\"https:\/\/theplayoffs.news\/fr\/actualite-nba\/coup-dur-pour-les-sixers-jared-mccain-out-jusqua-la-fin-de-la-saison\/\"]}]},{\"@type\":\"ImageObject\",\"inLanguage\":\"fr-FR\",\"@id\":\"https:\/\/theplayoffs.news\/fr\/actualite-nba\/coup-dur-pour-les-sixers-jared-mccain-out-jusqua-la-fin-de-la-saison\/#primaryimage\",\"url\":\"https:\/\/theplayoffs.news\/fr\/wp-content\/uploads\/2025\/01\/USATSI_24981964.jpg\",\"contentUrl\":\"https:\/\/theplayoffs.news\/fr\/wp-content\/uploads\/2025\/01\/USATSI_24981964.jpg\",\"width\":1920,\"height\":1281,\"caption\":\"Jared McCain\"},{\"@type\":\"BreadcrumbList\",\"@id\":\"https:\/\/theplayoffs.news\/fr\/actualite-nba\/coup-dur-pour-les-sixers-jared-mccain-out-jusqua-la-fin-de-la-saison\/#breadcrumb\",\"itemListElement\":[{\"@type\":\"ListItem\",\"position\":1,\"name\":\"Accueil\",\"item\":\"https:\/\/theplayoffs.news\/fr\/\"},{\"@type\":\"ListItem\",\"position\":2,\"name\":\"Coup dur pour les Sixers : Jared McCain out jusqu&rsquo;\u00e0 la fin de la saison !\"}]},{\"@type\":\"WebSite\",\"@id\":\"https:\/\/theplayoffs.news\/fr\/#website\",\"url\":\"https:\/\/theplayoffs.news\/fr\/\",\"name\":\"The Playoffs FR\",\"description\":\"NBA-NFL-NHL-MLB\",\"potentialAction\":[{\"@type\":\"SearchAction\",\"target\":{\"@type\":\"EntryPoint\",\"urlTemplate\":\"https:\/\/theplayoffs.news\/fr\/?s={search_term_string}\"},\"query-input\":{\"@type\":\"PropertyValueSpecification\",\"valueRequired\":true,\"valueName\":\"search_term_string\"}}],\"inLanguage\":\"fr-FR\"},{\"@type\":\"Person\",\"@id\":\"https:\/\/theplayoffs.news\/fr\/#\/schema\/person\/bb40426f4e478f9bd8cdbfeb4f2f9784\",\"name\":\"La r\u00e9daction\",\"image\":{\"@type\":\"ImageObject\",\"inLanguage\":\"fr-FR\",\"@id\":\"https:\/\/theplayoffs.news\/fr\/#\/schema\/person\/image\/\",\"url\":\"https:\/\/secure.gravatar.com\/avatar\/7e69b41460ab2c17d61c8c364b6a0ee006f957a70191383ef42be1f4733d6515?s=96&d=mm&r=g\",\"contentUrl\":\"https:\/\/secure.gravatar.com\/avatar\/7e69b41460ab2c17d61c8c364b6a0ee006f957a70191383ef42be1f4733d6515?s=96&d=mm&r=g\",\"caption\":\"La r\u00e9daction\"},\"description\":\"On dit qu\\\\'il faut un village pour s\\\\'occuper d\\\\'un enfant. Et bien c\\\\'est exactement ce dont il s\\\\'agit ici pour The Playoffs. La r\u00e9daction, ce sont vos r\u00e9dacteurs pr\u00e9f\u00e9r\u00e9s qui collaborent sur ces articles que vous lisez au quotidien.\u00a0\",\"url\":\"https:\/\/theplayoffs.news\/fr\/author\/freeagentfr\/\"}]}<\/script>\n<!-- \/ Yoast SEO plugin. -->","yoast_head_json":{"title":"Coup dur pour les Sixers : Jared McCain out jusqu&#039;&agrave; la fin de la saison ! - The Playoffs FR","robots":{"index":"index","follow":"follow","max-snippet":"max-snippet:-1","max-image-preview":"max-image-preview:large","max-video-preview":"max-video-preview:-1"},"canonical":"https:\/\/theplayoffs.news\/fr\/actualite-nba\/coup-dur-pour-les-sixers-jared-mccain-out-jusqua-la-fin-de-la-saison\/","og_locale":"fr_FR","og_type":"article","og_title":"Coup dur pour les Sixers : Jared McCain out jusqu&#039;&agrave; la fin de la saison ! - The Playoffs FR","og_url":"https:\/\/theplayoffs.news\/fr\/actualite-nba\/coup-dur-pour-les-sixers-jared-mccain-out-jusqua-la-fin-de-la-saison\/","og_site_name":"The Playoffs FR","article_publisher":"https:\/\/www.facebook.com\/TheFreeAgentFR\/","og_image":[{"width":1920,"height":1281,"url":"https:\/\/theplayoffs.news\/fr\/wp-content\/uploads\/2025\/01\/USATSI_24981964.jpg","type":"image\/jpeg"}],"author":"La r\u00e9daction","twitter_card":"summary_large_image","twitter_creator":"@TheFreeAgentFR","twitter_site":"@TheFreeAgentFR","twitter_misc":{"\u00c9crit par":"La r\u00e9daction","Dur\u00e9e de lecture estim\u00e9e":"2 minutes"},"schema":{"@context":"https:\/\/schema.org","@graph":[{"@type":"WebPage","@id":"https:\/\/theplayoffs.news\/fr\/actualite-nba\/coup-dur-pour-les-sixers-jared-mccain-out-jusqua-la-fin-de-la-saison\/","url":"https:\/\/theplayoffs.news\/fr\/actualite-nba\/coup-dur-pour-les-sixers-jared-mccain-out-jusqua-la-fin-de-la-saison\/","name":"Coup dur pour les Sixers : Jared McCain out jusqu\\'\u00e0 la fin de la saison ! - The Playoffs FR","isPartOf":{"@id":"https:\/\/theplayoffs.news\/fr\/#website"},"primaryImageOfPage":{"@id":"https:\/\/theplayoffs.news\/fr\/actualite-nba\/coup-dur-pour-les-sixers-jared-mccain-out-jusqua-la-fin-de-la-saison\/#primaryimage"},"image":{"@id":"https:\/\/theplayoffs.news\/fr\/actualite-nba\/coup-dur-pour-les-sixers-jared-mccain-out-jusqua-la-fin-de-la-saison\/#primaryimage"},"thumbnailUrl":"https:\/\/theplayoffs.news\/fr\/wp-content\/uploads\/2025\/01\/USATSI_24981964.jpg","datePublished":"2025-01-10T10:04:08+00:00","dateModified":"2025-01-10T10:04:08+00:00","author":{"@id":"https:\/\/theplayoffs.news\/fr\/#\/schema\/person\/bb40426f4e478f9bd8cdbfeb4f2f9784"},"breadcrumb":{"@id":"https:\/\/theplayoffs.news\/fr\/actualite-nba\/coup-dur-pour-les-sixers-jared-mccain-out-jusqua-la-fin-de-la-saison\/#breadcrumb"},"inLanguage":"fr-FR","potentialAction":[{"@type":"ReadAction","target":["https:\/\/theplayoffs.news\/fr\/actualite-nba\/coup-dur-pour-les-sixers-jared-mccain-out-jusqua-la-fin-de-la-saison\/"]}]},{"@type":"ImageObject","inLanguage":"fr-FR","@id":"https:\/\/theplayoffs.news\/fr\/actualite-nba\/coup-dur-pour-les-sixers-jared-mccain-out-jusqua-la-fin-de-la-saison\/#primaryimage","url":"https:\/\/theplayoffs.news\/fr\/wp-content\/uploads\/2025\/01\/USATSI_24981964.jpg","contentUrl":"https:\/\/theplayoffs.news\/fr\/wp-content\/uploads\/2025\/01\/USATSI_24981964.jpg","width":1920,"height":1281,"caption":"Jared McCain"},{"@type":"BreadcrumbList","@id":"https:\/\/theplayoffs.news\/fr\/actualite-nba\/coup-dur-pour-les-sixers-jared-mccain-out-jusqua-la-fin-de-la-saison\/#breadcrumb","itemListElement":[{"@type":"ListItem","position":1,"name":"Accueil","item":"https:\/\/theplayoffs.news\/fr\/"},{"@type":"ListItem","position":2,"name":"Coup dur pour les Sixers : Jared McCain out jusqu&rsquo;\u00e0 la fin de la saison !"}]},{"@type":"WebSite","@id":"https:\/\/theplayoffs.news\/fr\/#website","url":"https:\/\/theplayoffs.news\/fr\/","name":"The Playoffs FR","description":"NBA-NFL-NHL-MLB","potentialAction":[{"@type":"SearchAction","target":{"@type":"EntryPoint","urlTemplate":"https:\/\/theplayoffs.news\/fr\/?s={search_term_string}"},"query-input":{"@type":"PropertyValueSpecification","valueRequired":true,"valueName":"search_term_string"}}],"inLanguage":"fr-FR"},{"@type":"Person","@id":"https:\/\/theplayoffs.news\/fr\/#\/schema\/person\/bb40426f4e478f9bd8cdbfeb4f2f9784","name":"La r\u00e9daction","image":{"@type":"ImageObject","inLanguage":"fr-FR","@id":"https:\/\/theplayoffs.news\/fr\/#\/schema\/person\/image\/","url":"https:\/\/secure.gravatar.com\/avatar\/7e69b41460ab2c17d61c8c364b6a0ee006f957a70191383ef42be1f4733d6515?s=96&d=mm&r=g","contentUrl":"https:\/\/secure.gravatar.com\/avatar\/7e69b41460ab2c17d61c8c364b6a0ee006f957a70191383ef42be1f4733d6515?s=96&d=mm&r=g","caption":"La r\u00e9daction"},"description":"On dit qu\\'il faut un village pour s\\'occuper d\\'un enfant. Et bien c\\'est exactement ce dont il s\\'agit ici pour The Playoffs. La r\u00e9daction, ce sont vos r\u00e9dacteurs pr\u00e9f\u00e9r\u00e9s qui collaborent sur ces articles que vous lisez au quotidien.\u00a0","url":"https:\/\/theplayoffs.news\/fr\/author\/freeagentfr\/"}]}},"_links":{"self":[{"href":"https:\/\/theplayoffs.news\/fr\/wp-json\/wp\/v2\/posts\/1474115","targetHints":{"allow":["GET"]}}],"collection":[{"href":"https:\/\/theplayoffs.news\/fr\/wp-json\/wp\/v2\/posts"}],"about":[{"href":"https:\/\/theplayoffs.news\/fr\/wp-json\/wp\/v2\/types\/post"}],"author":[{"embeddable":true,"href":"https:\/\/theplayoffs.news\/fr\/wp-json\/wp\/v2\/users\/180309799"}],"replies":[{"embeddable":true,"href":"https:\/\/theplayoffs.news\/fr\/wp-json\/wp\/v2\/comments?post=1474115"}],"version-history":[{"count":4,"href":"https:\/\/theplayoffs.news\/fr\/wp-json\/wp\/v2\/posts\/1474115\/revisions"}],"predecessor-version":[{"id":1474131,"href":"https:\/\/theplayoffs.news\/fr\/wp-json\/wp\/v2\/posts\/1474115\/revisions\/1474131"}],"wp:featuredmedia":[{"embeddable":true,"href":"https:\/\/theplayoffs.news\/fr\/wp-json\/wp\/v2\/media\/1474129"}],"wp:attachment":[{"href":"https:\/\/theplayoffs.news\/fr\/wp-json\/wp\/v2\/media?parent=1474115"}],"wp:term":[{"taxonomy":"category","embeddable":true,"href":"https:\/\/theplayoffs.news\/fr\/wp-json\/wp\/v2\/categories?post=1474115"},{"taxonomy":"post_tag","embeddable":true,"href":"https:\/\/theplayoffs.news\/fr\/wp-json\/wp\/v2\/tags?post=1474115"},{"taxonomy":"sport","embeddable":true,"href":"https:\/\/theplayoffs.news\/fr\/wp-json\/wp\/v2\/sport?post=1474115"},{"taxonomy":"saison","embeddable":true,"href":"https:\/\/theplayoffs.news\/fr\/wp-json\/wp\/v2\/saison?post=1474115"}],"curies":[{"name":"wp","href":"https:\/\/api.w.org\/{rel}","templated":true}]}}