{"id":1474094,"date":"2025-01-10T10:29:18","date_gmt":"2025-01-10T09:29:18","guid":{"rendered":"https:\/\/theplayoffs.news\/fr\/?p=1474094"},"modified":"2025-01-10T10:29:18","modified_gmt":"2025-01-10T09:29:18","slug":"les-mots-forts-de-bradley-beal-sur-son-nouveau-role-je-ne-me-comporterai-pas-comme-un-enfoire","status":"publish","type":"post","link":"https:\/\/theplayoffs.news\/fr\/actualite-nba\/les-mots-forts-de-bradley-beal-sur-son-nouveau-role-je-ne-me-comporterai-pas-comme-un-enfoire\/","title":{"rendered":"Les mots forts de Bradley Beal sur son nouveau r\u00f4le: \u00ab\u00a0Je ne me comporterai pas comme un enfoir\u00e9\u00a0\u00bb"},"content":{"rendered":"<p><a href=\"https:\/\/theplayoffs.news\/fr\/joueur\/bradley-beal-nba-13160\/\" target=\"_blank\" rel=\"noopener\" class=\"trk-cta-link\" data-cta-trk='{\"ctaType\":\"Link\",\"ctaSubType\":\"main\"}'>Bradley Beal<\/a> a de nouveau brill&eacute; jeudi en tant que rempla&ccedil;ant, inscrivant 25 points pour guider les Phoenix Suns vers une victoire importante face aux Atlanta Hawks (123-115). Ce 2&egrave;me succ&egrave;s en 3 matchs permet aux Suns de relever la t&ecirc;te apr&egrave;s une p&eacute;riode difficile.<\/p><div class=\"group\/conversation-turn relative flex w-full min-w-0 flex-col agent-turn\">\n<div class=\"flex-col gap-1 md:gap-3\">\n<div class=\"flex max-w-full flex-col flex-grow\">\n<div class=\"min-h-8 text-message flex w-full flex-col items-end gap-2 whitespace-normal break-words text-start [.text-message+&amp;]:mt-5\" dir=\"auto\" data-message-author-role=\"assistant\" data-message-id=\"67baad7a-1912-4e9a-825f-1d4fbfa5a94c\" data-message-model-slug=\"gpt-4o\">\n<div class=\"flex w-full flex-col gap-1 empty:hidden first:pt-[3px]\">\n<div class=\"markdown prose w-full break-words dark:prose-invert light\">\n<p>Au sortir de la rencontre, Beal s&rsquo;est exprim&eacute; sur l&rsquo;adaptation n&eacute;cessaire &agrave; son nouveau r&ocirc;le. Titulaire en puissance depuis son arriv&eacute;e dans la ligue en <a href=\"https:\/\/theplayoffs.news\/fr\/nba-basketball\/\" target=\"_blank\" rel=\"noopener\" class=\"trk-cta-link\" data-cta-trk='{\"ctaType\":\"Link\",\"ctaSubType\":\"main\"}'>NBA<\/a> en 2012, le v&eacute;t&eacute;ran n&rsquo;&eacute;tait plus sorti du banc depuis pr&egrave;s de huit ans. L&rsquo;ancienne g&acirc;chette des Wizards s&rsquo;est exprim&eacute; sur cette nouvelle situation. &laquo; Tout change. Ma pr&eacute;paration est totalement diff&eacute;rente. Il faut &ecirc;tre pr&ecirc;t au moment o&ugrave; l&rsquo;on fait appel &agrave; vous. &raquo;<\/p>\n<p>Interrog&eacute; sur sa r&eacute;action lorsqu&rsquo;il a appris cette d&eacute;cision, Beal a montr&eacute; une attitude exemplaire. <em>&laquo; J&rsquo;ai regard&eacute; l&rsquo;entra&icirc;neur et j&rsquo;ai simplement dit : &laquo;&nbsp;D&rsquo;accord, je ne vais pas contester votre d&eacute;cision. C&rsquo;est votre choix.&nbsp;&raquo; &raquo;<\/em><\/p>\n<blockquote class=\"twitter-tweet\">\n<p dir=\"ltr\" lang=\"en\">The weirdest part or moment coming off the bench for Bradley Beal?<\/p>\n<p>&laquo;&nbsp;Every moment. But again, I&rsquo;m not gonna be a distraction, I&rsquo;m not gonna be an asshole, I&rsquo;m not gonna be unprofessional&hellip;.I always take pride in my game. In who I am, in what I do. This is no different. I guess&hellip; <a href=\"https:\/\/t.co\/EtNN5kQ3zI\" class=\"trk-cta-link\" data-cta-trk='{\"ctaType\":\"Link\",\"ctaSubType\":\"main\"}'>pic.twitter.com\/EtNN5kQ3zI<\/a><\/p>\n<p>&mdash; PHNX Suns (@PHNX_Suns) <a href=\"https:\/\/twitter.com\/PHNX_Suns\/status\/1877588617750605936?ref_src=twsrc%5Etfw\" class=\"trk-cta-link\" data-cta-trk='{\"ctaType\":\"Link\",\"ctaSubType\":\"main\"}'>January 10, 2025<\/a><\/p><\/blockquote>\n<p><script async src=\"https:\/\/platform.twitter.com\/widgets.js\" charset=\"utf-8\"><\/script><\/p>\n<p>Malgr&eacute; ce bouleversement, Beal a affirm&eacute; sa volont&eacute; de rester professionnel avant tout. Interrog&eacute; sur ce qui &eacute;tait le plus perturbant, l&rsquo;ancien &eacute;tudiant de Florida a r&eacute;pondu. <em>&laquo; Absolument tout. Mais, encore une fois, je ne serai pas une distraction, je ne vais pas me comporter comme un enfoir&eacute; ni manquer de professionnalisme. J&rsquo;ai toujours &eacute;t&eacute; fier de mon jeu, de qui je suis et de ce que je fais. Cela ne change pas. C&rsquo;est juste davantage mis en lumi&egrave;re, car ce n&rsquo;est pas ce &agrave; quoi les gens sont habitu&eacute;s. &raquo;<\/em><\/p>\n<h4><strong>Des tensions dans le vestiaire et des rumeurs de transfert<\/strong><\/h4>\n<p>Cette d&eacute;cision inattendue de faire d&eacute;buter Beal sur le banc a suscit&eacute; des questions, notamment dans un contexte o&ugrave; des rumeurs de tensions au sein du vestiaire des Suns circulent. Une vid&eacute;o <a href=\"https:\/\/x.com\/Stunna999_\/status\/1877542369878331654\" target=\"_blank\" rel=\"noopener\" class=\"trk-cta-link\" data-cta-trk='{\"ctaType\":\"Link\",\"ctaSubType\":\"main\"}'>montrant Beal &eacute;vitant de participer &agrave; un rassemblement<\/a> d&rsquo;&eacute;quipe avant le match contre les Hawks a renforc&eacute; les sp&eacute;culations sur un &eacute;ventuel transfert dans un avenir proche.<\/p>\n<p><strong>Lire aussi:<\/strong><\/p>\n<p><a href=\"https:\/\/theplayoffs.news\/fr\/nba-basketball\/paolo-banchero-devrait-faire-son-retour-tant-attendu-cette-semaine\/\" target=\"_blank\" rel=\"noopener\" class=\"trk-cta-link\" data-cta-trk='{\"ctaType\":\"Link\",\"ctaSubType\":\"main\"}'>https:\/\/theplayoffs.news\/fr\/nba-basketball\/paolo-banchero-devrait-faire-son-retour-tant-attendu-cette-semaine\/<\/a><\/p>\n<p><a href=\"https:\/\/theplayoffs.news\/fr\/nba-basketball\/vote-nba-all-star-game-2025-top-10-joueurs-apres-seconds-retours-votes-fans\/\" class=\"trk-cta-link\" data-cta-trk='{\"ctaType\":\"Link\",\"ctaSubType\":\"main\"}'>Vote pour le NBA All-Star Game 2025 : Top 10 des joueurs apr&egrave;s les seconds retours des votes des fans &ndash; The Free Agent<\/a><\/p>\n<h4><strong>Une &laquo;&nbsp;no-trade clause&nbsp;&raquo; qui pose probl&egrave;me&hellip;<\/strong><\/h4>\n<p>Selon plusieurs rapports, les Phoenix Suns seraient pr&ecirc;ts &agrave; inclure Beal dans un &eacute;change visant &agrave; acqu&eacute;rir Jimmy Butler du Miami Heat. Toutefois, l&rsquo;insider NBA Brian Windhorst a r&eacute;v&eacute;l&eacute; que ni Beal ni son agent n&rsquo;avaient engag&eacute; de discussions concernant une &eacute;ventuelle lev&eacute;e de sa clause de &laquo;&nbsp;non-transfert&nbsp;&raquo;.<\/p>\n<p>&laquo; Pour l&rsquo;instant, cela semble peu probable. Son agent, Mark Bartelstein, m&rsquo;a confirm&eacute; qu&rsquo;aucune discussion n&rsquo;avait eu lieu, que ce soit avec les Suns ou une autre &eacute;quipe, concernant la lev&eacute;e de la clause de non-transfert de Bradley Beal. Ces rumeurs ont &eacute;merg&eacute; parce que le Heat a laiss&eacute; entendre qu&rsquo;il envisagerait d&rsquo;&eacute;changer Jimmy Butler &raquo;, a ainsi expliqu&eacute; le journaliste lors de l&rsquo;&eacute;mission <em>Get Up<\/em>.<\/p>\n<p>Cr&eacute;dit: &copy; Mark J. Rebilas-Imagn Images<\/p>\n<\/div>\n<\/div>\n<\/div>\n<\/div>\n<\/div>\n<\/div>\n","protected":false},"excerpt":{"rendered":"","protected":false},"author":180309799,"featured_media":1474097,"comment_status":"open","ping_status":"closed","sticky":false,"template":"","format":"standard","meta":{"inline_featured_image":false,"kia_subtitle":"","_mux_skip_reasons":[],"proofreadBy":0,"footnotes":""},"categories":[110,10],"tags":[642,394,476,2721,804],"sport":[],"saison":[],"class_list":["post-1474094","post","type-post","status-publish","format-standard","has-post-thumbnail","hentry","category-actualite-nba","category-nba","tag-atlanta-hawks","tag-bradley-beal","tag-kevin-durant","tag-mike-budenholzer","tag-phoenix-suns"],"acf":[],"yoast_head":"<!-- This site is optimized with the Yoast SEO plugin v24.2 - https:\/\/yoast.com\/wordpress\/plugins\/seo\/ -->\n<title>Les mots forts de Bradley Beal sur son nouveau r&ocirc;le: &quot;Je ne me comporterai pas comme un enfoir&eacute;&quot; - The Playoffs FR<\/title>\n<meta name=\"robots\" content=\"index, follow, max-snippet:-1, max-image-preview:large, max-video-preview:-1\" \/>\n<link rel=\"canonical\" href=\"https:\/\/theplayoffs.news\/fr\/actualite-nba\/les-mots-forts-de-bradley-beal-sur-son-nouveau-role-je-ne-me-comporterai-pas-comme-un-enfoire\/\" \/>\n<meta property=\"og:locale\" content=\"fr_FR\" \/>\n<meta property=\"og:type\" content=\"article\" \/>\n<meta property=\"og:title\" content=\"Les mots forts de Bradley Beal sur son nouveau r&ocirc;le: &quot;Je ne me comporterai pas comme un enfoir&eacute;&quot; - The Playoffs FR\" \/>\n<meta property=\"og:url\" content=\"https:\/\/theplayoffs.news\/fr\/actualite-nba\/les-mots-forts-de-bradley-beal-sur-son-nouveau-role-je-ne-me-comporterai-pas-comme-un-enfoire\/\" \/>\n<meta property=\"og:site_name\" content=\"The Playoffs FR\" \/>\n<meta property=\"article:publisher\" content=\"https:\/\/www.facebook.com\/TheFreeAgentFR\/\" \/>\n<meta property=\"article:modified_time\" content=\"2025-01-10T10:29:18+01:00\" \/>\n<meta property=\"og:image\" content=\"https:\/\/theplayoffs.news\/fr\/wp-content\/uploads\/2025\/01\/USATSI_25154530.jpg\" \/>\n\t<meta property=\"og:image:width\" content=\"1920\" \/>\n\t<meta property=\"og:image:height\" content=\"1329\" \/>\n\t<meta property=\"og:image:type\" content=\"image\/jpeg\" \/>\n<meta name=\"author\" content=\"La r\u00e9daction\" \/>\n<meta name=\"twitter:card\" content=\"summary_large_image\" \/>\n<meta name=\"twitter:creator\" content=\"@TheFreeAgentFR\" \/>\n<meta name=\"twitter:site\" content=\"@TheFreeAgentFR\" \/>\n<meta name=\"twitter:label1\" content=\"\u00c9crit par\" \/>\n\t<meta name=\"twitter:data1\" content=\"La r\u00e9daction\" \/>\n\t<meta name=\"twitter:label2\" content=\"Dur\u00e9e de lecture estim\u00e9e\" \/>\n\t<meta name=\"twitter:data2\" content=\"3 minutes\" \/>\n<script type=\"application\/ld+json\" class=\"yoast-schema-graph\">{\"@context\":\"https:\/\/schema.org\",\"@graph\":[{\"@type\":\"WebPage\",\"@id\":\"https:\/\/theplayoffs.news\/fr\/actualite-nba\/les-mots-forts-de-bradley-beal-sur-son-nouveau-role-je-ne-me-comporterai-pas-comme-un-enfoire\/\",\"url\":\"https:\/\/theplayoffs.news\/fr\/actualite-nba\/les-mots-forts-de-bradley-beal-sur-son-nouveau-role-je-ne-me-comporterai-pas-comme-un-enfoire\/\",\"name\":\"Les mots forts de Bradley Beal sur son nouveau r\u00f4le: \\\\\\\"Je ne me comporterai pas comme un enfoir\u00e9\\\\\\\" - The Playoffs FR\",\"isPartOf\":{\"@id\":\"https:\/\/theplayoffs.news\/fr\/#website\"},\"primaryImageOfPage\":{\"@id\":\"https:\/\/theplayoffs.news\/fr\/actualite-nba\/les-mots-forts-de-bradley-beal-sur-son-nouveau-role-je-ne-me-comporterai-pas-comme-un-enfoire\/#primaryimage\"},\"image\":{\"@id\":\"https:\/\/theplayoffs.news\/fr\/actualite-nba\/les-mots-forts-de-bradley-beal-sur-son-nouveau-role-je-ne-me-comporterai-pas-comme-un-enfoire\/#primaryimage\"},\"thumbnailUrl\":\"https:\/\/theplayoffs.news\/fr\/wp-content\/uploads\/2025\/01\/USATSI_25154530.jpg\",\"datePublished\":\"2025-01-10T09:29:18+00:00\",\"dateModified\":\"2025-01-10T09:29:18+00:00\",\"author\":{\"@id\":\"https:\/\/theplayoffs.news\/fr\/#\/schema\/person\/bb40426f4e478f9bd8cdbfeb4f2f9784\"},\"breadcrumb\":{\"@id\":\"https:\/\/theplayoffs.news\/fr\/actualite-nba\/les-mots-forts-de-bradley-beal-sur-son-nouveau-role-je-ne-me-comporterai-pas-comme-un-enfoire\/#breadcrumb\"},\"inLanguage\":\"fr-FR\",\"potentialAction\":[{\"@type\":\"ReadAction\",\"target\":[\"https:\/\/theplayoffs.news\/fr\/actualite-nba\/les-mots-forts-de-bradley-beal-sur-son-nouveau-role-je-ne-me-comporterai-pas-comme-un-enfoire\/\"]}]},{\"@type\":\"ImageObject\",\"inLanguage\":\"fr-FR\",\"@id\":\"https:\/\/theplayoffs.news\/fr\/actualite-nba\/les-mots-forts-de-bradley-beal-sur-son-nouveau-role-je-ne-me-comporterai-pas-comme-un-enfoire\/#primaryimage\",\"url\":\"https:\/\/theplayoffs.news\/fr\/wp-content\/uploads\/2025\/01\/USATSI_25154530.jpg\",\"contentUrl\":\"https:\/\/theplayoffs.news\/fr\/wp-content\/uploads\/2025\/01\/USATSI_25154530.jpg\",\"width\":1920,\"height\":1329,\"caption\":\"Bradley Beal\"},{\"@type\":\"BreadcrumbList\",\"@id\":\"https:\/\/theplayoffs.news\/fr\/actualite-nba\/les-mots-forts-de-bradley-beal-sur-son-nouveau-role-je-ne-me-comporterai-pas-comme-un-enfoire\/#breadcrumb\",\"itemListElement\":[{\"@type\":\"ListItem\",\"position\":1,\"name\":\"Accueil\",\"item\":\"https:\/\/theplayoffs.news\/fr\/\"},{\"@type\":\"ListItem\",\"position\":2,\"name\":\"Les mots forts de Bradley Beal sur son nouveau r\u00f4le: \u00ab\u00a0Je ne me comporterai pas comme un enfoir\u00e9\u00a0\u00bb\"}]},{\"@type\":\"WebSite\",\"@id\":\"https:\/\/theplayoffs.news\/fr\/#website\",\"url\":\"https:\/\/theplayoffs.news\/fr\/\",\"name\":\"The Playoffs FR\",\"description\":\"NBA-NFL-NHL-MLB\",\"potentialAction\":[{\"@type\":\"SearchAction\",\"target\":{\"@type\":\"EntryPoint\",\"urlTemplate\":\"https:\/\/theplayoffs.news\/fr\/?s={search_term_string}\"},\"query-input\":{\"@type\":\"PropertyValueSpecification\",\"valueRequired\":true,\"valueName\":\"search_term_string\"}}],\"inLanguage\":\"fr-FR\"},{\"@type\":\"Person\",\"@id\":\"https:\/\/theplayoffs.news\/fr\/#\/schema\/person\/bb40426f4e478f9bd8cdbfeb4f2f9784\",\"name\":\"La r\u00e9daction\",\"image\":{\"@type\":\"ImageObject\",\"inLanguage\":\"fr-FR\",\"@id\":\"https:\/\/theplayoffs.news\/fr\/#\/schema\/person\/image\/\",\"url\":\"https:\/\/secure.gravatar.com\/avatar\/7e69b41460ab2c17d61c8c364b6a0ee006f957a70191383ef42be1f4733d6515?s=96&d=mm&r=g\",\"contentUrl\":\"https:\/\/secure.gravatar.com\/avatar\/7e69b41460ab2c17d61c8c364b6a0ee006f957a70191383ef42be1f4733d6515?s=96&d=mm&r=g\",\"caption\":\"La r\u00e9daction\"},\"description\":\"On dit qu\\\\'il faut un village pour s\\\\'occuper d\\\\'un enfant. Et bien c\\\\'est exactement ce dont il s\\\\'agit ici pour The Playoffs. La r\u00e9daction, ce sont vos r\u00e9dacteurs pr\u00e9f\u00e9r\u00e9s qui collaborent sur ces articles que vous lisez au quotidien.\u00a0\",\"url\":\"https:\/\/theplayoffs.news\/fr\/author\/freeagentfr\/\"}]}<\/script>\n<!-- \/ Yoast SEO plugin. -->","yoast_head_json":{"title":"Les mots forts de Bradley Beal sur son nouveau r&ocirc;le: &quot;Je ne me comporterai pas comme un enfoir&eacute;&quot; - The Playoffs FR","robots":{"index":"index","follow":"follow","max-snippet":"max-snippet:-1","max-image-preview":"max-image-preview:large","max-video-preview":"max-video-preview:-1"},"canonical":"https:\/\/theplayoffs.news\/fr\/actualite-nba\/les-mots-forts-de-bradley-beal-sur-son-nouveau-role-je-ne-me-comporterai-pas-comme-un-enfoire\/","og_locale":"fr_FR","og_type":"article","og_title":"Les mots forts de Bradley Beal sur son nouveau r&ocirc;le: &quot;Je ne me comporterai pas comme un enfoir&eacute;&quot; - The Playoffs FR","og_url":"https:\/\/theplayoffs.news\/fr\/actualite-nba\/les-mots-forts-de-bradley-beal-sur-son-nouveau-role-je-ne-me-comporterai-pas-comme-un-enfoire\/","og_site_name":"The Playoffs FR","article_publisher":"https:\/\/www.facebook.com\/TheFreeAgentFR\/","og_image":[{"width":1920,"height":1329,"url":"https:\/\/theplayoffs.news\/fr\/wp-content\/uploads\/2025\/01\/USATSI_25154530.jpg","type":"image\/jpeg"}],"author":"La r\u00e9daction","twitter_card":"summary_large_image","twitter_creator":"@TheFreeAgentFR","twitter_site":"@TheFreeAgentFR","twitter_misc":{"\u00c9crit par":"La r\u00e9daction","Dur\u00e9e de lecture estim\u00e9e":"3 minutes"},"schema":{"@context":"https:\/\/schema.org","@graph":[{"@type":"WebPage","@id":"https:\/\/theplayoffs.news\/fr\/actualite-nba\/les-mots-forts-de-bradley-beal-sur-son-nouveau-role-je-ne-me-comporterai-pas-comme-un-enfoire\/","url":"https:\/\/theplayoffs.news\/fr\/actualite-nba\/les-mots-forts-de-bradley-beal-sur-son-nouveau-role-je-ne-me-comporterai-pas-comme-un-enfoire\/","name":"Les mots forts de Bradley Beal sur son nouveau r\u00f4le: \\\"Je ne me comporterai pas comme un enfoir\u00e9\\\" - The Playoffs FR","isPartOf":{"@id":"https:\/\/theplayoffs.news\/fr\/#website"},"primaryImageOfPage":{"@id":"https:\/\/theplayoffs.news\/fr\/actualite-nba\/les-mots-forts-de-bradley-beal-sur-son-nouveau-role-je-ne-me-comporterai-pas-comme-un-enfoire\/#primaryimage"},"image":{"@id":"https:\/\/theplayoffs.news\/fr\/actualite-nba\/les-mots-forts-de-bradley-beal-sur-son-nouveau-role-je-ne-me-comporterai-pas-comme-un-enfoire\/#primaryimage"},"thumbnailUrl":"https:\/\/theplayoffs.news\/fr\/wp-content\/uploads\/2025\/01\/USATSI_25154530.jpg","datePublished":"2025-01-10T09:29:18+00:00","dateModified":"2025-01-10T09:29:18+00:00","author":{"@id":"https:\/\/theplayoffs.news\/fr\/#\/schema\/person\/bb40426f4e478f9bd8cdbfeb4f2f9784"},"breadcrumb":{"@id":"https:\/\/theplayoffs.news\/fr\/actualite-nba\/les-mots-forts-de-bradley-beal-sur-son-nouveau-role-je-ne-me-comporterai-pas-comme-un-enfoire\/#breadcrumb"},"inLanguage":"fr-FR","potentialAction":[{"@type":"ReadAction","target":["https:\/\/theplayoffs.news\/fr\/actualite-nba\/les-mots-forts-de-bradley-beal-sur-son-nouveau-role-je-ne-me-comporterai-pas-comme-un-enfoire\/"]}]},{"@type":"ImageObject","inLanguage":"fr-FR","@id":"https:\/\/theplayoffs.news\/fr\/actualite-nba\/les-mots-forts-de-bradley-beal-sur-son-nouveau-role-je-ne-me-comporterai-pas-comme-un-enfoire\/#primaryimage","url":"https:\/\/theplayoffs.news\/fr\/wp-content\/uploads\/2025\/01\/USATSI_25154530.jpg","contentUrl":"https:\/\/theplayoffs.news\/fr\/wp-content\/uploads\/2025\/01\/USATSI_25154530.jpg","width":1920,"height":1329,"caption":"Bradley Beal"},{"@type":"BreadcrumbList","@id":"https:\/\/theplayoffs.news\/fr\/actualite-nba\/les-mots-forts-de-bradley-beal-sur-son-nouveau-role-je-ne-me-comporterai-pas-comme-un-enfoire\/#breadcrumb","itemListElement":[{"@type":"ListItem","position":1,"name":"Accueil","item":"https:\/\/theplayoffs.news\/fr\/"},{"@type":"ListItem","position":2,"name":"Les mots forts de Bradley Beal sur son nouveau r\u00f4le: \u00ab\u00a0Je ne me comporterai pas comme un enfoir\u00e9\u00a0\u00bb"}]},{"@type":"WebSite","@id":"https:\/\/theplayoffs.news\/fr\/#website","url":"https:\/\/theplayoffs.news\/fr\/","name":"The Playoffs FR","description":"NBA-NFL-NHL-MLB","potentialAction":[{"@type":"SearchAction","target":{"@type":"EntryPoint","urlTemplate":"https:\/\/theplayoffs.news\/fr\/?s={search_term_string}"},"query-input":{"@type":"PropertyValueSpecification","valueRequired":true,"valueName":"search_term_string"}}],"inLanguage":"fr-FR"},{"@type":"Person","@id":"https:\/\/theplayoffs.news\/fr\/#\/schema\/person\/bb40426f4e478f9bd8cdbfeb4f2f9784","name":"La r\u00e9daction","image":{"@type":"ImageObject","inLanguage":"fr-FR","@id":"https:\/\/theplayoffs.news\/fr\/#\/schema\/person\/image\/","url":"https:\/\/secure.gravatar.com\/avatar\/7e69b41460ab2c17d61c8c364b6a0ee006f957a70191383ef42be1f4733d6515?s=96&d=mm&r=g","contentUrl":"https:\/\/secure.gravatar.com\/avatar\/7e69b41460ab2c17d61c8c364b6a0ee006f957a70191383ef42be1f4733d6515?s=96&d=mm&r=g","caption":"La r\u00e9daction"},"description":"On dit qu\\'il faut un village pour s\\'occuper d\\'un enfant. Et bien c\\'est exactement ce dont il s\\'agit ici pour The Playoffs. La r\u00e9daction, ce sont vos r\u00e9dacteurs pr\u00e9f\u00e9r\u00e9s qui collaborent sur ces articles que vous lisez au quotidien.\u00a0","url":"https:\/\/theplayoffs.news\/fr\/author\/freeagentfr\/"}]}},"_links":{"self":[{"href":"https:\/\/theplayoffs.news\/fr\/wp-json\/wp\/v2\/posts\/1474094","targetHints":{"allow":["GET"]}}],"collection":[{"href":"https:\/\/theplayoffs.news\/fr\/wp-json\/wp\/v2\/posts"}],"about":[{"href":"https:\/\/theplayoffs.news\/fr\/wp-json\/wp\/v2\/types\/post"}],"author":[{"embeddable":true,"href":"https:\/\/theplayoffs.news\/fr\/wp-json\/wp\/v2\/users\/180309799"}],"replies":[{"embeddable":true,"href":"https:\/\/theplayoffs.news\/fr\/wp-json\/wp\/v2\/comments?post=1474094"}],"version-history":[{"count":3,"href":"https:\/\/theplayoffs.news\/fr\/wp-json\/wp\/v2\/posts\/1474094\/revisions"}],"predecessor-version":[{"id":1474106,"href":"https:\/\/theplayoffs.news\/fr\/wp-json\/wp\/v2\/posts\/1474094\/revisions\/1474106"}],"wp:featuredmedia":[{"embeddable":true,"href":"https:\/\/theplayoffs.news\/fr\/wp-json\/wp\/v2\/media\/1474097"}],"wp:attachment":[{"href":"https:\/\/theplayoffs.news\/fr\/wp-json\/wp\/v2\/media?parent=1474094"}],"wp:term":[{"taxonomy":"category","embeddable":true,"href":"https:\/\/theplayoffs.news\/fr\/wp-json\/wp\/v2\/categories?post=1474094"},{"taxonomy":"post_tag","embeddable":true,"href":"https:\/\/theplayoffs.news\/fr\/wp-json\/wp\/v2\/tags?post=1474094"},{"taxonomy":"sport","embeddable":true,"href":"https:\/\/theplayoffs.news\/fr\/wp-json\/wp\/v2\/sport?post=1474094"},{"taxonomy":"saison","embeddable":true,"href":"https:\/\/theplayoffs.news\/fr\/wp-json\/wp\/v2\/saison?post=1474094"}],"curies":[{"name":"wp","href":"https:\/\/api.w.org\/{rel}","templated":true}]}}