{"id":1474006,"date":"2025-01-09T20:02:02","date_gmt":"2025-01-09T19:02:02","guid":{"rendered":"https:\/\/theplayoffs.news\/fr\/?p=1474006"},"modified":"2025-01-09T19:58:34","modified_gmt":"2025-01-09T18:58:34","slug":"satou-sabally-out-wings","status":"publish","type":"post","link":"https:\/\/theplayoffs.news\/fr\/wnba\/satou-sabally-out-wings\/","title":{"rendered":"WNBA : Satou Sabally ne rejouera pas avec les Wings"},"content":{"rendered":"<h2>Alors que la free agency <a href=\"https:\/\/theplayoffs.news\/fr\/wnba\/\" class=\"trk-cta-link\" data-cta-trk='{\"ctaType\":\"Link\",\"ctaSubType\":\"main\"}'>WNBA <\/a>arrive &agrave; grand pas, Satou Sabally a d&eacute;clar&eacute; qu&rsquo;elle avait disput&eacute; son dernier match avec les Wings en septembre dernier.<\/h2><p>Satou Sabally, draft&eacute;e en 2&egrave;me position en 2020 par Dallas, va porter une autre tunique &agrave; la rentr&eacute;e 2025 WNBA selon ce qu&rsquo;elle a annonc&eacute; aux m&eacute;dias am&eacute;ricains ce jeudi 9 janvier.<\/p><blockquote class=\"twitter-tweet\">\n<p dir=\"ltr\" lang=\"en\">Breaking: Satou Sabally announces she&rsquo;s moving on from Dallas and has played their last game there. She told reporters today she&rsquo;s already communicated this to the Wings.<\/p>\n<p>&mdash; Alexa Philippou (@alexaphilippou) <a href=\"https:\/\/twitter.com\/alexaphilippou\/status\/1877414912751788273?ref_src=twsrc%5Etfw\" class=\"trk-cta-link\" data-cta-trk='{\"ctaType\":\"Link\",\"ctaSubType\":\"main\"}'>January 9, 2025<\/a><\/p><\/blockquote><p><script async src=\"https:\/\/platform.twitter.com\/widgets.js\" charset=\"utf-8\"><\/script><\/p><p>Elle a indiqu&eacute; qu&rsquo;elle &ldquo;avait d&eacute;j&agrave; pr&eacute;venu la franchise texane&rdquo; pour travailler ensemble afin de trouver une &eacute;quipe qui conviendrait &agrave; l&rsquo;Allemande. La solution du sign-and-trade semblerait &ecirc;tre le choix des deux partis.<\/p><p>Quelle destination ? New York &eacute;merge comme favori, poss&eacute;dant en plus la s&oelig;ur de Satou, Nyara Sabally, dans l&rsquo;effectif. Cependant, toutes les franchises pourraient avoir leur mot &agrave; dire dans cette saga qui s&rsquo;annonce palpitante. La free agency d&eacute;marre le 11 janvier avec une p&eacute;riode o&ugrave; les &eacute;quipes font des offres qualificatives aux joueuses &eacute;ligibles ou r&eacute;serv&eacute;s jusqu&rsquo;au 20 janvier. Ensuite les n&eacute;gociations s&rsquo;ouvrent et les joueuses peuvent signer officilement &agrave; partir du 1er f&eacute;vrier.<\/p><blockquote class=\"twitter-tweet\">\n<p dir=\"ltr\" lang=\"en\">New York is an obvious obvious obvious landing spot (and, no reporting, but would guess they&rsquo;d be frontrunners here)<\/p>\n<p>but surely everyone&rsquo;s gonna toss their hat in the ring. Indiana, Vegas (especially if there&rsquo;s any Plum movement), Minnesota &hellip; lot of appealing options.<\/p>\n<p>&mdash; Nekias (Nuh-KY-us) Duncan (@NekiasNBA) <a href=\"https:\/\/twitter.com\/NekiasNBA\/status\/1877416435628097615?ref_src=twsrc%5Etfw\" class=\"trk-cta-link\" data-cta-trk='{\"ctaType\":\"Link\",\"ctaSubType\":\"main\"}'>January 9, 2025<\/a><\/p><\/blockquote><p><script async src=\"https:\/\/platform.twitter.com\/widgets.js\" charset=\"utf-8\"><\/script><\/p><p>Credit Photo : Kirby Lee-Imagn Images<\/p>\n","protected":false},"excerpt":{"rendered":"","protected":false},"author":180310247,"featured_media":1474007,"comment_status":"open","ping_status":"closed","sticky":false,"template":"","format":"standard","meta":{"inline_featured_image":false,"kia_subtitle":"","_mux_skip_reasons":[],"proofreadBy":0,"footnotes":""},"categories":[143],"tags":[4269,7584,424],"sport":[2902],"saison":[7475],"class_list":["post-1474006","post","type-post","status-publish","format-standard","has-post-thumbnail","hentry","category-wnba","tag-dallas-wings","tag-satou-sabally","tag-wnba","sport-wnba","saison-7475"],"acf":[],"yoast_head":"<!-- This site is optimized with the Yoast SEO plugin v24.2 - https:\/\/yoast.com\/wordpress\/plugins\/seo\/ -->\n<title>WNBA : Satou Sabally ne rejouera pas avec les Wings - The Playoffs FR<\/title>\n<meta name=\"robots\" content=\"index, follow, max-snippet:-1, max-image-preview:large, max-video-preview:-1\" \/>\n<link rel=\"canonical\" href=\"https:\/\/theplayoffs.news\/fr\/wnba\/satou-sabally-out-wings\/\" \/>\n<meta property=\"og:locale\" content=\"fr_FR\" \/>\n<meta property=\"og:type\" content=\"article\" \/>\n<meta property=\"og:title\" content=\"WNBA : Satou Sabally ne rejouera pas avec les Wings - The Playoffs FR\" \/>\n<meta property=\"og:url\" content=\"https:\/\/theplayoffs.news\/fr\/wnba\/satou-sabally-out-wings\/\" \/>\n<meta property=\"og:site_name\" content=\"The Playoffs FR\" \/>\n<meta property=\"article:publisher\" content=\"https:\/\/www.facebook.com\/TheFreeAgentFR\/\" \/>\n<meta property=\"article:modified_time\" content=\"2025-01-09T20:02:02+01:00\" \/>\n<meta property=\"og:image\" content=\"https:\/\/theplayoffs.news\/fr\/wp-content\/uploads\/2025\/01\/USATSI_21497924.jpg\" \/>\n\t<meta property=\"og:image:width\" content=\"1920\" \/>\n\t<meta property=\"og:image:height\" content=\"1280\" \/>\n\t<meta property=\"og:image:type\" content=\"image\/jpeg\" \/>\n<meta name=\"author\" content=\"Eliott Caillot\" \/>\n<meta name=\"twitter:card\" content=\"summary_large_image\" \/>\n<meta name=\"twitter:creator\" content=\"@TheFreeAgentFR\" \/>\n<meta name=\"twitter:site\" content=\"@TheFreeAgentFR\" \/>\n<meta name=\"twitter:label1\" content=\"\u00c9crit par\" \/>\n\t<meta name=\"twitter:data1\" content=\"Eliott Caillot\" \/>\n\t<meta name=\"twitter:label2\" content=\"Dur\u00e9e de lecture estim\u00e9e\" \/>\n\t<meta name=\"twitter:data2\" content=\"1 minute\" \/>\n<script type=\"application\/ld+json\" class=\"yoast-schema-graph\">{\"@context\":\"https:\/\/schema.org\",\"@graph\":[{\"@type\":\"WebPage\",\"@id\":\"https:\/\/theplayoffs.news\/fr\/wnba\/satou-sabally-out-wings\/\",\"url\":\"https:\/\/theplayoffs.news\/fr\/wnba\/satou-sabally-out-wings\/\",\"name\":\"WNBA : Satou Sabally ne rejouera pas avec les Wings - The Playoffs FR\",\"isPartOf\":{\"@id\":\"https:\/\/theplayoffs.news\/fr\/#website\"},\"primaryImageOfPage\":{\"@id\":\"https:\/\/theplayoffs.news\/fr\/wnba\/satou-sabally-out-wings\/#primaryimage\"},\"image\":{\"@id\":\"https:\/\/theplayoffs.news\/fr\/wnba\/satou-sabally-out-wings\/#primaryimage\"},\"thumbnailUrl\":\"https:\/\/theplayoffs.news\/fr\/wp-content\/uploads\/2025\/01\/USATSI_21497924.jpg\",\"datePublished\":\"2025-01-09T19:02:02+00:00\",\"dateModified\":\"2025-01-09T20:02:02+01:00\",\"author\":{\"@id\":\"https:\/\/theplayoffs.news\/fr\/#\/schema\/person\/b3263eb0855dc52bd89a891bffd4ac2d\"},\"breadcrumb\":{\"@id\":\"https:\/\/theplayoffs.news\/fr\/wnba\/satou-sabally-out-wings\/#breadcrumb\"},\"inLanguage\":\"fr-FR\",\"potentialAction\":[{\"@type\":\"ReadAction\",\"target\":[\"https:\/\/theplayoffs.news\/fr\/wnba\/satou-sabally-out-wings\/\"]}]},{\"@type\":\"ImageObject\",\"inLanguage\":\"fr-FR\",\"@id\":\"https:\/\/theplayoffs.news\/fr\/wnba\/satou-sabally-out-wings\/#primaryimage\",\"url\":\"https:\/\/theplayoffs.news\/fr\/wp-content\/uploads\/2025\/01\/USATSI_21497924.jpg\",\"contentUrl\":\"https:\/\/theplayoffs.news\/fr\/wp-content\/uploads\/2025\/01\/USATSI_21497924.jpg\",\"width\":1920,\"height\":1280,\"caption\":\"Sep 24, 2023; Las Vegas, Nevada, USA; Dallas Wings forward Satou Sabally (0) speaks to the press before game one of the 2023 WNBA Playoffs at Michelob Ultra Arena. Mandatory Credit: Kirby Lee-USA TODAY Sports\"},{\"@type\":\"BreadcrumbList\",\"@id\":\"https:\/\/theplayoffs.news\/fr\/wnba\/satou-sabally-out-wings\/#breadcrumb\",\"itemListElement\":[{\"@type\":\"ListItem\",\"position\":1,\"name\":\"Accueil\",\"item\":\"https:\/\/theplayoffs.news\/fr\/\"},{\"@type\":\"ListItem\",\"position\":2,\"name\":\"WNBA : Satou Sabally ne rejouera pas avec les Wings\"}]},{\"@type\":\"WebSite\",\"@id\":\"https:\/\/theplayoffs.news\/fr\/#website\",\"url\":\"https:\/\/theplayoffs.news\/fr\/\",\"name\":\"The Playoffs FR\",\"description\":\"NBA-NFL-NHL-MLB\",\"potentialAction\":[{\"@type\":\"SearchAction\",\"target\":{\"@type\":\"EntryPoint\",\"urlTemplate\":\"https:\/\/theplayoffs.news\/fr\/?s={search_term_string}\"},\"query-input\":{\"@type\":\"PropertyValueSpecification\",\"valueRequired\":true,\"valueName\":\"search_term_string\"}}],\"inLanguage\":\"fr-FR\"},{\"@type\":\"Person\",\"@id\":\"https:\/\/theplayoffs.news\/fr\/#\/schema\/person\/b3263eb0855dc52bd89a891bffd4ac2d\",\"name\":\"Eliott Caillot\",\"image\":{\"@type\":\"ImageObject\",\"inLanguage\":\"fr-FR\",\"@id\":\"https:\/\/theplayoffs.news\/fr\/#\/schema\/person\/image\/\",\"url\":\"https:\/\/secure.gravatar.com\/avatar\/f0e6c30d165f1a46b16f05bf08040e1dfc41812cc7ff16ed9b1cde5726a8c951?s=96&d=mm&r=g\",\"contentUrl\":\"https:\/\/secure.gravatar.com\/avatar\/f0e6c30d165f1a46b16f05bf08040e1dfc41812cc7ff16ed9b1cde5726a8c951?s=96&d=mm&r=g\",\"caption\":\"Eliott Caillot\"},\"description\":\"\u00c9tudiant en journalisme, r\u00e9dacteur sp\u00e9cialis\u00e9 dans le basket f\u00e9minin avec la WNBA et Unrivaled Women\u2019s Basketball. Passionn\u00e9 de basket depuis que j\u2019ai assist\u00e9 \u00e0 un derby new-yorkais au Barclays Center en 2016, j\u2019aime autant \u00eatre sur le parquet qu\u2019en tribune de presse pour faire vibrer les lecteurs. Les salles de conf\u00e9rences de presse sont ma deuxi\u00e8me maison. Si votre num\u00e9ro favori est le 22, et que vous avez d\u00e9j\u00e0 entendu parler d\u2019une jeune Clark, vous serez au bon endroit sur TPO.\",\"sameAs\":[\"https:\/\/www.linkedin.com\/in\/eliott-caillot-etudiant\"],\"url\":\"https:\/\/theplayoffs.news\/fr\/author\/eliott-caillotgmail-com\/\"}]}<\/script>\n<!-- \/ Yoast SEO plugin. -->","yoast_head_json":{"title":"WNBA : Satou Sabally ne rejouera pas avec les Wings - The Playoffs FR","robots":{"index":"index","follow":"follow","max-snippet":"max-snippet:-1","max-image-preview":"max-image-preview:large","max-video-preview":"max-video-preview:-1"},"canonical":"https:\/\/theplayoffs.news\/fr\/wnba\/satou-sabally-out-wings\/","og_locale":"fr_FR","og_type":"article","og_title":"WNBA : Satou Sabally ne rejouera pas avec les Wings - The Playoffs FR","og_url":"https:\/\/theplayoffs.news\/fr\/wnba\/satou-sabally-out-wings\/","og_site_name":"The Playoffs FR","article_publisher":"https:\/\/www.facebook.com\/TheFreeAgentFR\/","article_modified_time":"2025-01-09T18:58:34+00:00","og_image":[{"width":1920,"height":1280,"url":"https:\/\/theplayoffs.news\/fr\/wp-content\/uploads\/2025\/01\/USATSI_21497924.jpg","type":"image\/jpeg"}],"author":"Eliott Caillot","twitter_card":"summary_large_image","twitter_creator":"@TheFreeAgentFR","twitter_site":"@TheFreeAgentFR","twitter_misc":{"\u00c9crit par":"Eliott Caillot","Dur\u00e9e de lecture estim\u00e9e":"1 minute"},"schema":{"@context":"https:\/\/schema.org","@graph":[{"@type":"WebPage","@id":"https:\/\/theplayoffs.news\/fr\/wnba\/satou-sabally-out-wings\/","url":"https:\/\/theplayoffs.news\/fr\/wnba\/satou-sabally-out-wings\/","name":"WNBA : Satou Sabally ne rejouera pas avec les Wings - The Playoffs FR","isPartOf":{"@id":"https:\/\/theplayoffs.news\/fr\/#website"},"primaryImageOfPage":{"@id":"https:\/\/theplayoffs.news\/fr\/wnba\/satou-sabally-out-wings\/#primaryimage"},"image":{"@id":"https:\/\/theplayoffs.news\/fr\/wnba\/satou-sabally-out-wings\/#primaryimage"},"thumbnailUrl":"https:\/\/theplayoffs.news\/fr\/wp-content\/uploads\/2025\/01\/USATSI_21497924.jpg","datePublished":"2025-01-09T19:02:02+00:00","dateModified":"2025-01-09T20:02:02+01:00","author":{"@id":"https:\/\/theplayoffs.news\/fr\/#\/schema\/person\/b3263eb0855dc52bd89a891bffd4ac2d"},"breadcrumb":{"@id":"https:\/\/theplayoffs.news\/fr\/wnba\/satou-sabally-out-wings\/#breadcrumb"},"inLanguage":"fr-FR","potentialAction":[{"@type":"ReadAction","target":["https:\/\/theplayoffs.news\/fr\/wnba\/satou-sabally-out-wings\/"]}]},{"@type":"ImageObject","inLanguage":"fr-FR","@id":"https:\/\/theplayoffs.news\/fr\/wnba\/satou-sabally-out-wings\/#primaryimage","url":"https:\/\/theplayoffs.news\/fr\/wp-content\/uploads\/2025\/01\/USATSI_21497924.jpg","contentUrl":"https:\/\/theplayoffs.news\/fr\/wp-content\/uploads\/2025\/01\/USATSI_21497924.jpg","width":1920,"height":1280,"caption":"Sep 24, 2023; Las Vegas, Nevada, USA; Dallas Wings forward Satou Sabally (0) speaks to the press before game one of the 2023 WNBA Playoffs at Michelob Ultra Arena. Mandatory Credit: Kirby Lee-USA TODAY Sports"},{"@type":"BreadcrumbList","@id":"https:\/\/theplayoffs.news\/fr\/wnba\/satou-sabally-out-wings\/#breadcrumb","itemListElement":[{"@type":"ListItem","position":1,"name":"Accueil","item":"https:\/\/theplayoffs.news\/fr\/"},{"@type":"ListItem","position":2,"name":"WNBA : Satou Sabally ne rejouera pas avec les Wings"}]},{"@type":"WebSite","@id":"https:\/\/theplayoffs.news\/fr\/#website","url":"https:\/\/theplayoffs.news\/fr\/","name":"The Playoffs FR","description":"NBA-NFL-NHL-MLB","potentialAction":[{"@type":"SearchAction","target":{"@type":"EntryPoint","urlTemplate":"https:\/\/theplayoffs.news\/fr\/?s={search_term_string}"},"query-input":{"@type":"PropertyValueSpecification","valueRequired":true,"valueName":"search_term_string"}}],"inLanguage":"fr-FR"},{"@type":"Person","@id":"https:\/\/theplayoffs.news\/fr\/#\/schema\/person\/b3263eb0855dc52bd89a891bffd4ac2d","name":"Eliott Caillot","image":{"@type":"ImageObject","inLanguage":"fr-FR","@id":"https:\/\/theplayoffs.news\/fr\/#\/schema\/person\/image\/","url":"https:\/\/secure.gravatar.com\/avatar\/f0e6c30d165f1a46b16f05bf08040e1dfc41812cc7ff16ed9b1cde5726a8c951?s=96&d=mm&r=g","contentUrl":"https:\/\/secure.gravatar.com\/avatar\/f0e6c30d165f1a46b16f05bf08040e1dfc41812cc7ff16ed9b1cde5726a8c951?s=96&d=mm&r=g","caption":"Eliott Caillot"},"description":"\u00c9tudiant en journalisme, r\u00e9dacteur sp\u00e9cialis\u00e9 dans le basket f\u00e9minin avec la WNBA et Unrivaled Women\u2019s Basketball. Passionn\u00e9 de basket depuis que j\u2019ai assist\u00e9 \u00e0 un derby new-yorkais au Barclays Center en 2016, j\u2019aime autant \u00eatre sur le parquet qu\u2019en tribune de presse pour faire vibrer les lecteurs. Les salles de conf\u00e9rences de presse sont ma deuxi\u00e8me maison. Si votre num\u00e9ro favori est le 22, et que vous avez d\u00e9j\u00e0 entendu parler d\u2019une jeune Clark, vous serez au bon endroit sur TPO.","sameAs":["https:\/\/www.linkedin.com\/in\/eliott-caillot-etudiant"],"url":"https:\/\/theplayoffs.news\/fr\/author\/eliott-caillotgmail-com\/"}]}},"_links":{"self":[{"href":"https:\/\/theplayoffs.news\/fr\/wp-json\/wp\/v2\/posts\/1474006","targetHints":{"allow":["GET"]}}],"collection":[{"href":"https:\/\/theplayoffs.news\/fr\/wp-json\/wp\/v2\/posts"}],"about":[{"href":"https:\/\/theplayoffs.news\/fr\/wp-json\/wp\/v2\/types\/post"}],"author":[{"embeddable":true,"href":"https:\/\/theplayoffs.news\/fr\/wp-json\/wp\/v2\/users\/180310247"}],"replies":[{"embeddable":true,"href":"https:\/\/theplayoffs.news\/fr\/wp-json\/wp\/v2\/comments?post=1474006"}],"version-history":[{"count":2,"href":"https:\/\/theplayoffs.news\/fr\/wp-json\/wp\/v2\/posts\/1474006\/revisions"}],"predecessor-version":[{"id":1474017,"href":"https:\/\/theplayoffs.news\/fr\/wp-json\/wp\/v2\/posts\/1474006\/revisions\/1474017"}],"wp:featuredmedia":[{"embeddable":true,"href":"https:\/\/theplayoffs.news\/fr\/wp-json\/wp\/v2\/media\/1474007"}],"wp:attachment":[{"href":"https:\/\/theplayoffs.news\/fr\/wp-json\/wp\/v2\/media?parent=1474006"}],"wp:term":[{"taxonomy":"category","embeddable":true,"href":"https:\/\/theplayoffs.news\/fr\/wp-json\/wp\/v2\/categories?post=1474006"},{"taxonomy":"post_tag","embeddable":true,"href":"https:\/\/theplayoffs.news\/fr\/wp-json\/wp\/v2\/tags?post=1474006"},{"taxonomy":"sport","embeddable":true,"href":"https:\/\/theplayoffs.news\/fr\/wp-json\/wp\/v2\/sport?post=1474006"},{"taxonomy":"saison","embeddable":true,"href":"https:\/\/theplayoffs.news\/fr\/wp-json\/wp\/v2\/saison?post=1474006"}],"curies":[{"name":"wp","href":"https:\/\/api.w.org\/{rel}","templated":true}]}}