{"id":1473855,"date":"2025-01-08T15:42:07","date_gmt":"2025-01-08T14:42:07","guid":{"rendered":"https:\/\/theplayoffs.news\/fr\/?p=1473855"},"modified":"2025-01-08T15:42:07","modified_gmt":"2025-01-08T14:42:07","slug":"jj-redick-coach-des-lakers-force-de-quitter-sa-maison-en-urgence-a-los-angeles","status":"publish","type":"post","link":"https:\/\/theplayoffs.news\/fr\/actualite-nba\/jj-redick-coach-des-lakers-force-de-quitter-sa-maison-en-urgence-a-los-angeles\/","title":{"rendered":"JJ Redick (Lakers) forc\u00e9 de quitter sa maison de Los Angeles en urgence !"},"content":{"rendered":"<div class=\"flex-shrink-0 flex flex-col relative items-end\">\n<div class=\"pt-0\">\n<div class=\"gizmo-bot-avatar flex h-8 w-8 items-center justify-center overflow-hidden rounded-full\">\n<div class=\"relative p-1 rounded-sm flex items-center justify-center bg-token-main-surface-primary text-token-text-primary h-8 w-8\"><strong>JJ Redick<\/strong>, coach des Los Angeles Lakers, a pris la parole concernant la situation critique qui a conduit sa famille &agrave; quitter leur r&eacute;sidence ce mardi. Les proches de Steve Kerr, entra&icirc;neur des Golden State Warriors en <a href=\"https:\/\/theplayoffs.news\/fr\/nba-basketball\/\" target=\"_blank\" rel=\"noopener\" class=\"trk-cta-link\" data-cta-trk='{\"ctaType\":\"Link\",\"ctaSubType\":\"main\"}'>NBA<\/a>, figurent &eacute;galement parmi les milliers de personnes contraintes d&rsquo;abandonner leur domicile en raison d&rsquo;un feu de for&ecirc;t.<\/div>\n<\/div>\n<\/div>\n<\/div><div class=\"group\/conversation-turn relative flex w-full min-w-0 flex-col agent-turn\">\n<div class=\"flex-col gap-1 md:gap-3\">\n<div class=\"flex max-w-full flex-col flex-grow\">\n<div class=\"min-h-8 text-message flex w-full flex-col items-end gap-2 whitespace-normal break-words text-start [.text-message+&amp;]:mt-5\" dir=\"auto\" data-message-author-role=\"assistant\" data-message-id=\"8cc11e2f-5ea7-43ee-9590-4774aadc0826\" data-message-model-slug=\"gpt-4o\">\n<div class=\"flex w-full flex-col gap-1 empty:hidden first:pt-[3px]\">\n<div class=\"markdown prose w-full break-words dark:prose-invert light\">\n<p>S&rsquo;exprimant avant la rencontre face aux Dallas Mavericks mardi, <strong>JJ Redick<\/strong> a abord&eacute; les &eacute;v&eacute;nements ayant forc&eacute; ses proches &agrave; se mettre en s&eacute;curit&eacute; : <em>&laquo; Ma famille, celle de ma femme, ainsi que sa s&oelig;ur jumelle, ont &eacute;t&eacute; &eacute;vacu&eacute;es &raquo;, a-t-il expliqu&eacute;. &laquo; Je sais que beaucoup de gens sont tr&egrave;s inquiets en ce moment, y compris mes proches. Avec les vents annonc&eacute;s pour ce soir, la peur est bien pr&eacute;sente pour de nombreuses personnes. &raquo;<\/em><\/p>\n<blockquote class=\"twitter-tweet\">\n<p dir=\"ltr\" lang=\"en\">Lakers head coach JJ Redick said members of his family were among those in Southern California forced to evacuate their homes Tuesday because of a wildfire that was being whipped by strong winds around Los Angeles. <a href=\"https:\/\/t.co\/7CKWq783bV\" class=\"trk-cta-link\" data-cta-trk='{\"ctaType\":\"Link\",\"ctaSubType\":\"main\"}'>https:\/\/t.co\/7CKWq783bV<\/a><\/p>\n<p>&mdash; ESPN (@espn) <a href=\"https:\/\/twitter.com\/espn\/status\/1876989411864252677?ref_src=twsrc%5Etfw\" class=\"trk-cta-link\" data-cta-trk='{\"ctaType\":\"Link\",\"ctaSubType\":\"main\"}'>January 8, 2025<\/a><\/p><\/blockquote>\n<p><script async src=\"https:\/\/platform.twitter.com\/widgets.js\" charset=\"utf-8\"><\/script><\/p>\n<h4><strong>Pourquoi la famille de JJ Redick a-t-elle d&ucirc; quitter son domicile ?<\/strong><\/h4>\n<p>L&rsquo;ancienne star de Duke habite sur une colline de L.A. o&ugrave; r&eacute;sident de nombreuses personnalit&eacute;s. Mardi matin, des vents puissants ont d&eacute;clench&eacute; un incendie dans cette zone, n&eacute;cessitant une intervention d&rsquo;urgence. Environ 30 000 habitants ont &eacute;t&eacute; d&eacute;plac&eacute;s sur ordre des autorit&eacute;s.<\/p>\n<p>Selon le Service m&eacute;t&eacute;orologique national, les vents de Santa Ana, responsables de l&rsquo;incendie, repr&eacute;sentent une menace s&eacute;rieuse. Ces rafales, pouvant atteindre 160 km\/h par endroit, attisent facilement les flammes, particuli&egrave;rement dans des zones o&ugrave; il n&rsquo;a pas plu depuis des mois.<\/p>\n<p><strong>Lire aussi:<\/strong><\/p>\n<p><a href=\"https:\/\/theplayoffs.news\/fr\/nba-basketball\/lebron-james-40-ans-realise-un-windmill-main-gauche-epoustouflant\/\" class=\"trk-cta-link\" data-cta-trk='{\"ctaType\":\"Link\",\"ctaSubType\":\"main\"}'>LeBron James, 40 ans, r&eacute;alise un windmill main gauche &eacute;poustouflant ! &ndash; The Free Agent<\/a><\/p>\n<p><a href=\"https:\/\/theplayoffs.news\/fr\/nba-basketball\/le-7-janvier-1972-les-lakers-de-los-angeles-battent-les-hawks-datlanta-134-90-pour-leur-33e-victoire-consecutive\/\" class=\"trk-cta-link\" data-cta-trk='{\"ctaType\":\"Link\",\"ctaSubType\":\"main\"}'>Le 7 janvier 1972, les Lakers de Los Angeles battent les Hawks d&rsquo;Atlanta 134-90 pour leur 33e victoire cons&eacute;cutive &ndash; The Free Agent<\/a><\/p>\n<p>Steve Kerr, entra&icirc;neur des Golden State Warriors, a r&eacute;v&eacute;l&eacute; que sa m&egrave;re &acirc;g&eacute;e de 90 ans faisait partie des &eacute;vacu&eacute;s. <em>&laquo; Ce que je lis et vois sur la situation est absolument terrifiant. Ce qui se passe l&agrave;-bas est effrayant&hellip; Bien s&ucirc;r, un match de basket n&rsquo;a pas d&rsquo;importance face &agrave; ce genre de drame. Il faut savoir remettre les choses en perspective &raquo;<\/em>, a-t-il d&eacute;clar&eacute; apr&egrave;s la d&eacute;faite de son &eacute;quipe 114-98 contre le Heat.<\/p>\n<p>Alors qu&rsquo;ils s&rsquo;appr&ecirc;tent &agrave; disputer une s&eacute;rie de cinq matchs cons&eacute;cutifs &agrave; domicile, les co&eacute;quipiers de <strong>LeBron James<\/strong> ont vu leur vol retour depuis Dallas retard&eacute; en raison des conditions dangereuses &agrave; Los Angeles. Une &eacute;paisse fum&eacute;e couvre la r&eacute;gion, cr&eacute;ant des perturbations dans l&rsquo;espace a&eacute;rien et obligeant parfois les avions &agrave; modifier leurs trajectoires.<\/p>\n<\/div>\n<\/div>\n<\/div>\n<\/div>\n<\/div>\n<\/div><p>Cr&eacute;dit : &copy; Darren Yamashita-Imagn Images<\/p>\n","protected":false},"excerpt":{"rendered":"","protected":false},"author":180309799,"featured_media":1473856,"comment_status":"open","ping_status":"closed","sticky":false,"template":"","format":"standard","meta":{"inline_featured_image":false,"kia_subtitle":"","_mux_skip_reasons":[],"proofreadBy":0,"footnotes":""},"categories":[110],"tags":[1097,779,116,117,1098],"sport":[2783],"saison":[],"class_list":["post-1473855","post","type-post","status-publish","format-standard","has-post-thumbnail","hentry","category-actualite-nba","tag-golden-state-warriors","tag-jj-redick","tag-lebron-james","tag-los-angeles-lakers","tag-steve-kerr","sport-nba"],"acf":[],"yoast_head":"<!-- This site is optimized with the Yoast SEO plugin v24.2 - https:\/\/yoast.com\/wordpress\/plugins\/seo\/ -->\n<title>JJ Redick (Lakers) forc&eacute; de quitter sa maison de Los Angeles en urgence ! - The Playoffs FR<\/title>\n<meta name=\"robots\" content=\"index, follow, max-snippet:-1, max-image-preview:large, max-video-preview:-1\" \/>\n<link rel=\"canonical\" href=\"https:\/\/theplayoffs.news\/fr\/actualite-nba\/jj-redick-coach-des-lakers-force-de-quitter-sa-maison-en-urgence-a-los-angeles\/\" \/>\n<meta property=\"og:locale\" content=\"fr_FR\" \/>\n<meta property=\"og:type\" content=\"article\" \/>\n<meta property=\"og:title\" content=\"JJ Redick (Lakers) forc&eacute; de quitter sa maison de Los Angeles en urgence ! - The Playoffs FR\" \/>\n<meta property=\"og:url\" content=\"https:\/\/theplayoffs.news\/fr\/actualite-nba\/jj-redick-coach-des-lakers-force-de-quitter-sa-maison-en-urgence-a-los-angeles\/\" \/>\n<meta property=\"og:site_name\" content=\"The Playoffs FR\" \/>\n<meta property=\"article:publisher\" content=\"https:\/\/www.facebook.com\/TheFreeAgentFR\/\" \/>\n<meta property=\"article:modified_time\" content=\"2025-01-08T15:42:07+01:00\" \/>\n<meta property=\"og:image\" content=\"https:\/\/theplayoffs.news\/fr\/wp-content\/uploads\/2025\/01\/USATSI_25072314.jpg\" \/>\n\t<meta property=\"og:image:width\" content=\"1920\" \/>\n\t<meta property=\"og:image:height\" content=\"1280\" \/>\n\t<meta property=\"og:image:type\" content=\"image\/jpeg\" \/>\n<meta name=\"author\" content=\"La r\u00e9daction\" \/>\n<meta name=\"twitter:card\" content=\"summary_large_image\" \/>\n<meta name=\"twitter:creator\" content=\"@TheFreeAgentFR\" \/>\n<meta name=\"twitter:site\" content=\"@TheFreeAgentFR\" \/>\n<meta name=\"twitter:label1\" content=\"\u00c9crit par\" \/>\n\t<meta name=\"twitter:data1\" content=\"La r\u00e9daction\" \/>\n\t<meta name=\"twitter:label2\" content=\"Dur\u00e9e de lecture estim\u00e9e\" \/>\n\t<meta name=\"twitter:data2\" content=\"2 minutes\" \/>\n<script type=\"application\/ld+json\" class=\"yoast-schema-graph\">{\"@context\":\"https:\/\/schema.org\",\"@graph\":[{\"@type\":\"WebPage\",\"@id\":\"https:\/\/theplayoffs.news\/fr\/actualite-nba\/jj-redick-coach-des-lakers-force-de-quitter-sa-maison-en-urgence-a-los-angeles\/\",\"url\":\"https:\/\/theplayoffs.news\/fr\/actualite-nba\/jj-redick-coach-des-lakers-force-de-quitter-sa-maison-en-urgence-a-los-angeles\/\",\"name\":\"JJ Redick (Lakers) forc\u00e9 de quitter sa maison de Los Angeles en urgence ! - The Playoffs FR\",\"isPartOf\":{\"@id\":\"https:\/\/theplayoffs.news\/fr\/#website\"},\"primaryImageOfPage\":{\"@id\":\"https:\/\/theplayoffs.news\/fr\/actualite-nba\/jj-redick-coach-des-lakers-force-de-quitter-sa-maison-en-urgence-a-los-angeles\/#primaryimage\"},\"image\":{\"@id\":\"https:\/\/theplayoffs.news\/fr\/actualite-nba\/jj-redick-coach-des-lakers-force-de-quitter-sa-maison-en-urgence-a-los-angeles\/#primaryimage\"},\"thumbnailUrl\":\"https:\/\/theplayoffs.news\/fr\/wp-content\/uploads\/2025\/01\/USATSI_25072314.jpg\",\"datePublished\":\"2025-01-08T14:42:07+00:00\",\"dateModified\":\"2025-01-08T14:42:07+00:00\",\"author\":{\"@id\":\"https:\/\/theplayoffs.news\/fr\/#\/schema\/person\/bb40426f4e478f9bd8cdbfeb4f2f9784\"},\"breadcrumb\":{\"@id\":\"https:\/\/theplayoffs.news\/fr\/actualite-nba\/jj-redick-coach-des-lakers-force-de-quitter-sa-maison-en-urgence-a-los-angeles\/#breadcrumb\"},\"inLanguage\":\"fr-FR\",\"potentialAction\":[{\"@type\":\"ReadAction\",\"target\":[\"https:\/\/theplayoffs.news\/fr\/actualite-nba\/jj-redick-coach-des-lakers-force-de-quitter-sa-maison-en-urgence-a-los-angeles\/\"]}]},{\"@type\":\"ImageObject\",\"inLanguage\":\"fr-FR\",\"@id\":\"https:\/\/theplayoffs.news\/fr\/actualite-nba\/jj-redick-coach-des-lakers-force-de-quitter-sa-maison-en-urgence-a-los-angeles\/#primaryimage\",\"url\":\"https:\/\/theplayoffs.news\/fr\/wp-content\/uploads\/2025\/01\/USATSI_25072314.jpg\",\"contentUrl\":\"https:\/\/theplayoffs.news\/fr\/wp-content\/uploads\/2025\/01\/USATSI_25072314.jpg\",\"width\":1920,\"height\":1280,\"caption\":\"JJ Redick\"},{\"@type\":\"BreadcrumbList\",\"@id\":\"https:\/\/theplayoffs.news\/fr\/actualite-nba\/jj-redick-coach-des-lakers-force-de-quitter-sa-maison-en-urgence-a-los-angeles\/#breadcrumb\",\"itemListElement\":[{\"@type\":\"ListItem\",\"position\":1,\"name\":\"Accueil\",\"item\":\"https:\/\/theplayoffs.news\/fr\/\"},{\"@type\":\"ListItem\",\"position\":2,\"name\":\"JJ Redick (Lakers) forc\u00e9 de quitter sa maison de Los Angeles en urgence !\"}]},{\"@type\":\"WebSite\",\"@id\":\"https:\/\/theplayoffs.news\/fr\/#website\",\"url\":\"https:\/\/theplayoffs.news\/fr\/\",\"name\":\"The Playoffs FR\",\"description\":\"NBA-NFL-NHL-MLB\",\"potentialAction\":[{\"@type\":\"SearchAction\",\"target\":{\"@type\":\"EntryPoint\",\"urlTemplate\":\"https:\/\/theplayoffs.news\/fr\/?s={search_term_string}\"},\"query-input\":{\"@type\":\"PropertyValueSpecification\",\"valueRequired\":true,\"valueName\":\"search_term_string\"}}],\"inLanguage\":\"fr-FR\"},{\"@type\":\"Person\",\"@id\":\"https:\/\/theplayoffs.news\/fr\/#\/schema\/person\/bb40426f4e478f9bd8cdbfeb4f2f9784\",\"name\":\"La r\u00e9daction\",\"image\":{\"@type\":\"ImageObject\",\"inLanguage\":\"fr-FR\",\"@id\":\"https:\/\/theplayoffs.news\/fr\/#\/schema\/person\/image\/\",\"url\":\"https:\/\/secure.gravatar.com\/avatar\/7e69b41460ab2c17d61c8c364b6a0ee006f957a70191383ef42be1f4733d6515?s=96&d=mm&r=g\",\"contentUrl\":\"https:\/\/secure.gravatar.com\/avatar\/7e69b41460ab2c17d61c8c364b6a0ee006f957a70191383ef42be1f4733d6515?s=96&d=mm&r=g\",\"caption\":\"La r\u00e9daction\"},\"description\":\"On dit qu\\\\'il faut un village pour s\\\\'occuper d\\\\'un enfant. Et bien c\\\\'est exactement ce dont il s\\\\'agit ici pour The Playoffs. La r\u00e9daction, ce sont vos r\u00e9dacteurs pr\u00e9f\u00e9r\u00e9s qui collaborent sur ces articles que vous lisez au quotidien.\u00a0\",\"url\":\"https:\/\/theplayoffs.news\/fr\/author\/freeagentfr\/\"}]}<\/script>\n<!-- \/ Yoast SEO plugin. -->","yoast_head_json":{"title":"JJ Redick (Lakers) forc&eacute; de quitter sa maison de Los Angeles en urgence ! - The Playoffs FR","robots":{"index":"index","follow":"follow","max-snippet":"max-snippet:-1","max-image-preview":"max-image-preview:large","max-video-preview":"max-video-preview:-1"},"canonical":"https:\/\/theplayoffs.news\/fr\/actualite-nba\/jj-redick-coach-des-lakers-force-de-quitter-sa-maison-en-urgence-a-los-angeles\/","og_locale":"fr_FR","og_type":"article","og_title":"JJ Redick (Lakers) forc&eacute; de quitter sa maison de Los Angeles en urgence ! - The Playoffs FR","og_url":"https:\/\/theplayoffs.news\/fr\/actualite-nba\/jj-redick-coach-des-lakers-force-de-quitter-sa-maison-en-urgence-a-los-angeles\/","og_site_name":"The Playoffs FR","article_publisher":"https:\/\/www.facebook.com\/TheFreeAgentFR\/","og_image":[{"width":1920,"height":1280,"url":"https:\/\/theplayoffs.news\/fr\/wp-content\/uploads\/2025\/01\/USATSI_25072314.jpg","type":"image\/jpeg"}],"author":"La r\u00e9daction","twitter_card":"summary_large_image","twitter_creator":"@TheFreeAgentFR","twitter_site":"@TheFreeAgentFR","twitter_misc":{"\u00c9crit par":"La r\u00e9daction","Dur\u00e9e de lecture estim\u00e9e":"2 minutes"},"schema":{"@context":"https:\/\/schema.org","@graph":[{"@type":"WebPage","@id":"https:\/\/theplayoffs.news\/fr\/actualite-nba\/jj-redick-coach-des-lakers-force-de-quitter-sa-maison-en-urgence-a-los-angeles\/","url":"https:\/\/theplayoffs.news\/fr\/actualite-nba\/jj-redick-coach-des-lakers-force-de-quitter-sa-maison-en-urgence-a-los-angeles\/","name":"JJ Redick (Lakers) forc\u00e9 de quitter sa maison de Los Angeles en urgence ! - The Playoffs FR","isPartOf":{"@id":"https:\/\/theplayoffs.news\/fr\/#website"},"primaryImageOfPage":{"@id":"https:\/\/theplayoffs.news\/fr\/actualite-nba\/jj-redick-coach-des-lakers-force-de-quitter-sa-maison-en-urgence-a-los-angeles\/#primaryimage"},"image":{"@id":"https:\/\/theplayoffs.news\/fr\/actualite-nba\/jj-redick-coach-des-lakers-force-de-quitter-sa-maison-en-urgence-a-los-angeles\/#primaryimage"},"thumbnailUrl":"https:\/\/theplayoffs.news\/fr\/wp-content\/uploads\/2025\/01\/USATSI_25072314.jpg","datePublished":"2025-01-08T14:42:07+00:00","dateModified":"2025-01-08T14:42:07+00:00","author":{"@id":"https:\/\/theplayoffs.news\/fr\/#\/schema\/person\/bb40426f4e478f9bd8cdbfeb4f2f9784"},"breadcrumb":{"@id":"https:\/\/theplayoffs.news\/fr\/actualite-nba\/jj-redick-coach-des-lakers-force-de-quitter-sa-maison-en-urgence-a-los-angeles\/#breadcrumb"},"inLanguage":"fr-FR","potentialAction":[{"@type":"ReadAction","target":["https:\/\/theplayoffs.news\/fr\/actualite-nba\/jj-redick-coach-des-lakers-force-de-quitter-sa-maison-en-urgence-a-los-angeles\/"]}]},{"@type":"ImageObject","inLanguage":"fr-FR","@id":"https:\/\/theplayoffs.news\/fr\/actualite-nba\/jj-redick-coach-des-lakers-force-de-quitter-sa-maison-en-urgence-a-los-angeles\/#primaryimage","url":"https:\/\/theplayoffs.news\/fr\/wp-content\/uploads\/2025\/01\/USATSI_25072314.jpg","contentUrl":"https:\/\/theplayoffs.news\/fr\/wp-content\/uploads\/2025\/01\/USATSI_25072314.jpg","width":1920,"height":1280,"caption":"JJ Redick"},{"@type":"BreadcrumbList","@id":"https:\/\/theplayoffs.news\/fr\/actualite-nba\/jj-redick-coach-des-lakers-force-de-quitter-sa-maison-en-urgence-a-los-angeles\/#breadcrumb","itemListElement":[{"@type":"ListItem","position":1,"name":"Accueil","item":"https:\/\/theplayoffs.news\/fr\/"},{"@type":"ListItem","position":2,"name":"JJ Redick (Lakers) forc\u00e9 de quitter sa maison de Los Angeles en urgence !"}]},{"@type":"WebSite","@id":"https:\/\/theplayoffs.news\/fr\/#website","url":"https:\/\/theplayoffs.news\/fr\/","name":"The Playoffs FR","description":"NBA-NFL-NHL-MLB","potentialAction":[{"@type":"SearchAction","target":{"@type":"EntryPoint","urlTemplate":"https:\/\/theplayoffs.news\/fr\/?s={search_term_string}"},"query-input":{"@type":"PropertyValueSpecification","valueRequired":true,"valueName":"search_term_string"}}],"inLanguage":"fr-FR"},{"@type":"Person","@id":"https:\/\/theplayoffs.news\/fr\/#\/schema\/person\/bb40426f4e478f9bd8cdbfeb4f2f9784","name":"La r\u00e9daction","image":{"@type":"ImageObject","inLanguage":"fr-FR","@id":"https:\/\/theplayoffs.news\/fr\/#\/schema\/person\/image\/","url":"https:\/\/secure.gravatar.com\/avatar\/7e69b41460ab2c17d61c8c364b6a0ee006f957a70191383ef42be1f4733d6515?s=96&d=mm&r=g","contentUrl":"https:\/\/secure.gravatar.com\/avatar\/7e69b41460ab2c17d61c8c364b6a0ee006f957a70191383ef42be1f4733d6515?s=96&d=mm&r=g","caption":"La r\u00e9daction"},"description":"On dit qu\\'il faut un village pour s\\'occuper d\\'un enfant. Et bien c\\'est exactement ce dont il s\\'agit ici pour The Playoffs. La r\u00e9daction, ce sont vos r\u00e9dacteurs pr\u00e9f\u00e9r\u00e9s qui collaborent sur ces articles que vous lisez au quotidien.\u00a0","url":"https:\/\/theplayoffs.news\/fr\/author\/freeagentfr\/"}]}},"_links":{"self":[{"href":"https:\/\/theplayoffs.news\/fr\/wp-json\/wp\/v2\/posts\/1473855","targetHints":{"allow":["GET"]}}],"collection":[{"href":"https:\/\/theplayoffs.news\/fr\/wp-json\/wp\/v2\/posts"}],"about":[{"href":"https:\/\/theplayoffs.news\/fr\/wp-json\/wp\/v2\/types\/post"}],"author":[{"embeddable":true,"href":"https:\/\/theplayoffs.news\/fr\/wp-json\/wp\/v2\/users\/180309799"}],"replies":[{"embeddable":true,"href":"https:\/\/theplayoffs.news\/fr\/wp-json\/wp\/v2\/comments?post=1473855"}],"version-history":[{"count":3,"href":"https:\/\/theplayoffs.news\/fr\/wp-json\/wp\/v2\/posts\/1473855\/revisions"}],"predecessor-version":[{"id":1473859,"href":"https:\/\/theplayoffs.news\/fr\/wp-json\/wp\/v2\/posts\/1473855\/revisions\/1473859"}],"wp:featuredmedia":[{"embeddable":true,"href":"https:\/\/theplayoffs.news\/fr\/wp-json\/wp\/v2\/media\/1473856"}],"wp:attachment":[{"href":"https:\/\/theplayoffs.news\/fr\/wp-json\/wp\/v2\/media?parent=1473855"}],"wp:term":[{"taxonomy":"category","embeddable":true,"href":"https:\/\/theplayoffs.news\/fr\/wp-json\/wp\/v2\/categories?post=1473855"},{"taxonomy":"post_tag","embeddable":true,"href":"https:\/\/theplayoffs.news\/fr\/wp-json\/wp\/v2\/tags?post=1473855"},{"taxonomy":"sport","embeddable":true,"href":"https:\/\/theplayoffs.news\/fr\/wp-json\/wp\/v2\/sport?post=1473855"},{"taxonomy":"saison","embeddable":true,"href":"https:\/\/theplayoffs.news\/fr\/wp-json\/wp\/v2\/saison?post=1473855"}],"curies":[{"name":"wp","href":"https:\/\/api.w.org\/{rel}","templated":true}]}}