{"id":1473727,"date":"2025-01-07T11:41:24","date_gmt":"2025-01-07T10:41:24","guid":{"rendered":"https:\/\/theplayoffs.news\/fr\/?p=1473727"},"modified":"2025-01-07T11:41:24","modified_gmt":"2025-01-07T10:41:24","slug":"colorado-avalanche-retour-sur-lannee-2024","status":"publish","type":"post","link":"https:\/\/theplayoffs.news\/fr\/actualite-nhl\/colorado-avalanche-retour-sur-lannee-2024\/","title":{"rendered":"Colorado Avalanche : retour sur l\u2019ann\u00e9e 2024"},"content":{"rendered":"<h2>Pour les fans du Colorado Avalanche, l&rsquo;ann&eacute;e 2024 a &eacute;t&eacute; marqu&eacute; par des moments encourageants mais aussi par d&rsquo;&eacute;normes d&eacute;ceptions. Retour sur cette ann&eacute;e 2024.<\/h2><p><strong>Saison r&eacute;guli&egrave;re&nbsp;: <\/strong><\/p><p>L&rsquo;Avalanche a termin&eacute; la saison 2023-2024 avec un bilan de <strong>50 victoires, 25 d&eacute;faites et 7 d&eacute;faites en prolongation<\/strong>, se classant troisi&egrave;me de la division Centrale et quatri&egrave;me de la conf&eacute;rence Ouest. Ce bilan leur a donc permis de s&rsquo;installer en playoff.<\/p><p>&nbsp;<\/p><ul>\n<li><strong>Performance notable :<\/strong>\n<ul>\n<li>Le 24 janvier 2024, MacKinnon a r&eacute;alis&eacute; une tr&egrave;s bonne performance en inscrivant quatre buts lors de la victoire 6-2 contre les Capitals de Washington.<\/li>\n<\/ul>\n<\/li>\n<\/ul><p>&nbsp;<\/p><ul>\n<li><strong>Statistiques individuelles :<\/strong>\n<ul>\n<li><strong>Nathan MacKinnon<\/strong> a termin&eacute; l&rsquo;ann&eacute;e 2024 avec <strong>50 buts, 107 assistances<\/strong> pour un total de <strong>157 points.<\/strong><\/li>\n<li><strong>Cale Makar<\/strong> a &eacute;t&eacute; un pilier de l&rsquo;&eacute;quipe avec <strong>110 points (29 buts, 81 passes)<\/strong>.<\/li>\n<li><a href=\"https:\/\/theplayoffs.news\/fr\/joueur\/mikko-rantanen-nhl-7799876\/\" class=\"trk-cta-link\" data-cta-trk='{\"ctaType\":\"Link\",\"ctaSubType\":\"main\"}'><strong>Mikko Rantanen<\/strong><\/a> a continu&eacute; &agrave; briller avec <strong>127 points (48 buts, 79 passes)<\/strong>.<\/li>\n<\/ul>\n<\/li>\n<\/ul><p>&nbsp;<\/p><p><strong>Parcours en s&eacute;ries &eacute;liminatoires 2024<\/strong><\/p><p>Le Colorado Avalanche a entam&eacute; les s&eacute;ries avec une &eacute;quipe confiante et motiv&eacute;e.<\/p><ul>\n<li><strong>Premier tour :<\/strong>\n<ul>\n<li>Oppos&eacute;s aux Jets de Winnipeg, l&rsquo;Avalanche a &eacute;limin&eacute; ses adversaires en <strong>5 matchs<\/strong> au terme d&rsquo;une s&eacute;rie riche en but (28 buts pour l&rsquo;Avalanche).<\/li>\n<\/ul>\n<\/li>\n<li><strong>Deuxi&egrave;me tour :<\/strong>\n<ul>\n<li>L&rsquo;affrontement contre les Stars de Dallas a &eacute;t&eacute; plus complexe. Apr&egrave;s une lutte acharn&eacute;e, l&rsquo;Avalanche a &eacute;t&eacute; &eacute;limin&eacute;e en <strong>6 matchs<\/strong>, mettant fin &agrave; leur parcours en s&eacute;ries.<\/li>\n<\/ul>\n<\/li>\n<li><strong>Ev&egrave;nement notable&nbsp;: <\/strong>\n<ul>\n<li>Malheureusement, les playoffs ont aussi &eacute;t&eacute; marqu&eacute;s par la <a href=\"https:\/\/ici.radio-canada.ca\/sports\/2072491\/programme-assistance-suspension-valeri-nichushkin\" class=\"trk-cta-link\" data-cta-trk='{\"ctaType\":\"Link\",\"ctaSubType\":\"main\"}'>suspension de l&rsquo;attaquant russe Valeri Nichushkin<\/a> pour une dur&eacute;e de 6 mois. Son retour au jeu s&rsquo;est d&eacute;roul&eacute; le 15 novembre lors du match opposant l&rsquo;Avalanche aux Washington Capitals.<\/li>\n<\/ul>\n<\/li>\n<\/ul><p>&nbsp;<\/p><p><strong>Intersaison 2024 <\/strong><\/p><p>L&rsquo;intersaison a &eacute;t&eacute; marqu&eacute;e par plusieurs mouvements strat&eacute;giques dans l&rsquo;effectif pour renforcer l&rsquo;&eacute;quipe et pr&eacute;parer la saison suivante.<\/p><ul>\n<li><strong>Signatures d&rsquo;agents libres :<\/strong>\n<ul>\n<li><strong>1er juillet 2024 :<\/strong> Jonathan Drouin (A) a sign&eacute; un contrat d&rsquo;un an avec l&rsquo;Avalanche pour 2,5 millions de dollars, renfor&ccedil;ant l&rsquo;attaque de l&rsquo;&eacute;quipe.<\/li>\n<li>Calvin de Haan (D) et Joel Kiviranta (A) ont &eacute;t&eacute; re-sign&eacute;s, ajoutant de la stabilit&eacute; &agrave; l&rsquo;effectif.<\/li>\n<li><strong>5 ao&ucirc;t 2024 :<\/strong> Oliver Kylington (D) a rejoint l&rsquo;Avalanche avec un contrat d&rsquo;un an.<\/li>\n<\/ul>\n<\/li>\n<li><strong>D&eacute;parts notables :<\/strong>\n<ul>\n<li>Riley Tufte a quitt&eacute; l&rsquo;Avalanche pour rejoindre les Bruins de Boston.<\/li>\n<\/ul>\n<\/li>\n<li><strong>Camp de d&eacute;veloppement :<\/strong>\n<ul>\n<li>En juillet, l&rsquo;Avalanche a organis&eacute; un camp de d&eacute;veloppement o&ugrave; des jeunes talents comme Calum Ritchie ont brill&eacute;.<\/li>\n<\/ul>\n<\/li>\n<\/ul><p>&nbsp;<\/p><p><strong>Saison r&eacute;guli&egrave;re 2024-2025 <\/strong><\/p><p>La nouvelle saison a d&eacute;marr&eacute; avec des performances mitig&eacute;es, mais l&rsquo;&eacute;quipe a montr&eacute; des signes d&rsquo;am&eacute;lioration au fil du temps.<\/p><ul>\n<li><strong>Performances notables :<\/strong>\n<ul>\n<li>Blanchissage de Wedgewood contre les Devils lors de son premier match avec l&rsquo;Avalanche.<\/li>\n<li>Les 3 hat tricks de Mikko Rantanen contre les Golden Knights, les Kings et les Penguins.<\/li>\n<li>Le hat trick de Kiviranta contre le Kraken de Seattle le 22 d&eacute;cembre suivi d&rsquo;un hat trick de Lehkonen contre Utah quelques jours apr&egrave;s.<\/li>\n<\/ul>\n<\/li>\n<li><strong>Mouvement :<\/strong>\n<ul>\n<li><strong>6 octobre 2024 :&nbsp;<\/strong>Erik Brannstrom (D) est envoy&eacute; aux Canucks de Vancouver contre Tucker Poolman (D) et un choix de 4e tour &agrave; la draft 2025 pour Colorado.<\/li>\n<li><strong>30 novembre 2024 : <\/strong>Le Colorado Avalanche &eacute;change le gardien Justus Annunen et un choix de 6e tour &agrave; la draft 2025 contre Scott Wedgewood (G) aux Predators de Nashville.<\/li>\n<li><strong>9 d&eacute;cembre 2024 :<\/strong> L&rsquo;Avalanche a &eacute;chang&eacute; le gardien Alexandar Georgiev et Nikolai Kovalenko (A) aux Sharks de San Jose en retour de Mackenzie Blackwood (G), de l&rsquo;attaquant Givani Smith et d&rsquo;un choix de cinqui&egrave;me tour &agrave; la draft de 2027.<\/li>\n<li><strong>28 d&eacute;cembre 2024 :&nbsp;<\/strong>Les Predators de Nashville r&eacute;cup&egrave;rent Ondrej Pavel (A) et un choix de 3e tour &agrave; la draft 2027 contre Juuso Parssinen (A) et un choix de 7e tour &agrave; la draft 2026.<\/li>\n<\/ul>\n<\/li>\n<li><strong>Classement au 31 d&eacute;cembre :<\/strong>\n<ul>\n<li>&Agrave; la fin de l&rsquo;ann&eacute;e, l&rsquo;Avalanche affiche un bilan de <strong>23 victoires et 15 d&eacute;faites<\/strong>, se classant troisi&egrave;me de la division Centrale avec 46 points.<\/li>\n<\/ul>\n<\/li>\n<\/ul><p>&nbsp;<\/p><p><strong>Perspectives pour l&rsquo;avenir<\/strong><\/p><p>Avec une ann&eacute;e 2024 marqu&eacute;e par des ajustements strat&eacute;giques et des performances solides, le Colorado Avalanche est bien positionn&eacute;e pour poursuivre sur cette lanc&eacute;e en 2025. L&rsquo;&eacute;quipe reste un concurrent s&eacute;rieux pour le titre, soutenue par des leaders comme Nathan MacKinnon et Cale Makar. Leur objectif principal demeure clair : revenir au sommet et r&eacute;clamer une nouvelle Coupe Stanley.<\/p><p>&nbsp;<\/p><p>Cr&eacute;dit photo : Ron Chenoy-Imagn Images<\/p>\n","protected":false},"excerpt":{"rendered":"","protected":false},"author":180310223,"featured_media":1473733,"comment_status":"open","ping_status":"closed","sticky":false,"template":"","format":"standard","meta":{"inline_featured_image":false,"kia_subtitle":"","_mux_skip_reasons":[],"proofreadBy":0,"footnotes":""},"categories":[187,26],"tags":[91,7671,24],"sport":[2784],"saison":[6111],"class_list":["post-1473727","post","type-post","status-publish","format-standard","has-post-thumbnail","hentry","category-actualite-nhl","category-nhl","tag-colorado-avalanche","tag-hockey-sur-glace","tag-nhl","sport-nhl","saison-6111"],"acf":[],"yoast_head":"<!-- This site is optimized with the Yoast SEO plugin v24.2 - https:\/\/yoast.com\/wordpress\/plugins\/seo\/ -->\n<title>Colorado Avalanche : retour sur l&rsquo;ann&eacute;e 2024 - The Playoffs FR<\/title>\n<meta name=\"robots\" content=\"index, follow, max-snippet:-1, max-image-preview:large, max-video-preview:-1\" \/>\n<link rel=\"canonical\" href=\"https:\/\/theplayoffs.news\/fr\/actualite-nhl\/colorado-avalanche-retour-sur-lannee-2024\/\" \/>\n<meta property=\"og:locale\" content=\"fr_FR\" \/>\n<meta property=\"og:type\" content=\"article\" \/>\n<meta property=\"og:title\" content=\"Colorado Avalanche : retour sur l&rsquo;ann&eacute;e 2024 - The Playoffs FR\" \/>\n<meta property=\"og:url\" content=\"https:\/\/theplayoffs.news\/fr\/actualite-nhl\/colorado-avalanche-retour-sur-lannee-2024\/\" \/>\n<meta property=\"og:site_name\" content=\"The Playoffs FR\" \/>\n<meta property=\"article:publisher\" content=\"https:\/\/www.facebook.com\/TheFreeAgentFR\/\" \/>\n<meta property=\"article:modified_time\" content=\"2025-01-07T11:41:24+01:00\" \/>\n<meta property=\"og:image\" content=\"https:\/\/theplayoffs.news\/fr\/wp-content\/uploads\/2025\/01\/USATSI_25131237.jpg\" \/>\n\t<meta property=\"og:image:width\" content=\"1920\" \/>\n\t<meta property=\"og:image:height\" content=\"1283\" \/>\n\t<meta property=\"og:image:type\" content=\"image\/jpeg\" \/>\n<meta name=\"author\" content=\"Lilian Himmelberger\" \/>\n<meta name=\"twitter:card\" content=\"summary_large_image\" \/>\n<meta name=\"twitter:creator\" content=\"@Colorado_FR_AVS\" \/>\n<meta name=\"twitter:site\" content=\"@TheFreeAgentFR\" \/>\n<meta name=\"twitter:label1\" content=\"\u00c9crit par\" \/>\n\t<meta name=\"twitter:data1\" content=\"Lilian Himmelberger\" \/>\n\t<meta name=\"twitter:label2\" content=\"Dur\u00e9e de lecture estim\u00e9e\" \/>\n\t<meta name=\"twitter:data2\" content=\"3 minutes\" \/>\n<script type=\"application\/ld+json\" class=\"yoast-schema-graph\">{\"@context\":\"https:\/\/schema.org\",\"@graph\":[{\"@type\":\"WebPage\",\"@id\":\"https:\/\/theplayoffs.news\/fr\/actualite-nhl\/colorado-avalanche-retour-sur-lannee-2024\/\",\"url\":\"https:\/\/theplayoffs.news\/fr\/actualite-nhl\/colorado-avalanche-retour-sur-lannee-2024\/\",\"name\":\"Colorado Avalanche : retour sur l\u2019ann\u00e9e 2024 - The Playoffs FR\",\"isPartOf\":{\"@id\":\"https:\/\/theplayoffs.news\/fr\/#website\"},\"primaryImageOfPage\":{\"@id\":\"https:\/\/theplayoffs.news\/fr\/actualite-nhl\/colorado-avalanche-retour-sur-lannee-2024\/#primaryimage\"},\"image\":{\"@id\":\"https:\/\/theplayoffs.news\/fr\/actualite-nhl\/colorado-avalanche-retour-sur-lannee-2024\/#primaryimage\"},\"thumbnailUrl\":\"https:\/\/theplayoffs.news\/fr\/wp-content\/uploads\/2025\/01\/USATSI_25131237.jpg\",\"datePublished\":\"2025-01-07T10:41:24+00:00\",\"dateModified\":\"2025-01-07T10:41:24+00:00\",\"author\":{\"@id\":\"https:\/\/theplayoffs.news\/fr\/#\/schema\/person\/0931b4a2fbcb1e3ec76de45cc3952a9b\"},\"breadcrumb\":{\"@id\":\"https:\/\/theplayoffs.news\/fr\/actualite-nhl\/colorado-avalanche-retour-sur-lannee-2024\/#breadcrumb\"},\"inLanguage\":\"fr-FR\",\"potentialAction\":[{\"@type\":\"ReadAction\",\"target\":[\"https:\/\/theplayoffs.news\/fr\/actualite-nhl\/colorado-avalanche-retour-sur-lannee-2024\/\"]}]},{\"@type\":\"ImageObject\",\"inLanguage\":\"fr-FR\",\"@id\":\"https:\/\/theplayoffs.news\/fr\/actualite-nhl\/colorado-avalanche-retour-sur-lannee-2024\/#primaryimage\",\"url\":\"https:\/\/theplayoffs.news\/fr\/wp-content\/uploads\/2025\/01\/USATSI_25131237.jpg\",\"contentUrl\":\"https:\/\/theplayoffs.news\/fr\/wp-content\/uploads\/2025\/01\/USATSI_25131237.jpg\",\"width\":1920,\"height\":1283,\"caption\":\"Jan 6, 2025; Denver, Colorado, USA; Colorado Avalanche goaltender Mackenzie Blackwood (39) and center Casey Mittelstadt (37) celebrate defeating the Florida Panthers n the third period at Ball Arena. Mandatory Credit: Ron Chenoy-Imagn Images\"},{\"@type\":\"BreadcrumbList\",\"@id\":\"https:\/\/theplayoffs.news\/fr\/actualite-nhl\/colorado-avalanche-retour-sur-lannee-2024\/#breadcrumb\",\"itemListElement\":[{\"@type\":\"ListItem\",\"position\":1,\"name\":\"Accueil\",\"item\":\"https:\/\/theplayoffs.news\/fr\/\"},{\"@type\":\"ListItem\",\"position\":2,\"name\":\"Colorado Avalanche : retour sur l\u2019ann\u00e9e 2024\"}]},{\"@type\":\"WebSite\",\"@id\":\"https:\/\/theplayoffs.news\/fr\/#website\",\"url\":\"https:\/\/theplayoffs.news\/fr\/\",\"name\":\"The Playoffs FR\",\"description\":\"NBA-NFL-NHL-MLB\",\"potentialAction\":[{\"@type\":\"SearchAction\",\"target\":{\"@type\":\"EntryPoint\",\"urlTemplate\":\"https:\/\/theplayoffs.news\/fr\/?s={search_term_string}\"},\"query-input\":{\"@type\":\"PropertyValueSpecification\",\"valueRequired\":true,\"valueName\":\"search_term_string\"}}],\"inLanguage\":\"fr-FR\"},{\"@type\":\"Person\",\"@id\":\"https:\/\/theplayoffs.news\/fr\/#\/schema\/person\/0931b4a2fbcb1e3ec76de45cc3952a9b\",\"name\":\"Lilian Himmelberger\",\"image\":{\"@type\":\"ImageObject\",\"inLanguage\":\"fr-FR\",\"@id\":\"https:\/\/theplayoffs.news\/fr\/#\/schema\/person\/image\/\",\"url\":\"https:\/\/secure.gravatar.com\/avatar\/f4ac659ea2cbd43c2b77e8f751667a8f5b8015dadf9db3f3942f26588c2262af?s=96&d=mm&r=g\",\"contentUrl\":\"https:\/\/secure.gravatar.com\/avatar\/f4ac659ea2cbd43c2b77e8f751667a8f5b8015dadf9db3f3942f26588c2262af?s=96&d=mm&r=g\",\"caption\":\"Lilian Himmelberger\"},\"description\":\"Pour TPO, j\u2019\u00e9cris sur la NHL et la Ligue Magnus ou le hockey fran\u00e7ais en g\u00e9n\u00e9ral. J\u2019ai commenc\u00e9 un compte Twitter\/X sur l\u2019actu du Colorado Avalanche en fran\u00e7ais en 2020 et j\u2019ai commenc\u00e9 \u00e0 \u00e9crire des articles sur la NHL pour un site perso. C\u2019est en novembre 2023 que j\u2019ai ensuite rejoint TPO pour \u00e9crire sur la NHL et le hockey fran\u00e7ais. J\u2019adore pouvoir parler de ma passion et surtout de pouvoir parler du hockey qui est un sport encore trop peu connu en France. N\u2019oubliez pas que Nathan MacKinnon est le meilleur joueur du monde.\",\"sameAs\":[\"https:\/\/x.com\/Colorado_FR_AVS\"],\"url\":\"https:\/\/theplayoffs.news\/fr\/author\/lilianhimmelbergergmail-com\/\"}]}<\/script>\n<!-- \/ Yoast SEO plugin. -->","yoast_head_json":{"title":"Colorado Avalanche : retour sur l&rsquo;ann&eacute;e 2024 - The Playoffs FR","robots":{"index":"index","follow":"follow","max-snippet":"max-snippet:-1","max-image-preview":"max-image-preview:large","max-video-preview":"max-video-preview:-1"},"canonical":"https:\/\/theplayoffs.news\/fr\/actualite-nhl\/colorado-avalanche-retour-sur-lannee-2024\/","og_locale":"fr_FR","og_type":"article","og_title":"Colorado Avalanche : retour sur l&rsquo;ann&eacute;e 2024 - The Playoffs FR","og_url":"https:\/\/theplayoffs.news\/fr\/actualite-nhl\/colorado-avalanche-retour-sur-lannee-2024\/","og_site_name":"The Playoffs FR","article_publisher":"https:\/\/www.facebook.com\/TheFreeAgentFR\/","og_image":[{"width":1920,"height":1283,"url":"https:\/\/theplayoffs.news\/fr\/wp-content\/uploads\/2025\/01\/USATSI_25131237.jpg","type":"image\/jpeg"}],"author":"Lilian Himmelberger","twitter_card":"summary_large_image","twitter_creator":"@Colorado_FR_AVS","twitter_site":"@TheFreeAgentFR","twitter_misc":{"\u00c9crit par":"Lilian Himmelberger","Dur\u00e9e de lecture estim\u00e9e":"3 minutes"},"schema":{"@context":"https:\/\/schema.org","@graph":[{"@type":"WebPage","@id":"https:\/\/theplayoffs.news\/fr\/actualite-nhl\/colorado-avalanche-retour-sur-lannee-2024\/","url":"https:\/\/theplayoffs.news\/fr\/actualite-nhl\/colorado-avalanche-retour-sur-lannee-2024\/","name":"Colorado Avalanche : retour sur l\u2019ann\u00e9e 2024 - The Playoffs FR","isPartOf":{"@id":"https:\/\/theplayoffs.news\/fr\/#website"},"primaryImageOfPage":{"@id":"https:\/\/theplayoffs.news\/fr\/actualite-nhl\/colorado-avalanche-retour-sur-lannee-2024\/#primaryimage"},"image":{"@id":"https:\/\/theplayoffs.news\/fr\/actualite-nhl\/colorado-avalanche-retour-sur-lannee-2024\/#primaryimage"},"thumbnailUrl":"https:\/\/theplayoffs.news\/fr\/wp-content\/uploads\/2025\/01\/USATSI_25131237.jpg","datePublished":"2025-01-07T10:41:24+00:00","dateModified":"2025-01-07T10:41:24+00:00","author":{"@id":"https:\/\/theplayoffs.news\/fr\/#\/schema\/person\/0931b4a2fbcb1e3ec76de45cc3952a9b"},"breadcrumb":{"@id":"https:\/\/theplayoffs.news\/fr\/actualite-nhl\/colorado-avalanche-retour-sur-lannee-2024\/#breadcrumb"},"inLanguage":"fr-FR","potentialAction":[{"@type":"ReadAction","target":["https:\/\/theplayoffs.news\/fr\/actualite-nhl\/colorado-avalanche-retour-sur-lannee-2024\/"]}]},{"@type":"ImageObject","inLanguage":"fr-FR","@id":"https:\/\/theplayoffs.news\/fr\/actualite-nhl\/colorado-avalanche-retour-sur-lannee-2024\/#primaryimage","url":"https:\/\/theplayoffs.news\/fr\/wp-content\/uploads\/2025\/01\/USATSI_25131237.jpg","contentUrl":"https:\/\/theplayoffs.news\/fr\/wp-content\/uploads\/2025\/01\/USATSI_25131237.jpg","width":1920,"height":1283,"caption":"Jan 6, 2025; Denver, Colorado, USA; Colorado Avalanche goaltender Mackenzie Blackwood (39) and center Casey Mittelstadt (37) celebrate defeating the Florida Panthers n the third period at Ball Arena. Mandatory Credit: Ron Chenoy-Imagn Images"},{"@type":"BreadcrumbList","@id":"https:\/\/theplayoffs.news\/fr\/actualite-nhl\/colorado-avalanche-retour-sur-lannee-2024\/#breadcrumb","itemListElement":[{"@type":"ListItem","position":1,"name":"Accueil","item":"https:\/\/theplayoffs.news\/fr\/"},{"@type":"ListItem","position":2,"name":"Colorado Avalanche : retour sur l\u2019ann\u00e9e 2024"}]},{"@type":"WebSite","@id":"https:\/\/theplayoffs.news\/fr\/#website","url":"https:\/\/theplayoffs.news\/fr\/","name":"The Playoffs FR","description":"NBA-NFL-NHL-MLB","potentialAction":[{"@type":"SearchAction","target":{"@type":"EntryPoint","urlTemplate":"https:\/\/theplayoffs.news\/fr\/?s={search_term_string}"},"query-input":{"@type":"PropertyValueSpecification","valueRequired":true,"valueName":"search_term_string"}}],"inLanguage":"fr-FR"},{"@type":"Person","@id":"https:\/\/theplayoffs.news\/fr\/#\/schema\/person\/0931b4a2fbcb1e3ec76de45cc3952a9b","name":"Lilian Himmelberger","image":{"@type":"ImageObject","inLanguage":"fr-FR","@id":"https:\/\/theplayoffs.news\/fr\/#\/schema\/person\/image\/","url":"https:\/\/secure.gravatar.com\/avatar\/f4ac659ea2cbd43c2b77e8f751667a8f5b8015dadf9db3f3942f26588c2262af?s=96&d=mm&r=g","contentUrl":"https:\/\/secure.gravatar.com\/avatar\/f4ac659ea2cbd43c2b77e8f751667a8f5b8015dadf9db3f3942f26588c2262af?s=96&d=mm&r=g","caption":"Lilian Himmelberger"},"description":"Pour TPO, j\u2019\u00e9cris sur la NHL et la Ligue Magnus ou le hockey fran\u00e7ais en g\u00e9n\u00e9ral. J\u2019ai commenc\u00e9 un compte Twitter\/X sur l\u2019actu du Colorado Avalanche en fran\u00e7ais en 2020 et j\u2019ai commenc\u00e9 \u00e0 \u00e9crire des articles sur la NHL pour un site perso. C\u2019est en novembre 2023 que j\u2019ai ensuite rejoint TPO pour \u00e9crire sur la NHL et le hockey fran\u00e7ais. J\u2019adore pouvoir parler de ma passion et surtout de pouvoir parler du hockey qui est un sport encore trop peu connu en France. N\u2019oubliez pas que Nathan MacKinnon est le meilleur joueur du monde.","sameAs":["https:\/\/x.com\/Colorado_FR_AVS"],"url":"https:\/\/theplayoffs.news\/fr\/author\/lilianhimmelbergergmail-com\/"}]}},"_links":{"self":[{"href":"https:\/\/theplayoffs.news\/fr\/wp-json\/wp\/v2\/posts\/1473727","targetHints":{"allow":["GET"]}}],"collection":[{"href":"https:\/\/theplayoffs.news\/fr\/wp-json\/wp\/v2\/posts"}],"about":[{"href":"https:\/\/theplayoffs.news\/fr\/wp-json\/wp\/v2\/types\/post"}],"author":[{"embeddable":true,"href":"https:\/\/theplayoffs.news\/fr\/wp-json\/wp\/v2\/users\/180310223"}],"replies":[{"embeddable":true,"href":"https:\/\/theplayoffs.news\/fr\/wp-json\/wp\/v2\/comments?post=1473727"}],"version-history":[{"count":3,"href":"https:\/\/theplayoffs.news\/fr\/wp-json\/wp\/v2\/posts\/1473727\/revisions"}],"predecessor-version":[{"id":1473741,"href":"https:\/\/theplayoffs.news\/fr\/wp-json\/wp\/v2\/posts\/1473727\/revisions\/1473741"}],"wp:featuredmedia":[{"embeddable":true,"href":"https:\/\/theplayoffs.news\/fr\/wp-json\/wp\/v2\/media\/1473733"}],"wp:attachment":[{"href":"https:\/\/theplayoffs.news\/fr\/wp-json\/wp\/v2\/media?parent=1473727"}],"wp:term":[{"taxonomy":"category","embeddable":true,"href":"https:\/\/theplayoffs.news\/fr\/wp-json\/wp\/v2\/categories?post=1473727"},{"taxonomy":"post_tag","embeddable":true,"href":"https:\/\/theplayoffs.news\/fr\/wp-json\/wp\/v2\/tags?post=1473727"},{"taxonomy":"sport","embeddable":true,"href":"https:\/\/theplayoffs.news\/fr\/wp-json\/wp\/v2\/sport?post=1473727"},{"taxonomy":"saison","embeddable":true,"href":"https:\/\/theplayoffs.news\/fr\/wp-json\/wp\/v2\/saison?post=1473727"}],"curies":[{"name":"wp","href":"https:\/\/api.w.org\/{rel}","templated":true}]}}