{"id":1473631,"date":"2025-01-06T19:14:54","date_gmt":"2025-01-06T18:14:54","guid":{"rendered":"https:\/\/theplayoffs.news\/fr\/?p=1473631"},"modified":"2025-01-06T19:14:54","modified_gmt":"2025-01-06T18:14:54","slug":"christian-watson-blesse-jusqua-fin-saison","status":"publish","type":"post","link":"https:\/\/theplayoffs.news\/fr\/actualite-nfl\/christian-watson-blesse-jusqua-fin-saison\/","title":{"rendered":"Christian Watson (Packers) bless\u00e9 jusqu&rsquo;\u00e0 la fin de saison!"},"content":{"rendered":"<h2>NFL &ndash; Le receveur des Green Bay Packers, Christian Watson, ne rejouera pas pendant les playoffs NFL 2024.<\/h2><p>C&rsquo;est une perte majeure qui vient de s&rsquo;abattre sur les Green Bay Packers avant le d&eacute;but des playoffs NFL 2024. Le receveur Christian Watson, qui s&rsquo;est bless&eacute; lors du dernier match de la saison r&eacute;guli&egrave;re face aux Chicago Bears, ne pourra pas retrouver les terrains avant la fin des playoffs. D&rsquo;apr&egrave;s les premiers examens, Watson pourrait souffrir d&rsquo;une d&eacute;chirure du ligament crois&eacute; avec des dommages additionnels sur son genou.<\/p><blockquote class=\"twitter-tweet\">\n<p dir=\"ltr\" lang=\"en\">Sources: <a href=\"https:\/\/twitter.com\/hashtag\/Packers?src=hash&amp;ref_src=twsrc%5Etfw\" class=\"trk-cta-link\" data-cta-trk='{\"ctaType\":\"Link\",\"ctaSubType\":\"main\"}'>#Packers<\/a> standout WR Christian Watson is believed to have torn his ACL and suffered additional damage, ending his season and putting the beginning of 2025 in jeopardy.<\/p>\n<p>A frustrating reality for that talented pass-catcher. <a href=\"https:\/\/t.co\/KgVXQY2QM2\" class=\"trk-cta-link\" data-cta-trk='{\"ctaType\":\"Link\",\"ctaSubType\":\"main\"}'>pic.twitter.com\/KgVXQY2QM2<\/a><\/p>\n<p>&mdash; Ian Rapoport (@RapSheet) <a href=\"https:\/\/twitter.com\/RapSheet\/status\/1876321212550541426?ref_src=twsrc%5Etfw\" class=\"trk-cta-link\" data-cta-trk='{\"ctaType\":\"Link\",\"ctaSubType\":\"main\"}'>January 6, 2025<\/a><\/p><\/blockquote><p><script async src=\"https:\/\/platform.twitter.com\/widgets.js\" charset=\"utf-8\"><\/script><\/p><p>Une blessure qui tiendra donc Christian Watson &eacute;loign&eacute; du terrain pendant plusieurs mois alors que le Super Bowl, qui marque la fin de la saison NFL 2024 se d&eacute;roulera dans 33 jours. Pour sa troisi&egrave;me saison sous le maillot des Green Bay Packers, Watson a accumul&eacute; 620 yards soit son meilleur total global sur l&rsquo;ensemble des saisons qu&rsquo;il a disput&eacute;. Il a &eacute;galement inscrit deux touchdowns et a donc particip&eacute; &agrave; la nouvelle qualification des Packers pour les playoffs NFL.<\/p><p>Mais Christian Watson ne sera pas pr&eacute;sent pour d&eacute;fendre les chances de la franchise du Wisconsin lors de la post-saison. Une post-saison qui commencera pour les Packers par un d&eacute;placement p&eacute;rilleux sur le terrain des Philadelphie Eagles lors du <a href=\"https:\/\/theplayoffs.news\/fr\/nfl\/playoffs-nfl-les-affiches-des-wild-card\/\" class=\"trk-cta-link\" data-cta-trk='{\"ctaType\":\"Link\",\"ctaSubType\":\"main\"}'>week-end de wild card<\/a>. En esp&eacute;rant que sa saison 2025 ne soit pas &agrave; son tour compromise.<\/p><p><em>Cr&eacute;dit photo: Dan Powers\/USA TODAY NETWORK-Wisconsin \/ USA TODAY NETWORK via Imagn Images<\/em><\/p>\n","protected":false},"excerpt":{"rendered":"","protected":false},"author":180309964,"featured_media":1473632,"comment_status":"open","ping_status":"closed","sticky":false,"template":"","format":"standard","meta":{"inline_featured_image":false,"kia_subtitle":"","_mux_skip_reasons":[],"proofreadBy":0,"footnotes":""},"categories":[118,40],"tags":[4682,908],"sport":[2785],"saison":[6111],"class_list":["post-1473631","post","type-post","status-publish","format-standard","has-post-thumbnail","hentry","category-actualite-nfl","category-nfl","tag-christian-watson","tag-green-bay-packers","sport-nfl","saison-6111"],"acf":[],"yoast_head":"<!-- This site is optimized with the Yoast SEO plugin v24.2 - https:\/\/yoast.com\/wordpress\/plugins\/seo\/ -->\n<title>Christian Watson (Packers) bless&eacute; jusqu&#039;&agrave; la fin de saison! - The Playoffs FR<\/title>\n<meta name=\"robots\" content=\"index, follow, max-snippet:-1, max-image-preview:large, max-video-preview:-1\" \/>\n<link rel=\"canonical\" href=\"https:\/\/theplayoffs.news\/fr\/actualite-nfl\/christian-watson-blesse-jusqua-fin-saison\/\" \/>\n<meta property=\"og:locale\" content=\"fr_FR\" \/>\n<meta property=\"og:type\" content=\"article\" \/>\n<meta property=\"og:title\" content=\"Christian Watson (Packers) bless&eacute; jusqu&#039;&agrave; la fin de saison! - The Playoffs FR\" \/>\n<meta property=\"og:url\" content=\"https:\/\/theplayoffs.news\/fr\/actualite-nfl\/christian-watson-blesse-jusqua-fin-saison\/\" \/>\n<meta property=\"og:site_name\" content=\"The Playoffs FR\" \/>\n<meta property=\"article:publisher\" content=\"https:\/\/www.facebook.com\/TheFreeAgentFR\/\" \/>\n<meta property=\"article:modified_time\" content=\"2025-01-06T19:14:54+01:00\" \/>\n<meta property=\"og:image\" content=\"https:\/\/theplayoffs.news\/fr\/wp-content\/uploads\/2025\/01\/USATSI_25123680.jpg\" \/>\n\t<meta property=\"og:image:width\" content=\"1920\" \/>\n\t<meta property=\"og:image:height\" content=\"1393\" \/>\n\t<meta property=\"og:image:type\" content=\"image\/jpeg\" \/>\n<meta name=\"author\" content=\"Flavien Jumeau\" \/>\n<meta name=\"twitter:card\" content=\"summary_large_image\" \/>\n<meta name=\"twitter:creator\" content=\"@TheFreeAgentFR\" \/>\n<meta name=\"twitter:site\" content=\"@TheFreeAgentFR\" \/>\n<meta name=\"twitter:label1\" content=\"\u00c9crit par\" \/>\n\t<meta name=\"twitter:data1\" content=\"Flavien Jumeau\" \/>\n\t<meta name=\"twitter:label2\" content=\"Dur\u00e9e de lecture estim\u00e9e\" \/>\n\t<meta name=\"twitter:data2\" content=\"1 minute\" \/>\n<script type=\"application\/ld+json\" class=\"yoast-schema-graph\">{\"@context\":\"https:\/\/schema.org\",\"@graph\":[{\"@type\":\"WebPage\",\"@id\":\"https:\/\/theplayoffs.news\/fr\/actualite-nfl\/christian-watson-blesse-jusqua-fin-saison\/\",\"url\":\"https:\/\/theplayoffs.news\/fr\/actualite-nfl\/christian-watson-blesse-jusqua-fin-saison\/\",\"name\":\"Christian Watson (Packers) bless\u00e9 jusqu\\\\'\u00e0 la fin de saison! - The Playoffs FR\",\"isPartOf\":{\"@id\":\"https:\/\/theplayoffs.news\/fr\/#website\"},\"primaryImageOfPage\":{\"@id\":\"https:\/\/theplayoffs.news\/fr\/actualite-nfl\/christian-watson-blesse-jusqua-fin-saison\/#primaryimage\"},\"image\":{\"@id\":\"https:\/\/theplayoffs.news\/fr\/actualite-nfl\/christian-watson-blesse-jusqua-fin-saison\/#primaryimage\"},\"thumbnailUrl\":\"https:\/\/theplayoffs.news\/fr\/wp-content\/uploads\/2025\/01\/USATSI_25123680.jpg\",\"datePublished\":\"2025-01-06T18:14:54+00:00\",\"dateModified\":\"2025-01-06T18:14:54+00:00\",\"author\":{\"@id\":\"https:\/\/theplayoffs.news\/fr\/#\/schema\/person\/def63bc6746dc5957469b75feb99e66d\"},\"breadcrumb\":{\"@id\":\"https:\/\/theplayoffs.news\/fr\/actualite-nfl\/christian-watson-blesse-jusqua-fin-saison\/#breadcrumb\"},\"inLanguage\":\"fr-FR\",\"potentialAction\":[{\"@type\":\"ReadAction\",\"target\":[\"https:\/\/theplayoffs.news\/fr\/actualite-nfl\/christian-watson-blesse-jusqua-fin-saison\/\"]}]},{\"@type\":\"ImageObject\",\"inLanguage\":\"fr-FR\",\"@id\":\"https:\/\/theplayoffs.news\/fr\/actualite-nfl\/christian-watson-blesse-jusqua-fin-saison\/#primaryimage\",\"url\":\"https:\/\/theplayoffs.news\/fr\/wp-content\/uploads\/2025\/01\/USATSI_25123680.jpg\",\"contentUrl\":\"https:\/\/theplayoffs.news\/fr\/wp-content\/uploads\/2025\/01\/USATSI_25123680.jpg\",\"width\":1920,\"height\":1393,\"caption\":\"Green Bay Packers wide receiver Christian Watson (9) leaves the field on a cart after getting injured against the Chicago Bears in the second quarter during their football game Sunday, January 5, 2025, at Lambeau Field in Green Bay, Wisconsin.\"},{\"@type\":\"BreadcrumbList\",\"@id\":\"https:\/\/theplayoffs.news\/fr\/actualite-nfl\/christian-watson-blesse-jusqua-fin-saison\/#breadcrumb\",\"itemListElement\":[{\"@type\":\"ListItem\",\"position\":1,\"name\":\"Accueil\",\"item\":\"https:\/\/theplayoffs.news\/fr\/\"},{\"@type\":\"ListItem\",\"position\":2,\"name\":\"Christian Watson (Packers) bless\u00e9 jusqu&rsquo;\u00e0 la fin de saison!\"}]},{\"@type\":\"WebSite\",\"@id\":\"https:\/\/theplayoffs.news\/fr\/#website\",\"url\":\"https:\/\/theplayoffs.news\/fr\/\",\"name\":\"The Playoffs FR\",\"description\":\"NBA-NFL-NHL-MLB\",\"potentialAction\":[{\"@type\":\"SearchAction\",\"target\":{\"@type\":\"EntryPoint\",\"urlTemplate\":\"https:\/\/theplayoffs.news\/fr\/?s={search_term_string}\"},\"query-input\":{\"@type\":\"PropertyValueSpecification\",\"valueRequired\":true,\"valueName\":\"search_term_string\"}}],\"inLanguage\":\"fr-FR\"},{\"@type\":\"Person\",\"@id\":\"https:\/\/theplayoffs.news\/fr\/#\/schema\/person\/def63bc6746dc5957469b75feb99e66d\",\"name\":\"Flavien Jumeau\",\"image\":{\"@type\":\"ImageObject\",\"inLanguage\":\"fr-FR\",\"@id\":\"https:\/\/theplayoffs.news\/fr\/#\/schema\/person\/image\/\",\"url\":\"https:\/\/secure.gravatar.com\/avatar\/e7fa8ba5a4b7e4ce35fe152f083f352db28ad0acce692004ed88a7a7d78893f7?s=96&d=mm&r=g\",\"contentUrl\":\"https:\/\/secure.gravatar.com\/avatar\/e7fa8ba5a4b7e4ce35fe152f083f352db28ad0acce692004ed88a7a7d78893f7?s=96&d=mm&r=g\",\"caption\":\"Flavien Jumeau\"},\"description\":\"Amoureux du sport (et de vraiment tous les sports) depuis mon plus jeune \u00e2ge, j\u2019ai longtemps h\u00e9site entre le snooker et le curling. Finalement c\u2019est le foot US que j\u2019ai d\u00e9cid\u00e9 de choisir! Responsable foot US sur TPO et animateur du podcast Tailgate j\u2019ai pour mission de vous faire d\u00e9couvrir ce sport passionnant si ce n\u2019est pas encore fait et de vous donner les derni\u00e8res actus. Le tout dans la bonne humeur et avec toujours un jeu de mots ou deux savamment distill\u00e9s! Fan des Saints, pour moi Drew Brees est le vrai GOAT!\",\"url\":\"https:\/\/theplayoffs.news\/fr\/author\/flavien-jumeaugmail-com\/\"}]}<\/script>\n<!-- \/ Yoast SEO plugin. -->","yoast_head_json":{"title":"Christian Watson (Packers) bless&eacute; jusqu&#039;&agrave; la fin de saison! - The Playoffs FR","robots":{"index":"index","follow":"follow","max-snippet":"max-snippet:-1","max-image-preview":"max-image-preview:large","max-video-preview":"max-video-preview:-1"},"canonical":"https:\/\/theplayoffs.news\/fr\/actualite-nfl\/christian-watson-blesse-jusqua-fin-saison\/","og_locale":"fr_FR","og_type":"article","og_title":"Christian Watson (Packers) bless&eacute; jusqu&#039;&agrave; la fin de saison! - The Playoffs FR","og_url":"https:\/\/theplayoffs.news\/fr\/actualite-nfl\/christian-watson-blesse-jusqua-fin-saison\/","og_site_name":"The Playoffs FR","article_publisher":"https:\/\/www.facebook.com\/TheFreeAgentFR\/","og_image":[{"width":1920,"height":1393,"url":"https:\/\/theplayoffs.news\/fr\/wp-content\/uploads\/2025\/01\/USATSI_25123680.jpg","type":"image\/jpeg"}],"author":"Flavien Jumeau","twitter_card":"summary_large_image","twitter_creator":"@TheFreeAgentFR","twitter_site":"@TheFreeAgentFR","twitter_misc":{"\u00c9crit par":"Flavien Jumeau","Dur\u00e9e de lecture estim\u00e9e":"1 minute"},"schema":{"@context":"https:\/\/schema.org","@graph":[{"@type":"WebPage","@id":"https:\/\/theplayoffs.news\/fr\/actualite-nfl\/christian-watson-blesse-jusqua-fin-saison\/","url":"https:\/\/theplayoffs.news\/fr\/actualite-nfl\/christian-watson-blesse-jusqua-fin-saison\/","name":"Christian Watson (Packers) bless\u00e9 jusqu\\'\u00e0 la fin de saison! - The Playoffs FR","isPartOf":{"@id":"https:\/\/theplayoffs.news\/fr\/#website"},"primaryImageOfPage":{"@id":"https:\/\/theplayoffs.news\/fr\/actualite-nfl\/christian-watson-blesse-jusqua-fin-saison\/#primaryimage"},"image":{"@id":"https:\/\/theplayoffs.news\/fr\/actualite-nfl\/christian-watson-blesse-jusqua-fin-saison\/#primaryimage"},"thumbnailUrl":"https:\/\/theplayoffs.news\/fr\/wp-content\/uploads\/2025\/01\/USATSI_25123680.jpg","datePublished":"2025-01-06T18:14:54+00:00","dateModified":"2025-01-06T18:14:54+00:00","author":{"@id":"https:\/\/theplayoffs.news\/fr\/#\/schema\/person\/def63bc6746dc5957469b75feb99e66d"},"breadcrumb":{"@id":"https:\/\/theplayoffs.news\/fr\/actualite-nfl\/christian-watson-blesse-jusqua-fin-saison\/#breadcrumb"},"inLanguage":"fr-FR","potentialAction":[{"@type":"ReadAction","target":["https:\/\/theplayoffs.news\/fr\/actualite-nfl\/christian-watson-blesse-jusqua-fin-saison\/"]}]},{"@type":"ImageObject","inLanguage":"fr-FR","@id":"https:\/\/theplayoffs.news\/fr\/actualite-nfl\/christian-watson-blesse-jusqua-fin-saison\/#primaryimage","url":"https:\/\/theplayoffs.news\/fr\/wp-content\/uploads\/2025\/01\/USATSI_25123680.jpg","contentUrl":"https:\/\/theplayoffs.news\/fr\/wp-content\/uploads\/2025\/01\/USATSI_25123680.jpg","width":1920,"height":1393,"caption":"Green Bay Packers wide receiver Christian Watson (9) leaves the field on a cart after getting injured against the Chicago Bears in the second quarter during their football game Sunday, January 5, 2025, at Lambeau Field in Green Bay, Wisconsin."},{"@type":"BreadcrumbList","@id":"https:\/\/theplayoffs.news\/fr\/actualite-nfl\/christian-watson-blesse-jusqua-fin-saison\/#breadcrumb","itemListElement":[{"@type":"ListItem","position":1,"name":"Accueil","item":"https:\/\/theplayoffs.news\/fr\/"},{"@type":"ListItem","position":2,"name":"Christian Watson (Packers) bless\u00e9 jusqu&rsquo;\u00e0 la fin de saison!"}]},{"@type":"WebSite","@id":"https:\/\/theplayoffs.news\/fr\/#website","url":"https:\/\/theplayoffs.news\/fr\/","name":"The Playoffs FR","description":"NBA-NFL-NHL-MLB","potentialAction":[{"@type":"SearchAction","target":{"@type":"EntryPoint","urlTemplate":"https:\/\/theplayoffs.news\/fr\/?s={search_term_string}"},"query-input":{"@type":"PropertyValueSpecification","valueRequired":true,"valueName":"search_term_string"}}],"inLanguage":"fr-FR"},{"@type":"Person","@id":"https:\/\/theplayoffs.news\/fr\/#\/schema\/person\/def63bc6746dc5957469b75feb99e66d","name":"Flavien Jumeau","image":{"@type":"ImageObject","inLanguage":"fr-FR","@id":"https:\/\/theplayoffs.news\/fr\/#\/schema\/person\/image\/","url":"https:\/\/secure.gravatar.com\/avatar\/e7fa8ba5a4b7e4ce35fe152f083f352db28ad0acce692004ed88a7a7d78893f7?s=96&d=mm&r=g","contentUrl":"https:\/\/secure.gravatar.com\/avatar\/e7fa8ba5a4b7e4ce35fe152f083f352db28ad0acce692004ed88a7a7d78893f7?s=96&d=mm&r=g","caption":"Flavien Jumeau"},"description":"Amoureux du sport (et de vraiment tous les sports) depuis mon plus jeune \u00e2ge, j\u2019ai longtemps h\u00e9site entre le snooker et le curling. Finalement c\u2019est le foot US que j\u2019ai d\u00e9cid\u00e9 de choisir! Responsable foot US sur TPO et animateur du podcast Tailgate j\u2019ai pour mission de vous faire d\u00e9couvrir ce sport passionnant si ce n\u2019est pas encore fait et de vous donner les derni\u00e8res actus. Le tout dans la bonne humeur et avec toujours un jeu de mots ou deux savamment distill\u00e9s! Fan des Saints, pour moi Drew Brees est le vrai GOAT!","url":"https:\/\/theplayoffs.news\/fr\/author\/flavien-jumeaugmail-com\/"}]}},"_links":{"self":[{"href":"https:\/\/theplayoffs.news\/fr\/wp-json\/wp\/v2\/posts\/1473631","targetHints":{"allow":["GET"]}}],"collection":[{"href":"https:\/\/theplayoffs.news\/fr\/wp-json\/wp\/v2\/posts"}],"about":[{"href":"https:\/\/theplayoffs.news\/fr\/wp-json\/wp\/v2\/types\/post"}],"author":[{"embeddable":true,"href":"https:\/\/theplayoffs.news\/fr\/wp-json\/wp\/v2\/users\/180309964"}],"replies":[{"embeddable":true,"href":"https:\/\/theplayoffs.news\/fr\/wp-json\/wp\/v2\/comments?post=1473631"}],"version-history":[{"count":2,"href":"https:\/\/theplayoffs.news\/fr\/wp-json\/wp\/v2\/posts\/1473631\/revisions"}],"predecessor-version":[{"id":1473634,"href":"https:\/\/theplayoffs.news\/fr\/wp-json\/wp\/v2\/posts\/1473631\/revisions\/1473634"}],"wp:featuredmedia":[{"embeddable":true,"href":"https:\/\/theplayoffs.news\/fr\/wp-json\/wp\/v2\/media\/1473632"}],"wp:attachment":[{"href":"https:\/\/theplayoffs.news\/fr\/wp-json\/wp\/v2\/media?parent=1473631"}],"wp:term":[{"taxonomy":"category","embeddable":true,"href":"https:\/\/theplayoffs.news\/fr\/wp-json\/wp\/v2\/categories?post=1473631"},{"taxonomy":"post_tag","embeddable":true,"href":"https:\/\/theplayoffs.news\/fr\/wp-json\/wp\/v2\/tags?post=1473631"},{"taxonomy":"sport","embeddable":true,"href":"https:\/\/theplayoffs.news\/fr\/wp-json\/wp\/v2\/sport?post=1473631"},{"taxonomy":"saison","embeddable":true,"href":"https:\/\/theplayoffs.news\/fr\/wp-json\/wp\/v2\/saison?post=1473631"}],"curies":[{"name":"wp","href":"https:\/\/api.w.org\/{rel}","templated":true}]}}