{"id":1473587,"date":"2025-01-13T18:08:13","date_gmt":"2025-01-13T17:08:13","guid":{"rendered":"https:\/\/theplayoffs.news\/fr\/?p=1473587"},"modified":"2025-01-13T18:08:13","modified_gmt":"2025-01-13T17:08:13","slug":"mike-mccarthy-vire-par-dallas-cowboys","status":"publish","type":"post","link":"https:\/\/theplayoffs.news\/fr\/actualite-nfl\/mike-mccarthy-vire-par-dallas-cowboys\/","title":{"rendered":"Mike McCarthy ne sera plus l&rsquo;entra\u00eeneur des Dallas Cowboys en 2025!"},"content":{"rendered":"<h2>NFL &ndash; L&rsquo;entra&icirc;neur principal des Dallas Cowboys, Mike McCarthy, ne prolongera pas son bail avec la franchise texane.<\/h2><p>Fin du suspens pour <a href=\"https:\/\/www.pro-football-reference.com\/coaches\/McCaMi0.htm\" class=\"trk-cta-link\" data-cta-trk='{\"ctaType\":\"Link\",\"ctaSubType\":\"main\"}'>Mike McCarthy<\/a> et les Dallas Cowboys. Depuis de longues semaines, les rumeurs allaient bon train dans le Texas pour savoir si l&rsquo;actuel entra&icirc;neur principal de la franchise allait rester ou non en place la saison prochaine apr&egrave;s une campagne 2024 particuli&egrave;rement d&eacute;cevante et conclue par un bilan de 7 victoires pour 10 d&eacute;faites. La r&eacute;ponse est donc simple: non Mike McCarthy ne sera plus l&rsquo;entra&icirc;neur des Cowboys en 2025 puisqu&rsquo;il n&rsquo;est pas parvenu &agrave; se mettre d&rsquo;accord sur une prolongation de contrat avec les Cowboys.<\/p><blockquote class=\"twitter-tweet\">\n<p dir=\"ltr\" lang=\"en\">Sources: Mike McCarthy is out as <a href=\"https:\/\/twitter.com\/hashtag\/Cowboys?src=hash&amp;ref_src=twsrc%5Etfw\" class=\"trk-cta-link\" data-cta-trk='{\"ctaType\":\"Link\",\"ctaSubType\":\"main\"}'>#Cowboys<\/a> coach.<\/p>\n<p>The sides couldn&rsquo;t agree on length of contract and McCarthy will pursue other opportunities. He leaves Dallas with a winning record and three playoff appearances. <a href=\"https:\/\/t.co\/MJzWvUlfjU\" class=\"trk-cta-link\" data-cta-trk='{\"ctaType\":\"Link\",\"ctaSubType\":\"main\"}'>pic.twitter.com\/MJzWvUlfjU<\/a><\/p>\n<p>&mdash; Tom Pelissero (@TomPelissero) <a href=\"https:\/\/twitter.com\/TomPelissero\/status\/1878850049872212440?ref_src=twsrc%5Etfw\" class=\"trk-cta-link\" data-cta-trk='{\"ctaType\":\"Link\",\"ctaSubType\":\"main\"}'>January 13, 2025<\/a><\/p><\/blockquote><p><script async src=\"https:\/\/platform.twitter.com\/widgets.js\" charset=\"utf-8\"><\/script><\/p><p>Entra&icirc;neur de longue date des Green Bay Packers, Mike McCarthy &eacute;tait arriv&eacute; chez les Dallas Cowboys avant la saison NFL 2020. Apr&egrave;s plusieurs semaines difficiles pour se mettre en place, l&rsquo;entra&icirc;neur avait conduit les Cowboys a trois saisons cons&eacute;cutives avec 12 victoires en saison r&eacute;guli&egrave;re. Malheureusement, ces belles saisons n&rsquo;ont jamais connu de conclusions heureuses en playoffs avec des &eacute;liminations souvent frustrantes pour Dallas et une incapacit&eacute; &agrave; passer des tours de playoffs mis tour &agrave; tour sur la responsabilit&eacute; de Dak Prescott ou de Mike McCarthy.<\/p><p>C&rsquo;est donc la fin d&rsquo;une histoire de 5 ans entre l&rsquo;entra&icirc;neur et la franchise du Texas. Dallas va devoir maintenant trouver un entra&icirc;neur capable de g&eacute;rer la pression autour de la franchise et les attentes des fans apr&egrave;s avoir offert un gros contrat &agrave; <a href=\"https:\/\/theplayoffs.news\/fr\/joueur\/dak-prescott-nfl-5154834\/\" class=\"trk-cta-link\" data-cta-trk='{\"ctaType\":\"Link\",\"ctaSubType\":\"main\"}'>Dak Prescott<\/a> lors de l&rsquo;intersaison pr&eacute;c&eacute;dente. Pour Mike McCarthy, des &eacute;quipes sans entra&icirc;neurs devraient se manifester sur sa candidature dans les prochains jours et notamment les New Orleans Saints ou les Chicago Bears.<\/p><p><em>Cr&eacute;dit photo: &copy; Kevin Jairaj-Imagn Images<\/em><\/p>\n","protected":false},"excerpt":{"rendered":"","protected":false},"author":180309964,"featured_media":1473589,"comment_status":"open","ping_status":"closed","sticky":false,"template":"","format":"standard","meta":{"inline_featured_image":false,"kia_subtitle":"","_mux_skip_reasons":[],"proofreadBy":0,"footnotes":""},"categories":[118,40],"tags":[619,1416],"sport":[2785],"saison":[7475],"class_list":["post-1473587","post","type-post","status-publish","format-standard","has-post-thumbnail","hentry","category-actualite-nfl","category-nfl","tag-dallas-cowboys","tag-mike-mccarthy","sport-nfl","saison-7475"],"acf":[],"yoast_head":"<!-- This site is optimized with the Yoast SEO plugin v24.2 - https:\/\/yoast.com\/wordpress\/plugins\/seo\/ -->\n<title>Mike McCarthy ne sera plus l&#039;entra&icirc;neur des Dallas Cowboys en 2025! - The Playoffs FR<\/title>\n<meta name=\"robots\" content=\"index, follow, max-snippet:-1, max-image-preview:large, max-video-preview:-1\" \/>\n<link rel=\"canonical\" href=\"https:\/\/theplayoffs.news\/fr\/actualite-nfl\/mike-mccarthy-vire-par-dallas-cowboys\/\" \/>\n<meta property=\"og:locale\" content=\"fr_FR\" \/>\n<meta property=\"og:type\" content=\"article\" \/>\n<meta property=\"og:title\" content=\"Mike McCarthy ne sera plus l&#039;entra&icirc;neur des Dallas Cowboys en 2025! - The Playoffs FR\" \/>\n<meta property=\"og:url\" content=\"https:\/\/theplayoffs.news\/fr\/actualite-nfl\/mike-mccarthy-vire-par-dallas-cowboys\/\" \/>\n<meta property=\"og:site_name\" content=\"The Playoffs FR\" \/>\n<meta property=\"article:publisher\" content=\"https:\/\/www.facebook.com\/TheFreeAgentFR\/\" \/>\n<meta property=\"article:modified_time\" content=\"2025-01-13T18:08:13+01:00\" \/>\n<meta property=\"og:image\" content=\"https:\/\/theplayoffs.news\/fr\/wp-content\/uploads\/2025\/01\/USATSI_25120777.jpg\" \/>\n\t<meta property=\"og:image:width\" content=\"1920\" \/>\n\t<meta property=\"og:image:height\" content=\"1222\" \/>\n\t<meta property=\"og:image:type\" content=\"image\/jpeg\" \/>\n<meta name=\"author\" content=\"Flavien Jumeau\" \/>\n<meta name=\"twitter:card\" content=\"summary_large_image\" \/>\n<meta name=\"twitter:creator\" content=\"@TheFreeAgentFR\" \/>\n<meta name=\"twitter:site\" content=\"@TheFreeAgentFR\" \/>\n<meta name=\"twitter:label1\" content=\"\u00c9crit par\" \/>\n\t<meta name=\"twitter:data1\" content=\"Flavien Jumeau\" \/>\n\t<meta name=\"twitter:label2\" content=\"Dur\u00e9e de lecture estim\u00e9e\" \/>\n\t<meta name=\"twitter:data2\" content=\"2 minutes\" \/>\n<script type=\"application\/ld+json\" class=\"yoast-schema-graph\">{\"@context\":\"https:\/\/schema.org\",\"@graph\":[{\"@type\":\"WebPage\",\"@id\":\"https:\/\/theplayoffs.news\/fr\/actualite-nfl\/mike-mccarthy-vire-par-dallas-cowboys\/\",\"url\":\"https:\/\/theplayoffs.news\/fr\/actualite-nfl\/mike-mccarthy-vire-par-dallas-cowboys\/\",\"name\":\"Mike McCarthy ne sera plus l\\\\'entra\u00eeneur des Dallas Cowboys en 2025! - The Playoffs FR\",\"isPartOf\":{\"@id\":\"https:\/\/theplayoffs.news\/fr\/#website\"},\"primaryImageOfPage\":{\"@id\":\"https:\/\/theplayoffs.news\/fr\/actualite-nfl\/mike-mccarthy-vire-par-dallas-cowboys\/#primaryimage\"},\"image\":{\"@id\":\"https:\/\/theplayoffs.news\/fr\/actualite-nfl\/mike-mccarthy-vire-par-dallas-cowboys\/#primaryimage\"},\"thumbnailUrl\":\"https:\/\/theplayoffs.news\/fr\/wp-content\/uploads\/2025\/01\/USATSI_25120777.jpg\",\"datePublished\":\"2025-01-13T17:08:13+00:00\",\"dateModified\":\"2025-01-13T17:08:13+00:00\",\"author\":{\"@id\":\"https:\/\/theplayoffs.news\/fr\/#\/schema\/person\/def63bc6746dc5957469b75feb99e66d\"},\"breadcrumb\":{\"@id\":\"https:\/\/theplayoffs.news\/fr\/actualite-nfl\/mike-mccarthy-vire-par-dallas-cowboys\/#breadcrumb\"},\"inLanguage\":\"fr-FR\",\"potentialAction\":[{\"@type\":\"ReadAction\",\"target\":[\"https:\/\/theplayoffs.news\/fr\/actualite-nfl\/mike-mccarthy-vire-par-dallas-cowboys\/\"]}]},{\"@type\":\"ImageObject\",\"inLanguage\":\"fr-FR\",\"@id\":\"https:\/\/theplayoffs.news\/fr\/actualite-nfl\/mike-mccarthy-vire-par-dallas-cowboys\/#primaryimage\",\"url\":\"https:\/\/theplayoffs.news\/fr\/wp-content\/uploads\/2025\/01\/USATSI_25120777.jpg\",\"contentUrl\":\"https:\/\/theplayoffs.news\/fr\/wp-content\/uploads\/2025\/01\/USATSI_25120777.jpg\",\"width\":1920,\"height\":1222,\"caption\":\"Jan 5, 2025; Arlington, Texas, USA; Dallas Cowboys head coach Mike McCarthy looks on during the first half against the Washington Commanders at AT&amp;T Stadium. Mandatory Credit: Kevin Jairaj-Imagn Images\"},{\"@type\":\"BreadcrumbList\",\"@id\":\"https:\/\/theplayoffs.news\/fr\/actualite-nfl\/mike-mccarthy-vire-par-dallas-cowboys\/#breadcrumb\",\"itemListElement\":[{\"@type\":\"ListItem\",\"position\":1,\"name\":\"Accueil\",\"item\":\"https:\/\/theplayoffs.news\/fr\/\"},{\"@type\":\"ListItem\",\"position\":2,\"name\":\"Mike McCarthy ne sera plus l&rsquo;entra\u00eeneur des Dallas Cowboys en 2025!\"}]},{\"@type\":\"WebSite\",\"@id\":\"https:\/\/theplayoffs.news\/fr\/#website\",\"url\":\"https:\/\/theplayoffs.news\/fr\/\",\"name\":\"The Playoffs FR\",\"description\":\"NBA-NFL-NHL-MLB\",\"potentialAction\":[{\"@type\":\"SearchAction\",\"target\":{\"@type\":\"EntryPoint\",\"urlTemplate\":\"https:\/\/theplayoffs.news\/fr\/?s={search_term_string}\"},\"query-input\":{\"@type\":\"PropertyValueSpecification\",\"valueRequired\":true,\"valueName\":\"search_term_string\"}}],\"inLanguage\":\"fr-FR\"},{\"@type\":\"Person\",\"@id\":\"https:\/\/theplayoffs.news\/fr\/#\/schema\/person\/def63bc6746dc5957469b75feb99e66d\",\"name\":\"Flavien Jumeau\",\"image\":{\"@type\":\"ImageObject\",\"inLanguage\":\"fr-FR\",\"@id\":\"https:\/\/theplayoffs.news\/fr\/#\/schema\/person\/image\/\",\"url\":\"https:\/\/secure.gravatar.com\/avatar\/e7fa8ba5a4b7e4ce35fe152f083f352db28ad0acce692004ed88a7a7d78893f7?s=96&d=mm&r=g\",\"contentUrl\":\"https:\/\/secure.gravatar.com\/avatar\/e7fa8ba5a4b7e4ce35fe152f083f352db28ad0acce692004ed88a7a7d78893f7?s=96&d=mm&r=g\",\"caption\":\"Flavien Jumeau\"},\"description\":\"Amoureux du sport (et de vraiment tous les sports) depuis mon plus jeune \u00e2ge, j\u2019ai longtemps h\u00e9site entre le snooker et le curling. Finalement c\u2019est le foot US que j\u2019ai d\u00e9cid\u00e9 de choisir! Responsable foot US sur TPO et animateur du podcast Tailgate j\u2019ai pour mission de vous faire d\u00e9couvrir ce sport passionnant si ce n\u2019est pas encore fait et de vous donner les derni\u00e8res actus. Le tout dans la bonne humeur et avec toujours un jeu de mots ou deux savamment distill\u00e9s! Fan des Saints, pour moi Drew Brees est le vrai GOAT!\",\"url\":\"https:\/\/theplayoffs.news\/fr\/author\/flavien-jumeaugmail-com\/\"}]}<\/script>\n<!-- \/ Yoast SEO plugin. -->","yoast_head_json":{"title":"Mike McCarthy ne sera plus l&#039;entra&icirc;neur des Dallas Cowboys en 2025! - The Playoffs FR","robots":{"index":"index","follow":"follow","max-snippet":"max-snippet:-1","max-image-preview":"max-image-preview:large","max-video-preview":"max-video-preview:-1"},"canonical":"https:\/\/theplayoffs.news\/fr\/actualite-nfl\/mike-mccarthy-vire-par-dallas-cowboys\/","og_locale":"fr_FR","og_type":"article","og_title":"Mike McCarthy ne sera plus l&#039;entra&icirc;neur des Dallas Cowboys en 2025! - The Playoffs FR","og_url":"https:\/\/theplayoffs.news\/fr\/actualite-nfl\/mike-mccarthy-vire-par-dallas-cowboys\/","og_site_name":"The Playoffs FR","article_publisher":"https:\/\/www.facebook.com\/TheFreeAgentFR\/","og_image":[{"width":1920,"height":1222,"url":"https:\/\/theplayoffs.news\/fr\/wp-content\/uploads\/2025\/01\/USATSI_25120777.jpg","type":"image\/jpeg"}],"author":"Flavien Jumeau","twitter_card":"summary_large_image","twitter_creator":"@TheFreeAgentFR","twitter_site":"@TheFreeAgentFR","twitter_misc":{"\u00c9crit par":"Flavien Jumeau","Dur\u00e9e de lecture estim\u00e9e":"2 minutes"},"schema":{"@context":"https:\/\/schema.org","@graph":[{"@type":"WebPage","@id":"https:\/\/theplayoffs.news\/fr\/actualite-nfl\/mike-mccarthy-vire-par-dallas-cowboys\/","url":"https:\/\/theplayoffs.news\/fr\/actualite-nfl\/mike-mccarthy-vire-par-dallas-cowboys\/","name":"Mike McCarthy ne sera plus l\\'entra\u00eeneur des Dallas Cowboys en 2025! - The Playoffs FR","isPartOf":{"@id":"https:\/\/theplayoffs.news\/fr\/#website"},"primaryImageOfPage":{"@id":"https:\/\/theplayoffs.news\/fr\/actualite-nfl\/mike-mccarthy-vire-par-dallas-cowboys\/#primaryimage"},"image":{"@id":"https:\/\/theplayoffs.news\/fr\/actualite-nfl\/mike-mccarthy-vire-par-dallas-cowboys\/#primaryimage"},"thumbnailUrl":"https:\/\/theplayoffs.news\/fr\/wp-content\/uploads\/2025\/01\/USATSI_25120777.jpg","datePublished":"2025-01-13T17:08:13+00:00","dateModified":"2025-01-13T17:08:13+00:00","author":{"@id":"https:\/\/theplayoffs.news\/fr\/#\/schema\/person\/def63bc6746dc5957469b75feb99e66d"},"breadcrumb":{"@id":"https:\/\/theplayoffs.news\/fr\/actualite-nfl\/mike-mccarthy-vire-par-dallas-cowboys\/#breadcrumb"},"inLanguage":"fr-FR","potentialAction":[{"@type":"ReadAction","target":["https:\/\/theplayoffs.news\/fr\/actualite-nfl\/mike-mccarthy-vire-par-dallas-cowboys\/"]}]},{"@type":"ImageObject","inLanguage":"fr-FR","@id":"https:\/\/theplayoffs.news\/fr\/actualite-nfl\/mike-mccarthy-vire-par-dallas-cowboys\/#primaryimage","url":"https:\/\/theplayoffs.news\/fr\/wp-content\/uploads\/2025\/01\/USATSI_25120777.jpg","contentUrl":"https:\/\/theplayoffs.news\/fr\/wp-content\/uploads\/2025\/01\/USATSI_25120777.jpg","width":1920,"height":1222,"caption":"Jan 5, 2025; Arlington, Texas, USA; Dallas Cowboys head coach Mike McCarthy looks on during the first half against the Washington Commanders at AT&amp;T Stadium. Mandatory Credit: Kevin Jairaj-Imagn Images"},{"@type":"BreadcrumbList","@id":"https:\/\/theplayoffs.news\/fr\/actualite-nfl\/mike-mccarthy-vire-par-dallas-cowboys\/#breadcrumb","itemListElement":[{"@type":"ListItem","position":1,"name":"Accueil","item":"https:\/\/theplayoffs.news\/fr\/"},{"@type":"ListItem","position":2,"name":"Mike McCarthy ne sera plus l&rsquo;entra\u00eeneur des Dallas Cowboys en 2025!"}]},{"@type":"WebSite","@id":"https:\/\/theplayoffs.news\/fr\/#website","url":"https:\/\/theplayoffs.news\/fr\/","name":"The Playoffs FR","description":"NBA-NFL-NHL-MLB","potentialAction":[{"@type":"SearchAction","target":{"@type":"EntryPoint","urlTemplate":"https:\/\/theplayoffs.news\/fr\/?s={search_term_string}"},"query-input":{"@type":"PropertyValueSpecification","valueRequired":true,"valueName":"search_term_string"}}],"inLanguage":"fr-FR"},{"@type":"Person","@id":"https:\/\/theplayoffs.news\/fr\/#\/schema\/person\/def63bc6746dc5957469b75feb99e66d","name":"Flavien Jumeau","image":{"@type":"ImageObject","inLanguage":"fr-FR","@id":"https:\/\/theplayoffs.news\/fr\/#\/schema\/person\/image\/","url":"https:\/\/secure.gravatar.com\/avatar\/e7fa8ba5a4b7e4ce35fe152f083f352db28ad0acce692004ed88a7a7d78893f7?s=96&d=mm&r=g","contentUrl":"https:\/\/secure.gravatar.com\/avatar\/e7fa8ba5a4b7e4ce35fe152f083f352db28ad0acce692004ed88a7a7d78893f7?s=96&d=mm&r=g","caption":"Flavien Jumeau"},"description":"Amoureux du sport (et de vraiment tous les sports) depuis mon plus jeune \u00e2ge, j\u2019ai longtemps h\u00e9site entre le snooker et le curling. Finalement c\u2019est le foot US que j\u2019ai d\u00e9cid\u00e9 de choisir! Responsable foot US sur TPO et animateur du podcast Tailgate j\u2019ai pour mission de vous faire d\u00e9couvrir ce sport passionnant si ce n\u2019est pas encore fait et de vous donner les derni\u00e8res actus. Le tout dans la bonne humeur et avec toujours un jeu de mots ou deux savamment distill\u00e9s! Fan des Saints, pour moi Drew Brees est le vrai GOAT!","url":"https:\/\/theplayoffs.news\/fr\/author\/flavien-jumeaugmail-com\/"}]}},"_links":{"self":[{"href":"https:\/\/theplayoffs.news\/fr\/wp-json\/wp\/v2\/posts\/1473587","targetHints":{"allow":["GET"]}}],"collection":[{"href":"https:\/\/theplayoffs.news\/fr\/wp-json\/wp\/v2\/posts"}],"about":[{"href":"https:\/\/theplayoffs.news\/fr\/wp-json\/wp\/v2\/types\/post"}],"author":[{"embeddable":true,"href":"https:\/\/theplayoffs.news\/fr\/wp-json\/wp\/v2\/users\/180309964"}],"replies":[{"embeddable":true,"href":"https:\/\/theplayoffs.news\/fr\/wp-json\/wp\/v2\/comments?post=1473587"}],"version-history":[{"count":4,"href":"https:\/\/theplayoffs.news\/fr\/wp-json\/wp\/v2\/posts\/1473587\/revisions"}],"predecessor-version":[{"id":1474481,"href":"https:\/\/theplayoffs.news\/fr\/wp-json\/wp\/v2\/posts\/1473587\/revisions\/1474481"}],"wp:featuredmedia":[{"embeddable":true,"href":"https:\/\/theplayoffs.news\/fr\/wp-json\/wp\/v2\/media\/1473589"}],"wp:attachment":[{"href":"https:\/\/theplayoffs.news\/fr\/wp-json\/wp\/v2\/media?parent=1473587"}],"wp:term":[{"taxonomy":"category","embeddable":true,"href":"https:\/\/theplayoffs.news\/fr\/wp-json\/wp\/v2\/categories?post=1473587"},{"taxonomy":"post_tag","embeddable":true,"href":"https:\/\/theplayoffs.news\/fr\/wp-json\/wp\/v2\/tags?post=1473587"},{"taxonomy":"sport","embeddable":true,"href":"https:\/\/theplayoffs.news\/fr\/wp-json\/wp\/v2\/sport?post=1473587"},{"taxonomy":"saison","embeddable":true,"href":"https:\/\/theplayoffs.news\/fr\/wp-json\/wp\/v2\/saison?post=1473587"}],"curies":[{"name":"wp","href":"https:\/\/api.w.org\/{rel}","templated":true}]}}