{"id":1473434,"date":"2025-01-05T11:01:05","date_gmt":"2025-01-05T10:01:05","guid":{"rendered":"https:\/\/theplayoffs.news\/fr\/?p=1473434"},"modified":"2025-01-05T11:01:05","modified_gmt":"2025-01-05T10:01:05","slug":"chiefs-broncos-patrick-mahomes-et-les-siens-bien-arrives-a-denver","status":"publish","type":"post","link":"https:\/\/theplayoffs.news\/fr\/nfl\/chiefs-broncos-patrick-mahomes-et-les-siens-bien-arrives-a-denver\/","title":{"rendered":"Chiefs-Broncos\u00a0: Patrick Mahomes et les siens bien arriv\u00e9s \u00e0 Denver"},"content":{"rendered":"<p><strong>La tenue du match de la semaine 18 entre les Chiefs et les Broncos a &eacute;t&eacute; compromise en raison des conditions m&eacute;t&eacute;orologiques.<\/strong><\/p><p>Mais tout est bien qui finit bien puisque les Chiefs sont arriv&eacute;s &agrave; bon port malgr&eacute; des conditions difficiles.<\/p><p>La franchise a pass&eacute; plus de 4h sur le tarmac de d&eacute;part en raison &laquo; d&rsquo;une accumulation rapide de givre &raquo; sur les pistes de l&rsquo;a&eacute;roport de Kansas City. Finalement, les Chiefs ont pu d&eacute;coller et atterrir sans soucis &agrave; Denver pour disputer ce soir le dernier match de saison r&eacute;guli&egrave;re.<\/p><blockquote class=\"twitter-tweet\">\n<p dir=\"ltr\" lang=\"en\">We here. <a href=\"https:\/\/twitter.com\/united?ref_src=twsrc%5Etfw\" class=\"trk-cta-link\" data-cta-trk='{\"ctaType\":\"Link\",\"ctaSubType\":\"main\"}'>@united<\/a> <a href=\"https:\/\/t.co\/jSw4INrK9R\" class=\"trk-cta-link\" data-cta-trk='{\"ctaType\":\"Link\",\"ctaSubType\":\"main\"}'>pic.twitter.com\/jSw4INrK9R<\/a><\/p>\n<p>&mdash; Kansas City Chiefs (@Chiefs) <a href=\"https:\/\/twitter.com\/Chiefs\/status\/1875742547051737538?ref_src=twsrc%5Etfw\" class=\"trk-cta-link\" data-cta-trk='{\"ctaType\":\"Link\",\"ctaSubType\":\"main\"}'>January 5, 2025<\/a><\/p><\/blockquote><p><script async src=\"https:\/\/platform.twitter.com\/widgets.js\" charset=\"utf-8\"><\/script><\/p><p>&nbsp;<\/p><p>Ce match ne repr&eacute;sente cependant aucun enjeu pour les Chiefs, d&eacute;j&agrave; assur&eacute;s d&rsquo;&ecirc;tre t&ecirc;te de s&eacute;rie n&deg;1 dans l&rsquo;AFC avec un bilan de 15 victoires et 1 seule d&eacute;faite. Andy Reid a m&ecirc;me d&eacute;cid&eacute; de mettre au repos certains cadre dont Patrick Mahomes qui sera remplac&eacute; par Carson Wentz.<\/p><p>Les Chiefs devraient &eacute;galement mettre au repos, Travis Kelce, Chris Jones, le cornerback Trent McDuffie, le left tackle Joe Thuney et sa paire de running backs Isiah Pacheco et Kareem Hunt.<\/p><p>En revanche, pour les Broncos, ce match est capital.<\/p><p>Avec la victoire hier des <a href=\"https:\/\/theplayoffs.news\/fr\/nfl\/recap-week-18-nfl-samedi\/\" class=\"trk-cta-link\" data-cta-trk='{\"ctaType\":\"Link\",\"ctaSubType\":\"main\"}'>Bengals 19 &agrave; 17 face aux Steelers<\/a>, ils se doivent imp&eacute;rativement de gagner ce match pour se qualifier pour le tour de Wild Card qui d&eacute;butera le week-end prochain.<\/p><p>En cas de d&eacute;faites, les Broncos laisseront donc les Dolphins et les Bengals s&rsquo;adjuger la derni&egrave;re place de playoffs dans l&rsquo;AFC. Une victoire des Dolphins face aux Jets et Miami sera l&rsquo;heureux &eacute;lu. Si d&eacute;faite il y a, Cincinnati aura donc r&eacute;alis&eacute; un demi-miracle pour se qualifier.<\/p><p>&nbsp;<\/p><p>Credit Photo : Barry Reeger-Imagn Images<\/p>\n","protected":false},"excerpt":{"rendered":"","protected":false},"author":13,"featured_media":1473435,"comment_status":"open","ping_status":"closed","sticky":false,"template":"","format":"standard","meta":{"inline_featured_image":false,"kia_subtitle":"","_mux_skip_reasons":[],"proofreadBy":0,"footnotes":""},"categories":[40],"tags":[7947,225],"sport":[],"saison":[],"class_list":["post-1473434","post","type-post","status-publish","format-standard","has-post-thumbnail","hentry","category-nfl","tag-chiefs-broncos","tag-patrick-mahomes"],"acf":[],"yoast_head":"<!-- This site is optimized with the Yoast SEO plugin v24.2 - https:\/\/yoast.com\/wordpress\/plugins\/seo\/ -->\n<title>Chiefs-Broncos&nbsp;: Patrick Mahomes et les siens bien arriv&eacute;s &agrave; Denver - The Playoffs FR<\/title>\n<meta name=\"robots\" content=\"index, follow, max-snippet:-1, max-image-preview:large, max-video-preview:-1\" \/>\n<link rel=\"canonical\" href=\"https:\/\/theplayoffs.news\/fr\/nfl\/chiefs-broncos-patrick-mahomes-et-les-siens-bien-arrives-a-denver\/\" \/>\n<meta property=\"og:locale\" content=\"fr_FR\" \/>\n<meta property=\"og:type\" content=\"article\" \/>\n<meta property=\"og:title\" content=\"Chiefs-Broncos&nbsp;: Patrick Mahomes et les siens bien arriv&eacute;s &agrave; Denver - The Playoffs FR\" \/>\n<meta property=\"og:url\" content=\"https:\/\/theplayoffs.news\/fr\/nfl\/chiefs-broncos-patrick-mahomes-et-les-siens-bien-arrives-a-denver\/\" \/>\n<meta property=\"og:site_name\" content=\"The Playoffs FR\" \/>\n<meta property=\"article:publisher\" content=\"https:\/\/www.facebook.com\/TheFreeAgentFR\/\" \/>\n<meta property=\"article:modified_time\" content=\"2025-01-05T11:01:05+01:00\" \/>\n<meta property=\"og:image\" content=\"https:\/\/theplayoffs.news\/fr\/wp-content\/uploads\/2025\/01\/USATSI_25061635_168402440_lowres.jpg\" \/>\n\t<meta property=\"og:image:width\" content=\"1920\" \/>\n\t<meta property=\"og:image:height\" content=\"1233\" \/>\n\t<meta property=\"og:image:type\" content=\"image\/jpeg\" \/>\n<meta name=\"author\" content=\"Charles Taudin\" \/>\n<meta name=\"twitter:card\" content=\"summary_large_image\" \/>\n<meta name=\"twitter:creator\" content=\"@TheFreeAgentFR\" \/>\n<meta name=\"twitter:site\" content=\"@TheFreeAgentFR\" \/>\n<meta name=\"twitter:label1\" content=\"\u00c9crit par\" \/>\n\t<meta name=\"twitter:data1\" content=\"Charles Taudin\" \/>\n\t<meta name=\"twitter:label2\" content=\"Dur\u00e9e de lecture estim\u00e9e\" \/>\n\t<meta name=\"twitter:data2\" content=\"2 minutes\" \/>\n<script type=\"application\/ld+json\" class=\"yoast-schema-graph\">{\"@context\":\"https:\/\/schema.org\",\"@graph\":[{\"@type\":\"WebPage\",\"@id\":\"https:\/\/theplayoffs.news\/fr\/nfl\/chiefs-broncos-patrick-mahomes-et-les-siens-bien-arrives-a-denver\/\",\"url\":\"https:\/\/theplayoffs.news\/fr\/nfl\/chiefs-broncos-patrick-mahomes-et-les-siens-bien-arrives-a-denver\/\",\"name\":\"Chiefs-Broncos\u00a0: Patrick Mahomes et les siens bien arriv\u00e9s \u00e0 Denver - The Playoffs FR\",\"isPartOf\":{\"@id\":\"https:\/\/theplayoffs.news\/fr\/#website\"},\"primaryImageOfPage\":{\"@id\":\"https:\/\/theplayoffs.news\/fr\/nfl\/chiefs-broncos-patrick-mahomes-et-les-siens-bien-arrives-a-denver\/#primaryimage\"},\"image\":{\"@id\":\"https:\/\/theplayoffs.news\/fr\/nfl\/chiefs-broncos-patrick-mahomes-et-les-siens-bien-arrives-a-denver\/#primaryimage\"},\"thumbnailUrl\":\"https:\/\/theplayoffs.news\/fr\/wp-content\/uploads\/2025\/01\/USATSI_25061635_168402440_lowres.jpg\",\"datePublished\":\"2025-01-05T10:01:05+00:00\",\"dateModified\":\"2025-01-05T10:01:05+00:00\",\"author\":{\"@id\":\"https:\/\/theplayoffs.news\/fr\/#\/schema\/person\/eee5b69ad5d3c51cabe881c839dbe133\"},\"breadcrumb\":{\"@id\":\"https:\/\/theplayoffs.news\/fr\/nfl\/chiefs-broncos-patrick-mahomes-et-les-siens-bien-arrives-a-denver\/#breadcrumb\"},\"inLanguage\":\"fr-FR\",\"potentialAction\":[{\"@type\":\"ReadAction\",\"target\":[\"https:\/\/theplayoffs.news\/fr\/nfl\/chiefs-broncos-patrick-mahomes-et-les-siens-bien-arrives-a-denver\/\"]}]},{\"@type\":\"ImageObject\",\"inLanguage\":\"fr-FR\",\"@id\":\"https:\/\/theplayoffs.news\/fr\/nfl\/chiefs-broncos-patrick-mahomes-et-les-siens-bien-arrives-a-denver\/#primaryimage\",\"url\":\"https:\/\/theplayoffs.news\/fr\/wp-content\/uploads\/2025\/01\/USATSI_25061635_168402440_lowres.jpg\",\"contentUrl\":\"https:\/\/theplayoffs.news\/fr\/wp-content\/uploads\/2025\/01\/USATSI_25061635_168402440_lowres.jpg\",\"width\":1920,\"height\":1233,\"caption\":\"Dec 25, 2024; Pittsburgh, Pennsylvania, USA; Kansas City Chiefs quarterback Patrick Mahomes (15) is interviewed by Netflix reporter Stacey Dales following a win against the Pittsburgh Steelers at Acrisure Stadium. Mandatory Credit: Barry Reeger-Imagn Images\"},{\"@type\":\"BreadcrumbList\",\"@id\":\"https:\/\/theplayoffs.news\/fr\/nfl\/chiefs-broncos-patrick-mahomes-et-les-siens-bien-arrives-a-denver\/#breadcrumb\",\"itemListElement\":[{\"@type\":\"ListItem\",\"position\":1,\"name\":\"Accueil\",\"item\":\"https:\/\/theplayoffs.news\/fr\/\"},{\"@type\":\"ListItem\",\"position\":2,\"name\":\"Chiefs-Broncos\u00a0: Patrick Mahomes et les siens bien arriv\u00e9s \u00e0 Denver\"}]},{\"@type\":\"WebSite\",\"@id\":\"https:\/\/theplayoffs.news\/fr\/#website\",\"url\":\"https:\/\/theplayoffs.news\/fr\/\",\"name\":\"The Playoffs FR\",\"description\":\"NBA-NFL-NHL-MLB\",\"potentialAction\":[{\"@type\":\"SearchAction\",\"target\":{\"@type\":\"EntryPoint\",\"urlTemplate\":\"https:\/\/theplayoffs.news\/fr\/?s={search_term_string}\"},\"query-input\":{\"@type\":\"PropertyValueSpecification\",\"valueRequired\":true,\"valueName\":\"search_term_string\"}}],\"inLanguage\":\"fr-FR\"},{\"@type\":\"Person\",\"@id\":\"https:\/\/theplayoffs.news\/fr\/#\/schema\/person\/eee5b69ad5d3c51cabe881c839dbe133\",\"name\":\"Charles Taudin\",\"image\":{\"@type\":\"ImageObject\",\"inLanguage\":\"fr-FR\",\"@id\":\"https:\/\/theplayoffs.news\/fr\/#\/schema\/person\/image\/\",\"url\":\"https:\/\/secure.gravatar.com\/avatar\/59a1e772205ce9fd255edfcafc93013736822e20261f294c5753b20c41ede9f2?s=96&d=mm&r=g\",\"contentUrl\":\"https:\/\/secure.gravatar.com\/avatar\/59a1e772205ce9fd255edfcafc93013736822e20261f294c5753b20c41ede9f2?s=96&d=mm&r=g\",\"caption\":\"Charles Taudin\"},\"description\":\"R\u00e9dacteur en chef global de The Playoffs, j\u2019ai cr\u00e9\u00e9 The Free Agent, devenu The Playoffs FR, en 2020 durant la pand\u00e9mie. Amoureux depuis des ann\u00e9es des 4 sports majeurs am\u00e9ricains, j\u2019organise maintenant la strat\u00e9gie \u00e9ditoriale et les r\u00e9seaux sociaux de l\u2019ensemble des versions de The Playoffs. Il m\u2019arrive encore d\u2019\u00e9crire sur certains sports que j\u2019affectionne particuli\u00e8rement comme la NFL ou la MLB. Si vous devez retenir qu\u2019une chose : Eli Manning est le vrai GOAT pour avoir battu deux fois Tom Brady.\",\"sameAs\":[\"https:\/\/www.instagram.com\/ctaudin_\/\"],\"url\":\"https:\/\/theplayoffs.news\/fr\/author\/charles-taudin\/\"}]}<\/script>\n<!-- \/ Yoast SEO plugin. -->","yoast_head_json":{"title":"Chiefs-Broncos&nbsp;: Patrick Mahomes et les siens bien arriv&eacute;s &agrave; Denver - The Playoffs FR","robots":{"index":"index","follow":"follow","max-snippet":"max-snippet:-1","max-image-preview":"max-image-preview:large","max-video-preview":"max-video-preview:-1"},"canonical":"https:\/\/theplayoffs.news\/fr\/nfl\/chiefs-broncos-patrick-mahomes-et-les-siens-bien-arrives-a-denver\/","og_locale":"fr_FR","og_type":"article","og_title":"Chiefs-Broncos&nbsp;: Patrick Mahomes et les siens bien arriv&eacute;s &agrave; Denver - The Playoffs FR","og_url":"https:\/\/theplayoffs.news\/fr\/nfl\/chiefs-broncos-patrick-mahomes-et-les-siens-bien-arrives-a-denver\/","og_site_name":"The Playoffs FR","article_publisher":"https:\/\/www.facebook.com\/TheFreeAgentFR\/","og_image":[{"width":1920,"height":1233,"url":"https:\/\/theplayoffs.news\/fr\/wp-content\/uploads\/2025\/01\/USATSI_25061635_168402440_lowres.jpg","type":"image\/jpeg"}],"author":"Charles Taudin","twitter_card":"summary_large_image","twitter_creator":"@TheFreeAgentFR","twitter_site":"@TheFreeAgentFR","twitter_misc":{"\u00c9crit par":"Charles Taudin","Dur\u00e9e de lecture estim\u00e9e":"2 minutes"},"schema":{"@context":"https:\/\/schema.org","@graph":[{"@type":"WebPage","@id":"https:\/\/theplayoffs.news\/fr\/nfl\/chiefs-broncos-patrick-mahomes-et-les-siens-bien-arrives-a-denver\/","url":"https:\/\/theplayoffs.news\/fr\/nfl\/chiefs-broncos-patrick-mahomes-et-les-siens-bien-arrives-a-denver\/","name":"Chiefs-Broncos\u00a0: Patrick Mahomes et les siens bien arriv\u00e9s \u00e0 Denver - The Playoffs FR","isPartOf":{"@id":"https:\/\/theplayoffs.news\/fr\/#website"},"primaryImageOfPage":{"@id":"https:\/\/theplayoffs.news\/fr\/nfl\/chiefs-broncos-patrick-mahomes-et-les-siens-bien-arrives-a-denver\/#primaryimage"},"image":{"@id":"https:\/\/theplayoffs.news\/fr\/nfl\/chiefs-broncos-patrick-mahomes-et-les-siens-bien-arrives-a-denver\/#primaryimage"},"thumbnailUrl":"https:\/\/theplayoffs.news\/fr\/wp-content\/uploads\/2025\/01\/USATSI_25061635_168402440_lowres.jpg","datePublished":"2025-01-05T10:01:05+00:00","dateModified":"2025-01-05T10:01:05+00:00","author":{"@id":"https:\/\/theplayoffs.news\/fr\/#\/schema\/person\/eee5b69ad5d3c51cabe881c839dbe133"},"breadcrumb":{"@id":"https:\/\/theplayoffs.news\/fr\/nfl\/chiefs-broncos-patrick-mahomes-et-les-siens-bien-arrives-a-denver\/#breadcrumb"},"inLanguage":"fr-FR","potentialAction":[{"@type":"ReadAction","target":["https:\/\/theplayoffs.news\/fr\/nfl\/chiefs-broncos-patrick-mahomes-et-les-siens-bien-arrives-a-denver\/"]}]},{"@type":"ImageObject","inLanguage":"fr-FR","@id":"https:\/\/theplayoffs.news\/fr\/nfl\/chiefs-broncos-patrick-mahomes-et-les-siens-bien-arrives-a-denver\/#primaryimage","url":"https:\/\/theplayoffs.news\/fr\/wp-content\/uploads\/2025\/01\/USATSI_25061635_168402440_lowres.jpg","contentUrl":"https:\/\/theplayoffs.news\/fr\/wp-content\/uploads\/2025\/01\/USATSI_25061635_168402440_lowres.jpg","width":1920,"height":1233,"caption":"Dec 25, 2024; Pittsburgh, Pennsylvania, USA; Kansas City Chiefs quarterback Patrick Mahomes (15) is interviewed by Netflix reporter Stacey Dales following a win against the Pittsburgh Steelers at Acrisure Stadium. Mandatory Credit: Barry Reeger-Imagn Images"},{"@type":"BreadcrumbList","@id":"https:\/\/theplayoffs.news\/fr\/nfl\/chiefs-broncos-patrick-mahomes-et-les-siens-bien-arrives-a-denver\/#breadcrumb","itemListElement":[{"@type":"ListItem","position":1,"name":"Accueil","item":"https:\/\/theplayoffs.news\/fr\/"},{"@type":"ListItem","position":2,"name":"Chiefs-Broncos\u00a0: Patrick Mahomes et les siens bien arriv\u00e9s \u00e0 Denver"}]},{"@type":"WebSite","@id":"https:\/\/theplayoffs.news\/fr\/#website","url":"https:\/\/theplayoffs.news\/fr\/","name":"The Playoffs FR","description":"NBA-NFL-NHL-MLB","potentialAction":[{"@type":"SearchAction","target":{"@type":"EntryPoint","urlTemplate":"https:\/\/theplayoffs.news\/fr\/?s={search_term_string}"},"query-input":{"@type":"PropertyValueSpecification","valueRequired":true,"valueName":"search_term_string"}}],"inLanguage":"fr-FR"},{"@type":"Person","@id":"https:\/\/theplayoffs.news\/fr\/#\/schema\/person\/eee5b69ad5d3c51cabe881c839dbe133","name":"Charles Taudin","image":{"@type":"ImageObject","inLanguage":"fr-FR","@id":"https:\/\/theplayoffs.news\/fr\/#\/schema\/person\/image\/","url":"https:\/\/secure.gravatar.com\/avatar\/59a1e772205ce9fd255edfcafc93013736822e20261f294c5753b20c41ede9f2?s=96&d=mm&r=g","contentUrl":"https:\/\/secure.gravatar.com\/avatar\/59a1e772205ce9fd255edfcafc93013736822e20261f294c5753b20c41ede9f2?s=96&d=mm&r=g","caption":"Charles Taudin"},"description":"R\u00e9dacteur en chef global de The Playoffs, j\u2019ai cr\u00e9\u00e9 The Free Agent, devenu The Playoffs FR, en 2020 durant la pand\u00e9mie. Amoureux depuis des ann\u00e9es des 4 sports majeurs am\u00e9ricains, j\u2019organise maintenant la strat\u00e9gie \u00e9ditoriale et les r\u00e9seaux sociaux de l\u2019ensemble des versions de The Playoffs. Il m\u2019arrive encore d\u2019\u00e9crire sur certains sports que j\u2019affectionne particuli\u00e8rement comme la NFL ou la MLB. Si vous devez retenir qu\u2019une chose : Eli Manning est le vrai GOAT pour avoir battu deux fois Tom Brady.","sameAs":["https:\/\/www.instagram.com\/ctaudin_\/"],"url":"https:\/\/theplayoffs.news\/fr\/author\/charles-taudin\/"}]}},"_links":{"self":[{"href":"https:\/\/theplayoffs.news\/fr\/wp-json\/wp\/v2\/posts\/1473434","targetHints":{"allow":["GET"]}}],"collection":[{"href":"https:\/\/theplayoffs.news\/fr\/wp-json\/wp\/v2\/posts"}],"about":[{"href":"https:\/\/theplayoffs.news\/fr\/wp-json\/wp\/v2\/types\/post"}],"author":[{"embeddable":true,"href":"https:\/\/theplayoffs.news\/fr\/wp-json\/wp\/v2\/users\/13"}],"replies":[{"embeddable":true,"href":"https:\/\/theplayoffs.news\/fr\/wp-json\/wp\/v2\/comments?post=1473434"}],"version-history":[{"count":2,"href":"https:\/\/theplayoffs.news\/fr\/wp-json\/wp\/v2\/posts\/1473434\/revisions"}],"predecessor-version":[{"id":1473437,"href":"https:\/\/theplayoffs.news\/fr\/wp-json\/wp\/v2\/posts\/1473434\/revisions\/1473437"}],"wp:featuredmedia":[{"embeddable":true,"href":"https:\/\/theplayoffs.news\/fr\/wp-json\/wp\/v2\/media\/1473435"}],"wp:attachment":[{"href":"https:\/\/theplayoffs.news\/fr\/wp-json\/wp\/v2\/media?parent=1473434"}],"wp:term":[{"taxonomy":"category","embeddable":true,"href":"https:\/\/theplayoffs.news\/fr\/wp-json\/wp\/v2\/categories?post=1473434"},{"taxonomy":"post_tag","embeddable":true,"href":"https:\/\/theplayoffs.news\/fr\/wp-json\/wp\/v2\/tags?post=1473434"},{"taxonomy":"sport","embeddable":true,"href":"https:\/\/theplayoffs.news\/fr\/wp-json\/wp\/v2\/sport?post=1473434"},{"taxonomy":"saison","embeddable":true,"href":"https:\/\/theplayoffs.news\/fr\/wp-json\/wp\/v2\/saison?post=1473434"}],"curies":[{"name":"wp","href":"https:\/\/api.w.org\/{rel}","templated":true}]}}