{"id":1473088,"date":"2025-01-02T15:52:19","date_gmt":"2025-01-02T14:52:19","guid":{"rendered":"https:\/\/theplayoffs.news\/fr\/?p=1473088"},"modified":"2025-01-02T15:52:19","modified_gmt":"2025-01-02T14:52:19","slug":"azeez-al-shaair-a-envisage-de-prendre-sa-retraite-apres-sa-suspension-pour-un-tacle-violent","status":"publish","type":"post","link":"https:\/\/theplayoffs.news\/fr\/nfl\/azeez-al-shaair-a-envisage-de-prendre-sa-retraite-apres-sa-suspension-pour-un-tacle-violent\/","title":{"rendered":"Azeez Al-Shaair a envisag\u00e9 de prendre sa retraite apr\u00e8s sa suspension pour un tacle violent"},"content":{"rendered":"<p class=\"p1\"><strong>Le linebacker des Houston Texans, Azeez Al-Shaair, a r&eacute;v&eacute;l&eacute; qu&rsquo;il avait travers&eacute; une &ldquo;p&eacute;riode difficile&rdquo; et avait m&ecirc;me envisag&eacute; de prendre sa retraite de la <a href=\"https:\/\/theplayoffs.news\/fr\/nfl\/\" class=\"trk-cta-link\" data-cta-trk='{\"ctaType\":\"Link\",\"ctaSubType\":\"main\"}'>NFL<\/a> apr&egrave;s avoir &eacute;t&eacute; suspendu pour un <a href=\"https:\/\/theplayoffs.news\/fr\/nfl\/trevor-lawrence-jaguars-liste-des-blesses\/\" class=\"trk-cta-link\" data-cta-trk='{\"ctaType\":\"Link\",\"ctaSubType\":\"main\"}'>plaquage violent qui a caus&eacute; une commotion c&eacute;r&eacute;brale au quarterback des Jacksonville Jaguars, Trevor Lawrence<\/a>.<\/strong><\/p><p class=\"p1\">Azeez Al-Shaair s&rsquo;est exprim&eacute; pour la premi&egrave;re fois sur cet incident ce mercredi 1er d&eacute;cembre.<\/p><h2 class=\"p1\"><b>&ldquo;C&rsquo;&eacute;tait difficile de m&rsquo;imaginer rejouer au football&rdquo;<\/b><b><\/b><\/h2><p class=\"p1\">&ldquo;Quelles que soient les pens&eacute;es qui vous traversent l&rsquo;esprit lorsqu&rsquo;on vous dit que quelqu&rsquo;un traverse un moment difficile, j&rsquo;&eacute;tais vraiment dans la situation la plus compliqu&eacute;e que je pouvais imaginer,&rdquo; a d&eacute;clar&eacute; Azeez Al-Shaair. &ldquo;C&rsquo;&eacute;tait difficile de m&rsquo;imaginer rejouer au football.&rdquo;<\/p><p class=\"p1\">Le linebacker a racont&eacute; avoir ressenti une tristesse extr&ecirc;me apr&egrave;s l&rsquo;incident, passant au moins cinq jours enferm&eacute; dans sa chambre. &ldquo;Tout &eacute;tait flou. Je n&rsquo;ai rien mang&eacute;. Je ne suis all&eacute; nulle part,&rdquo; a-t-il confi&eacute;.<\/p><h2 class=\"p1\"><b>Tacle violent et suspension<\/b><b><\/b><\/h2><p class=\"p1\">L&rsquo;action imprudente a eu lieu lors de la semaine 13, au cours d&rsquo;un match entre les Texans et les Jaguars. Lors d&rsquo;un deuxi&egrave;me essai et sept yards &agrave; parcourir, Lawrence a couru pour obtenir un first down et, alors qu&rsquo;il commen&ccedil;ait son mouvement de glissade, il a &eacute;t&eacute; violemment frapp&eacute; &agrave; la t&ecirc;te par Al-Shaair.<\/p><p class=\"p1\">L&rsquo;impact a laiss&eacute; Lawrence immobilis&eacute; et serrant ses deux poignets, des signes clairs de commotion c&eacute;r&eacute;brale. Il est rest&eacute; allong&eacute; sur le terrain pendant plusieurs minutes avant de quitter le match avec un diagnostic de commotion c&eacute;r&eacute;brale.<\/p><p class=\"p1\">Plus tard, Al-Shaair a &eacute;t&eacute; impliqu&eacute; dans une altercation avec des joueurs des Jaguars et a &eacute;t&eacute; expuls&eacute; de la rencontre.<\/p><p class=\"p1\">Apr&egrave;s l&rsquo;incident, la NFL a suspendu Azeez Al-Shaair pour trois matchs. Dans une d&eacute;claration, le vice-pr&eacute;sident des op&eacute;rations de la NFL, Jon Runyan, a qualifi&eacute; l&rsquo;action d&rsquo;&ldquo;inacceptable&rdquo; et a soulign&eacute; le &ldquo;m&eacute;pris r&eacute;p&eacute;t&eacute;&rdquo; d&rsquo;Al-Shaair pour les r&egrave;gles du jeu comme un probl&egrave;me grave que la ligue ne tol&eacute;rerait pas.<\/p><p class=\"p1\">Ce mercredi, Al-Shaair a reconnu la sanction, mais il a contest&eacute; la mani&egrave;re dont Runyan l&rsquo;a d&eacute;crit dans sa d&eacute;claration. Selon le linebacker, les propos faisaient uniquement r&eacute;f&eacute;rence &agrave; son comportement lors de la semaine 13, et non &agrave; l&rsquo;ensemble de sa carri&egrave;re.<\/p><p class=\"p1\">&ldquo;J&rsquo;ai vraiment commis une erreur, et la raison pour laquelle il [Runyan] a &eacute;crit quelque chose comme &ccedil;a, qui a &eacute;t&eacute; mal interpr&eacute;t&eacute; comme une erreur, c&rsquo;est parce que j&rsquo;ai fait quelque chose qui, &eacute;videmment, n&rsquo;&eacute;tait pas correct : enlever mon casque et commencer une bagarre. Ce n&rsquo;&eacute;tait pas bien,&rdquo; a d&eacute;clar&eacute; Azeez Al-Shaair. &ldquo;Mais en ce qui concerne tout ce qui s&rsquo;est pass&eacute; avant cela, je maintiens que je n&rsquo;ai jamais eu l&rsquo;intention de le blesser [Lawrence].&rdquo;<\/p><p class=\"p1\">La semaine suivant le match contre les Jaguars, Al-Shaair a publi&eacute; des excuses sur ses r&eacute;seaux sociaux &agrave; l&rsquo;attention du quarterback adverse.<\/p><h2 class=\"p1\"><b>Un soutien salvateur<\/b><b><\/b><\/h2><p class=\"p1\">Le linebacker a &eacute;galement expliqu&eacute; qu&rsquo;il avait trouv&eacute; du r&eacute;confort gr&acirc;ce &agrave; des messages d&rsquo;encouragement. Il a notamment mentionn&eacute; les lettres d&rsquo;enfants d&rsquo;un foyer d&rsquo;accueil du Tennessee qu&rsquo;il avait visit&eacute; en 2023 lorsqu&rsquo;il jouait pour les Tennessee Titans. Apr&egrave;s sa suspension, il est retourn&eacute; rendre visite &agrave; ces enfants.<\/p><p class=\"p1\">&ldquo;Beaucoup de gens ont dit des choses n&eacute;gatives sur moi. Voir des personnes heureuses de me voir et reconnaissantes pour ma pr&eacute;sence, c&rsquo;est ce qui m&rsquo;a permis de retrouver mon &eacute;quilibre,&rdquo; a d&eacute;clar&eacute; Al-Shaair.<\/p><p class=\"p1\">Apr&egrave;s avoir purg&eacute; sa suspension, Al-Shaair sera &eacute;ligible pour revenir sur le terrain lors de la semaine 18, lorsque les Texans affronteront les Titans. La franchise texane a d&eacute;j&agrave; remport&eacute; le titre de la division AFC Sud et est assur&eacute;e de participer aux playoffs.<\/p><p>&nbsp;<\/p><p>Photo Credit: Nathan Ray Seebeck-Imagn Images<\/p>\n","protected":false},"excerpt":{"rendered":"","protected":false},"author":180309799,"featured_media":1473089,"comment_status":"open","ping_status":"closed","sticky":false,"template":"","format":"standard","meta":{"inline_featured_image":false,"kia_subtitle":"","_mux_skip_reasons":[],"proofreadBy":0,"footnotes":""},"categories":[40],"tags":[7877,93],"sport":[],"saison":[],"class_list":["post-1473088","post","type-post","status-publish","format-standard","has-post-thumbnail","hentry","category-nfl","tag-azeez-al-shaair","tag-houston-texans"],"acf":[],"yoast_head":"<!-- This site is optimized with the Yoast SEO plugin v24.2 - https:\/\/yoast.com\/wordpress\/plugins\/seo\/ -->\n<title>Azeez Al-Shaair a envisag&eacute; de prendre sa retraite apr&egrave;s sa suspension pour un tacle violent - The Playoffs FR<\/title>\n<meta name=\"robots\" content=\"index, follow, max-snippet:-1, max-image-preview:large, max-video-preview:-1\" \/>\n<link rel=\"canonical\" href=\"https:\/\/theplayoffs.news\/fr\/nfl\/azeez-al-shaair-a-envisage-de-prendre-sa-retraite-apres-sa-suspension-pour-un-tacle-violent\/\" \/>\n<meta property=\"og:locale\" content=\"fr_FR\" \/>\n<meta property=\"og:type\" content=\"article\" \/>\n<meta property=\"og:title\" content=\"Azeez Al-Shaair a envisag&eacute; de prendre sa retraite apr&egrave;s sa suspension pour un tacle violent - The Playoffs FR\" \/>\n<meta property=\"og:url\" content=\"https:\/\/theplayoffs.news\/fr\/nfl\/azeez-al-shaair-a-envisage-de-prendre-sa-retraite-apres-sa-suspension-pour-un-tacle-violent\/\" \/>\n<meta property=\"og:site_name\" content=\"The Playoffs FR\" \/>\n<meta property=\"article:publisher\" content=\"https:\/\/www.facebook.com\/TheFreeAgentFR\/\" \/>\n<meta property=\"article:modified_time\" content=\"2025-01-02T15:52:19+01:00\" \/>\n<meta property=\"og:image\" content=\"https:\/\/theplayoffs.news\/fr\/wp-content\/uploads\/2025\/01\/USATSI_24887249.jpg\" \/>\n\t<meta property=\"og:image:width\" content=\"1920\" \/>\n\t<meta property=\"og:image:height\" content=\"1280\" \/>\n\t<meta property=\"og:image:type\" content=\"image\/jpeg\" \/>\n<meta name=\"author\" content=\"La r\u00e9daction\" \/>\n<meta name=\"twitter:card\" content=\"summary_large_image\" \/>\n<meta name=\"twitter:creator\" content=\"@TheFreeAgentFR\" \/>\n<meta name=\"twitter:site\" content=\"@TheFreeAgentFR\" \/>\n<meta name=\"twitter:label1\" content=\"\u00c9crit par\" \/>\n\t<meta name=\"twitter:data1\" content=\"La r\u00e9daction\" \/>\n\t<meta name=\"twitter:label2\" content=\"Dur\u00e9e de lecture estim\u00e9e\" \/>\n\t<meta name=\"twitter:data2\" content=\"3 minutes\" \/>\n<script type=\"application\/ld+json\" class=\"yoast-schema-graph\">{\"@context\":\"https:\/\/schema.org\",\"@graph\":[{\"@type\":\"WebPage\",\"@id\":\"https:\/\/theplayoffs.news\/fr\/nfl\/azeez-al-shaair-a-envisage-de-prendre-sa-retraite-apres-sa-suspension-pour-un-tacle-violent\/\",\"url\":\"https:\/\/theplayoffs.news\/fr\/nfl\/azeez-al-shaair-a-envisage-de-prendre-sa-retraite-apres-sa-suspension-pour-un-tacle-violent\/\",\"name\":\"Azeez Al-Shaair a envisag\u00e9 de prendre sa retraite apr\u00e8s sa suspension pour un tacle violent - The Playoffs FR\",\"isPartOf\":{\"@id\":\"https:\/\/theplayoffs.news\/fr\/#website\"},\"primaryImageOfPage\":{\"@id\":\"https:\/\/theplayoffs.news\/fr\/nfl\/azeez-al-shaair-a-envisage-de-prendre-sa-retraite-apres-sa-suspension-pour-un-tacle-violent\/#primaryimage\"},\"image\":{\"@id\":\"https:\/\/theplayoffs.news\/fr\/nfl\/azeez-al-shaair-a-envisage-de-prendre-sa-retraite-apres-sa-suspension-pour-un-tacle-violent\/#primaryimage\"},\"thumbnailUrl\":\"https:\/\/theplayoffs.news\/fr\/wp-content\/uploads\/2025\/01\/USATSI_24887249.jpg\",\"datePublished\":\"2025-01-02T14:52:19+00:00\",\"dateModified\":\"2025-01-02T14:52:19+00:00\",\"author\":{\"@id\":\"https:\/\/theplayoffs.news\/fr\/#\/schema\/person\/bb40426f4e478f9bd8cdbfeb4f2f9784\"},\"breadcrumb\":{\"@id\":\"https:\/\/theplayoffs.news\/fr\/nfl\/azeez-al-shaair-a-envisage-de-prendre-sa-retraite-apres-sa-suspension-pour-un-tacle-violent\/#breadcrumb\"},\"inLanguage\":\"fr-FR\",\"potentialAction\":[{\"@type\":\"ReadAction\",\"target\":[\"https:\/\/theplayoffs.news\/fr\/nfl\/azeez-al-shaair-a-envisage-de-prendre-sa-retraite-apres-sa-suspension-pour-un-tacle-violent\/\"]}]},{\"@type\":\"ImageObject\",\"inLanguage\":\"fr-FR\",\"@id\":\"https:\/\/theplayoffs.news\/fr\/nfl\/azeez-al-shaair-a-envisage-de-prendre-sa-retraite-apres-sa-suspension-pour-un-tacle-violent\/#primaryimage\",\"url\":\"https:\/\/theplayoffs.news\/fr\/wp-content\/uploads\/2025\/01\/USATSI_24887249.jpg\",\"contentUrl\":\"https:\/\/theplayoffs.news\/fr\/wp-content\/uploads\/2025\/01\/USATSI_24887249.jpg\",\"width\":1920,\"height\":1280,\"caption\":\"Dec 1, 2024; Jacksonville, Florida, USA; Jacksonville Jaguars quarterback Trevor Lawrence (16) slides down in front of Houston Texans linebacker Azeez Al-Shaair (0) in the second quarter in the second quarter at EverBank Stadium. Mandatory Credit: Nathan Ray Seebeck-Imagn Images\"},{\"@type\":\"BreadcrumbList\",\"@id\":\"https:\/\/theplayoffs.news\/fr\/nfl\/azeez-al-shaair-a-envisage-de-prendre-sa-retraite-apres-sa-suspension-pour-un-tacle-violent\/#breadcrumb\",\"itemListElement\":[{\"@type\":\"ListItem\",\"position\":1,\"name\":\"Accueil\",\"item\":\"https:\/\/theplayoffs.news\/fr\/\"},{\"@type\":\"ListItem\",\"position\":2,\"name\":\"Azeez Al-Shaair a envisag\u00e9 de prendre sa retraite apr\u00e8s sa suspension pour un tacle violent\"}]},{\"@type\":\"WebSite\",\"@id\":\"https:\/\/theplayoffs.news\/fr\/#website\",\"url\":\"https:\/\/theplayoffs.news\/fr\/\",\"name\":\"The Playoffs FR\",\"description\":\"NBA-NFL-NHL-MLB\",\"potentialAction\":[{\"@type\":\"SearchAction\",\"target\":{\"@type\":\"EntryPoint\",\"urlTemplate\":\"https:\/\/theplayoffs.news\/fr\/?s={search_term_string}\"},\"query-input\":{\"@type\":\"PropertyValueSpecification\",\"valueRequired\":true,\"valueName\":\"search_term_string\"}}],\"inLanguage\":\"fr-FR\"},{\"@type\":\"Person\",\"@id\":\"https:\/\/theplayoffs.news\/fr\/#\/schema\/person\/bb40426f4e478f9bd8cdbfeb4f2f9784\",\"name\":\"La r\u00e9daction\",\"image\":{\"@type\":\"ImageObject\",\"inLanguage\":\"fr-FR\",\"@id\":\"https:\/\/theplayoffs.news\/fr\/#\/schema\/person\/image\/\",\"url\":\"https:\/\/secure.gravatar.com\/avatar\/7e69b41460ab2c17d61c8c364b6a0ee006f957a70191383ef42be1f4733d6515?s=96&d=mm&r=g\",\"contentUrl\":\"https:\/\/secure.gravatar.com\/avatar\/7e69b41460ab2c17d61c8c364b6a0ee006f957a70191383ef42be1f4733d6515?s=96&d=mm&r=g\",\"caption\":\"La r\u00e9daction\"},\"description\":\"On dit qu\\\\'il faut un village pour s\\\\'occuper d\\\\'un enfant. Et bien c\\\\'est exactement ce dont il s\\\\'agit ici pour The Playoffs. La r\u00e9daction, ce sont vos r\u00e9dacteurs pr\u00e9f\u00e9r\u00e9s qui collaborent sur ces articles que vous lisez au quotidien.\u00a0\",\"url\":\"https:\/\/theplayoffs.news\/fr\/author\/freeagentfr\/\"}]}<\/script>\n<!-- \/ Yoast SEO plugin. -->","yoast_head_json":{"title":"Azeez Al-Shaair a envisag&eacute; de prendre sa retraite apr&egrave;s sa suspension pour un tacle violent - The Playoffs FR","robots":{"index":"index","follow":"follow","max-snippet":"max-snippet:-1","max-image-preview":"max-image-preview:large","max-video-preview":"max-video-preview:-1"},"canonical":"https:\/\/theplayoffs.news\/fr\/nfl\/azeez-al-shaair-a-envisage-de-prendre-sa-retraite-apres-sa-suspension-pour-un-tacle-violent\/","og_locale":"fr_FR","og_type":"article","og_title":"Azeez Al-Shaair a envisag&eacute; de prendre sa retraite apr&egrave;s sa suspension pour un tacle violent - The Playoffs FR","og_url":"https:\/\/theplayoffs.news\/fr\/nfl\/azeez-al-shaair-a-envisage-de-prendre-sa-retraite-apres-sa-suspension-pour-un-tacle-violent\/","og_site_name":"The Playoffs FR","article_publisher":"https:\/\/www.facebook.com\/TheFreeAgentFR\/","og_image":[{"width":1920,"height":1280,"url":"https:\/\/theplayoffs.news\/fr\/wp-content\/uploads\/2025\/01\/USATSI_24887249.jpg","type":"image\/jpeg"}],"author":"La r\u00e9daction","twitter_card":"summary_large_image","twitter_creator":"@TheFreeAgentFR","twitter_site":"@TheFreeAgentFR","twitter_misc":{"\u00c9crit par":"La r\u00e9daction","Dur\u00e9e de lecture estim\u00e9e":"3 minutes"},"schema":{"@context":"https:\/\/schema.org","@graph":[{"@type":"WebPage","@id":"https:\/\/theplayoffs.news\/fr\/nfl\/azeez-al-shaair-a-envisage-de-prendre-sa-retraite-apres-sa-suspension-pour-un-tacle-violent\/","url":"https:\/\/theplayoffs.news\/fr\/nfl\/azeez-al-shaair-a-envisage-de-prendre-sa-retraite-apres-sa-suspension-pour-un-tacle-violent\/","name":"Azeez Al-Shaair a envisag\u00e9 de prendre sa retraite apr\u00e8s sa suspension pour un tacle violent - The Playoffs FR","isPartOf":{"@id":"https:\/\/theplayoffs.news\/fr\/#website"},"primaryImageOfPage":{"@id":"https:\/\/theplayoffs.news\/fr\/nfl\/azeez-al-shaair-a-envisage-de-prendre-sa-retraite-apres-sa-suspension-pour-un-tacle-violent\/#primaryimage"},"image":{"@id":"https:\/\/theplayoffs.news\/fr\/nfl\/azeez-al-shaair-a-envisage-de-prendre-sa-retraite-apres-sa-suspension-pour-un-tacle-violent\/#primaryimage"},"thumbnailUrl":"https:\/\/theplayoffs.news\/fr\/wp-content\/uploads\/2025\/01\/USATSI_24887249.jpg","datePublished":"2025-01-02T14:52:19+00:00","dateModified":"2025-01-02T14:52:19+00:00","author":{"@id":"https:\/\/theplayoffs.news\/fr\/#\/schema\/person\/bb40426f4e478f9bd8cdbfeb4f2f9784"},"breadcrumb":{"@id":"https:\/\/theplayoffs.news\/fr\/nfl\/azeez-al-shaair-a-envisage-de-prendre-sa-retraite-apres-sa-suspension-pour-un-tacle-violent\/#breadcrumb"},"inLanguage":"fr-FR","potentialAction":[{"@type":"ReadAction","target":["https:\/\/theplayoffs.news\/fr\/nfl\/azeez-al-shaair-a-envisage-de-prendre-sa-retraite-apres-sa-suspension-pour-un-tacle-violent\/"]}]},{"@type":"ImageObject","inLanguage":"fr-FR","@id":"https:\/\/theplayoffs.news\/fr\/nfl\/azeez-al-shaair-a-envisage-de-prendre-sa-retraite-apres-sa-suspension-pour-un-tacle-violent\/#primaryimage","url":"https:\/\/theplayoffs.news\/fr\/wp-content\/uploads\/2025\/01\/USATSI_24887249.jpg","contentUrl":"https:\/\/theplayoffs.news\/fr\/wp-content\/uploads\/2025\/01\/USATSI_24887249.jpg","width":1920,"height":1280,"caption":"Dec 1, 2024; Jacksonville, Florida, USA; Jacksonville Jaguars quarterback Trevor Lawrence (16) slides down in front of Houston Texans linebacker Azeez Al-Shaair (0) in the second quarter in the second quarter at EverBank Stadium. Mandatory Credit: Nathan Ray Seebeck-Imagn Images"},{"@type":"BreadcrumbList","@id":"https:\/\/theplayoffs.news\/fr\/nfl\/azeez-al-shaair-a-envisage-de-prendre-sa-retraite-apres-sa-suspension-pour-un-tacle-violent\/#breadcrumb","itemListElement":[{"@type":"ListItem","position":1,"name":"Accueil","item":"https:\/\/theplayoffs.news\/fr\/"},{"@type":"ListItem","position":2,"name":"Azeez Al-Shaair a envisag\u00e9 de prendre sa retraite apr\u00e8s sa suspension pour un tacle violent"}]},{"@type":"WebSite","@id":"https:\/\/theplayoffs.news\/fr\/#website","url":"https:\/\/theplayoffs.news\/fr\/","name":"The Playoffs FR","description":"NBA-NFL-NHL-MLB","potentialAction":[{"@type":"SearchAction","target":{"@type":"EntryPoint","urlTemplate":"https:\/\/theplayoffs.news\/fr\/?s={search_term_string}"},"query-input":{"@type":"PropertyValueSpecification","valueRequired":true,"valueName":"search_term_string"}}],"inLanguage":"fr-FR"},{"@type":"Person","@id":"https:\/\/theplayoffs.news\/fr\/#\/schema\/person\/bb40426f4e478f9bd8cdbfeb4f2f9784","name":"La r\u00e9daction","image":{"@type":"ImageObject","inLanguage":"fr-FR","@id":"https:\/\/theplayoffs.news\/fr\/#\/schema\/person\/image\/","url":"https:\/\/secure.gravatar.com\/avatar\/7e69b41460ab2c17d61c8c364b6a0ee006f957a70191383ef42be1f4733d6515?s=96&d=mm&r=g","contentUrl":"https:\/\/secure.gravatar.com\/avatar\/7e69b41460ab2c17d61c8c364b6a0ee006f957a70191383ef42be1f4733d6515?s=96&d=mm&r=g","caption":"La r\u00e9daction"},"description":"On dit qu\\'il faut un village pour s\\'occuper d\\'un enfant. Et bien c\\'est exactement ce dont il s\\'agit ici pour The Playoffs. La r\u00e9daction, ce sont vos r\u00e9dacteurs pr\u00e9f\u00e9r\u00e9s qui collaborent sur ces articles que vous lisez au quotidien.\u00a0","url":"https:\/\/theplayoffs.news\/fr\/author\/freeagentfr\/"}]}},"_links":{"self":[{"href":"https:\/\/theplayoffs.news\/fr\/wp-json\/wp\/v2\/posts\/1473088","targetHints":{"allow":["GET"]}}],"collection":[{"href":"https:\/\/theplayoffs.news\/fr\/wp-json\/wp\/v2\/posts"}],"about":[{"href":"https:\/\/theplayoffs.news\/fr\/wp-json\/wp\/v2\/types\/post"}],"author":[{"embeddable":true,"href":"https:\/\/theplayoffs.news\/fr\/wp-json\/wp\/v2\/users\/180309799"}],"replies":[{"embeddable":true,"href":"https:\/\/theplayoffs.news\/fr\/wp-json\/wp\/v2\/comments?post=1473088"}],"version-history":[{"count":3,"href":"https:\/\/theplayoffs.news\/fr\/wp-json\/wp\/v2\/posts\/1473088\/revisions"}],"predecessor-version":[{"id":1473092,"href":"https:\/\/theplayoffs.news\/fr\/wp-json\/wp\/v2\/posts\/1473088\/revisions\/1473092"}],"wp:featuredmedia":[{"embeddable":true,"href":"https:\/\/theplayoffs.news\/fr\/wp-json\/wp\/v2\/media\/1473089"}],"wp:attachment":[{"href":"https:\/\/theplayoffs.news\/fr\/wp-json\/wp\/v2\/media?parent=1473088"}],"wp:term":[{"taxonomy":"category","embeddable":true,"href":"https:\/\/theplayoffs.news\/fr\/wp-json\/wp\/v2\/categories?post=1473088"},{"taxonomy":"post_tag","embeddable":true,"href":"https:\/\/theplayoffs.news\/fr\/wp-json\/wp\/v2\/tags?post=1473088"},{"taxonomy":"sport","embeddable":true,"href":"https:\/\/theplayoffs.news\/fr\/wp-json\/wp\/v2\/sport?post=1473088"},{"taxonomy":"saison","embeddable":true,"href":"https:\/\/theplayoffs.news\/fr\/wp-json\/wp\/v2\/saison?post=1473088"}],"curies":[{"name":"wp","href":"https:\/\/api.w.org\/{rel}","templated":true}]}}