{"id":1473053,"date":"2025-01-02T10:41:27","date_gmt":"2025-01-02T09:41:27","guid":{"rendered":"https:\/\/theplayoffs.news\/fr\/?p=1473053"},"modified":"2025-01-02T10:41:27","modified_gmt":"2025-01-02T09:41:27","slug":"jaire-alexander-operation-genou-forfait-reste-saison","status":"publish","type":"post","link":"https:\/\/theplayoffs.news\/fr\/nfl\/jaire-alexander-operation-genou-forfait-reste-saison\/","title":{"rendered":"Le cornerback des Packers, Jaire Alexander, subit une op\u00e9ration au genou et pourrait manquer le reste de la saison"},"content":{"rendered":"<p class=\"p1\"><strong>L&rsquo;entra&icirc;neur des Packers, Matt LaFleur, a annonc&eacute; que le cornerback Jaire Alexander est probablement forfait pour le reste de la saison.<\/strong><\/p><p class=\"p1\">Jaire Alexander a subi une d&eacute;chirure du ligament crois&eacute; post&eacute;rieur (LCP) de son genou. Mardi, il a subi une arthroscopie pour soulager la douleur et r&eacute;duire l&rsquo;enflure. Selon Adam Schefter d&rsquo;ESPN, la seule chance pour Alexander de revenir serait que les Packers atteignent le Super Bowl.<\/p><blockquote class=\"twitter-tweet\">\n<p dir=\"ltr\" lang=\"en\">More: As it turns out, Packers Pro Bowl CB Jaire Alexander underwent arthroscopic knee surgery Tuesday to alleviate his pain and swelling, per source. He could make it back for Super Bowl if Packers made it that far. <a href=\"https:\/\/t.co\/rYvagVDWoO\" class=\"trk-cta-link\" data-cta-trk='{\"ctaType\":\"Link\",\"ctaSubType\":\"main\"}'>pic.twitter.com\/rYvagVDWoO<\/a><\/p>\n<p>&mdash; Adam Schefter (@AdamSchefter) <a href=\"https:\/\/twitter.com\/AdamSchefter\/status\/1874546337502634262?ref_src=twsrc%5Etfw\" class=\"trk-cta-link\" data-cta-trk='{\"ctaType\":\"Link\",\"ctaSubType\":\"main\"}'>January 1, 2025<\/a><\/p><\/blockquote><p><script async src=\"https:\/\/platform.twitter.com\/widgets.js\" charset=\"utf-8\"><\/script><\/p><h2 class=\"p1\"><b>Historique des blessures et chronologie de la saison<\/b><b><\/b><\/h2><p class=\"p3\">Alexander a subi sa blessure au LCP le 27 octobre contre les Jacksonville Jaguars. Initialement consid&eacute;r&eacute;e comme de courte dur&eacute;e, l&rsquo;&eacute;quipe n&rsquo;a pas plac&eacute; Jaire Alexander sur la liste des bless&eacute;s. Cependant, sa r&eacute;cup&eacute;ration ne s&rsquo;est pas d&eacute;roul&eacute;e comme pr&eacute;vu. Il est bri&egrave;vement revenu lors de la semaine 11, ne jouant que 10 snaps contre les Bears. Depuis, il est rest&eacute; sur la touche.<\/p><p class=\"p3\">Cette saison, Jaire Alexander a manqu&eacute; sept des huit derniers matchs.<\/p><p class=\"p3\">Au cours des trois derni&egrave;res saisons, il n&rsquo;a particip&eacute; qu&rsquo;&agrave; 34 des 68 matchs de saison r&eacute;guli&egrave;re. Le cornerback All-Pro a &eacute;galement souffert de blessures pr&eacute;c&eacute;dentes, notamment un probl&egrave;me &agrave; l&rsquo;&eacute;paule en 2021 et une suspension l&rsquo;ann&eacute;e derni&egrave;re.<\/p><h2 class=\"p1\"><b>Performance d&rsquo;Alexander et situation contractuelle<\/b><b><\/b><\/h2><p class=\"p3\">En sept matchs cette saison, Jaire Alexander a enregistr&eacute; deux interceptions, dont une retourn&eacute;e pour un touchdown lors de la semaine 3 contre les Titans. Malgr&eacute; son talent, les blessures ont consid&eacute;rablement limit&eacute; sa disponibilit&eacute;. Il ne lui reste plus d&rsquo;argent garanti sur son extension de contrat de quatre ans et 84 millions de dollars sign&eacute;e en 2022.<\/p><p class=\"p3\">Alexander devrait repr&eacute;senter un impact salarial de 25,376 millions de dollars la saison prochaine, ce qui laisse son avenir chez les Packers incertain.<\/p><p class=\"p3\">Si les Packers d&eacute;cident de se s&eacute;parer de lui, <a href=\"https:\/\/theplayoffs.news\/fr\/joueur\/jaire-alexander-nfl-7790858\/\" class=\"trk-cta-link\" data-cta-trk='{\"ctaType\":\"Link\",\"ctaSubType\":\"main\"}'><strong>Jaire Alexander<\/strong><\/a> pourrait avoir disput&eacute; son dernier match avec Green Bay. Son contrat inclut des salaires de 17,5 millions de dollars en 2025 et 19,5 millions de dollars en 2026, mais sa lib&eacute;ration permettrait &agrave; l&rsquo;&eacute;quipe d&rsquo;&eacute;conomiser sur le plafond salarial.<\/p><h2 class=\"p1\"><b>Et maintenant ?&nbsp;<\/b><\/h2><p class=\"p3\">Avec l&rsquo;absence d&rsquo;Alexander, les Packers s&rsquo;appuieront sur Keisean Nixon, Carrington Valentine et Eric Stokes comme cornerbacks principaux. Valentine a montr&eacute; des progr&egrave;s, enregistrant des interceptions lors de deux des trois derniers matchs. Stokes a exprim&eacute; son soutien &agrave; Alexander, d&eacute;clarant : &laquo; <em>Je sais &agrave; quel point il veut &ecirc;tre sur le terrain&hellip; Sa pr&eacute;sence, m&ecirc;me en dehors, est &eacute;norme. &raquo;<\/em><\/p><p class=\"p3\">Matt LaFleur a salu&eacute; les efforts d&rsquo;Alexander pour se r&eacute;tablir, affirmant :<\/p><blockquote>\n<p class=\"p3\">&laquo; C&rsquo;est comme &ccedil;a. Je ressens de la peine pour lui. Il essayait de remettre son genou en &eacute;tat, mais cela n&rsquo;a pas fonctionn&eacute;. &raquo;<\/p>\n<\/blockquote><p class=\"p3\">Les Packers, qui ont d&eacute;j&agrave; s&eacute;curis&eacute; une place en playoffs avec un bilan de 11 victoires et 5 d&eacute;faites, font face &agrave; plusieurs blessures cl&eacute;s. Des titulaires comme le safety Zayne Anderson (commotion c&eacute;r&eacute;brale), le defensive end Brenton Cox Jr. (pied) et le linebacker Quay Walker (cheville) n&rsquo;ont pas particip&eacute; &agrave; l&rsquo;entra&icirc;nement de mercredi.<\/p><p class=\"p3\">LaFleur a soulign&eacute; l&rsquo;importance de trouver un &eacute;quilibre entre la comp&eacute;titivit&eacute; et la prudence concernant les joueurs bless&eacute;s lors du match de dimanche contre les Bears.<\/p><p>&nbsp;<\/p><p>Cr&eacute;dit Photo : Mark Hoffman \/ Milwaukee Journal Sentinel \/ USA TODAY NETWORK via Imagn Images<\/p>\n","protected":false},"excerpt":{"rendered":"","protected":false},"author":180309799,"featured_media":1473054,"comment_status":"open","ping_status":"closed","sticky":false,"template":"","format":"standard","meta":{"inline_featured_image":false,"kia_subtitle":"","_mux_skip_reasons":[],"proofreadBy":0,"footnotes":""},"categories":[40],"tags":[908,2883],"sport":[],"saison":[],"class_list":["post-1473053","post","type-post","status-publish","format-standard","has-post-thumbnail","hentry","category-nfl","tag-green-bay-packers","tag-jaire-alexander"],"acf":[],"yoast_head":"<!-- This site is optimized with the Yoast SEO plugin v24.2 - https:\/\/yoast.com\/wordpress\/plugins\/seo\/ -->\n<title>Le cornerback des Packers, Jaire Alexander, subit une op&eacute;ration au genou et pourrait manquer le reste de la saison - The Playoffs FR<\/title>\n<meta name=\"robots\" content=\"index, follow, max-snippet:-1, max-image-preview:large, max-video-preview:-1\" \/>\n<link rel=\"canonical\" href=\"https:\/\/theplayoffs.news\/fr\/nfl\/jaire-alexander-operation-genou-forfait-reste-saison\/\" \/>\n<meta property=\"og:locale\" content=\"fr_FR\" \/>\n<meta property=\"og:type\" content=\"article\" \/>\n<meta property=\"og:title\" content=\"Le cornerback des Packers, Jaire Alexander, subit une op&eacute;ration au genou et pourrait manquer le reste de la saison - The Playoffs FR\" \/>\n<meta property=\"og:url\" content=\"https:\/\/theplayoffs.news\/fr\/nfl\/jaire-alexander-operation-genou-forfait-reste-saison\/\" \/>\n<meta property=\"og:site_name\" content=\"The Playoffs FR\" \/>\n<meta property=\"article:publisher\" content=\"https:\/\/www.facebook.com\/TheFreeAgentFR\/\" \/>\n<meta property=\"article:modified_time\" content=\"2025-01-02T10:41:27+01:00\" \/>\n<meta property=\"og:image\" content=\"https:\/\/theplayoffs.news\/fr\/wp-content\/uploads\/2025\/01\/USATSI_25069531.jpg\" \/>\n\t<meta property=\"og:image:width\" content=\"1920\" \/>\n\t<meta property=\"og:image:height\" content=\"1280\" \/>\n\t<meta property=\"og:image:type\" content=\"image\/jpeg\" \/>\n<meta name=\"author\" content=\"La r\u00e9daction\" \/>\n<meta name=\"twitter:card\" content=\"summary_large_image\" \/>\n<meta name=\"twitter:creator\" content=\"@TheFreeAgentFR\" \/>\n<meta name=\"twitter:site\" content=\"@TheFreeAgentFR\" \/>\n<meta name=\"twitter:label1\" content=\"\u00c9crit par\" \/>\n\t<meta name=\"twitter:data1\" content=\"La r\u00e9daction\" \/>\n\t<meta name=\"twitter:label2\" content=\"Dur\u00e9e de lecture estim\u00e9e\" \/>\n\t<meta name=\"twitter:data2\" content=\"3 minutes\" \/>\n<script type=\"application\/ld+json\" class=\"yoast-schema-graph\">{\"@context\":\"https:\/\/schema.org\",\"@graph\":[{\"@type\":\"WebPage\",\"@id\":\"https:\/\/theplayoffs.news\/fr\/nfl\/jaire-alexander-operation-genou-forfait-reste-saison\/\",\"url\":\"https:\/\/theplayoffs.news\/fr\/nfl\/jaire-alexander-operation-genou-forfait-reste-saison\/\",\"name\":\"Le cornerback des Packers, Jaire Alexander, subit une op\u00e9ration au genou et pourrait manquer le reste de la saison - The Playoffs FR\",\"isPartOf\":{\"@id\":\"https:\/\/theplayoffs.news\/fr\/#website\"},\"primaryImageOfPage\":{\"@id\":\"https:\/\/theplayoffs.news\/fr\/nfl\/jaire-alexander-operation-genou-forfait-reste-saison\/#primaryimage\"},\"image\":{\"@id\":\"https:\/\/theplayoffs.news\/fr\/nfl\/jaire-alexander-operation-genou-forfait-reste-saison\/#primaryimage\"},\"thumbnailUrl\":\"https:\/\/theplayoffs.news\/fr\/wp-content\/uploads\/2025\/01\/USATSI_25069531.jpg\",\"datePublished\":\"2025-01-02T09:41:27+00:00\",\"dateModified\":\"2025-01-02T09:41:27+00:00\",\"author\":{\"@id\":\"https:\/\/theplayoffs.news\/fr\/#\/schema\/person\/bb40426f4e478f9bd8cdbfeb4f2f9784\"},\"breadcrumb\":{\"@id\":\"https:\/\/theplayoffs.news\/fr\/nfl\/jaire-alexander-operation-genou-forfait-reste-saison\/#breadcrumb\"},\"inLanguage\":\"fr-FR\",\"potentialAction\":[{\"@type\":\"ReadAction\",\"target\":[\"https:\/\/theplayoffs.news\/fr\/nfl\/jaire-alexander-operation-genou-forfait-reste-saison\/\"]}]},{\"@type\":\"ImageObject\",\"inLanguage\":\"fr-FR\",\"@id\":\"https:\/\/theplayoffs.news\/fr\/nfl\/jaire-alexander-operation-genou-forfait-reste-saison\/#primaryimage\",\"url\":\"https:\/\/theplayoffs.news\/fr\/wp-content\/uploads\/2025\/01\/USATSI_25069531.jpg\",\"contentUrl\":\"https:\/\/theplayoffs.news\/fr\/wp-content\/uploads\/2025\/01\/USATSI_25069531.jpg\",\"width\":1920,\"height\":1280,\"caption\":\"Green Bay Packers cornerback Jaire Alexander (23) reacts after intercepting a pass during the first quarter of the wild card playoff game against the Dallas Cowboys Sunday, January 14, 2024 at AT&amp;T Stadium in Arlington, Texas.\"},{\"@type\":\"BreadcrumbList\",\"@id\":\"https:\/\/theplayoffs.news\/fr\/nfl\/jaire-alexander-operation-genou-forfait-reste-saison\/#breadcrumb\",\"itemListElement\":[{\"@type\":\"ListItem\",\"position\":1,\"name\":\"Accueil\",\"item\":\"https:\/\/theplayoffs.news\/fr\/\"},{\"@type\":\"ListItem\",\"position\":2,\"name\":\"Le cornerback des Packers, Jaire Alexander, subit une op\u00e9ration au genou et pourrait manquer le reste de la saison\"}]},{\"@type\":\"WebSite\",\"@id\":\"https:\/\/theplayoffs.news\/fr\/#website\",\"url\":\"https:\/\/theplayoffs.news\/fr\/\",\"name\":\"The Playoffs FR\",\"description\":\"NBA-NFL-NHL-MLB\",\"potentialAction\":[{\"@type\":\"SearchAction\",\"target\":{\"@type\":\"EntryPoint\",\"urlTemplate\":\"https:\/\/theplayoffs.news\/fr\/?s={search_term_string}\"},\"query-input\":{\"@type\":\"PropertyValueSpecification\",\"valueRequired\":true,\"valueName\":\"search_term_string\"}}],\"inLanguage\":\"fr-FR\"},{\"@type\":\"Person\",\"@id\":\"https:\/\/theplayoffs.news\/fr\/#\/schema\/person\/bb40426f4e478f9bd8cdbfeb4f2f9784\",\"name\":\"La r\u00e9daction\",\"image\":{\"@type\":\"ImageObject\",\"inLanguage\":\"fr-FR\",\"@id\":\"https:\/\/theplayoffs.news\/fr\/#\/schema\/person\/image\/\",\"url\":\"https:\/\/secure.gravatar.com\/avatar\/7e69b41460ab2c17d61c8c364b6a0ee006f957a70191383ef42be1f4733d6515?s=96&d=mm&r=g\",\"contentUrl\":\"https:\/\/secure.gravatar.com\/avatar\/7e69b41460ab2c17d61c8c364b6a0ee006f957a70191383ef42be1f4733d6515?s=96&d=mm&r=g\",\"caption\":\"La r\u00e9daction\"},\"description\":\"On dit qu\\\\'il faut un village pour s\\\\'occuper d\\\\'un enfant. Et bien c\\\\'est exactement ce dont il s\\\\'agit ici pour The Playoffs. La r\u00e9daction, ce sont vos r\u00e9dacteurs pr\u00e9f\u00e9r\u00e9s qui collaborent sur ces articles que vous lisez au quotidien.\u00a0\",\"url\":\"https:\/\/theplayoffs.news\/fr\/author\/freeagentfr\/\"}]}<\/script>\n<!-- \/ Yoast SEO plugin. -->","yoast_head_json":{"title":"Le cornerback des Packers, Jaire Alexander, subit une op&eacute;ration au genou et pourrait manquer le reste de la saison - The Playoffs FR","robots":{"index":"index","follow":"follow","max-snippet":"max-snippet:-1","max-image-preview":"max-image-preview:large","max-video-preview":"max-video-preview:-1"},"canonical":"https:\/\/theplayoffs.news\/fr\/nfl\/jaire-alexander-operation-genou-forfait-reste-saison\/","og_locale":"fr_FR","og_type":"article","og_title":"Le cornerback des Packers, Jaire Alexander, subit une op&eacute;ration au genou et pourrait manquer le reste de la saison - The Playoffs FR","og_url":"https:\/\/theplayoffs.news\/fr\/nfl\/jaire-alexander-operation-genou-forfait-reste-saison\/","og_site_name":"The Playoffs FR","article_publisher":"https:\/\/www.facebook.com\/TheFreeAgentFR\/","og_image":[{"width":1920,"height":1280,"url":"https:\/\/theplayoffs.news\/fr\/wp-content\/uploads\/2025\/01\/USATSI_25069531.jpg","type":"image\/jpeg"}],"author":"La r\u00e9daction","twitter_card":"summary_large_image","twitter_creator":"@TheFreeAgentFR","twitter_site":"@TheFreeAgentFR","twitter_misc":{"\u00c9crit par":"La r\u00e9daction","Dur\u00e9e de lecture estim\u00e9e":"3 minutes"},"schema":{"@context":"https:\/\/schema.org","@graph":[{"@type":"WebPage","@id":"https:\/\/theplayoffs.news\/fr\/nfl\/jaire-alexander-operation-genou-forfait-reste-saison\/","url":"https:\/\/theplayoffs.news\/fr\/nfl\/jaire-alexander-operation-genou-forfait-reste-saison\/","name":"Le cornerback des Packers, Jaire Alexander, subit une op\u00e9ration au genou et pourrait manquer le reste de la saison - The Playoffs FR","isPartOf":{"@id":"https:\/\/theplayoffs.news\/fr\/#website"},"primaryImageOfPage":{"@id":"https:\/\/theplayoffs.news\/fr\/nfl\/jaire-alexander-operation-genou-forfait-reste-saison\/#primaryimage"},"image":{"@id":"https:\/\/theplayoffs.news\/fr\/nfl\/jaire-alexander-operation-genou-forfait-reste-saison\/#primaryimage"},"thumbnailUrl":"https:\/\/theplayoffs.news\/fr\/wp-content\/uploads\/2025\/01\/USATSI_25069531.jpg","datePublished":"2025-01-02T09:41:27+00:00","dateModified":"2025-01-02T09:41:27+00:00","author":{"@id":"https:\/\/theplayoffs.news\/fr\/#\/schema\/person\/bb40426f4e478f9bd8cdbfeb4f2f9784"},"breadcrumb":{"@id":"https:\/\/theplayoffs.news\/fr\/nfl\/jaire-alexander-operation-genou-forfait-reste-saison\/#breadcrumb"},"inLanguage":"fr-FR","potentialAction":[{"@type":"ReadAction","target":["https:\/\/theplayoffs.news\/fr\/nfl\/jaire-alexander-operation-genou-forfait-reste-saison\/"]}]},{"@type":"ImageObject","inLanguage":"fr-FR","@id":"https:\/\/theplayoffs.news\/fr\/nfl\/jaire-alexander-operation-genou-forfait-reste-saison\/#primaryimage","url":"https:\/\/theplayoffs.news\/fr\/wp-content\/uploads\/2025\/01\/USATSI_25069531.jpg","contentUrl":"https:\/\/theplayoffs.news\/fr\/wp-content\/uploads\/2025\/01\/USATSI_25069531.jpg","width":1920,"height":1280,"caption":"Green Bay Packers cornerback Jaire Alexander (23) reacts after intercepting a pass during the first quarter of the wild card playoff game against the Dallas Cowboys Sunday, January 14, 2024 at AT&amp;T Stadium in Arlington, Texas."},{"@type":"BreadcrumbList","@id":"https:\/\/theplayoffs.news\/fr\/nfl\/jaire-alexander-operation-genou-forfait-reste-saison\/#breadcrumb","itemListElement":[{"@type":"ListItem","position":1,"name":"Accueil","item":"https:\/\/theplayoffs.news\/fr\/"},{"@type":"ListItem","position":2,"name":"Le cornerback des Packers, Jaire Alexander, subit une op\u00e9ration au genou et pourrait manquer le reste de la saison"}]},{"@type":"WebSite","@id":"https:\/\/theplayoffs.news\/fr\/#website","url":"https:\/\/theplayoffs.news\/fr\/","name":"The Playoffs FR","description":"NBA-NFL-NHL-MLB","potentialAction":[{"@type":"SearchAction","target":{"@type":"EntryPoint","urlTemplate":"https:\/\/theplayoffs.news\/fr\/?s={search_term_string}"},"query-input":{"@type":"PropertyValueSpecification","valueRequired":true,"valueName":"search_term_string"}}],"inLanguage":"fr-FR"},{"@type":"Person","@id":"https:\/\/theplayoffs.news\/fr\/#\/schema\/person\/bb40426f4e478f9bd8cdbfeb4f2f9784","name":"La r\u00e9daction","image":{"@type":"ImageObject","inLanguage":"fr-FR","@id":"https:\/\/theplayoffs.news\/fr\/#\/schema\/person\/image\/","url":"https:\/\/secure.gravatar.com\/avatar\/7e69b41460ab2c17d61c8c364b6a0ee006f957a70191383ef42be1f4733d6515?s=96&d=mm&r=g","contentUrl":"https:\/\/secure.gravatar.com\/avatar\/7e69b41460ab2c17d61c8c364b6a0ee006f957a70191383ef42be1f4733d6515?s=96&d=mm&r=g","caption":"La r\u00e9daction"},"description":"On dit qu\\'il faut un village pour s\\'occuper d\\'un enfant. Et bien c\\'est exactement ce dont il s\\'agit ici pour The Playoffs. La r\u00e9daction, ce sont vos r\u00e9dacteurs pr\u00e9f\u00e9r\u00e9s qui collaborent sur ces articles que vous lisez au quotidien.\u00a0","url":"https:\/\/theplayoffs.news\/fr\/author\/freeagentfr\/"}]}},"_links":{"self":[{"href":"https:\/\/theplayoffs.news\/fr\/wp-json\/wp\/v2\/posts\/1473053","targetHints":{"allow":["GET"]}}],"collection":[{"href":"https:\/\/theplayoffs.news\/fr\/wp-json\/wp\/v2\/posts"}],"about":[{"href":"https:\/\/theplayoffs.news\/fr\/wp-json\/wp\/v2\/types\/post"}],"author":[{"embeddable":true,"href":"https:\/\/theplayoffs.news\/fr\/wp-json\/wp\/v2\/users\/180309799"}],"replies":[{"embeddable":true,"href":"https:\/\/theplayoffs.news\/fr\/wp-json\/wp\/v2\/comments?post=1473053"}],"version-history":[{"count":2,"href":"https:\/\/theplayoffs.news\/fr\/wp-json\/wp\/v2\/posts\/1473053\/revisions"}],"predecessor-version":[{"id":1473056,"href":"https:\/\/theplayoffs.news\/fr\/wp-json\/wp\/v2\/posts\/1473053\/revisions\/1473056"}],"wp:featuredmedia":[{"embeddable":true,"href":"https:\/\/theplayoffs.news\/fr\/wp-json\/wp\/v2\/media\/1473054"}],"wp:attachment":[{"href":"https:\/\/theplayoffs.news\/fr\/wp-json\/wp\/v2\/media?parent=1473053"}],"wp:term":[{"taxonomy":"category","embeddable":true,"href":"https:\/\/theplayoffs.news\/fr\/wp-json\/wp\/v2\/categories?post=1473053"},{"taxonomy":"post_tag","embeddable":true,"href":"https:\/\/theplayoffs.news\/fr\/wp-json\/wp\/v2\/tags?post=1473053"},{"taxonomy":"sport","embeddable":true,"href":"https:\/\/theplayoffs.news\/fr\/wp-json\/wp\/v2\/sport?post=1473053"},{"taxonomy":"saison","embeddable":true,"href":"https:\/\/theplayoffs.news\/fr\/wp-json\/wp\/v2\/saison?post=1473053"}],"curies":[{"name":"wp","href":"https:\/\/api.w.org\/{rel}","templated":true}]}}