{"id":1472571,"date":"2024-12-31T17:43:31","date_gmt":"2024-12-31T16:43:31","guid":{"rendered":"https:\/\/theplayoffs.news\/fr\/?p=1472571"},"modified":"2024-12-31T17:43:31","modified_gmt":"2024-12-31T16:43:31","slug":"san-francisco-49ers-shanahan-confirmes-2025","status":"publish","type":"post","link":"https:\/\/theplayoffs.news\/fr\/actualite-nfl\/san-francisco-49ers-shanahan-confirmes-2025\/","title":{"rendered":"San Francisco 49ers: Kyle Shanahan et John Lynch confirm\u00e9s pour 2025!"},"content":{"rendered":"<h2>NFL &ndash; Le propri&eacute;taire des San Francisco 49ers a confirm&eacute; que Kyle Shanahan serait encore l&rsquo;entra&icirc;neur principal de la franchise californienne en 2025.<\/h2><p>Si vous esp&eacute;riez du changement de coaching ou de management chez les San Francisco 49ers pour la saison 2025 &agrave; venir, vous allez &ecirc;tre d&eacute;&ccedil;us! Interrog&eacute; par le&nbsp;<em>San Francisco Standard<\/em>, l&rsquo;un des journaux de la baie de San Francisco, Jed York, le propri&eacute;taire de la franchise des 49ers a confirm&eacute; que ni l&rsquo;entra&icirc;neur principal Kyle Shanahan, ni le manager g&eacute;n&eacute;ral John Lynch ne seraient remplac&eacute;s avant le d&eacute;but de la saison 2025:<\/p><blockquote><p>&laquo;&nbsp;Je peux vous le confirmer et vous pouvez l&rsquo;&eacute;crire de mani&egrave;re certaine: ils n&rsquo;iront nulle part!&nbsp;&raquo; a affirm&eacute; <a href=\"https:\/\/www.espn.com\/nfl\/story\/_\/id\/43236245\/49ers-owner-says-kyle-shanahan-john-lynch-not-going-anywhere\" class=\"trk-cta-link\" data-cta-trk='{\"ctaType\":\"Link\",\"ctaSubType\":\"main\"}'>Jed York au journaliste<\/a>.<\/p><\/blockquote><p>La question du changement de cap chez les San Francisco 49ers avait commenc&eacute; &agrave; se poser apr&egrave;s une saison plus que d&eacute;cevante pour les derniers finalistes de la saison 2023. Consid&eacute;r&eacute;s comme des outsiders pour le titre en fin de saison, les co&eacute;quipiers de Brock Purdy n&rsquo;ont gagn&eacute; que 6 de leurs 16 premiers matchs disput&eacute;s dans cette saison. M&ecirc;me si les raisons de cet &eacute;chec sont nombreux, parmi lesquels l&rsquo;avalanche de blessures qui a frapp&eacute; l&rsquo;effectif californien, la gestion de Kyle Shanahan et son manque d&rsquo;adaptation dans des situations critiques ont fait partie des &eacute;l&eacute;ments souvent soulev&eacute;s pour expliquer cette mauvaise saison de San Francisco.<\/p><p>Apr&egrave;s avoir &eacute;t&eacute; <a href=\"https:\/\/theplayoffs.news\/fr\/nfl\/san-francisco-49ers-contrat-shanahan-lynch\/\" class=\"trk-cta-link\" data-cta-trk='{\"ctaType\":\"Link\",\"ctaSubType\":\"main\"}'>prolong&eacute; dans leurs fonctions au mois de septembre 2023<\/a>, Kyle Shanahan et John Lynch seront donc une nouvelle fois les t&ecirc;tes de pont de la franchise des San Francisco 49ers pour la saison 2025. Avec un droit &agrave; l&rsquo;erreur beaucoup plus r&eacute;duit que celui dont ils ont b&eacute;n&eacute;fici&eacute; cette saison.<\/p><p><em>Cr&eacute;dit photo: &copy; Stan Szeto-Imagn Images<\/em><\/p>\n","protected":false},"excerpt":{"rendered":"","protected":false},"author":180309964,"featured_media":1472572,"comment_status":"open","ping_status":"closed","sticky":false,"template":"","format":"standard","meta":{"inline_featured_image":false,"kia_subtitle":"","_mux_skip_reasons":[],"proofreadBy":0,"footnotes":""},"categories":[118,40],"tags":[5595,5319,939],"sport":[2785],"saison":[6111],"class_list":["post-1472571","post","type-post","status-publish","format-standard","has-post-thumbnail","hentry","category-actualite-nfl","category-nfl","tag-john-lynch","tag-kyle-shanahan","tag-san-francisco-49ers","sport-nfl","saison-6111"],"acf":[],"yoast_head":"<!-- This site is optimized with the Yoast SEO plugin v24.2 - https:\/\/yoast.com\/wordpress\/plugins\/seo\/ -->\n<title>San Francisco 49ers: Kyle Shanahan et John Lynch confirm&eacute;s pour 2025! - The Playoffs FR<\/title>\n<meta name=\"robots\" content=\"index, follow, max-snippet:-1, max-image-preview:large, max-video-preview:-1\" \/>\n<link rel=\"canonical\" href=\"https:\/\/theplayoffs.news\/fr\/actualite-nfl\/san-francisco-49ers-shanahan-confirmes-2025\/\" \/>\n<meta property=\"og:locale\" content=\"fr_FR\" \/>\n<meta property=\"og:type\" content=\"article\" \/>\n<meta property=\"og:title\" content=\"San Francisco 49ers: Kyle Shanahan et John Lynch confirm&eacute;s pour 2025! - The Playoffs FR\" \/>\n<meta property=\"og:url\" content=\"https:\/\/theplayoffs.news\/fr\/actualite-nfl\/san-francisco-49ers-shanahan-confirmes-2025\/\" \/>\n<meta property=\"og:site_name\" content=\"The Playoffs FR\" \/>\n<meta property=\"article:publisher\" content=\"https:\/\/www.facebook.com\/TheFreeAgentFR\/\" \/>\n<meta property=\"article:modified_time\" content=\"2024-12-31T17:43:31+01:00\" \/>\n<meta property=\"og:image\" content=\"https:\/\/theplayoffs.news\/fr\/wp-content\/uploads\/2024\/12\/USATSI_18753889.jpg\" \/>\n\t<meta property=\"og:image:width\" content=\"1920\" \/>\n\t<meta property=\"og:image:height\" content=\"1280\" \/>\n\t<meta property=\"og:image:type\" content=\"image\/jpeg\" \/>\n<meta name=\"author\" content=\"Flavien Jumeau\" \/>\n<meta name=\"twitter:card\" content=\"summary_large_image\" \/>\n<meta name=\"twitter:creator\" content=\"@TheFreeAgentFR\" \/>\n<meta name=\"twitter:site\" content=\"@TheFreeAgentFR\" \/>\n<meta name=\"twitter:label1\" content=\"\u00c9crit par\" \/>\n\t<meta name=\"twitter:data1\" content=\"Flavien Jumeau\" \/>\n\t<meta name=\"twitter:label2\" content=\"Dur\u00e9e de lecture estim\u00e9e\" \/>\n\t<meta name=\"twitter:data2\" content=\"1 minute\" \/>\n<script type=\"application\/ld+json\" class=\"yoast-schema-graph\">{\"@context\":\"https:\/\/schema.org\",\"@graph\":[{\"@type\":\"WebPage\",\"@id\":\"https:\/\/theplayoffs.news\/fr\/actualite-nfl\/san-francisco-49ers-shanahan-confirmes-2025\/\",\"url\":\"https:\/\/theplayoffs.news\/fr\/actualite-nfl\/san-francisco-49ers-shanahan-confirmes-2025\/\",\"name\":\"San Francisco 49ers: Kyle Shanahan et John Lynch confirm\u00e9s pour 2025! - The Playoffs FR\",\"isPartOf\":{\"@id\":\"https:\/\/theplayoffs.news\/fr\/#website\"},\"primaryImageOfPage\":{\"@id\":\"https:\/\/theplayoffs.news\/fr\/actualite-nfl\/san-francisco-49ers-shanahan-confirmes-2025\/#primaryimage\"},\"image\":{\"@id\":\"https:\/\/theplayoffs.news\/fr\/actualite-nfl\/san-francisco-49ers-shanahan-confirmes-2025\/#primaryimage\"},\"thumbnailUrl\":\"https:\/\/theplayoffs.news\/fr\/wp-content\/uploads\/2024\/12\/USATSI_18753889.jpg\",\"datePublished\":\"2024-12-31T16:43:31+00:00\",\"dateModified\":\"2024-12-31T16:43:31+00:00\",\"author\":{\"@id\":\"https:\/\/theplayoffs.news\/fr\/#\/schema\/person\/def63bc6746dc5957469b75feb99e66d\"},\"breadcrumb\":{\"@id\":\"https:\/\/theplayoffs.news\/fr\/actualite-nfl\/san-francisco-49ers-shanahan-confirmes-2025\/#breadcrumb\"},\"inLanguage\":\"fr-FR\",\"potentialAction\":[{\"@type\":\"ReadAction\",\"target\":[\"https:\/\/theplayoffs.news\/fr\/actualite-nfl\/san-francisco-49ers-shanahan-confirmes-2025\/\"]}]},{\"@type\":\"ImageObject\",\"inLanguage\":\"fr-FR\",\"@id\":\"https:\/\/theplayoffs.news\/fr\/actualite-nfl\/san-francisco-49ers-shanahan-confirmes-2025\/#primaryimage\",\"url\":\"https:\/\/theplayoffs.news\/fr\/wp-content\/uploads\/2024\/12\/USATSI_18753889.jpg\",\"contentUrl\":\"https:\/\/theplayoffs.news\/fr\/wp-content\/uploads\/2024\/12\/USATSI_18753889.jpg\",\"width\":1920,\"height\":1280,\"caption\":\"Jul 27, 2022; Santa Clara, CA, USA; San Francisco 49ers head coach Kyle Shanahan (left) and general manager John Lynch watches the players during Training Camp at the SAP Performance Facility near Levi Stadium. Mandatory Credit: Stan Szeto-USA TODAY Sports\"},{\"@type\":\"BreadcrumbList\",\"@id\":\"https:\/\/theplayoffs.news\/fr\/actualite-nfl\/san-francisco-49ers-shanahan-confirmes-2025\/#breadcrumb\",\"itemListElement\":[{\"@type\":\"ListItem\",\"position\":1,\"name\":\"Accueil\",\"item\":\"https:\/\/theplayoffs.news\/fr\/\"},{\"@type\":\"ListItem\",\"position\":2,\"name\":\"San Francisco 49ers: Kyle Shanahan et John Lynch confirm\u00e9s pour 2025!\"}]},{\"@type\":\"WebSite\",\"@id\":\"https:\/\/theplayoffs.news\/fr\/#website\",\"url\":\"https:\/\/theplayoffs.news\/fr\/\",\"name\":\"The Playoffs FR\",\"description\":\"NBA-NFL-NHL-MLB\",\"potentialAction\":[{\"@type\":\"SearchAction\",\"target\":{\"@type\":\"EntryPoint\",\"urlTemplate\":\"https:\/\/theplayoffs.news\/fr\/?s={search_term_string}\"},\"query-input\":{\"@type\":\"PropertyValueSpecification\",\"valueRequired\":true,\"valueName\":\"search_term_string\"}}],\"inLanguage\":\"fr-FR\"},{\"@type\":\"Person\",\"@id\":\"https:\/\/theplayoffs.news\/fr\/#\/schema\/person\/def63bc6746dc5957469b75feb99e66d\",\"name\":\"Flavien Jumeau\",\"image\":{\"@type\":\"ImageObject\",\"inLanguage\":\"fr-FR\",\"@id\":\"https:\/\/theplayoffs.news\/fr\/#\/schema\/person\/image\/\",\"url\":\"https:\/\/secure.gravatar.com\/avatar\/e7fa8ba5a4b7e4ce35fe152f083f352db28ad0acce692004ed88a7a7d78893f7?s=96&d=mm&r=g\",\"contentUrl\":\"https:\/\/secure.gravatar.com\/avatar\/e7fa8ba5a4b7e4ce35fe152f083f352db28ad0acce692004ed88a7a7d78893f7?s=96&d=mm&r=g\",\"caption\":\"Flavien Jumeau\"},\"description\":\"Amoureux du sport (et de vraiment tous les sports) depuis mon plus jeune \u00e2ge, j\u2019ai longtemps h\u00e9site entre le snooker et le curling. Finalement c\u2019est le foot US que j\u2019ai d\u00e9cid\u00e9 de choisir! Responsable foot US sur TPO et animateur du podcast Tailgate j\u2019ai pour mission de vous faire d\u00e9couvrir ce sport passionnant si ce n\u2019est pas encore fait et de vous donner les derni\u00e8res actus. Le tout dans la bonne humeur et avec toujours un jeu de mots ou deux savamment distill\u00e9s! Fan des Saints, pour moi Drew Brees est le vrai GOAT!\",\"url\":\"https:\/\/theplayoffs.news\/fr\/author\/flavien-jumeaugmail-com\/\"}]}<\/script>\n<!-- \/ Yoast SEO plugin. -->","yoast_head_json":{"title":"San Francisco 49ers: Kyle Shanahan et John Lynch confirm&eacute;s pour 2025! - The Playoffs FR","robots":{"index":"index","follow":"follow","max-snippet":"max-snippet:-1","max-image-preview":"max-image-preview:large","max-video-preview":"max-video-preview:-1"},"canonical":"https:\/\/theplayoffs.news\/fr\/actualite-nfl\/san-francisco-49ers-shanahan-confirmes-2025\/","og_locale":"fr_FR","og_type":"article","og_title":"San Francisco 49ers: Kyle Shanahan et John Lynch confirm&eacute;s pour 2025! - The Playoffs FR","og_url":"https:\/\/theplayoffs.news\/fr\/actualite-nfl\/san-francisco-49ers-shanahan-confirmes-2025\/","og_site_name":"The Playoffs FR","article_publisher":"https:\/\/www.facebook.com\/TheFreeAgentFR\/","og_image":[{"width":1920,"height":1280,"url":"https:\/\/theplayoffs.news\/fr\/wp-content\/uploads\/2024\/12\/USATSI_18753889.jpg","type":"image\/jpeg"}],"author":"Flavien Jumeau","twitter_card":"summary_large_image","twitter_creator":"@TheFreeAgentFR","twitter_site":"@TheFreeAgentFR","twitter_misc":{"\u00c9crit par":"Flavien Jumeau","Dur\u00e9e de lecture estim\u00e9e":"1 minute"},"schema":{"@context":"https:\/\/schema.org","@graph":[{"@type":"WebPage","@id":"https:\/\/theplayoffs.news\/fr\/actualite-nfl\/san-francisco-49ers-shanahan-confirmes-2025\/","url":"https:\/\/theplayoffs.news\/fr\/actualite-nfl\/san-francisco-49ers-shanahan-confirmes-2025\/","name":"San Francisco 49ers: Kyle Shanahan et John Lynch confirm\u00e9s pour 2025! - The Playoffs FR","isPartOf":{"@id":"https:\/\/theplayoffs.news\/fr\/#website"},"primaryImageOfPage":{"@id":"https:\/\/theplayoffs.news\/fr\/actualite-nfl\/san-francisco-49ers-shanahan-confirmes-2025\/#primaryimage"},"image":{"@id":"https:\/\/theplayoffs.news\/fr\/actualite-nfl\/san-francisco-49ers-shanahan-confirmes-2025\/#primaryimage"},"thumbnailUrl":"https:\/\/theplayoffs.news\/fr\/wp-content\/uploads\/2024\/12\/USATSI_18753889.jpg","datePublished":"2024-12-31T16:43:31+00:00","dateModified":"2024-12-31T16:43:31+00:00","author":{"@id":"https:\/\/theplayoffs.news\/fr\/#\/schema\/person\/def63bc6746dc5957469b75feb99e66d"},"breadcrumb":{"@id":"https:\/\/theplayoffs.news\/fr\/actualite-nfl\/san-francisco-49ers-shanahan-confirmes-2025\/#breadcrumb"},"inLanguage":"fr-FR","potentialAction":[{"@type":"ReadAction","target":["https:\/\/theplayoffs.news\/fr\/actualite-nfl\/san-francisco-49ers-shanahan-confirmes-2025\/"]}]},{"@type":"ImageObject","inLanguage":"fr-FR","@id":"https:\/\/theplayoffs.news\/fr\/actualite-nfl\/san-francisco-49ers-shanahan-confirmes-2025\/#primaryimage","url":"https:\/\/theplayoffs.news\/fr\/wp-content\/uploads\/2024\/12\/USATSI_18753889.jpg","contentUrl":"https:\/\/theplayoffs.news\/fr\/wp-content\/uploads\/2024\/12\/USATSI_18753889.jpg","width":1920,"height":1280,"caption":"Jul 27, 2022; Santa Clara, CA, USA; San Francisco 49ers head coach Kyle Shanahan (left) and general manager John Lynch watches the players during Training Camp at the SAP Performance Facility near Levi Stadium. Mandatory Credit: Stan Szeto-USA TODAY Sports"},{"@type":"BreadcrumbList","@id":"https:\/\/theplayoffs.news\/fr\/actualite-nfl\/san-francisco-49ers-shanahan-confirmes-2025\/#breadcrumb","itemListElement":[{"@type":"ListItem","position":1,"name":"Accueil","item":"https:\/\/theplayoffs.news\/fr\/"},{"@type":"ListItem","position":2,"name":"San Francisco 49ers: Kyle Shanahan et John Lynch confirm\u00e9s pour 2025!"}]},{"@type":"WebSite","@id":"https:\/\/theplayoffs.news\/fr\/#website","url":"https:\/\/theplayoffs.news\/fr\/","name":"The Playoffs FR","description":"NBA-NFL-NHL-MLB","potentialAction":[{"@type":"SearchAction","target":{"@type":"EntryPoint","urlTemplate":"https:\/\/theplayoffs.news\/fr\/?s={search_term_string}"},"query-input":{"@type":"PropertyValueSpecification","valueRequired":true,"valueName":"search_term_string"}}],"inLanguage":"fr-FR"},{"@type":"Person","@id":"https:\/\/theplayoffs.news\/fr\/#\/schema\/person\/def63bc6746dc5957469b75feb99e66d","name":"Flavien Jumeau","image":{"@type":"ImageObject","inLanguage":"fr-FR","@id":"https:\/\/theplayoffs.news\/fr\/#\/schema\/person\/image\/","url":"https:\/\/secure.gravatar.com\/avatar\/e7fa8ba5a4b7e4ce35fe152f083f352db28ad0acce692004ed88a7a7d78893f7?s=96&d=mm&r=g","contentUrl":"https:\/\/secure.gravatar.com\/avatar\/e7fa8ba5a4b7e4ce35fe152f083f352db28ad0acce692004ed88a7a7d78893f7?s=96&d=mm&r=g","caption":"Flavien Jumeau"},"description":"Amoureux du sport (et de vraiment tous les sports) depuis mon plus jeune \u00e2ge, j\u2019ai longtemps h\u00e9site entre le snooker et le curling. Finalement c\u2019est le foot US que j\u2019ai d\u00e9cid\u00e9 de choisir! Responsable foot US sur TPO et animateur du podcast Tailgate j\u2019ai pour mission de vous faire d\u00e9couvrir ce sport passionnant si ce n\u2019est pas encore fait et de vous donner les derni\u00e8res actus. Le tout dans la bonne humeur et avec toujours un jeu de mots ou deux savamment distill\u00e9s! Fan des Saints, pour moi Drew Brees est le vrai GOAT!","url":"https:\/\/theplayoffs.news\/fr\/author\/flavien-jumeaugmail-com\/"}]}},"_links":{"self":[{"href":"https:\/\/theplayoffs.news\/fr\/wp-json\/wp\/v2\/posts\/1472571","targetHints":{"allow":["GET"]}}],"collection":[{"href":"https:\/\/theplayoffs.news\/fr\/wp-json\/wp\/v2\/posts"}],"about":[{"href":"https:\/\/theplayoffs.news\/fr\/wp-json\/wp\/v2\/types\/post"}],"author":[{"embeddable":true,"href":"https:\/\/theplayoffs.news\/fr\/wp-json\/wp\/v2\/users\/180309964"}],"replies":[{"embeddable":true,"href":"https:\/\/theplayoffs.news\/fr\/wp-json\/wp\/v2\/comments?post=1472571"}],"version-history":[{"count":2,"href":"https:\/\/theplayoffs.news\/fr\/wp-json\/wp\/v2\/posts\/1472571\/revisions"}],"predecessor-version":[{"id":1472574,"href":"https:\/\/theplayoffs.news\/fr\/wp-json\/wp\/v2\/posts\/1472571\/revisions\/1472574"}],"wp:featuredmedia":[{"embeddable":true,"href":"https:\/\/theplayoffs.news\/fr\/wp-json\/wp\/v2\/media\/1472572"}],"wp:attachment":[{"href":"https:\/\/theplayoffs.news\/fr\/wp-json\/wp\/v2\/media?parent=1472571"}],"wp:term":[{"taxonomy":"category","embeddable":true,"href":"https:\/\/theplayoffs.news\/fr\/wp-json\/wp\/v2\/categories?post=1472571"},{"taxonomy":"post_tag","embeddable":true,"href":"https:\/\/theplayoffs.news\/fr\/wp-json\/wp\/v2\/tags?post=1472571"},{"taxonomy":"sport","embeddable":true,"href":"https:\/\/theplayoffs.news\/fr\/wp-json\/wp\/v2\/sport?post=1472571"},{"taxonomy":"saison","embeddable":true,"href":"https:\/\/theplayoffs.news\/fr\/wp-json\/wp\/v2\/saison?post=1472571"}],"curies":[{"name":"wp","href":"https:\/\/api.w.org\/{rel}","templated":true}]}}