{"id":1471849,"date":"2024-12-23T16:39:09","date_gmt":"2024-12-23T15:39:09","guid":{"rendered":"https:\/\/theplayoffs.news\/fr\/?p=1471849"},"modified":"2024-12-23T16:39:09","modified_gmt":"2024-12-23T15:39:09","slug":"boston-red-sox-walker-buehler-signe-1-an","status":"publish","type":"post","link":"https:\/\/theplayoffs.news\/fr\/actualite-mlb\/boston-red-sox-walker-buehler-signe-1-an\/","title":{"rendered":"Boston Red Sox : Walker Buehler signe pour 1 an de contrat garanti"},"content":{"rendered":"<h3><a href=\"https:\/\/theplayoffs.news\/fr\/mlb\/walker-buehler-de-retour\/\" class=\"trk-cta-link\" data-cta-trk='{\"ctaType\":\"Link\",\"ctaSubType\":\"main\"}'>Walker Buehler<\/a> lanceur partant des Dodgers a sign&eacute; un contrat de 1 an et 21 millions de dollars avec les Boston Red sox <a href=\"https:\/\/www.mlb.com\/\" class=\"trk-cta-link\" data-cta-trk='{\"ctaType\":\"Link\",\"ctaSubType\":\"main\"}'>cet apr&egrave;s midi.<\/a><\/h3><p>&nbsp;<\/p><p>Le double vainqueur des <a href=\"https:\/\/theplayoffs.news\/fr\/mlb\/world-series-2024-les-dodgers-champions\/\" class=\"trk-cta-link\" data-cta-trk='{\"ctaType\":\"Link\",\"ctaSubType\":\"main\"}'>World S&eacute;ries avec les Los Angeles Dodgers<\/a> (2020 et 2024), Walker Buehler et les Boston Red Sox sont convenus d&rsquo;un accord pour un contrat d&rsquo;un an et 21 millions de dollars. La transaction sera officielle sous r&eacute;serve de l&rsquo;habituel examen m&eacute;dical, &eacute;videmment il faut prendre cela tr&egrave;s au s&eacute;rieux car Buehler a connu une saison r&eacute;guli&egrave;re mouvement&eacute;e.<\/p><p>En 2021 une op&eacute;ration &laquo;&nbsp;Tommy john&nbsp;&raquo; le prive des terrains pendant deux saisons et revient pour 2024 avec les Dodgers. Saison r&eacute;guli&egrave;re 2024 d&eacute;licate pour lui avec en 75 1\/3 manches, il a eu une moyenne de points m&eacute;rit&eacute;s de 5,38, la pire de sa carri&egrave;re, une moyenne de points m&eacute;rit&eacute;s attendue de 4,68, un taux de retraits au b&acirc;ton de 18,6 %, un taux de buts sur balles de 8,1 % et un taux de HR\/9 de 1,91.<\/p><p>Mais c&rsquo;est un tout autre visage que nous avons pu voir pendant la postseason et en particulier pour les WS, il a jou&eacute; un r&ocirc;le essentiel dans la victoire. Lanceur partant pour le <strong>G3 des WS : 5 IP \/ 2H \/ 2BB \/ 5 SO pour 3.86 ERA<\/strong> et il sera surprenant closer lors du <strong>G5 avec : 1 IP\/ 0 H\/0 BB\/ 2 SO<\/strong>. C&rsquo;est sur cette note positive que les Red Sox comptent bien surfer ou plut&ocirc;t l&rsquo;ins&eacute;rer dans une rotation d&eacute;j&agrave; bien fournie.<\/p><p>&nbsp;<\/p><h3>Les options possibles pour Boston :<\/h3><ol>\n<li>Garrett Crochet (L)<\/li>\n<li>Tanner Houck (R)<\/li>\n<li>Walker Buehler (R)<\/li>\n<li>Bryan Bello (R)<\/li>\n<li>Kutter Crawford (R)<\/li>\n<li>Patrick Sandoval (L)<\/li>\n<li>Cooper Criswell (R)<\/li>\n<li>Richard Fitts (R)<\/li>\n<li>Lucas Giolito (R)<\/li>\n<\/ol><p>Sur les neuf &laquo;&nbsp;partants&nbsp;&raquo; Boston pourra composer eux afin de faire tourner l&rsquo;effectif et permettre aux joueurs fatigu&eacute;s d&rsquo;&ecirc;tre soit mis au repos ou &agrave; la rel&egrave;ve comme a tr&egrave;s bien pu montrer la nouvelle acquisition des Red Sox. <strong>ils r&eacute;alisent&nbsp;un tr&egrave;s joli coup dans cette offseason !<\/strong><\/p><p>&nbsp;<\/p><p>&nbsp;<\/p><h3><\/h3><blockquote class=\"twitter-tweet\">\n<p dir=\"ltr\" lang=\"en\">Walker Buehler fired 7 scoreless as a rookie in front of Sandy Koufax &#128548; <a href=\"https:\/\/t.co\/xS4IGojniM\" class=\"trk-cta-link\" data-cta-trk='{\"ctaType\":\"Link\",\"ctaSubType\":\"main\"}'>pic.twitter.com\/xS4IGojniM<\/a><\/p>\n<p>&mdash; MLB (@MLB) <a href=\"https:\/\/twitter.com\/MLB\/status\/1851306233304592515?ref_src=twsrc%5Etfw\" class=\"trk-cta-link\" data-cta-trk='{\"ctaType\":\"Link\",\"ctaSubType\":\"main\"}'>October 29, 2024<\/a><\/p><\/blockquote><p>&nbsp;<\/p><p><label>Credit:<\/label><\/p><p class=\"ng-binding\">&copy; Brad Penner-Imagn Images<\/p>\n","protected":false},"excerpt":{"rendered":"","protected":false},"author":180310059,"featured_media":1471855,"comment_status":"open","ping_status":"closed","sticky":false,"template":"","format":"standard","meta":{"inline_featured_image":false,"kia_subtitle":"","_mux_skip_reasons":[],"proofreadBy":0,"footnotes":""},"categories":[188,9],"tags":[899,4686],"sport":[2786],"saison":[6111],"class_list":["post-1471849","post","type-post","status-publish","format-standard","has-post-thumbnail","hentry","category-actualite-mlb","category-mlb","tag-boston-red-sox","tag-walker-buehler","sport-mlb","saison-6111"],"acf":[],"yoast_head":"<!-- This site is optimized with the Yoast SEO plugin v24.2 - https:\/\/yoast.com\/wordpress\/plugins\/seo\/ -->\n<title>Boston Red Sox : Walker Buehler signe pour 1 an de contrat garanti - The Playoffs FR<\/title>\n<meta name=\"robots\" content=\"index, follow, max-snippet:-1, max-image-preview:large, max-video-preview:-1\" \/>\n<link rel=\"canonical\" href=\"https:\/\/theplayoffs.news\/fr\/actualite-mlb\/boston-red-sox-walker-buehler-signe-1-an\/\" \/>\n<meta property=\"og:locale\" content=\"fr_FR\" \/>\n<meta property=\"og:type\" content=\"article\" \/>\n<meta property=\"og:title\" content=\"Boston Red Sox : Walker Buehler signe pour 1 an de contrat garanti - The Playoffs FR\" \/>\n<meta property=\"og:url\" content=\"https:\/\/theplayoffs.news\/fr\/actualite-mlb\/boston-red-sox-walker-buehler-signe-1-an\/\" \/>\n<meta property=\"og:site_name\" content=\"The Playoffs FR\" \/>\n<meta property=\"article:publisher\" content=\"https:\/\/www.facebook.com\/TheFreeAgentFR\/\" \/>\n<meta property=\"article:modified_time\" content=\"2024-12-23T16:39:09+01:00\" \/>\n<meta property=\"og:image\" content=\"https:\/\/theplayoffs.news\/fr\/wp-content\/uploads\/2024\/12\/USATSI_24631601.jpg\" \/>\n\t<meta property=\"og:image:width\" content=\"1920\" \/>\n\t<meta property=\"og:image:height\" content=\"1280\" \/>\n\t<meta property=\"og:image:type\" content=\"image\/jpeg\" \/>\n<meta name=\"author\" content=\"J\u00e9r\u00e9my Richaud\" \/>\n<meta name=\"twitter:card\" content=\"summary_large_image\" \/>\n<meta name=\"twitter:creator\" content=\"@x.com\/jeremy_redsox\" \/>\n<meta name=\"twitter:site\" content=\"@TheFreeAgentFR\" \/>\n<meta name=\"twitter:label1\" content=\"\u00c9crit par\" \/>\n\t<meta name=\"twitter:data1\" content=\"J\u00e9r\u00e9my Richaud\" \/>\n\t<meta name=\"twitter:label2\" content=\"Dur\u00e9e de lecture estim\u00e9e\" \/>\n\t<meta name=\"twitter:data2\" content=\"2 minutes\" \/>\n<script type=\"application\/ld+json\" class=\"yoast-schema-graph\">{\"@context\":\"https:\/\/schema.org\",\"@graph\":[{\"@type\":\"WebPage\",\"@id\":\"https:\/\/theplayoffs.news\/fr\/actualite-mlb\/boston-red-sox-walker-buehler-signe-1-an\/\",\"url\":\"https:\/\/theplayoffs.news\/fr\/actualite-mlb\/boston-red-sox-walker-buehler-signe-1-an\/\",\"name\":\"Boston Red Sox : Walker Buehler signe pour 1 an de contrat garanti - The Playoffs FR\",\"isPartOf\":{\"@id\":\"https:\/\/theplayoffs.news\/fr\/#website\"},\"primaryImageOfPage\":{\"@id\":\"https:\/\/theplayoffs.news\/fr\/actualite-mlb\/boston-red-sox-walker-buehler-signe-1-an\/#primaryimage\"},\"image\":{\"@id\":\"https:\/\/theplayoffs.news\/fr\/actualite-mlb\/boston-red-sox-walker-buehler-signe-1-an\/#primaryimage\"},\"thumbnailUrl\":\"https:\/\/theplayoffs.news\/fr\/wp-content\/uploads\/2024\/12\/USATSI_24631601.jpg\",\"datePublished\":\"2024-12-23T15:39:09+00:00\",\"dateModified\":\"2024-12-23T15:39:09+00:00\",\"author\":{\"@id\":\"https:\/\/theplayoffs.news\/fr\/#\/schema\/person\/a6d214b885a76103078818ccc94124c9\"},\"breadcrumb\":{\"@id\":\"https:\/\/theplayoffs.news\/fr\/actualite-mlb\/boston-red-sox-walker-buehler-signe-1-an\/#breadcrumb\"},\"inLanguage\":\"fr-FR\",\"potentialAction\":[{\"@type\":\"ReadAction\",\"target\":[\"https:\/\/theplayoffs.news\/fr\/actualite-mlb\/boston-red-sox-walker-buehler-signe-1-an\/\"]}]},{\"@type\":\"ImageObject\",\"inLanguage\":\"fr-FR\",\"@id\":\"https:\/\/theplayoffs.news\/fr\/actualite-mlb\/boston-red-sox-walker-buehler-signe-1-an\/#primaryimage\",\"url\":\"https:\/\/theplayoffs.news\/fr\/wp-content\/uploads\/2024\/12\/USATSI_24631601.jpg\",\"contentUrl\":\"https:\/\/theplayoffs.news\/fr\/wp-content\/uploads\/2024\/12\/USATSI_24631601.jpg\",\"width\":1920,\"height\":1280,\"caption\":\"Oct 30, 2024; New York, New York, USA; Los Angeles Dodgers pitcher Walker Buehler (21) pitches during the ninth inning against the New York Yankees in game four of the 2024 MLB World Series at Yankee Stadium. Mandatory Credit: Brad Penner-Imagn Images\"},{\"@type\":\"BreadcrumbList\",\"@id\":\"https:\/\/theplayoffs.news\/fr\/actualite-mlb\/boston-red-sox-walker-buehler-signe-1-an\/#breadcrumb\",\"itemListElement\":[{\"@type\":\"ListItem\",\"position\":1,\"name\":\"Accueil\",\"item\":\"https:\/\/theplayoffs.news\/fr\/\"},{\"@type\":\"ListItem\",\"position\":2,\"name\":\"Boston Red Sox : Walker Buehler signe pour 1 an de contrat garanti\"}]},{\"@type\":\"WebSite\",\"@id\":\"https:\/\/theplayoffs.news\/fr\/#website\",\"url\":\"https:\/\/theplayoffs.news\/fr\/\",\"name\":\"The Playoffs FR\",\"description\":\"NBA-NFL-NHL-MLB\",\"potentialAction\":[{\"@type\":\"SearchAction\",\"target\":{\"@type\":\"EntryPoint\",\"urlTemplate\":\"https:\/\/theplayoffs.news\/fr\/?s={search_term_string}\"},\"query-input\":{\"@type\":\"PropertyValueSpecification\",\"valueRequired\":true,\"valueName\":\"search_term_string\"}}],\"inLanguage\":\"fr-FR\"},{\"@type\":\"Person\",\"@id\":\"https:\/\/theplayoffs.news\/fr\/#\/schema\/person\/a6d214b885a76103078818ccc94124c9\",\"name\":\"J\u00e9r\u00e9my Richaud\",\"image\":{\"@type\":\"ImageObject\",\"inLanguage\":\"fr-FR\",\"@id\":\"https:\/\/theplayoffs.news\/fr\/#\/schema\/person\/image\/\",\"url\":\"https:\/\/secure.gravatar.com\/avatar\/80bc8135baf3a71cdd975994ee4fb05ca7e1fcf9591469241804457e0cd105a9?s=96&d=mm&r=g\",\"contentUrl\":\"https:\/\/secure.gravatar.com\/avatar\/80bc8135baf3a71cdd975994ee4fb05ca7e1fcf9591469241804457e0cd105a9?s=96&d=mm&r=g\",\"caption\":\"J\u00e9r\u00e9my Richaud\"},\"description\":\"Je suis dans la fonction publique territoriale. Pour TPO je traite uniquement la MLB (bien que secr\u00e8tement je r\u00eave d\u2019une section NASCAR). Une passion inexpliqu\u00e9e pour le baseball, j\u2019\u00e9tais surement am\u00e9ricain dans une autre vie ! Convaincu aussi que Boston est la ville o\u00f9 tout a commenc\u00e9, oui j\u2019adore les C\u2019s et les Bruins mais pas les Patriots et alors ? XD C\u2019est avec plaisir de vous faire partager, articles, podcast sur le plus beau des quatre sports US !\",\"sameAs\":[\"https:\/\/x.com\/x.com\/jeremy_redsox\"],\"url\":\"https:\/\/theplayoffs.news\/fr\/author\/jeremy83440yahoo-fr\/\"}]}<\/script>\n<!-- \/ Yoast SEO plugin. -->","yoast_head_json":{"title":"Boston Red Sox : Walker Buehler signe pour 1 an de contrat garanti - The Playoffs FR","robots":{"index":"index","follow":"follow","max-snippet":"max-snippet:-1","max-image-preview":"max-image-preview:large","max-video-preview":"max-video-preview:-1"},"canonical":"https:\/\/theplayoffs.news\/fr\/actualite-mlb\/boston-red-sox-walker-buehler-signe-1-an\/","og_locale":"fr_FR","og_type":"article","og_title":"Boston Red Sox : Walker Buehler signe pour 1 an de contrat garanti - The Playoffs FR","og_url":"https:\/\/theplayoffs.news\/fr\/actualite-mlb\/boston-red-sox-walker-buehler-signe-1-an\/","og_site_name":"The Playoffs FR","article_publisher":"https:\/\/www.facebook.com\/TheFreeAgentFR\/","og_image":[{"width":1920,"height":1280,"url":"https:\/\/theplayoffs.news\/fr\/wp-content\/uploads\/2024\/12\/USATSI_24631601.jpg","type":"image\/jpeg"}],"author":"J\u00e9r\u00e9my Richaud","twitter_card":"summary_large_image","twitter_creator":"@x.com\/jeremy_redsox","twitter_site":"@TheFreeAgentFR","twitter_misc":{"\u00c9crit par":"J\u00e9r\u00e9my Richaud","Dur\u00e9e de lecture estim\u00e9e":"2 minutes"},"schema":{"@context":"https:\/\/schema.org","@graph":[{"@type":"WebPage","@id":"https:\/\/theplayoffs.news\/fr\/actualite-mlb\/boston-red-sox-walker-buehler-signe-1-an\/","url":"https:\/\/theplayoffs.news\/fr\/actualite-mlb\/boston-red-sox-walker-buehler-signe-1-an\/","name":"Boston Red Sox : Walker Buehler signe pour 1 an de contrat garanti - The Playoffs FR","isPartOf":{"@id":"https:\/\/theplayoffs.news\/fr\/#website"},"primaryImageOfPage":{"@id":"https:\/\/theplayoffs.news\/fr\/actualite-mlb\/boston-red-sox-walker-buehler-signe-1-an\/#primaryimage"},"image":{"@id":"https:\/\/theplayoffs.news\/fr\/actualite-mlb\/boston-red-sox-walker-buehler-signe-1-an\/#primaryimage"},"thumbnailUrl":"https:\/\/theplayoffs.news\/fr\/wp-content\/uploads\/2024\/12\/USATSI_24631601.jpg","datePublished":"2024-12-23T15:39:09+00:00","dateModified":"2024-12-23T15:39:09+00:00","author":{"@id":"https:\/\/theplayoffs.news\/fr\/#\/schema\/person\/a6d214b885a76103078818ccc94124c9"},"breadcrumb":{"@id":"https:\/\/theplayoffs.news\/fr\/actualite-mlb\/boston-red-sox-walker-buehler-signe-1-an\/#breadcrumb"},"inLanguage":"fr-FR","potentialAction":[{"@type":"ReadAction","target":["https:\/\/theplayoffs.news\/fr\/actualite-mlb\/boston-red-sox-walker-buehler-signe-1-an\/"]}]},{"@type":"ImageObject","inLanguage":"fr-FR","@id":"https:\/\/theplayoffs.news\/fr\/actualite-mlb\/boston-red-sox-walker-buehler-signe-1-an\/#primaryimage","url":"https:\/\/theplayoffs.news\/fr\/wp-content\/uploads\/2024\/12\/USATSI_24631601.jpg","contentUrl":"https:\/\/theplayoffs.news\/fr\/wp-content\/uploads\/2024\/12\/USATSI_24631601.jpg","width":1920,"height":1280,"caption":"Oct 30, 2024; New York, New York, USA; Los Angeles Dodgers pitcher Walker Buehler (21) pitches during the ninth inning against the New York Yankees in game four of the 2024 MLB World Series at Yankee Stadium. Mandatory Credit: Brad Penner-Imagn Images"},{"@type":"BreadcrumbList","@id":"https:\/\/theplayoffs.news\/fr\/actualite-mlb\/boston-red-sox-walker-buehler-signe-1-an\/#breadcrumb","itemListElement":[{"@type":"ListItem","position":1,"name":"Accueil","item":"https:\/\/theplayoffs.news\/fr\/"},{"@type":"ListItem","position":2,"name":"Boston Red Sox : Walker Buehler signe pour 1 an de contrat garanti"}]},{"@type":"WebSite","@id":"https:\/\/theplayoffs.news\/fr\/#website","url":"https:\/\/theplayoffs.news\/fr\/","name":"The Playoffs FR","description":"NBA-NFL-NHL-MLB","potentialAction":[{"@type":"SearchAction","target":{"@type":"EntryPoint","urlTemplate":"https:\/\/theplayoffs.news\/fr\/?s={search_term_string}"},"query-input":{"@type":"PropertyValueSpecification","valueRequired":true,"valueName":"search_term_string"}}],"inLanguage":"fr-FR"},{"@type":"Person","@id":"https:\/\/theplayoffs.news\/fr\/#\/schema\/person\/a6d214b885a76103078818ccc94124c9","name":"J\u00e9r\u00e9my Richaud","image":{"@type":"ImageObject","inLanguage":"fr-FR","@id":"https:\/\/theplayoffs.news\/fr\/#\/schema\/person\/image\/","url":"https:\/\/secure.gravatar.com\/avatar\/80bc8135baf3a71cdd975994ee4fb05ca7e1fcf9591469241804457e0cd105a9?s=96&d=mm&r=g","contentUrl":"https:\/\/secure.gravatar.com\/avatar\/80bc8135baf3a71cdd975994ee4fb05ca7e1fcf9591469241804457e0cd105a9?s=96&d=mm&r=g","caption":"J\u00e9r\u00e9my Richaud"},"description":"Je suis dans la fonction publique territoriale. Pour TPO je traite uniquement la MLB (bien que secr\u00e8tement je r\u00eave d\u2019une section NASCAR). Une passion inexpliqu\u00e9e pour le baseball, j\u2019\u00e9tais surement am\u00e9ricain dans une autre vie ! Convaincu aussi que Boston est la ville o\u00f9 tout a commenc\u00e9, oui j\u2019adore les C\u2019s et les Bruins mais pas les Patriots et alors ? XD C\u2019est avec plaisir de vous faire partager, articles, podcast sur le plus beau des quatre sports US !","sameAs":["https:\/\/x.com\/x.com\/jeremy_redsox"],"url":"https:\/\/theplayoffs.news\/fr\/author\/jeremy83440yahoo-fr\/"}]}},"_links":{"self":[{"href":"https:\/\/theplayoffs.news\/fr\/wp-json\/wp\/v2\/posts\/1471849","targetHints":{"allow":["GET"]}}],"collection":[{"href":"https:\/\/theplayoffs.news\/fr\/wp-json\/wp\/v2\/posts"}],"about":[{"href":"https:\/\/theplayoffs.news\/fr\/wp-json\/wp\/v2\/types\/post"}],"author":[{"embeddable":true,"href":"https:\/\/theplayoffs.news\/fr\/wp-json\/wp\/v2\/users\/180310059"}],"replies":[{"embeddable":true,"href":"https:\/\/theplayoffs.news\/fr\/wp-json\/wp\/v2\/comments?post=1471849"}],"version-history":[{"count":6,"href":"https:\/\/theplayoffs.news\/fr\/wp-json\/wp\/v2\/posts\/1471849\/revisions"}],"predecessor-version":[{"id":1471860,"href":"https:\/\/theplayoffs.news\/fr\/wp-json\/wp\/v2\/posts\/1471849\/revisions\/1471860"}],"wp:featuredmedia":[{"embeddable":true,"href":"https:\/\/theplayoffs.news\/fr\/wp-json\/wp\/v2\/media\/1471855"}],"wp:attachment":[{"href":"https:\/\/theplayoffs.news\/fr\/wp-json\/wp\/v2\/media?parent=1471849"}],"wp:term":[{"taxonomy":"category","embeddable":true,"href":"https:\/\/theplayoffs.news\/fr\/wp-json\/wp\/v2\/categories?post=1471849"},{"taxonomy":"post_tag","embeddable":true,"href":"https:\/\/theplayoffs.news\/fr\/wp-json\/wp\/v2\/tags?post=1471849"},{"taxonomy":"sport","embeddable":true,"href":"https:\/\/theplayoffs.news\/fr\/wp-json\/wp\/v2\/sport?post=1471849"},{"taxonomy":"saison","embeddable":true,"href":"https:\/\/theplayoffs.news\/fr\/wp-json\/wp\/v2\/saison?post=1471849"}],"curies":[{"name":"wp","href":"https:\/\/api.w.org\/{rel}","templated":true}]}}