{"id":1471825,"date":"2024-12-23T08:25:10","date_gmt":"2024-12-23T07:25:10","guid":{"rendered":"https:\/\/theplayoffs.news\/fr\/?p=1471825"},"modified":"2024-12-23T08:15:09","modified_gmt":"2024-12-23T07:15:09","slug":"nationals-acquisition-nathaniel-lowe","status":"publish","type":"post","link":"https:\/\/theplayoffs.news\/fr\/actualite-mlb\/nationals-acquisition-nathaniel-lowe\/","title":{"rendered":"Les Nationals renforcent la premi\u00e8re base avec Nathaniel Lowe"},"content":{"rendered":"<p>On continue avec le march&eacute; des premi&egrave;res base tendance de l&rsquo;hiver 2025, soyez &agrave; la mode, procurez vous un premi&egrave;re base! Les <strong>Washington Nationals<\/strong> ont acquis <strong>Nathaniel Lowe<\/strong> des <strong>Texas Rangers<\/strong>, en &eacute;change de lanceur de rel&egrave;ve gaucher <strong>Robert Garcia.<\/strong> Cet &eacute;change permet aux <strong>Nationals<\/strong> de combler un besoin important en 1B apr&egrave;s une saison o&ugrave; plusieurs joueurs ont &eacute;t&eacute; utilis&eacute;s &agrave; ce poste sans v&eacute;ritable succ&egrave;s.<\/p><h4><strong>Nathaniel Lowe : Un Ajout Solide &agrave; la Premi&egrave;re Base<\/strong><\/h4><p><strong>Nathaniel Lowe<\/strong>, 29 ans, a jou&eacute; six saisons avec les <strong>Tampa Bay Rays<\/strong> et les <strong>Texas Rangers<\/strong>. En 2024, il a frapp&eacute; <strong>16 home runs<\/strong>, avec une &laquo;&nbsp;slash line&nbsp;&raquo; de <strong>.265\/.361\/.401<\/strong> et <strong>69 RBIs<\/strong>. <strong>Lowe<\/strong> est r&eacute;put&eacute; pour sa capacit&eacute; &agrave; se rendre sur base, avec une moyenne de <strong>.361<\/strong> en <strong>OBP<\/strong> cette saison, ce qui est un point fort pour un joueur de premi&egrave;re base.<\/p><blockquote class=\"twitter-tweet\">\n<p dir=\"ltr\" lang=\"en\">The Nationals are acquiring Nathaniel Lowe from the Rangers for Robert Garcia, per multiple reports <a href=\"https:\/\/t.co\/FLOXTeJDmG\" class=\"trk-cta-link\" data-cta-trk='{\"ctaType\":\"Link\",\"ctaSubType\":\"main\"}'>pic.twitter.com\/FLOXTeJDmG<\/a><\/p>\n<p>&mdash; FOX Sports: MLB (@MLBONFOX) <a href=\"https:\/\/twitter.com\/MLBONFOX\/status\/1870965210707607867?ref_src=twsrc%5Etfw\" class=\"trk-cta-link\" data-cta-trk='{\"ctaType\":\"Link\",\"ctaSubType\":\"main\"}'>December 22, 2024<\/a><\/p><\/blockquote><p><script async src=\"https:\/\/platform.twitter.com\/widgets.js\" charset=\"utf-8\"><\/script><br>\nIl est &eacute;galement un d&eacute;fenseur solide, ayant enregistr&eacute; un excellent <strong>fielding pourcentage<\/strong> (.995) en <strong>2024.<\/strong> En <strong>2023<\/strong>, <strong>Lowe<\/strong> a remport&eacute; un <strong>Gold Glove<\/strong> et a &eacute;t&eacute; un artisant de la <a href=\"https:\/\/theplayoffs.news\/fr\/mlb\/actualite-mlb\/world-series-2023-un-vent-de-fraicheur-sabat-sur-la-mlb\/\" class=\"trk-cta-link\" data-cta-trk='{\"ctaType\":\"Link\",\"ctaSubType\":\"main\"}'>victoire des <strong>Rangers<\/strong> en <strong>World Series.<\/strong><\/a> Avec ses comp&eacute;tences en attaque et en d&eacute;fense, il est un excellent choix pour les <strong>Nationals<\/strong> qui ont d&ucirc; faire face &agrave; un manque de stabilit&eacute; en premi&egrave;re base en <strong>2024<\/strong>, utilisant quatre joueurs au poste durant la saison.<\/p><h4><strong>Renforcer l&rsquo;Attaque des Nationals<\/strong><\/h4><p>L&rsquo;acquisition de <strong>Lowe<\/strong> permet aux <strong>Nationals<\/strong> de renforcer leur attaque, surtout apr&egrave;s une saison o&ugrave; ils ont &eacute;t&eacute; en bas des classements statistiques offensifs. Avec des joueurs comme <strong>CJ Abrams<\/strong>, qui a montr&eacute; des progr&egrave;s en <strong>2024<\/strong>, <strong>Lowe<\/strong> peut &ecirc;tre un atout pour compl&eacute;ter l&rsquo;alignement.<\/p><blockquote><p>&laquo;&nbsp;Nous avons plusieurs postes &agrave; renforcer, dont la premi&egrave;re base et le DH&nbsp;&raquo;<\/p><\/blockquote><p>a d&eacute;clar&eacute; <strong>Mike Rizzo, <\/strong>president of baseball operations des <strong>Nats<\/strong>. <strong>Lowe<\/strong> devrait aider &agrave; combler cette lacune, tout en apportant de la stabilit&eacute; au poste.<\/p><h4><strong>L&rsquo;&Eacute;change de Robert Garcia : Un &Eacute;quilibre &agrave; Trouver<\/strong><\/h4><p>En retour, les <strong>Rangers<\/strong> r&eacute;cup&egrave;rent <strong>Robert Garcia<\/strong>, un releveur gaucher qui a eu une saison plut&ocirc;t moyenne en <strong>2024<\/strong>, avec un <strong>ERA<\/strong> de <strong>4.22<\/strong> en <strong>72 matchs<\/strong>. Bien qu&rsquo;il ait souffert de <strong>malchances<\/strong> sur certains aspects (<em>son BABIP &eacute;tait relativement &eacute;lev&eacute;, en d&rsquo;autre terme les frappeurs adverses ont eu de la chance avec les balles mises en jeu<\/em>), il reste un releveur capable de contribuer positivement au <strong>bullpen <\/strong>des <strong>texans <\/strong>et on sait que<a href=\"https:\/\/theplayoffs.news\/fr\/mlb\/bruce-bochy-entretien-avec-legende\/\" class=\"trk-cta-link\" data-cta-trk='{\"ctaType\":\"Link\",\"ctaSubType\":\"main\"}'><strong> Bruce Bochy <\/strong><\/a>aime s&rsquo;appuyer sur un solide <strong>&laquo;&nbsp;pitching Staff&nbsp;&raquo;.<\/strong>&nbsp;Ce transfert peut offrir aux <strong>Rangers<\/strong> un bon joueur &agrave; long terme, &eacute;tant donn&eacute; que <strong>Garcia<\/strong> n&rsquo;est pas &eacute;ligible &agrave; l&rsquo;<strong>&laquo;&nbsp;arbitration&nbsp;&raquo;<\/strong> avant 2026.<\/p><blockquote class=\"twitter-tweet\">\n<p dir=\"ltr\" lang=\"en\">We&rsquo;ve acquired LHP Robert Garcia from the Washington Nationals in exchange for 1B Nathaniel Lowe. <a href=\"https:\/\/t.co\/dwIhdrSIbw\" class=\"trk-cta-link\" data-cta-trk='{\"ctaType\":\"Link\",\"ctaSubType\":\"main\"}'>pic.twitter.com\/dwIhdrSIbw<\/a><\/p>\n<p>&mdash; Texas Rangers (@Rangers) <a href=\"https:\/\/twitter.com\/Rangers\/status\/1870970145289707858?ref_src=twsrc%5Etfw\" class=\"trk-cta-link\" data-cta-trk='{\"ctaType\":\"Link\",\"ctaSubType\":\"main\"}'>December 22, 2024<\/a><\/p><\/blockquote><p><script async src=\"https:\/\/platform.twitter.com\/widgets.js\" charset=\"utf-8\"><\/script><br>\nPour les <strong>Nationals<\/strong>, perdre <strong>Garcia<\/strong> n&rsquo;est pas sans cons&eacute;quence, car il avait &eacute;t&eacute; un des piliers de leur <strong>bullpen<\/strong>. Cependant, l&rsquo;&eacute;quipe semble avoir jug&eacute; que l&rsquo;ajout de <strong>Lowe<\/strong> &eacute;tait plus urgent pour leur alignement, et l&rsquo;impact de <strong>Garcia<\/strong> dans le <strong>bullpen<\/strong> pourrait &ecirc;tre compens&eacute; par d&rsquo;autres options internes, notamment dans les <strong>prospects<\/strong>.<\/p><h4><strong>L&rsquo;Avenir des Nationals : Vers un Renfort &agrave; Long Terme<\/strong><\/h4><p>Avec l&rsquo;arriv&eacute;e de <strong>Lowe<\/strong>, les <strong>Nationals<\/strong> cherchent &agrave; construire une &eacute;quipe plus comp&eacute;titive. En int&eacute;grant des joueurs comme <strong>Lowe<\/strong>, aux c&ocirc;t&eacute;s de <a href=\"https:\/\/theplayoffs.news\/fr\/mlb\/juan-soto-debarque-chez-les-padres\/\" class=\"trk-cta-link\" data-cta-trk='{\"ctaType\":\"Link\",\"ctaSubType\":\"main\"}'>jeunes talents comme <strong>Abrams<\/strong>, <strong>Woods<\/strong><\/a> et <strong>Crews<\/strong> (qui pourrait arriver en 2025), ils pr&eacute;parent le terrain pour une &eacute;quipe plus forte &agrave; partir de <strong>2026. <\/strong>Ajoutons &agrave; cela, le <strong>premier choix d<\/strong>e la <strong>draft 2025 <\/strong>et l&rsquo;avenir semble promis aux Nats. Le d&eacute;part de <strong>Joey Gallo<\/strong>, qui avait &eacute;t&eacute; utilis&eacute; en premi&egrave;re base avant que l&rsquo;&eacute;quipe n&rsquo;opte pour acheter sa clause en novembre, montre &eacute;galement l&rsquo;envie des <strong>Nationals<\/strong> de se concentrer sur des joueurs plus constants &agrave; des postes-cl&eacute;s.<\/p><p>Bien que l&rsquo;&eacute;change de <strong>Garcia<\/strong> laisse un vide dans leur <strong>bullpen<\/strong>, <strong>Washington<\/strong> prend des mesures pour am&eacute;liorer son attaque. Si <strong>Lowe<\/strong> se montre &agrave; la hauteur de ses performances pass&eacute;es, il pourrait jouer un r&ocirc;le essentiel dans l&rsquo;&eacute;volution de l&rsquo;&eacute;quipe.<\/p><p><label>Credit:<\/label><\/p><p class=\"ng-binding\">&copy; Tim Heitman-Imagn Images<\/p>\n","protected":false},"excerpt":{"rendered":"","protected":false},"author":180310249,"featured_media":1471826,"comment_status":"open","ping_status":"closed","sticky":false,"template":"","format":"standard","meta":{"inline_featured_image":false,"kia_subtitle":"","_mux_skip_reasons":[],"proofreadBy":0,"footnotes":""},"categories":[188,9],"tags":[7907,7923,461,446],"sport":[2786],"saison":[7475],"class_list":["post-1471825","post","type-post","status-publish","format-standard","has-post-thumbnail","hentry","category-actualite-mlb","category-mlb","tag-mlb-trade","tag-nathaniel-lowe","tag-texas-rangers","tag-washington-nationals","sport-mlb","saison-7475"],"acf":[],"yoast_head":"<!-- This site is optimized with the Yoast SEO plugin v24.2 - https:\/\/yoast.com\/wordpress\/plugins\/seo\/ -->\n<title>Les Nationals renforcent la premi&egrave;re base avec Nathaniel Lowe - The Playoffs FR<\/title>\n<meta name=\"robots\" content=\"index, follow, max-snippet:-1, max-image-preview:large, max-video-preview:-1\" \/>\n<link rel=\"canonical\" href=\"https:\/\/theplayoffs.news\/fr\/actualite-mlb\/nationals-acquisition-nathaniel-lowe\/\" \/>\n<meta property=\"og:locale\" content=\"fr_FR\" \/>\n<meta property=\"og:type\" content=\"article\" \/>\n<meta property=\"og:title\" content=\"Les Nationals renforcent la premi&egrave;re base avec Nathaniel Lowe - The Playoffs FR\" \/>\n<meta property=\"og:url\" content=\"https:\/\/theplayoffs.news\/fr\/actualite-mlb\/nationals-acquisition-nathaniel-lowe\/\" \/>\n<meta property=\"og:site_name\" content=\"The Playoffs FR\" \/>\n<meta property=\"article:publisher\" content=\"https:\/\/www.facebook.com\/TheFreeAgentFR\/\" \/>\n<meta property=\"article:modified_time\" content=\"2024-12-23T08:25:10+01:00\" \/>\n<meta property=\"og:image\" content=\"https:\/\/theplayoffs.news\/fr\/wp-content\/uploads\/2024\/12\/USATSI_24283018.jpg\" \/>\n\t<meta property=\"og:image:width\" content=\"1920\" \/>\n\t<meta property=\"og:image:height\" content=\"1280\" \/>\n\t<meta property=\"og:image:type\" content=\"image\/jpeg\" \/>\n<meta name=\"author\" content=\"Julien Farsy\" \/>\n<meta name=\"twitter:card\" content=\"summary_large_image\" \/>\n<meta name=\"twitter:creator\" content=\"@thefrenchdugout\" \/>\n<meta name=\"twitter:site\" content=\"@TheFreeAgentFR\" \/>\n<meta name=\"twitter:label1\" content=\"\u00c9crit par\" \/>\n\t<meta name=\"twitter:data1\" content=\"Julien Farsy\" \/>\n\t<meta name=\"twitter:label2\" content=\"Dur\u00e9e de lecture estim\u00e9e\" \/>\n\t<meta name=\"twitter:data2\" content=\"3 minutes\" \/>\n<script type=\"application\/ld+json\" class=\"yoast-schema-graph\">{\"@context\":\"https:\/\/schema.org\",\"@graph\":[{\"@type\":\"WebPage\",\"@id\":\"https:\/\/theplayoffs.news\/fr\/actualite-mlb\/nationals-acquisition-nathaniel-lowe\/\",\"url\":\"https:\/\/theplayoffs.news\/fr\/actualite-mlb\/nationals-acquisition-nathaniel-lowe\/\",\"name\":\"Les Nationals renforcent la premi\u00e8re base avec Nathaniel Lowe - The Playoffs FR\",\"isPartOf\":{\"@id\":\"https:\/\/theplayoffs.news\/fr\/#website\"},\"primaryImageOfPage\":{\"@id\":\"https:\/\/theplayoffs.news\/fr\/actualite-mlb\/nationals-acquisition-nathaniel-lowe\/#primaryimage\"},\"image\":{\"@id\":\"https:\/\/theplayoffs.news\/fr\/actualite-mlb\/nationals-acquisition-nathaniel-lowe\/#primaryimage\"},\"thumbnailUrl\":\"https:\/\/theplayoffs.news\/fr\/wp-content\/uploads\/2024\/12\/USATSI_24283018.jpg\",\"datePublished\":\"2024-12-23T07:25:10+00:00\",\"dateModified\":\"2024-12-23T08:25:10+01:00\",\"author\":{\"@id\":\"https:\/\/theplayoffs.news\/fr\/#\/schema\/person\/51111e94bd2107e63692a0742e68cc78\"},\"breadcrumb\":{\"@id\":\"https:\/\/theplayoffs.news\/fr\/actualite-mlb\/nationals-acquisition-nathaniel-lowe\/#breadcrumb\"},\"inLanguage\":\"fr-FR\",\"potentialAction\":[{\"@type\":\"ReadAction\",\"target\":[\"https:\/\/theplayoffs.news\/fr\/actualite-mlb\/nationals-acquisition-nathaniel-lowe\/\"]}]},{\"@type\":\"ImageObject\",\"inLanguage\":\"fr-FR\",\"@id\":\"https:\/\/theplayoffs.news\/fr\/actualite-mlb\/nationals-acquisition-nathaniel-lowe\/#primaryimage\",\"url\":\"https:\/\/theplayoffs.news\/fr\/wp-content\/uploads\/2024\/12\/USATSI_24283018.jpg\",\"contentUrl\":\"https:\/\/theplayoffs.news\/fr\/wp-content\/uploads\/2024\/12\/USATSI_24283018.jpg\",\"width\":1920,\"height\":1280,\"caption\":\"Les Nationals acqui\u00e8rent Nathaniel Lowe des Rangers pour renforcer la premi\u00e8re base, en \u00e9change du releveur gaucher Robert Garcia.\"},{\"@type\":\"BreadcrumbList\",\"@id\":\"https:\/\/theplayoffs.news\/fr\/actualite-mlb\/nationals-acquisition-nathaniel-lowe\/#breadcrumb\",\"itemListElement\":[{\"@type\":\"ListItem\",\"position\":1,\"name\":\"Accueil\",\"item\":\"https:\/\/theplayoffs.news\/fr\/\"},{\"@type\":\"ListItem\",\"position\":2,\"name\":\"Les Nationals renforcent la premi\u00e8re base avec Nathaniel Lowe\"}]},{\"@type\":\"WebSite\",\"@id\":\"https:\/\/theplayoffs.news\/fr\/#website\",\"url\":\"https:\/\/theplayoffs.news\/fr\/\",\"name\":\"The Playoffs FR\",\"description\":\"NBA-NFL-NHL-MLB\",\"potentialAction\":[{\"@type\":\"SearchAction\",\"target\":{\"@type\":\"EntryPoint\",\"urlTemplate\":\"https:\/\/theplayoffs.news\/fr\/?s={search_term_string}\"},\"query-input\":{\"@type\":\"PropertyValueSpecification\",\"valueRequired\":true,\"valueName\":\"search_term_string\"}}],\"inLanguage\":\"fr-FR\"},{\"@type\":\"Person\",\"@id\":\"https:\/\/theplayoffs.news\/fr\/#\/schema\/person\/51111e94bd2107e63692a0742e68cc78\",\"name\":\"Julien Farsy\",\"image\":{\"@type\":\"ImageObject\",\"inLanguage\":\"fr-FR\",\"@id\":\"https:\/\/theplayoffs.news\/fr\/#\/schema\/person\/image\/\",\"url\":\"https:\/\/secure.gravatar.com\/avatar\/459de1b1e59a6aa6e6b85ed839ee05e1569259e61fffdb66f3dd7c975117592c?s=96&d=mm&r=g\",\"contentUrl\":\"https:\/\/secure.gravatar.com\/avatar\/459de1b1e59a6aa6e6b85ed839ee05e1569259e61fffdb66f3dd7c975117592c?s=96&d=mm&r=g\",\"caption\":\"Julien Farsy\"},\"description\":\"R\u00e9dacteur et podcast MLB principalement, un peu de NBA et un peu de NFL aussi. Kin\u00e9 de m\u00e9tier, ancien joueur de l\\\\'\u00e9quipe de France de Flag Football et de Football Americain. J\\\\'ai grandi berc\u00e9 par les sports US et la culture US. J\\\\'adore d\u00e9battre et analyser le sport. J\\\\'\u00e9tais un jour \\\\\\\"free agent\\\\\\\" et j\\\\'ai eu l\\\\'opportunit\u00e9 avec The Playoffs de partager mon analyse, je m\\\\'eclate.\",\"sameAs\":[\"https:\/\/www.instagram.com\/thefrenchdugout\/\",\"https:\/\/x.com\/thefrenchdugout\"],\"url\":\"https:\/\/theplayoffs.news\/fr\/author\/julien-farsyyahoo-fr\/\"}]}<\/script>\n<!-- \/ Yoast SEO plugin. -->","yoast_head_json":{"title":"Les Nationals renforcent la premi&egrave;re base avec Nathaniel Lowe - The Playoffs FR","robots":{"index":"index","follow":"follow","max-snippet":"max-snippet:-1","max-image-preview":"max-image-preview:large","max-video-preview":"max-video-preview:-1"},"canonical":"https:\/\/theplayoffs.news\/fr\/actualite-mlb\/nationals-acquisition-nathaniel-lowe\/","og_locale":"fr_FR","og_type":"article","og_title":"Les Nationals renforcent la premi&egrave;re base avec Nathaniel Lowe - The Playoffs FR","og_url":"https:\/\/theplayoffs.news\/fr\/actualite-mlb\/nationals-acquisition-nathaniel-lowe\/","og_site_name":"The Playoffs FR","article_publisher":"https:\/\/www.facebook.com\/TheFreeAgentFR\/","article_modified_time":"2024-12-23T07:15:09+00:00","og_image":[{"width":1920,"height":1280,"url":"https:\/\/theplayoffs.news\/fr\/wp-content\/uploads\/2024\/12\/USATSI_24283018.jpg","type":"image\/jpeg"}],"author":"Julien Farsy","twitter_card":"summary_large_image","twitter_creator":"@thefrenchdugout","twitter_site":"@TheFreeAgentFR","twitter_misc":{"\u00c9crit par":"Julien Farsy","Dur\u00e9e de lecture estim\u00e9e":"3 minutes"},"schema":{"@context":"https:\/\/schema.org","@graph":[{"@type":"WebPage","@id":"https:\/\/theplayoffs.news\/fr\/actualite-mlb\/nationals-acquisition-nathaniel-lowe\/","url":"https:\/\/theplayoffs.news\/fr\/actualite-mlb\/nationals-acquisition-nathaniel-lowe\/","name":"Les Nationals renforcent la premi\u00e8re base avec Nathaniel Lowe - The Playoffs FR","isPartOf":{"@id":"https:\/\/theplayoffs.news\/fr\/#website"},"primaryImageOfPage":{"@id":"https:\/\/theplayoffs.news\/fr\/actualite-mlb\/nationals-acquisition-nathaniel-lowe\/#primaryimage"},"image":{"@id":"https:\/\/theplayoffs.news\/fr\/actualite-mlb\/nationals-acquisition-nathaniel-lowe\/#primaryimage"},"thumbnailUrl":"https:\/\/theplayoffs.news\/fr\/wp-content\/uploads\/2024\/12\/USATSI_24283018.jpg","datePublished":"2024-12-23T07:25:10+00:00","dateModified":"2024-12-23T08:25:10+01:00","author":{"@id":"https:\/\/theplayoffs.news\/fr\/#\/schema\/person\/51111e94bd2107e63692a0742e68cc78"},"breadcrumb":{"@id":"https:\/\/theplayoffs.news\/fr\/actualite-mlb\/nationals-acquisition-nathaniel-lowe\/#breadcrumb"},"inLanguage":"fr-FR","potentialAction":[{"@type":"ReadAction","target":["https:\/\/theplayoffs.news\/fr\/actualite-mlb\/nationals-acquisition-nathaniel-lowe\/"]}]},{"@type":"ImageObject","inLanguage":"fr-FR","@id":"https:\/\/theplayoffs.news\/fr\/actualite-mlb\/nationals-acquisition-nathaniel-lowe\/#primaryimage","url":"https:\/\/theplayoffs.news\/fr\/wp-content\/uploads\/2024\/12\/USATSI_24283018.jpg","contentUrl":"https:\/\/theplayoffs.news\/fr\/wp-content\/uploads\/2024\/12\/USATSI_24283018.jpg","width":1920,"height":1280,"caption":"Les Nationals acqui\u00e8rent Nathaniel Lowe des Rangers pour renforcer la premi\u00e8re base, en \u00e9change du releveur gaucher Robert Garcia."},{"@type":"BreadcrumbList","@id":"https:\/\/theplayoffs.news\/fr\/actualite-mlb\/nationals-acquisition-nathaniel-lowe\/#breadcrumb","itemListElement":[{"@type":"ListItem","position":1,"name":"Accueil","item":"https:\/\/theplayoffs.news\/fr\/"},{"@type":"ListItem","position":2,"name":"Les Nationals renforcent la premi\u00e8re base avec Nathaniel Lowe"}]},{"@type":"WebSite","@id":"https:\/\/theplayoffs.news\/fr\/#website","url":"https:\/\/theplayoffs.news\/fr\/","name":"The Playoffs FR","description":"NBA-NFL-NHL-MLB","potentialAction":[{"@type":"SearchAction","target":{"@type":"EntryPoint","urlTemplate":"https:\/\/theplayoffs.news\/fr\/?s={search_term_string}"},"query-input":{"@type":"PropertyValueSpecification","valueRequired":true,"valueName":"search_term_string"}}],"inLanguage":"fr-FR"},{"@type":"Person","@id":"https:\/\/theplayoffs.news\/fr\/#\/schema\/person\/51111e94bd2107e63692a0742e68cc78","name":"Julien Farsy","image":{"@type":"ImageObject","inLanguage":"fr-FR","@id":"https:\/\/theplayoffs.news\/fr\/#\/schema\/person\/image\/","url":"https:\/\/secure.gravatar.com\/avatar\/459de1b1e59a6aa6e6b85ed839ee05e1569259e61fffdb66f3dd7c975117592c?s=96&d=mm&r=g","contentUrl":"https:\/\/secure.gravatar.com\/avatar\/459de1b1e59a6aa6e6b85ed839ee05e1569259e61fffdb66f3dd7c975117592c?s=96&d=mm&r=g","caption":"Julien Farsy"},"description":"R\u00e9dacteur et podcast MLB principalement, un peu de NBA et un peu de NFL aussi. Kin\u00e9 de m\u00e9tier, ancien joueur de l\\'\u00e9quipe de France de Flag Football et de Football Americain. J\\'ai grandi berc\u00e9 par les sports US et la culture US. J\\'adore d\u00e9battre et analyser le sport. J\\'\u00e9tais un jour \\\"free agent\\\" et j\\'ai eu l\\'opportunit\u00e9 avec The Playoffs de partager mon analyse, je m\\'eclate.","sameAs":["https:\/\/www.instagram.com\/thefrenchdugout\/","https:\/\/x.com\/thefrenchdugout"],"url":"https:\/\/theplayoffs.news\/fr\/author\/julien-farsyyahoo-fr\/"}]}},"_links":{"self":[{"href":"https:\/\/theplayoffs.news\/fr\/wp-json\/wp\/v2\/posts\/1471825","targetHints":{"allow":["GET"]}}],"collection":[{"href":"https:\/\/theplayoffs.news\/fr\/wp-json\/wp\/v2\/posts"}],"about":[{"href":"https:\/\/theplayoffs.news\/fr\/wp-json\/wp\/v2\/types\/post"}],"author":[{"embeddable":true,"href":"https:\/\/theplayoffs.news\/fr\/wp-json\/wp\/v2\/users\/180310249"}],"replies":[{"embeddable":true,"href":"https:\/\/theplayoffs.news\/fr\/wp-json\/wp\/v2\/comments?post=1471825"}],"version-history":[{"count":2,"href":"https:\/\/theplayoffs.news\/fr\/wp-json\/wp\/v2\/posts\/1471825\/revisions"}],"predecessor-version":[{"id":1471828,"href":"https:\/\/theplayoffs.news\/fr\/wp-json\/wp\/v2\/posts\/1471825\/revisions\/1471828"}],"wp:featuredmedia":[{"embeddable":true,"href":"https:\/\/theplayoffs.news\/fr\/wp-json\/wp\/v2\/media\/1471826"}],"wp:attachment":[{"href":"https:\/\/theplayoffs.news\/fr\/wp-json\/wp\/v2\/media?parent=1471825"}],"wp:term":[{"taxonomy":"category","embeddable":true,"href":"https:\/\/theplayoffs.news\/fr\/wp-json\/wp\/v2\/categories?post=1471825"},{"taxonomy":"post_tag","embeddable":true,"href":"https:\/\/theplayoffs.news\/fr\/wp-json\/wp\/v2\/tags?post=1471825"},{"taxonomy":"sport","embeddable":true,"href":"https:\/\/theplayoffs.news\/fr\/wp-json\/wp\/v2\/sport?post=1471825"},{"taxonomy":"saison","embeddable":true,"href":"https:\/\/theplayoffs.news\/fr\/wp-json\/wp\/v2\/saison?post=1471825"}],"curies":[{"name":"wp","href":"https:\/\/api.w.org\/{rel}","templated":true}]}}