{"id":1471387,"date":"2024-12-19T14:39:40","date_gmt":"2024-12-19T13:39:40","guid":{"rendered":"https:\/\/theplayoffs.news\/fr\/?p=1471387"},"modified":"2024-12-19T14:39:40","modified_gmt":"2024-12-19T13:39:40","slug":"los-angeles-rams-mcvay-pas-interesse-odell","status":"publish","type":"post","link":"https:\/\/theplayoffs.news\/fr\/actualite-nfl\/los-angeles-rams-mcvay-pas-interesse-odell\/","title":{"rendered":"Los Angeles Rams: Sean McVay pas int\u00e9ress\u00e9 par un retour d&rsquo;Odell Beckham Jr?"},"content":{"rendered":"<h2>NFL &ndash; L&rsquo;entra&icirc;neur des Los Angeles Rams, Sean McVay, ne semble pas vraiment enclin &agrave; faire revenir Odell Beckham Jr dans son effectif.<\/h2><p>Une r&eacute;union entre le receveur Odell Beckham Jr et les Los Angeles Rams est-elle possible avant la fin de cette saison 2024? Rien n&rsquo;est moins s&ucirc;r! Le receveur de 32 ans, qui a commenc&eacute; la saison avec les Miami Dolphins, fut<a href=\"https:\/\/theplayoffs.news\/fr\/nfl\/odell-beckham-jr-quitte-les-miami-dolphins\/\" class=\"trk-cta-link\" data-cta-trk='{\"ctaType\":\"Link\",\"ctaSubType\":\"main\"}'> coup&eacute; la semaine derni&egrave;re de l&rsquo;effectif floridien<\/a> apr&egrave;s avoir cumul&eacute; seulement 9 r&eacute;ceptions et 55 yards depuis le d&eacute;but de cette saison 2024. C&rsquo;est donc tout naturellement que les regards se sont tourn&eacute;s vers les anciennes &eacute;quipes du receveur pour voir si ce dernier avait une possibilit&eacute; de participer &agrave; une nouvelle campagne de playoffs!<\/p><p>Parmi ces &eacute;quipes figurent donc les Los Angeles Rams avec lesquels Odell Beckham Jr avait remport&eacute; le titre supr&ecirc;me lors de la saison 2021 malgr&eacute; une blessure le soir du Super Bowl. Interrog&eacute; sur un possible retour dans l&rsquo;effectif de l&rsquo;ancien receveur des New York Giants, l&rsquo;entra&icirc;neur des Rams a &eacute;t&eacute; relativement clair sur les intentions de sa franchise:<\/p><blockquote><p>&laquo;&nbsp;Tr&egrave;s franchement nous n&rsquo;en n&rsquo;avons pas discut&eacute; encore. J&rsquo;adore Odell mais le faire venir n&rsquo;est pas une chose que nous envisageons &agrave; l&rsquo;heure actuelle&nbsp;&raquo; a <a href=\"https:\/\/www.nbcsports.com\/nfl\/profootballtalk\/rumor-mill\/news\/sean-mcvay-seems-to-close-the-door-on-an-odell-beckham-jr-reunion\" class=\"trk-cta-link\" data-cta-trk='{\"ctaType\":\"Link\",\"ctaSubType\":\"main\"}'>affirm&eacute; Sean McVay<\/a>.<\/p><\/blockquote><p>Il faut dire que les Los Angeles Rams n&rsquo;ont pas vraiment besoin de renfort au poste de receveur alors que le duo Cooper Kupp &ndash; Puka Nacua confirme sa tr&egrave;s bonne entente entrevue d&eacute;j&agrave; lors de la saison 2023. Il semble donc que si les Rams veulent aller loin en playoffs, cela se fera cette fois sans Odell Beckham Jr dans l&rsquo;effectif.<\/p><p><em>Cr&eacute;dit photo: Mark J. Rebilas-Imagn Images<\/em><\/p>\n","protected":false},"excerpt":{"rendered":"","protected":false},"author":180309964,"featured_media":1471388,"comment_status":"open","ping_status":"closed","sticky":false,"template":"","format":"standard","meta":{"inline_featured_image":false,"kia_subtitle":"","_mux_skip_reasons":[],"proofreadBy":0,"footnotes":""},"categories":[118,40],"tags":[695,1230],"sport":[2785],"saison":[6111],"class_list":["post-1471387","post","type-post","status-publish","format-standard","has-post-thumbnail","hentry","category-actualite-nfl","category-nfl","tag-los-angeles-rams","tag-odell-beckham-jr","sport-nfl","saison-6111"],"acf":[],"yoast_head":"<!-- This site is optimized with the Yoast SEO plugin v24.2 - https:\/\/yoast.com\/wordpress\/plugins\/seo\/ -->\n<title>Los Angeles Rams: Sean McVay pas int&eacute;ress&eacute; par un retour d&#039;Odell Beckham Jr? - The Playoffs FR<\/title>\n<meta name=\"robots\" content=\"index, follow, max-snippet:-1, max-image-preview:large, max-video-preview:-1\" \/>\n<link rel=\"canonical\" href=\"https:\/\/theplayoffs.news\/fr\/actualite-nfl\/los-angeles-rams-mcvay-pas-interesse-odell\/\" \/>\n<meta property=\"og:locale\" content=\"fr_FR\" \/>\n<meta property=\"og:type\" content=\"article\" \/>\n<meta property=\"og:title\" content=\"Los Angeles Rams: Sean McVay pas int&eacute;ress&eacute; par un retour d&#039;Odell Beckham Jr? - The Playoffs FR\" \/>\n<meta property=\"og:url\" content=\"https:\/\/theplayoffs.news\/fr\/actualite-nfl\/los-angeles-rams-mcvay-pas-interesse-odell\/\" \/>\n<meta property=\"og:site_name\" content=\"The Playoffs FR\" \/>\n<meta property=\"article:publisher\" content=\"https:\/\/www.facebook.com\/TheFreeAgentFR\/\" \/>\n<meta property=\"article:modified_time\" content=\"2024-12-19T14:39:40+01:00\" \/>\n<meta property=\"og:image\" content=\"https:\/\/theplayoffs.news\/fr\/wp-content\/uploads\/2024\/12\/USATSI_17681230.jpg\" \/>\n\t<meta property=\"og:image:width\" content=\"1920\" \/>\n\t<meta property=\"og:image:height\" content=\"1415\" \/>\n\t<meta property=\"og:image:type\" content=\"image\/jpeg\" \/>\n<meta name=\"author\" content=\"Flavien Jumeau\" \/>\n<meta name=\"twitter:card\" content=\"summary_large_image\" \/>\n<meta name=\"twitter:creator\" content=\"@TheFreeAgentFR\" \/>\n<meta name=\"twitter:site\" content=\"@TheFreeAgentFR\" \/>\n<meta name=\"twitter:label1\" content=\"\u00c9crit par\" \/>\n\t<meta name=\"twitter:data1\" content=\"Flavien Jumeau\" \/>\n\t<meta name=\"twitter:label2\" content=\"Dur\u00e9e de lecture estim\u00e9e\" \/>\n\t<meta name=\"twitter:data2\" content=\"1 minute\" \/>\n<script type=\"application\/ld+json\" class=\"yoast-schema-graph\">{\"@context\":\"https:\/\/schema.org\",\"@graph\":[{\"@type\":\"WebPage\",\"@id\":\"https:\/\/theplayoffs.news\/fr\/actualite-nfl\/los-angeles-rams-mcvay-pas-interesse-odell\/\",\"url\":\"https:\/\/theplayoffs.news\/fr\/actualite-nfl\/los-angeles-rams-mcvay-pas-interesse-odell\/\",\"name\":\"Los Angeles Rams: Sean McVay pas int\u00e9ress\u00e9 par un retour d\\\\'Odell Beckham Jr? - The Playoffs FR\",\"isPartOf\":{\"@id\":\"https:\/\/theplayoffs.news\/fr\/#website\"},\"primaryImageOfPage\":{\"@id\":\"https:\/\/theplayoffs.news\/fr\/actualite-nfl\/los-angeles-rams-mcvay-pas-interesse-odell\/#primaryimage\"},\"image\":{\"@id\":\"https:\/\/theplayoffs.news\/fr\/actualite-nfl\/los-angeles-rams-mcvay-pas-interesse-odell\/#primaryimage\"},\"thumbnailUrl\":\"https:\/\/theplayoffs.news\/fr\/wp-content\/uploads\/2024\/12\/USATSI_17681230.jpg\",\"datePublished\":\"2024-12-19T13:39:40+00:00\",\"dateModified\":\"2024-12-19T13:39:40+00:00\",\"author\":{\"@id\":\"https:\/\/theplayoffs.news\/fr\/#\/schema\/person\/def63bc6746dc5957469b75feb99e66d\"},\"breadcrumb\":{\"@id\":\"https:\/\/theplayoffs.news\/fr\/actualite-nfl\/los-angeles-rams-mcvay-pas-interesse-odell\/#breadcrumb\"},\"inLanguage\":\"fr-FR\",\"potentialAction\":[{\"@type\":\"ReadAction\",\"target\":[\"https:\/\/theplayoffs.news\/fr\/actualite-nfl\/los-angeles-rams-mcvay-pas-interesse-odell\/\"]}]},{\"@type\":\"ImageObject\",\"inLanguage\":\"fr-FR\",\"@id\":\"https:\/\/theplayoffs.news\/fr\/actualite-nfl\/los-angeles-rams-mcvay-pas-interesse-odell\/#primaryimage\",\"url\":\"https:\/\/theplayoffs.news\/fr\/wp-content\/uploads\/2024\/12\/USATSI_17681230.jpg\",\"contentUrl\":\"https:\/\/theplayoffs.news\/fr\/wp-content\/uploads\/2024\/12\/USATSI_17681230.jpg\",\"width\":1920,\"height\":1415,\"caption\":\"Feb 13, 2022; Inglewood, CA, USA; Los Angeles Rams wide receiver Odell Beckham Jr. celebrates on the field after defeating the Cincinnati Bengals in Super Bowl LVI at SoFi Stadium. Mandatory Credit: Mark J. Rebilas-USA TODAY Sports\"},{\"@type\":\"BreadcrumbList\",\"@id\":\"https:\/\/theplayoffs.news\/fr\/actualite-nfl\/los-angeles-rams-mcvay-pas-interesse-odell\/#breadcrumb\",\"itemListElement\":[{\"@type\":\"ListItem\",\"position\":1,\"name\":\"Accueil\",\"item\":\"https:\/\/theplayoffs.news\/fr\/\"},{\"@type\":\"ListItem\",\"position\":2,\"name\":\"Los Angeles Rams: Sean McVay pas int\u00e9ress\u00e9 par un retour d&rsquo;Odell Beckham Jr?\"}]},{\"@type\":\"WebSite\",\"@id\":\"https:\/\/theplayoffs.news\/fr\/#website\",\"url\":\"https:\/\/theplayoffs.news\/fr\/\",\"name\":\"The Playoffs FR\",\"description\":\"NBA-NFL-NHL-MLB\",\"potentialAction\":[{\"@type\":\"SearchAction\",\"target\":{\"@type\":\"EntryPoint\",\"urlTemplate\":\"https:\/\/theplayoffs.news\/fr\/?s={search_term_string}\"},\"query-input\":{\"@type\":\"PropertyValueSpecification\",\"valueRequired\":true,\"valueName\":\"search_term_string\"}}],\"inLanguage\":\"fr-FR\"},{\"@type\":\"Person\",\"@id\":\"https:\/\/theplayoffs.news\/fr\/#\/schema\/person\/def63bc6746dc5957469b75feb99e66d\",\"name\":\"Flavien Jumeau\",\"image\":{\"@type\":\"ImageObject\",\"inLanguage\":\"fr-FR\",\"@id\":\"https:\/\/theplayoffs.news\/fr\/#\/schema\/person\/image\/\",\"url\":\"https:\/\/secure.gravatar.com\/avatar\/e7fa8ba5a4b7e4ce35fe152f083f352db28ad0acce692004ed88a7a7d78893f7?s=96&d=mm&r=g\",\"contentUrl\":\"https:\/\/secure.gravatar.com\/avatar\/e7fa8ba5a4b7e4ce35fe152f083f352db28ad0acce692004ed88a7a7d78893f7?s=96&d=mm&r=g\",\"caption\":\"Flavien Jumeau\"},\"description\":\"Amoureux du sport (et de vraiment tous les sports) depuis mon plus jeune \u00e2ge, j\u2019ai longtemps h\u00e9site entre le snooker et le curling. Finalement c\u2019est le foot US que j\u2019ai d\u00e9cid\u00e9 de choisir! Responsable foot US sur TPO et animateur du podcast Tailgate j\u2019ai pour mission de vous faire d\u00e9couvrir ce sport passionnant si ce n\u2019est pas encore fait et de vous donner les derni\u00e8res actus. Le tout dans la bonne humeur et avec toujours un jeu de mots ou deux savamment distill\u00e9s! Fan des Saints, pour moi Drew Brees est le vrai GOAT!\",\"url\":\"https:\/\/theplayoffs.news\/fr\/author\/flavien-jumeaugmail-com\/\"}]}<\/script>\n<!-- \/ Yoast SEO plugin. -->","yoast_head_json":{"title":"Los Angeles Rams: Sean McVay pas int&eacute;ress&eacute; par un retour d&#039;Odell Beckham Jr? - The Playoffs FR","robots":{"index":"index","follow":"follow","max-snippet":"max-snippet:-1","max-image-preview":"max-image-preview:large","max-video-preview":"max-video-preview:-1"},"canonical":"https:\/\/theplayoffs.news\/fr\/actualite-nfl\/los-angeles-rams-mcvay-pas-interesse-odell\/","og_locale":"fr_FR","og_type":"article","og_title":"Los Angeles Rams: Sean McVay pas int&eacute;ress&eacute; par un retour d&#039;Odell Beckham Jr? - The Playoffs FR","og_url":"https:\/\/theplayoffs.news\/fr\/actualite-nfl\/los-angeles-rams-mcvay-pas-interesse-odell\/","og_site_name":"The Playoffs FR","article_publisher":"https:\/\/www.facebook.com\/TheFreeAgentFR\/","og_image":[{"width":1920,"height":1415,"url":"https:\/\/theplayoffs.news\/fr\/wp-content\/uploads\/2024\/12\/USATSI_17681230.jpg","type":"image\/jpeg"}],"author":"Flavien Jumeau","twitter_card":"summary_large_image","twitter_creator":"@TheFreeAgentFR","twitter_site":"@TheFreeAgentFR","twitter_misc":{"\u00c9crit par":"Flavien Jumeau","Dur\u00e9e de lecture estim\u00e9e":"1 minute"},"schema":{"@context":"https:\/\/schema.org","@graph":[{"@type":"WebPage","@id":"https:\/\/theplayoffs.news\/fr\/actualite-nfl\/los-angeles-rams-mcvay-pas-interesse-odell\/","url":"https:\/\/theplayoffs.news\/fr\/actualite-nfl\/los-angeles-rams-mcvay-pas-interesse-odell\/","name":"Los Angeles Rams: Sean McVay pas int\u00e9ress\u00e9 par un retour d\\'Odell Beckham Jr? - The Playoffs FR","isPartOf":{"@id":"https:\/\/theplayoffs.news\/fr\/#website"},"primaryImageOfPage":{"@id":"https:\/\/theplayoffs.news\/fr\/actualite-nfl\/los-angeles-rams-mcvay-pas-interesse-odell\/#primaryimage"},"image":{"@id":"https:\/\/theplayoffs.news\/fr\/actualite-nfl\/los-angeles-rams-mcvay-pas-interesse-odell\/#primaryimage"},"thumbnailUrl":"https:\/\/theplayoffs.news\/fr\/wp-content\/uploads\/2024\/12\/USATSI_17681230.jpg","datePublished":"2024-12-19T13:39:40+00:00","dateModified":"2024-12-19T13:39:40+00:00","author":{"@id":"https:\/\/theplayoffs.news\/fr\/#\/schema\/person\/def63bc6746dc5957469b75feb99e66d"},"breadcrumb":{"@id":"https:\/\/theplayoffs.news\/fr\/actualite-nfl\/los-angeles-rams-mcvay-pas-interesse-odell\/#breadcrumb"},"inLanguage":"fr-FR","potentialAction":[{"@type":"ReadAction","target":["https:\/\/theplayoffs.news\/fr\/actualite-nfl\/los-angeles-rams-mcvay-pas-interesse-odell\/"]}]},{"@type":"ImageObject","inLanguage":"fr-FR","@id":"https:\/\/theplayoffs.news\/fr\/actualite-nfl\/los-angeles-rams-mcvay-pas-interesse-odell\/#primaryimage","url":"https:\/\/theplayoffs.news\/fr\/wp-content\/uploads\/2024\/12\/USATSI_17681230.jpg","contentUrl":"https:\/\/theplayoffs.news\/fr\/wp-content\/uploads\/2024\/12\/USATSI_17681230.jpg","width":1920,"height":1415,"caption":"Feb 13, 2022; Inglewood, CA, USA; Los Angeles Rams wide receiver Odell Beckham Jr. celebrates on the field after defeating the Cincinnati Bengals in Super Bowl LVI at SoFi Stadium. Mandatory Credit: Mark J. Rebilas-USA TODAY Sports"},{"@type":"BreadcrumbList","@id":"https:\/\/theplayoffs.news\/fr\/actualite-nfl\/los-angeles-rams-mcvay-pas-interesse-odell\/#breadcrumb","itemListElement":[{"@type":"ListItem","position":1,"name":"Accueil","item":"https:\/\/theplayoffs.news\/fr\/"},{"@type":"ListItem","position":2,"name":"Los Angeles Rams: Sean McVay pas int\u00e9ress\u00e9 par un retour d&rsquo;Odell Beckham Jr?"}]},{"@type":"WebSite","@id":"https:\/\/theplayoffs.news\/fr\/#website","url":"https:\/\/theplayoffs.news\/fr\/","name":"The Playoffs FR","description":"NBA-NFL-NHL-MLB","potentialAction":[{"@type":"SearchAction","target":{"@type":"EntryPoint","urlTemplate":"https:\/\/theplayoffs.news\/fr\/?s={search_term_string}"},"query-input":{"@type":"PropertyValueSpecification","valueRequired":true,"valueName":"search_term_string"}}],"inLanguage":"fr-FR"},{"@type":"Person","@id":"https:\/\/theplayoffs.news\/fr\/#\/schema\/person\/def63bc6746dc5957469b75feb99e66d","name":"Flavien Jumeau","image":{"@type":"ImageObject","inLanguage":"fr-FR","@id":"https:\/\/theplayoffs.news\/fr\/#\/schema\/person\/image\/","url":"https:\/\/secure.gravatar.com\/avatar\/e7fa8ba5a4b7e4ce35fe152f083f352db28ad0acce692004ed88a7a7d78893f7?s=96&d=mm&r=g","contentUrl":"https:\/\/secure.gravatar.com\/avatar\/e7fa8ba5a4b7e4ce35fe152f083f352db28ad0acce692004ed88a7a7d78893f7?s=96&d=mm&r=g","caption":"Flavien Jumeau"},"description":"Amoureux du sport (et de vraiment tous les sports) depuis mon plus jeune \u00e2ge, j\u2019ai longtemps h\u00e9site entre le snooker et le curling. Finalement c\u2019est le foot US que j\u2019ai d\u00e9cid\u00e9 de choisir! Responsable foot US sur TPO et animateur du podcast Tailgate j\u2019ai pour mission de vous faire d\u00e9couvrir ce sport passionnant si ce n\u2019est pas encore fait et de vous donner les derni\u00e8res actus. Le tout dans la bonne humeur et avec toujours un jeu de mots ou deux savamment distill\u00e9s! Fan des Saints, pour moi Drew Brees est le vrai GOAT!","url":"https:\/\/theplayoffs.news\/fr\/author\/flavien-jumeaugmail-com\/"}]}},"_links":{"self":[{"href":"https:\/\/theplayoffs.news\/fr\/wp-json\/wp\/v2\/posts\/1471387","targetHints":{"allow":["GET"]}}],"collection":[{"href":"https:\/\/theplayoffs.news\/fr\/wp-json\/wp\/v2\/posts"}],"about":[{"href":"https:\/\/theplayoffs.news\/fr\/wp-json\/wp\/v2\/types\/post"}],"author":[{"embeddable":true,"href":"https:\/\/theplayoffs.news\/fr\/wp-json\/wp\/v2\/users\/180309964"}],"replies":[{"embeddable":true,"href":"https:\/\/theplayoffs.news\/fr\/wp-json\/wp\/v2\/comments?post=1471387"}],"version-history":[{"count":3,"href":"https:\/\/theplayoffs.news\/fr\/wp-json\/wp\/v2\/posts\/1471387\/revisions"}],"predecessor-version":[{"id":1471391,"href":"https:\/\/theplayoffs.news\/fr\/wp-json\/wp\/v2\/posts\/1471387\/revisions\/1471391"}],"wp:featuredmedia":[{"embeddable":true,"href":"https:\/\/theplayoffs.news\/fr\/wp-json\/wp\/v2\/media\/1471388"}],"wp:attachment":[{"href":"https:\/\/theplayoffs.news\/fr\/wp-json\/wp\/v2\/media?parent=1471387"}],"wp:term":[{"taxonomy":"category","embeddable":true,"href":"https:\/\/theplayoffs.news\/fr\/wp-json\/wp\/v2\/categories?post=1471387"},{"taxonomy":"post_tag","embeddable":true,"href":"https:\/\/theplayoffs.news\/fr\/wp-json\/wp\/v2\/tags?post=1471387"},{"taxonomy":"sport","embeddable":true,"href":"https:\/\/theplayoffs.news\/fr\/wp-json\/wp\/v2\/sport?post=1471387"},{"taxonomy":"saison","embeddable":true,"href":"https:\/\/theplayoffs.news\/fr\/wp-json\/wp\/v2\/saison?post=1471387"}],"curies":[{"name":"wp","href":"https:\/\/api.w.org\/{rel}","templated":true}]}}