{"id":1471117,"date":"2024-12-17T07:53:34","date_gmt":"2024-12-17T06:53:34","guid":{"rendered":"https:\/\/theplayoffs.news\/fr\/?p=1471117"},"modified":"2024-12-17T07:53:34","modified_gmt":"2024-12-17T06:53:34","slug":"trevon-diggs-absent-debut-de-la-saison-2025","status":"publish","type":"post","link":"https:\/\/theplayoffs.news\/fr\/actualite-nfl\/trevon-diggs-absent-debut-de-la-saison-2025\/","title":{"rendered":"Trevon Diggs (Cowboys) absent pour le d\u00e9but de la saison 2025?"},"content":{"rendered":"<h2>NFL &ndash; Le cornerback des Dallas Cowboys, Trevon Diggs, manquera la fin de la saison NFL 2024&hellip; mais aussi peut-&ecirc;tre le d&eacute;but de la suivante.<\/h2><p>Alors qu&rsquo;il ne reste plus que trois matchs dans la saison NFL 2024, le nombre de joueurs bless&eacute;s jusqu&rsquo;&agrave; la fin de la saison augmente exponentiellement ces derniers jours. Mais certains joueurs voient ces absences longue dur&eacute;e se prolonger pour une partie de l&rsquo;&eacute;t&eacute; et m&ecirc;me, possiblement, pour le d&eacute;but de la saison 2025. C&rsquo;est le cas pour le cornerback des Dallas Cowboys, <a href=\"https:\/\/theplayoffs.news\/fr\/joueur\/trevon-diggs-nfl-8081932\/\" class=\"trk-cta-link\" data-cta-trk='{\"ctaType\":\"Link\",\"ctaSubType\":\"main\"}'>Trevon Diggs<\/a>, qui doit subir une nouvelle op&eacute;ration sur son genou d&rsquo;ici quelques jours.<\/p><p>D&eacute;j&agrave; bless&eacute; aux ligaments crois&eacute;s pendant la saison 2023, Trevon Diggs avait pu jouer les dix premiers matchs de la saison 2024 avant d&rsquo;&ecirc;tre laiss&eacute; au repos pendant deux matchs et de revenir face aux Cincinnati Bengals. Un retour qui ne fut pas couronn&eacute; de succ&egrave;s puisque le joueur d&eacute;fensif a du ensuite d&eacute;clar&eacute; forfait pour le reste de la saison. Le plus inqui&eacute;tant pour Diggs reste que sa blessure, qui concerne le cartilage de son genou, est difficile &agrave; cerner au niveau de la dur&eacute;e d&rsquo;indisponibilit&eacute;. Selon Jerry Jones, le propri&eacute;taire de la franchise, le d&eacute;but de la saison 2025 de Diggs est en question:<\/p><blockquote><p>&laquo;&nbsp;Je ne pense pas qu&rsquo;il pourra jouer pendant le camp d&rsquo;entra&icirc;nement de cet &eacute;t&eacute;. J&rsquo;esp&egrave;re qu&rsquo;il sera pr&ecirc;t pour le d&eacute;but de la prochaine saison&nbsp;&raquo; a <a href=\"https:\/\/x.com\/jonmachota\/status\/1868724633031127423\" class=\"trk-cta-link\" data-cta-trk='{\"ctaType\":\"Link\",\"ctaSubType\":\"main\"}'>affirm&eacute; Jerry Jones<\/a><em>.<\/em><\/p><\/blockquote><p>Une bien mauvaise nouvelle pour les Dallas Cowboys qui doivent d&eacute;j&agrave; composer avec la blessure (tr&egrave;s) longue dur&eacute;e de DeMarvion Overshown pour le d&eacute;but de la saison 2025. Apr&egrave;s une saison 2024 tr&egrave;s difficile d&rsquo;un point de vue d&eacute;fensif, les Dallas Cowboys vont devoir trouver des solutions rapidement pour que 2025 ne se r&eacute;v&egrave;le pas &ecirc;tre un nouveau fiasco.<\/p><p><em>Cr&eacute;dit photo: Brad Penner-Imagn Images<\/em><\/p>\n","protected":false},"excerpt":{"rendered":"","protected":false},"author":180309964,"featured_media":1471118,"comment_status":"open","ping_status":"closed","sticky":false,"template":"","format":"standard","meta":{"inline_featured_image":false,"kia_subtitle":"","_mux_skip_reasons":[],"proofreadBy":0,"footnotes":""},"categories":[118,40],"tags":[619,2873],"sport":[2785],"saison":[6111],"class_list":["post-1471117","post","type-post","status-publish","format-standard","has-post-thumbnail","hentry","category-actualite-nfl","category-nfl","tag-dallas-cowboys","tag-trevon-diggs","sport-nfl","saison-6111"],"acf":[],"yoast_head":"<!-- This site is optimized with the Yoast SEO plugin v24.2 - https:\/\/yoast.com\/wordpress\/plugins\/seo\/ -->\n<title>Trevon Diggs (Cowboys) absent pour le d&eacute;but de la saison 2025? - The Playoffs FR<\/title>\n<meta name=\"robots\" content=\"index, follow, max-snippet:-1, max-image-preview:large, max-video-preview:-1\" \/>\n<link rel=\"canonical\" href=\"https:\/\/theplayoffs.news\/fr\/actualite-nfl\/trevon-diggs-absent-debut-de-la-saison-2025\/\" \/>\n<meta property=\"og:locale\" content=\"fr_FR\" \/>\n<meta property=\"og:type\" content=\"article\" \/>\n<meta property=\"og:title\" content=\"Trevon Diggs (Cowboys) absent pour le d&eacute;but de la saison 2025? - The Playoffs FR\" \/>\n<meta property=\"og:url\" content=\"https:\/\/theplayoffs.news\/fr\/actualite-nfl\/trevon-diggs-absent-debut-de-la-saison-2025\/\" \/>\n<meta property=\"og:site_name\" content=\"The Playoffs FR\" \/>\n<meta property=\"article:publisher\" content=\"https:\/\/www.facebook.com\/TheFreeAgentFR\/\" \/>\n<meta property=\"article:modified_time\" content=\"2024-12-17T07:53:34+01:00\" \/>\n<meta property=\"og:image\" content=\"https:\/\/theplayoffs.news\/fr\/wp-content\/uploads\/2024\/12\/USATSI_24333346.jpg\" \/>\n\t<meta property=\"og:image:width\" content=\"1920\" \/>\n\t<meta property=\"og:image:height\" content=\"1280\" \/>\n\t<meta property=\"og:image:type\" content=\"image\/jpeg\" \/>\n<meta name=\"author\" content=\"Flavien Jumeau\" \/>\n<meta name=\"twitter:card\" content=\"summary_large_image\" \/>\n<meta name=\"twitter:creator\" content=\"@TheFreeAgentFR\" \/>\n<meta name=\"twitter:site\" content=\"@TheFreeAgentFR\" \/>\n<meta name=\"twitter:label1\" content=\"\u00c9crit par\" \/>\n\t<meta name=\"twitter:data1\" content=\"Flavien Jumeau\" \/>\n\t<meta name=\"twitter:label2\" content=\"Dur\u00e9e de lecture estim\u00e9e\" \/>\n\t<meta name=\"twitter:data2\" content=\"2 minutes\" \/>\n<script type=\"application\/ld+json\" class=\"yoast-schema-graph\">{\"@context\":\"https:\/\/schema.org\",\"@graph\":[{\"@type\":\"WebPage\",\"@id\":\"https:\/\/theplayoffs.news\/fr\/actualite-nfl\/trevon-diggs-absent-debut-de-la-saison-2025\/\",\"url\":\"https:\/\/theplayoffs.news\/fr\/actualite-nfl\/trevon-diggs-absent-debut-de-la-saison-2025\/\",\"name\":\"Trevon Diggs (Cowboys) absent pour le d\u00e9but de la saison 2025? - The Playoffs FR\",\"isPartOf\":{\"@id\":\"https:\/\/theplayoffs.news\/fr\/#website\"},\"primaryImageOfPage\":{\"@id\":\"https:\/\/theplayoffs.news\/fr\/actualite-nfl\/trevon-diggs-absent-debut-de-la-saison-2025\/#primaryimage\"},\"image\":{\"@id\":\"https:\/\/theplayoffs.news\/fr\/actualite-nfl\/trevon-diggs-absent-debut-de-la-saison-2025\/#primaryimage\"},\"thumbnailUrl\":\"https:\/\/theplayoffs.news\/fr\/wp-content\/uploads\/2024\/12\/USATSI_24333346.jpg\",\"datePublished\":\"2024-12-17T06:53:34+00:00\",\"dateModified\":\"2024-12-17T06:53:34+00:00\",\"author\":{\"@id\":\"https:\/\/theplayoffs.news\/fr\/#\/schema\/person\/def63bc6746dc5957469b75feb99e66d\"},\"breadcrumb\":{\"@id\":\"https:\/\/theplayoffs.news\/fr\/actualite-nfl\/trevon-diggs-absent-debut-de-la-saison-2025\/#breadcrumb\"},\"inLanguage\":\"fr-FR\",\"potentialAction\":[{\"@type\":\"ReadAction\",\"target\":[\"https:\/\/theplayoffs.news\/fr\/actualite-nfl\/trevon-diggs-absent-debut-de-la-saison-2025\/\"]}]},{\"@type\":\"ImageObject\",\"inLanguage\":\"fr-FR\",\"@id\":\"https:\/\/theplayoffs.news\/fr\/actualite-nfl\/trevon-diggs-absent-debut-de-la-saison-2025\/#primaryimage\",\"url\":\"https:\/\/theplayoffs.news\/fr\/wp-content\/uploads\/2024\/12\/USATSI_24333346.jpg\",\"contentUrl\":\"https:\/\/theplayoffs.news\/fr\/wp-content\/uploads\/2024\/12\/USATSI_24333346.jpg\",\"width\":1920,\"height\":1280,\"caption\":\"Sep 26, 2024; East Rutherford, New Jersey, USA; Dallas Cowboys cornerback Trevon Diggs (7) leaves the field after an injury during the fourth quarter against the New York Giants at MetLife Stadium. Mandatory Credit: Brad Penner-Imagn Images\"},{\"@type\":\"BreadcrumbList\",\"@id\":\"https:\/\/theplayoffs.news\/fr\/actualite-nfl\/trevon-diggs-absent-debut-de-la-saison-2025\/#breadcrumb\",\"itemListElement\":[{\"@type\":\"ListItem\",\"position\":1,\"name\":\"Accueil\",\"item\":\"https:\/\/theplayoffs.news\/fr\/\"},{\"@type\":\"ListItem\",\"position\":2,\"name\":\"Trevon Diggs (Cowboys) absent pour le d\u00e9but de la saison 2025?\"}]},{\"@type\":\"WebSite\",\"@id\":\"https:\/\/theplayoffs.news\/fr\/#website\",\"url\":\"https:\/\/theplayoffs.news\/fr\/\",\"name\":\"The Playoffs FR\",\"description\":\"NBA-NFL-NHL-MLB\",\"potentialAction\":[{\"@type\":\"SearchAction\",\"target\":{\"@type\":\"EntryPoint\",\"urlTemplate\":\"https:\/\/theplayoffs.news\/fr\/?s={search_term_string}\"},\"query-input\":{\"@type\":\"PropertyValueSpecification\",\"valueRequired\":true,\"valueName\":\"search_term_string\"}}],\"inLanguage\":\"fr-FR\"},{\"@type\":\"Person\",\"@id\":\"https:\/\/theplayoffs.news\/fr\/#\/schema\/person\/def63bc6746dc5957469b75feb99e66d\",\"name\":\"Flavien Jumeau\",\"image\":{\"@type\":\"ImageObject\",\"inLanguage\":\"fr-FR\",\"@id\":\"https:\/\/theplayoffs.news\/fr\/#\/schema\/person\/image\/\",\"url\":\"https:\/\/secure.gravatar.com\/avatar\/e7fa8ba5a4b7e4ce35fe152f083f352db28ad0acce692004ed88a7a7d78893f7?s=96&d=mm&r=g\",\"contentUrl\":\"https:\/\/secure.gravatar.com\/avatar\/e7fa8ba5a4b7e4ce35fe152f083f352db28ad0acce692004ed88a7a7d78893f7?s=96&d=mm&r=g\",\"caption\":\"Flavien Jumeau\"},\"description\":\"Amoureux du sport (et de vraiment tous les sports) depuis mon plus jeune \u00e2ge, j\u2019ai longtemps h\u00e9site entre le snooker et le curling. Finalement c\u2019est le foot US que j\u2019ai d\u00e9cid\u00e9 de choisir! Responsable foot US sur TPO et animateur du podcast Tailgate j\u2019ai pour mission de vous faire d\u00e9couvrir ce sport passionnant si ce n\u2019est pas encore fait et de vous donner les derni\u00e8res actus. Le tout dans la bonne humeur et avec toujours un jeu de mots ou deux savamment distill\u00e9s! Fan des Saints, pour moi Drew Brees est le vrai GOAT!\",\"url\":\"https:\/\/theplayoffs.news\/fr\/author\/flavien-jumeaugmail-com\/\"}]}<\/script>\n<!-- \/ Yoast SEO plugin. -->","yoast_head_json":{"title":"Trevon Diggs (Cowboys) absent pour le d&eacute;but de la saison 2025? - The Playoffs FR","robots":{"index":"index","follow":"follow","max-snippet":"max-snippet:-1","max-image-preview":"max-image-preview:large","max-video-preview":"max-video-preview:-1"},"canonical":"https:\/\/theplayoffs.news\/fr\/actualite-nfl\/trevon-diggs-absent-debut-de-la-saison-2025\/","og_locale":"fr_FR","og_type":"article","og_title":"Trevon Diggs (Cowboys) absent pour le d&eacute;but de la saison 2025? - The Playoffs FR","og_url":"https:\/\/theplayoffs.news\/fr\/actualite-nfl\/trevon-diggs-absent-debut-de-la-saison-2025\/","og_site_name":"The Playoffs FR","article_publisher":"https:\/\/www.facebook.com\/TheFreeAgentFR\/","og_image":[{"width":1920,"height":1280,"url":"https:\/\/theplayoffs.news\/fr\/wp-content\/uploads\/2024\/12\/USATSI_24333346.jpg","type":"image\/jpeg"}],"author":"Flavien Jumeau","twitter_card":"summary_large_image","twitter_creator":"@TheFreeAgentFR","twitter_site":"@TheFreeAgentFR","twitter_misc":{"\u00c9crit par":"Flavien Jumeau","Dur\u00e9e de lecture estim\u00e9e":"2 minutes"},"schema":{"@context":"https:\/\/schema.org","@graph":[{"@type":"WebPage","@id":"https:\/\/theplayoffs.news\/fr\/actualite-nfl\/trevon-diggs-absent-debut-de-la-saison-2025\/","url":"https:\/\/theplayoffs.news\/fr\/actualite-nfl\/trevon-diggs-absent-debut-de-la-saison-2025\/","name":"Trevon Diggs (Cowboys) absent pour le d\u00e9but de la saison 2025? - The Playoffs FR","isPartOf":{"@id":"https:\/\/theplayoffs.news\/fr\/#website"},"primaryImageOfPage":{"@id":"https:\/\/theplayoffs.news\/fr\/actualite-nfl\/trevon-diggs-absent-debut-de-la-saison-2025\/#primaryimage"},"image":{"@id":"https:\/\/theplayoffs.news\/fr\/actualite-nfl\/trevon-diggs-absent-debut-de-la-saison-2025\/#primaryimage"},"thumbnailUrl":"https:\/\/theplayoffs.news\/fr\/wp-content\/uploads\/2024\/12\/USATSI_24333346.jpg","datePublished":"2024-12-17T06:53:34+00:00","dateModified":"2024-12-17T06:53:34+00:00","author":{"@id":"https:\/\/theplayoffs.news\/fr\/#\/schema\/person\/def63bc6746dc5957469b75feb99e66d"},"breadcrumb":{"@id":"https:\/\/theplayoffs.news\/fr\/actualite-nfl\/trevon-diggs-absent-debut-de-la-saison-2025\/#breadcrumb"},"inLanguage":"fr-FR","potentialAction":[{"@type":"ReadAction","target":["https:\/\/theplayoffs.news\/fr\/actualite-nfl\/trevon-diggs-absent-debut-de-la-saison-2025\/"]}]},{"@type":"ImageObject","inLanguage":"fr-FR","@id":"https:\/\/theplayoffs.news\/fr\/actualite-nfl\/trevon-diggs-absent-debut-de-la-saison-2025\/#primaryimage","url":"https:\/\/theplayoffs.news\/fr\/wp-content\/uploads\/2024\/12\/USATSI_24333346.jpg","contentUrl":"https:\/\/theplayoffs.news\/fr\/wp-content\/uploads\/2024\/12\/USATSI_24333346.jpg","width":1920,"height":1280,"caption":"Sep 26, 2024; East Rutherford, New Jersey, USA; Dallas Cowboys cornerback Trevon Diggs (7) leaves the field after an injury during the fourth quarter against the New York Giants at MetLife Stadium. Mandatory Credit: Brad Penner-Imagn Images"},{"@type":"BreadcrumbList","@id":"https:\/\/theplayoffs.news\/fr\/actualite-nfl\/trevon-diggs-absent-debut-de-la-saison-2025\/#breadcrumb","itemListElement":[{"@type":"ListItem","position":1,"name":"Accueil","item":"https:\/\/theplayoffs.news\/fr\/"},{"@type":"ListItem","position":2,"name":"Trevon Diggs (Cowboys) absent pour le d\u00e9but de la saison 2025?"}]},{"@type":"WebSite","@id":"https:\/\/theplayoffs.news\/fr\/#website","url":"https:\/\/theplayoffs.news\/fr\/","name":"The Playoffs FR","description":"NBA-NFL-NHL-MLB","potentialAction":[{"@type":"SearchAction","target":{"@type":"EntryPoint","urlTemplate":"https:\/\/theplayoffs.news\/fr\/?s={search_term_string}"},"query-input":{"@type":"PropertyValueSpecification","valueRequired":true,"valueName":"search_term_string"}}],"inLanguage":"fr-FR"},{"@type":"Person","@id":"https:\/\/theplayoffs.news\/fr\/#\/schema\/person\/def63bc6746dc5957469b75feb99e66d","name":"Flavien Jumeau","image":{"@type":"ImageObject","inLanguage":"fr-FR","@id":"https:\/\/theplayoffs.news\/fr\/#\/schema\/person\/image\/","url":"https:\/\/secure.gravatar.com\/avatar\/e7fa8ba5a4b7e4ce35fe152f083f352db28ad0acce692004ed88a7a7d78893f7?s=96&d=mm&r=g","contentUrl":"https:\/\/secure.gravatar.com\/avatar\/e7fa8ba5a4b7e4ce35fe152f083f352db28ad0acce692004ed88a7a7d78893f7?s=96&d=mm&r=g","caption":"Flavien Jumeau"},"description":"Amoureux du sport (et de vraiment tous les sports) depuis mon plus jeune \u00e2ge, j\u2019ai longtemps h\u00e9site entre le snooker et le curling. Finalement c\u2019est le foot US que j\u2019ai d\u00e9cid\u00e9 de choisir! Responsable foot US sur TPO et animateur du podcast Tailgate j\u2019ai pour mission de vous faire d\u00e9couvrir ce sport passionnant si ce n\u2019est pas encore fait et de vous donner les derni\u00e8res actus. Le tout dans la bonne humeur et avec toujours un jeu de mots ou deux savamment distill\u00e9s! Fan des Saints, pour moi Drew Brees est le vrai GOAT!","url":"https:\/\/theplayoffs.news\/fr\/author\/flavien-jumeaugmail-com\/"}]}},"_links":{"self":[{"href":"https:\/\/theplayoffs.news\/fr\/wp-json\/wp\/v2\/posts\/1471117","targetHints":{"allow":["GET"]}}],"collection":[{"href":"https:\/\/theplayoffs.news\/fr\/wp-json\/wp\/v2\/posts"}],"about":[{"href":"https:\/\/theplayoffs.news\/fr\/wp-json\/wp\/v2\/types\/post"}],"author":[{"embeddable":true,"href":"https:\/\/theplayoffs.news\/fr\/wp-json\/wp\/v2\/users\/180309964"}],"replies":[{"embeddable":true,"href":"https:\/\/theplayoffs.news\/fr\/wp-json\/wp\/v2\/comments?post=1471117"}],"version-history":[{"count":2,"href":"https:\/\/theplayoffs.news\/fr\/wp-json\/wp\/v2\/posts\/1471117\/revisions"}],"predecessor-version":[{"id":1471120,"href":"https:\/\/theplayoffs.news\/fr\/wp-json\/wp\/v2\/posts\/1471117\/revisions\/1471120"}],"wp:featuredmedia":[{"embeddable":true,"href":"https:\/\/theplayoffs.news\/fr\/wp-json\/wp\/v2\/media\/1471118"}],"wp:attachment":[{"href":"https:\/\/theplayoffs.news\/fr\/wp-json\/wp\/v2\/media?parent=1471117"}],"wp:term":[{"taxonomy":"category","embeddable":true,"href":"https:\/\/theplayoffs.news\/fr\/wp-json\/wp\/v2\/categories?post=1471117"},{"taxonomy":"post_tag","embeddable":true,"href":"https:\/\/theplayoffs.news\/fr\/wp-json\/wp\/v2\/tags?post=1471117"},{"taxonomy":"sport","embeddable":true,"href":"https:\/\/theplayoffs.news\/fr\/wp-json\/wp\/v2\/sport?post=1471117"},{"taxonomy":"saison","embeddable":true,"href":"https:\/\/theplayoffs.news\/fr\/wp-json\/wp\/v2\/saison?post=1471117"}],"curies":[{"name":"wp","href":"https:\/\/api.w.org\/{rel}","templated":true}]}}