{"id":1471057,"date":"2024-12-16T19:10:29","date_gmt":"2024-12-16T18:10:29","guid":{"rendered":"https:\/\/theplayoffs.news\/fr\/?p=1471057"},"modified":"2024-12-16T19:10:29","modified_gmt":"2024-12-16T18:10:29","slug":"patrick-mahomes-entorse-de-la-cheville","status":"publish","type":"post","link":"https:\/\/theplayoffs.news\/fr\/actualite-nfl\/patrick-mahomes-entorse-de-la-cheville\/","title":{"rendered":"Patrick Mahomes: entorse de la cheville et incertitude sur la suite de la saison r\u00e9guli\u00e8re"},"content":{"rendered":"<h2>NFL &ndash; Le quarterback des Kansas City Chiefs, Patrick Mahomes, s&rsquo;est bless&eacute; ce dimanche face aux Cleveland Browns.<\/h2><p>Rien de grave pour Patrick Mahomes mais rien d&rsquo;anodin non plus! Voil&agrave; comment il est possible de r&eacute;sumer, en une seule phrase, les nouvelles concernant l&rsquo;&eacute;tat de sant&eacute; du quarterback de la franchise double championne NFL en titre. Sorti &agrave; moins de 10 minutes de la fin de la rencontre face aux <a href=\"https:\/\/theplayoffs.news\/fr\/nfl\/patrick-mahomes-blessure-a-la-cheville\/\" class=\"trk-cta-link\" data-cta-trk='{\"ctaType\":\"Link\",\"ctaSubType\":\"main\"}'>Cleveland Browns apr&egrave;s un plaquage qui lui a endolori la cheville<\/a>, Mahomes souffre d&rsquo;apr&egrave;s les examens pass&eacute;s ce jour d&rsquo;une <a href=\"https:\/\/www.nbcsports.com\/nfl\/profootballtalk\/rumor-mill\/news\/report-tests-confirm-patrick-mahomes-is-week-to-week-with-a-mild-high-ankle-sprain\" class=\"trk-cta-link\" data-cta-trk='{\"ctaType\":\"Link\",\"ctaSubType\":\"main\"}'>entorse de la cheville<\/a>.<\/p><p>Cette entorse n&rsquo;est cependant pas d&rsquo;une gravit&eacute; extr&ecirc;me et ne devrait pas remettre en cause la participation du ma&icirc;tre &agrave; jouer des Kansas City Chiefs pour les playoffs. Cependant, il est aujourd&rsquo;hui impossible de conna&icirc;tre la dur&eacute;e pr&eacute;cise de l&rsquo;indisponibilit&eacute; du num&eacute;ro 15 des Chiefs dont l&rsquo;&eacute;tat sera r&eacute;&eacute;valu&eacute; &laquo;&nbsp;semaine apr&egrave;s semaines&nbsp;&raquo;. Il n&rsquo;est m&ecirc;me pas impossible de voir Mahomes d&egrave;s cette semaine sur les terrains d&rsquo;entra&icirc;nements des Chiefs.<\/p><p>Kansas City doit donc faire face &agrave; une d&eacute;cision concernant la fin de la saison r&eacute;guli&egrave;re. Les champions en titre doivent faire face &agrave; un calendrier difficile (Houston, Pittsburgh et Denver) mais surtout resserr&eacute; dans le temps puisque les hommes d&rsquo;Andy Reid joueront ce samedi puis le mercredi suivant &agrave; l&rsquo;occasion des matchs de No&euml;l. Un calendrier qui ne plaide pas en faveur de Patrick Mahomes qui aura sans doute besoin de temps pour se remettre de son entorse &agrave; la cheville.<\/p><p>D&egrave;s lors, les Kansas City Chiefs peuvent d&eacute;cider de laisser leur quarterback au repos et faire jouer Carson Wentz en esp&eacute;rant que cela suffise &agrave; aller chercher les victoires manquantes pour obtenir le first seed de la conf&eacute;rence AFC. Ou bien les Chiefs d&eacute;cident de prendre un risque en pr&eacute;cipitant le retour de leur quarterback vedette au risque de voir Patrick Mahomes se blesser pour les playoffs.<\/p><p>La balle est dans le camp de Kansas City!<\/p><p><em>Cr&eacute;dit photo: Ken Blaze-Imagn Images<\/em><\/p>\n","protected":false},"excerpt":{"rendered":"","protected":false},"author":180309964,"featured_media":1471058,"comment_status":"open","ping_status":"closed","sticky":false,"template":"","format":"standard","meta":{"inline_featured_image":false,"kia_subtitle":"","_mux_skip_reasons":[],"proofreadBy":0,"footnotes":""},"categories":[118,40],"tags":[487,225],"sport":[2785],"saison":[6111],"class_list":["post-1471057","post","type-post","status-publish","format-standard","has-post-thumbnail","hentry","category-actualite-nfl","category-nfl","tag-kansas-city-chiefs","tag-patrick-mahomes","sport-nfl","saison-6111"],"acf":[],"yoast_head":"<!-- This site is optimized with the Yoast SEO plugin v24.2 - https:\/\/yoast.com\/wordpress\/plugins\/seo\/ -->\n<title>Patrick Mahomes: entorse de la cheville et incertitude sur la suite de la saison r&eacute;guli&egrave;re - The Playoffs FR<\/title>\n<meta name=\"robots\" content=\"index, follow, max-snippet:-1, max-image-preview:large, max-video-preview:-1\" \/>\n<link rel=\"canonical\" href=\"https:\/\/theplayoffs.news\/fr\/actualite-nfl\/patrick-mahomes-entorse-de-la-cheville\/\" \/>\n<meta property=\"og:locale\" content=\"fr_FR\" \/>\n<meta property=\"og:type\" content=\"article\" \/>\n<meta property=\"og:title\" content=\"Patrick Mahomes: entorse de la cheville et incertitude sur la suite de la saison r&eacute;guli&egrave;re - The Playoffs FR\" \/>\n<meta property=\"og:url\" content=\"https:\/\/theplayoffs.news\/fr\/actualite-nfl\/patrick-mahomes-entorse-de-la-cheville\/\" \/>\n<meta property=\"og:site_name\" content=\"The Playoffs FR\" \/>\n<meta property=\"article:publisher\" content=\"https:\/\/www.facebook.com\/TheFreeAgentFR\/\" \/>\n<meta property=\"article:modified_time\" content=\"2024-12-16T19:10:29+01:00\" \/>\n<meta property=\"og:image\" content=\"https:\/\/theplayoffs.news\/fr\/wp-content\/uploads\/2024\/12\/USATSI_24994713.jpg\" \/>\n\t<meta property=\"og:image:width\" content=\"1920\" \/>\n\t<meta property=\"og:image:height\" content=\"1280\" \/>\n\t<meta property=\"og:image:type\" content=\"image\/jpeg\" \/>\n<meta name=\"author\" content=\"Flavien Jumeau\" \/>\n<meta name=\"twitter:card\" content=\"summary_large_image\" \/>\n<meta name=\"twitter:creator\" content=\"@TheFreeAgentFR\" \/>\n<meta name=\"twitter:site\" content=\"@TheFreeAgentFR\" \/>\n<meta name=\"twitter:label1\" content=\"\u00c9crit par\" \/>\n\t<meta name=\"twitter:data1\" content=\"Flavien Jumeau\" \/>\n\t<meta name=\"twitter:label2\" content=\"Dur\u00e9e de lecture estim\u00e9e\" \/>\n\t<meta name=\"twitter:data2\" content=\"2 minutes\" \/>\n<script type=\"application\/ld+json\" class=\"yoast-schema-graph\">{\"@context\":\"https:\/\/schema.org\",\"@graph\":[{\"@type\":\"WebPage\",\"@id\":\"https:\/\/theplayoffs.news\/fr\/actualite-nfl\/patrick-mahomes-entorse-de-la-cheville\/\",\"url\":\"https:\/\/theplayoffs.news\/fr\/actualite-nfl\/patrick-mahomes-entorse-de-la-cheville\/\",\"name\":\"Patrick Mahomes: entorse de la cheville et incertitude sur la suite de la saison r\u00e9guli\u00e8re - The Playoffs FR\",\"isPartOf\":{\"@id\":\"https:\/\/theplayoffs.news\/fr\/#website\"},\"primaryImageOfPage\":{\"@id\":\"https:\/\/theplayoffs.news\/fr\/actualite-nfl\/patrick-mahomes-entorse-de-la-cheville\/#primaryimage\"},\"image\":{\"@id\":\"https:\/\/theplayoffs.news\/fr\/actualite-nfl\/patrick-mahomes-entorse-de-la-cheville\/#primaryimage\"},\"thumbnailUrl\":\"https:\/\/theplayoffs.news\/fr\/wp-content\/uploads\/2024\/12\/USATSI_24994713.jpg\",\"datePublished\":\"2024-12-16T18:10:29+00:00\",\"dateModified\":\"2024-12-16T18:10:29+00:00\",\"author\":{\"@id\":\"https:\/\/theplayoffs.news\/fr\/#\/schema\/person\/def63bc6746dc5957469b75feb99e66d\"},\"breadcrumb\":{\"@id\":\"https:\/\/theplayoffs.news\/fr\/actualite-nfl\/patrick-mahomes-entorse-de-la-cheville\/#breadcrumb\"},\"inLanguage\":\"fr-FR\",\"potentialAction\":[{\"@type\":\"ReadAction\",\"target\":[\"https:\/\/theplayoffs.news\/fr\/actualite-nfl\/patrick-mahomes-entorse-de-la-cheville\/\"]}]},{\"@type\":\"ImageObject\",\"inLanguage\":\"fr-FR\",\"@id\":\"https:\/\/theplayoffs.news\/fr\/actualite-nfl\/patrick-mahomes-entorse-de-la-cheville\/#primaryimage\",\"url\":\"https:\/\/theplayoffs.news\/fr\/wp-content\/uploads\/2024\/12\/USATSI_24994713.jpg\",\"contentUrl\":\"https:\/\/theplayoffs.news\/fr\/wp-content\/uploads\/2024\/12\/USATSI_24994713.jpg\",\"width\":1920,\"height\":1280,\"caption\":\"Dec 15, 2024; Cleveland, Ohio, USA; Cleveland Browns defensive tackle Mike Hall Jr. (51) and linebacker Devin Bush (30) rush Kansas City Chiefs quarterback Patrick Mahomes (15) during the second half at Huntington Bank Field. Mandatory Credit: Ken Blaze-Imagn Images\"},{\"@type\":\"BreadcrumbList\",\"@id\":\"https:\/\/theplayoffs.news\/fr\/actualite-nfl\/patrick-mahomes-entorse-de-la-cheville\/#breadcrumb\",\"itemListElement\":[{\"@type\":\"ListItem\",\"position\":1,\"name\":\"Accueil\",\"item\":\"https:\/\/theplayoffs.news\/fr\/\"},{\"@type\":\"ListItem\",\"position\":2,\"name\":\"Patrick Mahomes: entorse de la cheville et incertitude sur la suite de la saison r\u00e9guli\u00e8re\"}]},{\"@type\":\"WebSite\",\"@id\":\"https:\/\/theplayoffs.news\/fr\/#website\",\"url\":\"https:\/\/theplayoffs.news\/fr\/\",\"name\":\"The Playoffs FR\",\"description\":\"NBA-NFL-NHL-MLB\",\"potentialAction\":[{\"@type\":\"SearchAction\",\"target\":{\"@type\":\"EntryPoint\",\"urlTemplate\":\"https:\/\/theplayoffs.news\/fr\/?s={search_term_string}\"},\"query-input\":{\"@type\":\"PropertyValueSpecification\",\"valueRequired\":true,\"valueName\":\"search_term_string\"}}],\"inLanguage\":\"fr-FR\"},{\"@type\":\"Person\",\"@id\":\"https:\/\/theplayoffs.news\/fr\/#\/schema\/person\/def63bc6746dc5957469b75feb99e66d\",\"name\":\"Flavien Jumeau\",\"image\":{\"@type\":\"ImageObject\",\"inLanguage\":\"fr-FR\",\"@id\":\"https:\/\/theplayoffs.news\/fr\/#\/schema\/person\/image\/\",\"url\":\"https:\/\/secure.gravatar.com\/avatar\/e7fa8ba5a4b7e4ce35fe152f083f352db28ad0acce692004ed88a7a7d78893f7?s=96&d=mm&r=g\",\"contentUrl\":\"https:\/\/secure.gravatar.com\/avatar\/e7fa8ba5a4b7e4ce35fe152f083f352db28ad0acce692004ed88a7a7d78893f7?s=96&d=mm&r=g\",\"caption\":\"Flavien Jumeau\"},\"description\":\"Amoureux du sport (et de vraiment tous les sports) depuis mon plus jeune \u00e2ge, j\u2019ai longtemps h\u00e9site entre le snooker et le curling. Finalement c\u2019est le foot US que j\u2019ai d\u00e9cid\u00e9 de choisir! Responsable foot US sur TPO et animateur du podcast Tailgate j\u2019ai pour mission de vous faire d\u00e9couvrir ce sport passionnant si ce n\u2019est pas encore fait et de vous donner les derni\u00e8res actus. Le tout dans la bonne humeur et avec toujours un jeu de mots ou deux savamment distill\u00e9s! Fan des Saints, pour moi Drew Brees est le vrai GOAT!\",\"url\":\"https:\/\/theplayoffs.news\/fr\/author\/flavien-jumeaugmail-com\/\"}]}<\/script>\n<!-- \/ Yoast SEO plugin. -->","yoast_head_json":{"title":"Patrick Mahomes: entorse de la cheville et incertitude sur la suite de la saison r&eacute;guli&egrave;re - The Playoffs FR","robots":{"index":"index","follow":"follow","max-snippet":"max-snippet:-1","max-image-preview":"max-image-preview:large","max-video-preview":"max-video-preview:-1"},"canonical":"https:\/\/theplayoffs.news\/fr\/actualite-nfl\/patrick-mahomes-entorse-de-la-cheville\/","og_locale":"fr_FR","og_type":"article","og_title":"Patrick Mahomes: entorse de la cheville et incertitude sur la suite de la saison r&eacute;guli&egrave;re - The Playoffs FR","og_url":"https:\/\/theplayoffs.news\/fr\/actualite-nfl\/patrick-mahomes-entorse-de-la-cheville\/","og_site_name":"The Playoffs FR","article_publisher":"https:\/\/www.facebook.com\/TheFreeAgentFR\/","og_image":[{"width":1920,"height":1280,"url":"https:\/\/theplayoffs.news\/fr\/wp-content\/uploads\/2024\/12\/USATSI_24994713.jpg","type":"image\/jpeg"}],"author":"Flavien Jumeau","twitter_card":"summary_large_image","twitter_creator":"@TheFreeAgentFR","twitter_site":"@TheFreeAgentFR","twitter_misc":{"\u00c9crit par":"Flavien Jumeau","Dur\u00e9e de lecture estim\u00e9e":"2 minutes"},"schema":{"@context":"https:\/\/schema.org","@graph":[{"@type":"WebPage","@id":"https:\/\/theplayoffs.news\/fr\/actualite-nfl\/patrick-mahomes-entorse-de-la-cheville\/","url":"https:\/\/theplayoffs.news\/fr\/actualite-nfl\/patrick-mahomes-entorse-de-la-cheville\/","name":"Patrick Mahomes: entorse de la cheville et incertitude sur la suite de la saison r\u00e9guli\u00e8re - The Playoffs FR","isPartOf":{"@id":"https:\/\/theplayoffs.news\/fr\/#website"},"primaryImageOfPage":{"@id":"https:\/\/theplayoffs.news\/fr\/actualite-nfl\/patrick-mahomes-entorse-de-la-cheville\/#primaryimage"},"image":{"@id":"https:\/\/theplayoffs.news\/fr\/actualite-nfl\/patrick-mahomes-entorse-de-la-cheville\/#primaryimage"},"thumbnailUrl":"https:\/\/theplayoffs.news\/fr\/wp-content\/uploads\/2024\/12\/USATSI_24994713.jpg","datePublished":"2024-12-16T18:10:29+00:00","dateModified":"2024-12-16T18:10:29+00:00","author":{"@id":"https:\/\/theplayoffs.news\/fr\/#\/schema\/person\/def63bc6746dc5957469b75feb99e66d"},"breadcrumb":{"@id":"https:\/\/theplayoffs.news\/fr\/actualite-nfl\/patrick-mahomes-entorse-de-la-cheville\/#breadcrumb"},"inLanguage":"fr-FR","potentialAction":[{"@type":"ReadAction","target":["https:\/\/theplayoffs.news\/fr\/actualite-nfl\/patrick-mahomes-entorse-de-la-cheville\/"]}]},{"@type":"ImageObject","inLanguage":"fr-FR","@id":"https:\/\/theplayoffs.news\/fr\/actualite-nfl\/patrick-mahomes-entorse-de-la-cheville\/#primaryimage","url":"https:\/\/theplayoffs.news\/fr\/wp-content\/uploads\/2024\/12\/USATSI_24994713.jpg","contentUrl":"https:\/\/theplayoffs.news\/fr\/wp-content\/uploads\/2024\/12\/USATSI_24994713.jpg","width":1920,"height":1280,"caption":"Dec 15, 2024; Cleveland, Ohio, USA; Cleveland Browns defensive tackle Mike Hall Jr. (51) and linebacker Devin Bush (30) rush Kansas City Chiefs quarterback Patrick Mahomes (15) during the second half at Huntington Bank Field. Mandatory Credit: Ken Blaze-Imagn Images"},{"@type":"BreadcrumbList","@id":"https:\/\/theplayoffs.news\/fr\/actualite-nfl\/patrick-mahomes-entorse-de-la-cheville\/#breadcrumb","itemListElement":[{"@type":"ListItem","position":1,"name":"Accueil","item":"https:\/\/theplayoffs.news\/fr\/"},{"@type":"ListItem","position":2,"name":"Patrick Mahomes: entorse de la cheville et incertitude sur la suite de la saison r\u00e9guli\u00e8re"}]},{"@type":"WebSite","@id":"https:\/\/theplayoffs.news\/fr\/#website","url":"https:\/\/theplayoffs.news\/fr\/","name":"The Playoffs FR","description":"NBA-NFL-NHL-MLB","potentialAction":[{"@type":"SearchAction","target":{"@type":"EntryPoint","urlTemplate":"https:\/\/theplayoffs.news\/fr\/?s={search_term_string}"},"query-input":{"@type":"PropertyValueSpecification","valueRequired":true,"valueName":"search_term_string"}}],"inLanguage":"fr-FR"},{"@type":"Person","@id":"https:\/\/theplayoffs.news\/fr\/#\/schema\/person\/def63bc6746dc5957469b75feb99e66d","name":"Flavien Jumeau","image":{"@type":"ImageObject","inLanguage":"fr-FR","@id":"https:\/\/theplayoffs.news\/fr\/#\/schema\/person\/image\/","url":"https:\/\/secure.gravatar.com\/avatar\/e7fa8ba5a4b7e4ce35fe152f083f352db28ad0acce692004ed88a7a7d78893f7?s=96&d=mm&r=g","contentUrl":"https:\/\/secure.gravatar.com\/avatar\/e7fa8ba5a4b7e4ce35fe152f083f352db28ad0acce692004ed88a7a7d78893f7?s=96&d=mm&r=g","caption":"Flavien Jumeau"},"description":"Amoureux du sport (et de vraiment tous les sports) depuis mon plus jeune \u00e2ge, j\u2019ai longtemps h\u00e9site entre le snooker et le curling. Finalement c\u2019est le foot US que j\u2019ai d\u00e9cid\u00e9 de choisir! Responsable foot US sur TPO et animateur du podcast Tailgate j\u2019ai pour mission de vous faire d\u00e9couvrir ce sport passionnant si ce n\u2019est pas encore fait et de vous donner les derni\u00e8res actus. Le tout dans la bonne humeur et avec toujours un jeu de mots ou deux savamment distill\u00e9s! Fan des Saints, pour moi Drew Brees est le vrai GOAT!","url":"https:\/\/theplayoffs.news\/fr\/author\/flavien-jumeaugmail-com\/"}]}},"_links":{"self":[{"href":"https:\/\/theplayoffs.news\/fr\/wp-json\/wp\/v2\/posts\/1471057","targetHints":{"allow":["GET"]}}],"collection":[{"href":"https:\/\/theplayoffs.news\/fr\/wp-json\/wp\/v2\/posts"}],"about":[{"href":"https:\/\/theplayoffs.news\/fr\/wp-json\/wp\/v2\/types\/post"}],"author":[{"embeddable":true,"href":"https:\/\/theplayoffs.news\/fr\/wp-json\/wp\/v2\/users\/180309964"}],"replies":[{"embeddable":true,"href":"https:\/\/theplayoffs.news\/fr\/wp-json\/wp\/v2\/comments?post=1471057"}],"version-history":[{"count":1,"href":"https:\/\/theplayoffs.news\/fr\/wp-json\/wp\/v2\/posts\/1471057\/revisions"}],"predecessor-version":[{"id":1471059,"href":"https:\/\/theplayoffs.news\/fr\/wp-json\/wp\/v2\/posts\/1471057\/revisions\/1471059"}],"wp:featuredmedia":[{"embeddable":true,"href":"https:\/\/theplayoffs.news\/fr\/wp-json\/wp\/v2\/media\/1471058"}],"wp:attachment":[{"href":"https:\/\/theplayoffs.news\/fr\/wp-json\/wp\/v2\/media?parent=1471057"}],"wp:term":[{"taxonomy":"category","embeddable":true,"href":"https:\/\/theplayoffs.news\/fr\/wp-json\/wp\/v2\/categories?post=1471057"},{"taxonomy":"post_tag","embeddable":true,"href":"https:\/\/theplayoffs.news\/fr\/wp-json\/wp\/v2\/tags?post=1471057"},{"taxonomy":"sport","embeddable":true,"href":"https:\/\/theplayoffs.news\/fr\/wp-json\/wp\/v2\/sport?post=1471057"},{"taxonomy":"saison","embeddable":true,"href":"https:\/\/theplayoffs.news\/fr\/wp-json\/wp\/v2\/saison?post=1471057"}],"curies":[{"name":"wp","href":"https:\/\/api.w.org\/{rel}","templated":true}]}}