{"id":1470889,"date":"2024-12-15T22:11:20","date_gmt":"2024-12-15T21:11:20","guid":{"rendered":"https:\/\/theplayoffs.news\/fr\/?p=1470889"},"modified":"2024-12-15T22:11:20","modified_gmt":"2024-12-15T21:11:20","slug":"patrick-mahomes-blessure-a-la-cheville","status":"publish","type":"post","link":"https:\/\/theplayoffs.news\/fr\/actualite-nfl\/patrick-mahomes-blessure-a-la-cheville\/","title":{"rendered":"Patrick Mahomes (Chiefs) quitte le terrain apr\u00e8s une blessure \u00e0 la cheville"},"content":{"rendered":"<h2>NFL &ndash; Le quarterback des Kansas City Chiefs, Patrick Mahomes, a quitt&eacute; ses partenaires avant la fin de la partie en raison d&rsquo;une blessure &agrave; la cheville.<\/h2><p>Ce n&rsquo;est sans doute qu&rsquo;une petite alerte sans grande cons&eacute;quence pour <a href=\"https:\/\/theplayoffs.news\/fr\/joueur\/patrick-mahomes-nfl-6278954\/\" class=\"trk-cta-link\" data-cta-trk='{\"ctaType\":\"Link\",\"ctaSubType\":\"main\"}'>Patrick Mahomes<\/a> et les Kansas City Chiefs. Cependant, le quarterback qui conduit l&rsquo;attaque de la franchise double championne NFL en titre ne terminera pas le match de ce dimanche apr&egrave;s avoir &eacute;t&eacute; touch&eacute; &agrave; une cheville. Alors qu&rsquo;il ne reste que 5 minutes &agrave; jouer et que les Chiefs poss&egrave;dent une avance confortable, Carson Wentz a donc pris la place du c&eacute;l&egrave;bre num&eacute;ro 15 sur la pelouse de Cleveland.<\/p><p>Lors du quatri&egrave;me quart-temps de la rencontre de week 15 entre les Cleveland Browns et les Kansas City Chiefs, Patrick Mahomes a tent&eacute; de convertir une quatri&egrave;me tentative avec un peu moins de 8 minutes &agrave; jouer au chronom&egrave;tre. Mais sous la pression d&eacute;fensive des Browns, Mahomes se fera plaqu&eacute; et un joueur retombera sur ses chevilles. Il quittera alors le terrain en bo&icirc;tant et en recevant l&rsquo;aide du staff m&eacute;dical des Chiefs.<\/p><blockquote class=\"twitter-tweet\">\n<p dir=\"ltr\" lang=\"en\">Second game Patrick Mahomes was unable to finish against the Browns <a href=\"https:\/\/twitter.com\/hashtag\/DawgPound?src=hash&amp;ref_src=twsrc%5Etfw\" class=\"trk-cta-link\" data-cta-trk='{\"ctaType\":\"Link\",\"ctaSubType\":\"main\"}'>#DawgPound<\/a> <a href=\"https:\/\/twitter.com\/hashtag\/Browns?src=hash&amp;ref_src=twsrc%5Etfw\" class=\"trk-cta-link\" data-cta-trk='{\"ctaType\":\"Link\",\"ctaSubType\":\"main\"}'>#Browns<\/a><br>\n<a href=\"https:\/\/t.co\/JjFIR6omfQ\" class=\"trk-cta-link\" data-cta-trk='{\"ctaType\":\"Link\",\"ctaSubType\":\"main\"}'>pic.twitter.com\/JjFIR6omfQ<\/a><\/p>\n<p>&mdash; Jay7 (@LJayy7) <a href=\"https:\/\/twitter.com\/LJayy7\/status\/1868401094344524214?ref_src=twsrc%5Etfw\" class=\"trk-cta-link\" data-cta-trk='{\"ctaType\":\"Link\",\"ctaSubType\":\"main\"}'>December 15, 2024<\/a><\/p><\/blockquote><p><script async src=\"https:\/\/platform.twitter.com\/widgets.js\" charset=\"utf-8\"><\/script><\/p><p>Pas trop d&rsquo;inqui&eacute;tude cependant puisque Mahomes a ensuite pris place sur le banc de touche sans faire de passage aux vestiaires pour &ecirc;tre davantage examin&eacute;. Une attitude qui semble montrer que la blessure &agrave; la cheville n&rsquo;est sans doute pas trop pr&eacute;occupante pour la suite de la saison du quarterback des Chiefs.<\/p><p><em>Cr&eacute;dit photo: Ken Blaze-Imagn Images<\/em><\/p>\n","protected":false},"excerpt":{"rendered":"","protected":false},"author":180309964,"featured_media":1470893,"comment_status":"open","ping_status":"closed","sticky":false,"template":"","format":"standard","meta":{"inline_featured_image":false,"kia_subtitle":"","_mux_skip_reasons":[],"proofreadBy":0,"footnotes":""},"categories":[118,40],"tags":[487,225],"sport":[2785],"saison":[6111],"class_list":["post-1470889","post","type-post","status-publish","format-standard","has-post-thumbnail","hentry","category-actualite-nfl","category-nfl","tag-kansas-city-chiefs","tag-patrick-mahomes","sport-nfl","saison-6111"],"acf":[],"yoast_head":"<!-- This site is optimized with the Yoast SEO plugin v24.2 - https:\/\/yoast.com\/wordpress\/plugins\/seo\/ -->\n<title>Patrick Mahomes (Chiefs) quitte le terrain apr&egrave;s une blessure &agrave; la cheville - The Playoffs FR<\/title>\n<meta name=\"robots\" content=\"index, follow, max-snippet:-1, max-image-preview:large, max-video-preview:-1\" \/>\n<link rel=\"canonical\" href=\"https:\/\/theplayoffs.news\/fr\/actualite-nfl\/patrick-mahomes-blessure-a-la-cheville\/\" \/>\n<meta property=\"og:locale\" content=\"fr_FR\" \/>\n<meta property=\"og:type\" content=\"article\" \/>\n<meta property=\"og:title\" content=\"Patrick Mahomes (Chiefs) quitte le terrain apr&egrave;s une blessure &agrave; la cheville - The Playoffs FR\" \/>\n<meta property=\"og:url\" content=\"https:\/\/theplayoffs.news\/fr\/actualite-nfl\/patrick-mahomes-blessure-a-la-cheville\/\" \/>\n<meta property=\"og:site_name\" content=\"The Playoffs FR\" \/>\n<meta property=\"article:publisher\" content=\"https:\/\/www.facebook.com\/TheFreeAgentFR\/\" \/>\n<meta property=\"article:modified_time\" content=\"2024-12-15T22:11:20+01:00\" \/>\n<meta property=\"og:image\" content=\"https:\/\/theplayoffs.news\/fr\/wp-content\/uploads\/2024\/12\/USATSI_24992744.jpg\" \/>\n\t<meta property=\"og:image:width\" content=\"1920\" \/>\n\t<meta property=\"og:image:height\" content=\"1279\" \/>\n\t<meta property=\"og:image:type\" content=\"image\/jpeg\" \/>\n<meta name=\"author\" content=\"Flavien Jumeau\" \/>\n<meta name=\"twitter:card\" content=\"summary_large_image\" \/>\n<meta name=\"twitter:creator\" content=\"@TheFreeAgentFR\" \/>\n<meta name=\"twitter:site\" content=\"@TheFreeAgentFR\" \/>\n<meta name=\"twitter:label1\" content=\"\u00c9crit par\" \/>\n\t<meta name=\"twitter:data1\" content=\"Flavien Jumeau\" \/>\n\t<meta name=\"twitter:label2\" content=\"Dur\u00e9e de lecture estim\u00e9e\" \/>\n\t<meta name=\"twitter:data2\" content=\"1 minute\" \/>\n<script type=\"application\/ld+json\" class=\"yoast-schema-graph\">{\"@context\":\"https:\/\/schema.org\",\"@graph\":[{\"@type\":\"WebPage\",\"@id\":\"https:\/\/theplayoffs.news\/fr\/actualite-nfl\/patrick-mahomes-blessure-a-la-cheville\/\",\"url\":\"https:\/\/theplayoffs.news\/fr\/actualite-nfl\/patrick-mahomes-blessure-a-la-cheville\/\",\"name\":\"Patrick Mahomes (Chiefs) quitte le terrain apr\u00e8s une blessure \u00e0 la cheville - The Playoffs FR\",\"isPartOf\":{\"@id\":\"https:\/\/theplayoffs.news\/fr\/#website\"},\"primaryImageOfPage\":{\"@id\":\"https:\/\/theplayoffs.news\/fr\/actualite-nfl\/patrick-mahomes-blessure-a-la-cheville\/#primaryimage\"},\"image\":{\"@id\":\"https:\/\/theplayoffs.news\/fr\/actualite-nfl\/patrick-mahomes-blessure-a-la-cheville\/#primaryimage\"},\"thumbnailUrl\":\"https:\/\/theplayoffs.news\/fr\/wp-content\/uploads\/2024\/12\/USATSI_24992744.jpg\",\"datePublished\":\"2024-12-15T21:11:20+00:00\",\"dateModified\":\"2024-12-15T21:11:20+00:00\",\"author\":{\"@id\":\"https:\/\/theplayoffs.news\/fr\/#\/schema\/person\/def63bc6746dc5957469b75feb99e66d\"},\"breadcrumb\":{\"@id\":\"https:\/\/theplayoffs.news\/fr\/actualite-nfl\/patrick-mahomes-blessure-a-la-cheville\/#breadcrumb\"},\"inLanguage\":\"fr-FR\",\"potentialAction\":[{\"@type\":\"ReadAction\",\"target\":[\"https:\/\/theplayoffs.news\/fr\/actualite-nfl\/patrick-mahomes-blessure-a-la-cheville\/\"]}]},{\"@type\":\"ImageObject\",\"inLanguage\":\"fr-FR\",\"@id\":\"https:\/\/theplayoffs.news\/fr\/actualite-nfl\/patrick-mahomes-blessure-a-la-cheville\/#primaryimage\",\"url\":\"https:\/\/theplayoffs.news\/fr\/wp-content\/uploads\/2024\/12\/USATSI_24992744.jpg\",\"contentUrl\":\"https:\/\/theplayoffs.news\/fr\/wp-content\/uploads\/2024\/12\/USATSI_24992744.jpg\",\"width\":1920,\"height\":1279,\"caption\":\"Dec 15, 2024; Cleveland, Ohio, USA; Kansas City Chiefs quarterback Patrick Mahomes (15) warms up before the game between the Cleveland Browns and the Chiefs at Huntington Bank Field. Mandatory Credit: Ken Blaze-Imagn Images\"},{\"@type\":\"BreadcrumbList\",\"@id\":\"https:\/\/theplayoffs.news\/fr\/actualite-nfl\/patrick-mahomes-blessure-a-la-cheville\/#breadcrumb\",\"itemListElement\":[{\"@type\":\"ListItem\",\"position\":1,\"name\":\"Accueil\",\"item\":\"https:\/\/theplayoffs.news\/fr\/\"},{\"@type\":\"ListItem\",\"position\":2,\"name\":\"Patrick Mahomes (Chiefs) quitte le terrain apr\u00e8s une blessure \u00e0 la cheville\"}]},{\"@type\":\"WebSite\",\"@id\":\"https:\/\/theplayoffs.news\/fr\/#website\",\"url\":\"https:\/\/theplayoffs.news\/fr\/\",\"name\":\"The Playoffs FR\",\"description\":\"NBA-NFL-NHL-MLB\",\"potentialAction\":[{\"@type\":\"SearchAction\",\"target\":{\"@type\":\"EntryPoint\",\"urlTemplate\":\"https:\/\/theplayoffs.news\/fr\/?s={search_term_string}\"},\"query-input\":{\"@type\":\"PropertyValueSpecification\",\"valueRequired\":true,\"valueName\":\"search_term_string\"}}],\"inLanguage\":\"fr-FR\"},{\"@type\":\"Person\",\"@id\":\"https:\/\/theplayoffs.news\/fr\/#\/schema\/person\/def63bc6746dc5957469b75feb99e66d\",\"name\":\"Flavien Jumeau\",\"image\":{\"@type\":\"ImageObject\",\"inLanguage\":\"fr-FR\",\"@id\":\"https:\/\/theplayoffs.news\/fr\/#\/schema\/person\/image\/\",\"url\":\"https:\/\/secure.gravatar.com\/avatar\/e7fa8ba5a4b7e4ce35fe152f083f352db28ad0acce692004ed88a7a7d78893f7?s=96&d=mm&r=g\",\"contentUrl\":\"https:\/\/secure.gravatar.com\/avatar\/e7fa8ba5a4b7e4ce35fe152f083f352db28ad0acce692004ed88a7a7d78893f7?s=96&d=mm&r=g\",\"caption\":\"Flavien Jumeau\"},\"description\":\"Amoureux du sport (et de vraiment tous les sports) depuis mon plus jeune \u00e2ge, j\u2019ai longtemps h\u00e9site entre le snooker et le curling. Finalement c\u2019est le foot US que j\u2019ai d\u00e9cid\u00e9 de choisir! Responsable foot US sur TPO et animateur du podcast Tailgate j\u2019ai pour mission de vous faire d\u00e9couvrir ce sport passionnant si ce n\u2019est pas encore fait et de vous donner les derni\u00e8res actus. Le tout dans la bonne humeur et avec toujours un jeu de mots ou deux savamment distill\u00e9s! Fan des Saints, pour moi Drew Brees est le vrai GOAT!\",\"url\":\"https:\/\/theplayoffs.news\/fr\/author\/flavien-jumeaugmail-com\/\"}]}<\/script>\n<!-- \/ Yoast SEO plugin. -->","yoast_head_json":{"title":"Patrick Mahomes (Chiefs) quitte le terrain apr&egrave;s une blessure &agrave; la cheville - The Playoffs FR","robots":{"index":"index","follow":"follow","max-snippet":"max-snippet:-1","max-image-preview":"max-image-preview:large","max-video-preview":"max-video-preview:-1"},"canonical":"https:\/\/theplayoffs.news\/fr\/actualite-nfl\/patrick-mahomes-blessure-a-la-cheville\/","og_locale":"fr_FR","og_type":"article","og_title":"Patrick Mahomes (Chiefs) quitte le terrain apr&egrave;s une blessure &agrave; la cheville - The Playoffs FR","og_url":"https:\/\/theplayoffs.news\/fr\/actualite-nfl\/patrick-mahomes-blessure-a-la-cheville\/","og_site_name":"The Playoffs FR","article_publisher":"https:\/\/www.facebook.com\/TheFreeAgentFR\/","og_image":[{"width":1920,"height":1279,"url":"https:\/\/theplayoffs.news\/fr\/wp-content\/uploads\/2024\/12\/USATSI_24992744.jpg","type":"image\/jpeg"}],"author":"Flavien Jumeau","twitter_card":"summary_large_image","twitter_creator":"@TheFreeAgentFR","twitter_site":"@TheFreeAgentFR","twitter_misc":{"\u00c9crit par":"Flavien Jumeau","Dur\u00e9e de lecture estim\u00e9e":"1 minute"},"schema":{"@context":"https:\/\/schema.org","@graph":[{"@type":"WebPage","@id":"https:\/\/theplayoffs.news\/fr\/actualite-nfl\/patrick-mahomes-blessure-a-la-cheville\/","url":"https:\/\/theplayoffs.news\/fr\/actualite-nfl\/patrick-mahomes-blessure-a-la-cheville\/","name":"Patrick Mahomes (Chiefs) quitte le terrain apr\u00e8s une blessure \u00e0 la cheville - The Playoffs FR","isPartOf":{"@id":"https:\/\/theplayoffs.news\/fr\/#website"},"primaryImageOfPage":{"@id":"https:\/\/theplayoffs.news\/fr\/actualite-nfl\/patrick-mahomes-blessure-a-la-cheville\/#primaryimage"},"image":{"@id":"https:\/\/theplayoffs.news\/fr\/actualite-nfl\/patrick-mahomes-blessure-a-la-cheville\/#primaryimage"},"thumbnailUrl":"https:\/\/theplayoffs.news\/fr\/wp-content\/uploads\/2024\/12\/USATSI_24992744.jpg","datePublished":"2024-12-15T21:11:20+00:00","dateModified":"2024-12-15T21:11:20+00:00","author":{"@id":"https:\/\/theplayoffs.news\/fr\/#\/schema\/person\/def63bc6746dc5957469b75feb99e66d"},"breadcrumb":{"@id":"https:\/\/theplayoffs.news\/fr\/actualite-nfl\/patrick-mahomes-blessure-a-la-cheville\/#breadcrumb"},"inLanguage":"fr-FR","potentialAction":[{"@type":"ReadAction","target":["https:\/\/theplayoffs.news\/fr\/actualite-nfl\/patrick-mahomes-blessure-a-la-cheville\/"]}]},{"@type":"ImageObject","inLanguage":"fr-FR","@id":"https:\/\/theplayoffs.news\/fr\/actualite-nfl\/patrick-mahomes-blessure-a-la-cheville\/#primaryimage","url":"https:\/\/theplayoffs.news\/fr\/wp-content\/uploads\/2024\/12\/USATSI_24992744.jpg","contentUrl":"https:\/\/theplayoffs.news\/fr\/wp-content\/uploads\/2024\/12\/USATSI_24992744.jpg","width":1920,"height":1279,"caption":"Dec 15, 2024; Cleveland, Ohio, USA; Kansas City Chiefs quarterback Patrick Mahomes (15) warms up before the game between the Cleveland Browns and the Chiefs at Huntington Bank Field. Mandatory Credit: Ken Blaze-Imagn Images"},{"@type":"BreadcrumbList","@id":"https:\/\/theplayoffs.news\/fr\/actualite-nfl\/patrick-mahomes-blessure-a-la-cheville\/#breadcrumb","itemListElement":[{"@type":"ListItem","position":1,"name":"Accueil","item":"https:\/\/theplayoffs.news\/fr\/"},{"@type":"ListItem","position":2,"name":"Patrick Mahomes (Chiefs) quitte le terrain apr\u00e8s une blessure \u00e0 la cheville"}]},{"@type":"WebSite","@id":"https:\/\/theplayoffs.news\/fr\/#website","url":"https:\/\/theplayoffs.news\/fr\/","name":"The Playoffs FR","description":"NBA-NFL-NHL-MLB","potentialAction":[{"@type":"SearchAction","target":{"@type":"EntryPoint","urlTemplate":"https:\/\/theplayoffs.news\/fr\/?s={search_term_string}"},"query-input":{"@type":"PropertyValueSpecification","valueRequired":true,"valueName":"search_term_string"}}],"inLanguage":"fr-FR"},{"@type":"Person","@id":"https:\/\/theplayoffs.news\/fr\/#\/schema\/person\/def63bc6746dc5957469b75feb99e66d","name":"Flavien Jumeau","image":{"@type":"ImageObject","inLanguage":"fr-FR","@id":"https:\/\/theplayoffs.news\/fr\/#\/schema\/person\/image\/","url":"https:\/\/secure.gravatar.com\/avatar\/e7fa8ba5a4b7e4ce35fe152f083f352db28ad0acce692004ed88a7a7d78893f7?s=96&d=mm&r=g","contentUrl":"https:\/\/secure.gravatar.com\/avatar\/e7fa8ba5a4b7e4ce35fe152f083f352db28ad0acce692004ed88a7a7d78893f7?s=96&d=mm&r=g","caption":"Flavien Jumeau"},"description":"Amoureux du sport (et de vraiment tous les sports) depuis mon plus jeune \u00e2ge, j\u2019ai longtemps h\u00e9site entre le snooker et le curling. Finalement c\u2019est le foot US que j\u2019ai d\u00e9cid\u00e9 de choisir! Responsable foot US sur TPO et animateur du podcast Tailgate j\u2019ai pour mission de vous faire d\u00e9couvrir ce sport passionnant si ce n\u2019est pas encore fait et de vous donner les derni\u00e8res actus. Le tout dans la bonne humeur et avec toujours un jeu de mots ou deux savamment distill\u00e9s! Fan des Saints, pour moi Drew Brees est le vrai GOAT!","url":"https:\/\/theplayoffs.news\/fr\/author\/flavien-jumeaugmail-com\/"}]}},"_links":{"self":[{"href":"https:\/\/theplayoffs.news\/fr\/wp-json\/wp\/v2\/posts\/1470889","targetHints":{"allow":["GET"]}}],"collection":[{"href":"https:\/\/theplayoffs.news\/fr\/wp-json\/wp\/v2\/posts"}],"about":[{"href":"https:\/\/theplayoffs.news\/fr\/wp-json\/wp\/v2\/types\/post"}],"author":[{"embeddable":true,"href":"https:\/\/theplayoffs.news\/fr\/wp-json\/wp\/v2\/users\/180309964"}],"replies":[{"embeddable":true,"href":"https:\/\/theplayoffs.news\/fr\/wp-json\/wp\/v2\/comments?post=1470889"}],"version-history":[{"count":2,"href":"https:\/\/theplayoffs.news\/fr\/wp-json\/wp\/v2\/posts\/1470889\/revisions"}],"predecessor-version":[{"id":1470895,"href":"https:\/\/theplayoffs.news\/fr\/wp-json\/wp\/v2\/posts\/1470889\/revisions\/1470895"}],"wp:featuredmedia":[{"embeddable":true,"href":"https:\/\/theplayoffs.news\/fr\/wp-json\/wp\/v2\/media\/1470893"}],"wp:attachment":[{"href":"https:\/\/theplayoffs.news\/fr\/wp-json\/wp\/v2\/media?parent=1470889"}],"wp:term":[{"taxonomy":"category","embeddable":true,"href":"https:\/\/theplayoffs.news\/fr\/wp-json\/wp\/v2\/categories?post=1470889"},{"taxonomy":"post_tag","embeddable":true,"href":"https:\/\/theplayoffs.news\/fr\/wp-json\/wp\/v2\/tags?post=1470889"},{"taxonomy":"sport","embeddable":true,"href":"https:\/\/theplayoffs.news\/fr\/wp-json\/wp\/v2\/sport?post=1470889"},{"taxonomy":"saison","embeddable":true,"href":"https:\/\/theplayoffs.news\/fr\/wp-json\/wp\/v2\/saison?post=1470889"}],"curies":[{"name":"wp","href":"https:\/\/api.w.org\/{rel}","templated":true}]}}