{"id":1470509,"date":"2024-12-12T19:14:20","date_gmt":"2024-12-12T18:14:20","guid":{"rendered":"https:\/\/theplayoffs.news\/fr\/?p=1470509"},"modified":"2024-12-12T19:14:20","modified_gmt":"2024-12-12T18:14:20","slug":"garett-bolles-4-ans-chez-les-broncos","status":"publish","type":"post","link":"https:\/\/theplayoffs.news\/fr\/actualite-nfl\/garett-bolles-4-ans-chez-les-broncos\/","title":{"rendered":"Garett Bolles: 4 ans de plus chez les Broncos!"},"content":{"rendered":"<h2>NFL &ndash; Le tackle offensif des Denver Broncos, Garett Bolles, a sign&eacute; une prolongation de contrat pour 4 saisons suppl&eacute;mentaires.<\/h2><p><a href=\"https:\/\/theplayoffs.news\/fr\/joueur\/garett-bolles-nfl-8071324\/\" class=\"trk-cta-link\" data-cta-trk='{\"ctaType\":\"Link\",\"ctaSubType\":\"main\"}'>Garett Bolles<\/a> et les Denver Broncos, c&rsquo;est une histoire d&rsquo;amour qui dure et qui s&rsquo;appr&ecirc;te &agrave; durer encore plus longtemps. Le joueur de ligne offensive de 32 ans a sign&eacute; une prolongation de contrat pour 4 ann&eacute;es suppl&eacute;mentaires avec la franchise du Colorado qui r&eacute;alise une excellente saison 2024. Une prolongation de 4 saisons estim&eacute;e &agrave; 82 millions de dollars <a href=\"https:\/\/x.com\/RapSheet\/status\/1867269734066270508\" class=\"trk-cta-link\" data-cta-trk='{\"ctaType\":\"Link\",\"ctaSubType\":\"main\"}'>d&rsquo;apr&egrave;s Ian Rapoport<\/a> dont 42 millions pleinement garantis.<\/p><blockquote class=\"twitter-tweet\">\n<p dir=\"ltr\" lang=\"en\">Broncos Country,<\/p>\n<p>It&rsquo;s been a great 8 years! Thanks for everything!<\/p>\n<p>And &hellip;<\/p>\n<p>I&rsquo;m not leaving. The show goes on!<\/p>\n<p>GB<a href=\"https:\/\/twitter.com\/hashtag\/BroncoForLife?src=hash&amp;ref_src=twsrc%5Etfw\" class=\"trk-cta-link\" data-cta-trk='{\"ctaType\":\"Link\",\"ctaSubType\":\"main\"}'>#BroncoForLife<\/a> <a href=\"https:\/\/twitter.com\/hashtag\/4more?src=hash&amp;ref_src=twsrc%5Etfw\" class=\"trk-cta-link\" data-cta-trk='{\"ctaType\":\"Link\",\"ctaSubType\":\"main\"}'>#4more<\/a> <a href=\"https:\/\/twitter.com\/hashtag\/beatthecolts?src=hash&amp;ref_src=twsrc%5Etfw\" class=\"trk-cta-link\" data-cta-trk='{\"ctaType\":\"Link\",\"ctaSubType\":\"main\"}'>#beatthecolts<\/a><a href=\"https:\/\/twitter.com\/hashtag\/probowlvote?src=hash&amp;ref_src=twsrc%5Etfw\" class=\"trk-cta-link\" data-cta-trk='{\"ctaType\":\"Link\",\"ctaSubType\":\"main\"}'>#probowlvote<\/a> <a href=\"https:\/\/twitter.com\/gbolles72?ref_src=twsrc%5Etfw\" class=\"trk-cta-link\" data-cta-trk='{\"ctaType\":\"Link\",\"ctaSubType\":\"main\"}'>@gbolles72<\/a> <a href=\"https:\/\/t.co\/euYV4bAPp8\" class=\"trk-cta-link\" data-cta-trk='{\"ctaType\":\"Link\",\"ctaSubType\":\"main\"}'>pic.twitter.com\/euYV4bAPp8<\/a><\/p>\n<p>&mdash; Garett Bolles (@gbolles72) <a href=\"https:\/\/twitter.com\/gbolles72\/status\/1867264675890835665?ref_src=twsrc%5Etfw\" class=\"trk-cta-link\" data-cta-trk='{\"ctaType\":\"Link\",\"ctaSubType\":\"main\"}'>December 12, 2024<\/a><\/p><\/blockquote><p><script async src=\"https:\/\/platform.twitter.com\/widgets.js\" charset=\"utf-8\"><\/script><\/p><p>Draft&eacute; au premier tour de la draft NFL 2017 par les Denver Broncos apr&egrave;s un cursus universitaire du c&ocirc;t&eacute; d&rsquo;Utah, Garett Bolles n&rsquo;a jamais quitt&eacute; le Colorado pendant toute sa carri&egrave;re. D&egrave;s son arriv&eacute;e chez les Broncos, Bolles s&rsquo;impose rapidement comme un titulaire en puissance en jouant d&egrave;s sa saison rookie pendant 16 matchs. Lors de cette saison 2024, le tackle offensif a jou&eacute; 97% des snaps offensifs de son &eacute;quipe.<\/p><p>Avec cette prolongation de contrat, Garett Bolles se pose comme un s&eacute;rieux candidat pour r&eacute;aliser toute sa carri&egrave;re NFL sous le m&ecirc;me maillot puisque ce nouveau contrat prendra fin aux 36 ans du principal int&eacute;ress&eacute;. Pour les Broncos, c&rsquo;est une bonne op&eacute;ration avec la garantie d&rsquo;un joueur solide sur la ligne pour prot&eacute;ger le tout jeune et talentueux Bo Nix!<\/p><p><em>Cr&eacute;dit photo: Ron Chenoy-Imagn Images<\/em><\/p>\n","protected":false},"excerpt":{"rendered":"","protected":false},"author":180309964,"featured_media":1470510,"comment_status":"open","ping_status":"closed","sticky":false,"template":"","format":"standard","meta":{"inline_featured_image":false,"kia_subtitle":"","_mux_skip_reasons":[],"proofreadBy":0,"footnotes":""},"categories":[118,40],"tags":[926,4884],"sport":[2785],"saison":[6111],"class_list":["post-1470509","post","type-post","status-publish","format-standard","has-post-thumbnail","hentry","category-actualite-nfl","category-nfl","tag-denver-broncos","tag-garett-bolles","sport-nfl","saison-6111"],"acf":[],"yoast_head":"<!-- This site is optimized with the Yoast SEO plugin v24.2 - https:\/\/yoast.com\/wordpress\/plugins\/seo\/ -->\n<title>Garett Bolles: 4 ans de plus chez les Broncos! - The Playoffs FR<\/title>\n<meta name=\"robots\" content=\"index, follow, max-snippet:-1, max-image-preview:large, max-video-preview:-1\" \/>\n<link rel=\"canonical\" href=\"https:\/\/theplayoffs.news\/fr\/actualite-nfl\/garett-bolles-4-ans-chez-les-broncos\/\" \/>\n<meta property=\"og:locale\" content=\"fr_FR\" \/>\n<meta property=\"og:type\" content=\"article\" \/>\n<meta property=\"og:title\" content=\"Garett Bolles: 4 ans de plus chez les Broncos! - The Playoffs FR\" \/>\n<meta property=\"og:url\" content=\"https:\/\/theplayoffs.news\/fr\/actualite-nfl\/garett-bolles-4-ans-chez-les-broncos\/\" \/>\n<meta property=\"og:site_name\" content=\"The Playoffs FR\" \/>\n<meta property=\"article:publisher\" content=\"https:\/\/www.facebook.com\/TheFreeAgentFR\/\" \/>\n<meta property=\"article:modified_time\" content=\"2024-12-12T19:14:20+01:00\" \/>\n<meta property=\"og:image\" content=\"https:\/\/theplayoffs.news\/fr\/wp-content\/uploads\/2024\/12\/USATSI_24603995.jpg\" \/>\n\t<meta property=\"og:image:width\" content=\"1920\" \/>\n\t<meta property=\"og:image:height\" content=\"1280\" \/>\n\t<meta property=\"og:image:type\" content=\"image\/jpeg\" \/>\n<meta name=\"author\" content=\"Flavien Jumeau\" \/>\n<meta name=\"twitter:card\" content=\"summary_large_image\" \/>\n<meta name=\"twitter:creator\" content=\"@TheFreeAgentFR\" \/>\n<meta name=\"twitter:site\" content=\"@TheFreeAgentFR\" \/>\n<meta name=\"twitter:label1\" content=\"\u00c9crit par\" \/>\n\t<meta name=\"twitter:data1\" content=\"Flavien Jumeau\" \/>\n\t<meta name=\"twitter:label2\" content=\"Dur\u00e9e de lecture estim\u00e9e\" \/>\n\t<meta name=\"twitter:data2\" content=\"1 minute\" \/>\n<script type=\"application\/ld+json\" class=\"yoast-schema-graph\">{\"@context\":\"https:\/\/schema.org\",\"@graph\":[{\"@type\":\"WebPage\",\"@id\":\"https:\/\/theplayoffs.news\/fr\/actualite-nfl\/garett-bolles-4-ans-chez-les-broncos\/\",\"url\":\"https:\/\/theplayoffs.news\/fr\/actualite-nfl\/garett-bolles-4-ans-chez-les-broncos\/\",\"name\":\"Garett Bolles: 4 ans de plus chez les Broncos! - The Playoffs FR\",\"isPartOf\":{\"@id\":\"https:\/\/theplayoffs.news\/fr\/#website\"},\"primaryImageOfPage\":{\"@id\":\"https:\/\/theplayoffs.news\/fr\/actualite-nfl\/garett-bolles-4-ans-chez-les-broncos\/#primaryimage\"},\"image\":{\"@id\":\"https:\/\/theplayoffs.news\/fr\/actualite-nfl\/garett-bolles-4-ans-chez-les-broncos\/#primaryimage\"},\"thumbnailUrl\":\"https:\/\/theplayoffs.news\/fr\/wp-content\/uploads\/2024\/12\/USATSI_24603995.jpg\",\"datePublished\":\"2024-12-12T18:14:20+00:00\",\"dateModified\":\"2024-12-12T18:14:20+00:00\",\"author\":{\"@id\":\"https:\/\/theplayoffs.news\/fr\/#\/schema\/person\/def63bc6746dc5957469b75feb99e66d\"},\"breadcrumb\":{\"@id\":\"https:\/\/theplayoffs.news\/fr\/actualite-nfl\/garett-bolles-4-ans-chez-les-broncos\/#breadcrumb\"},\"inLanguage\":\"fr-FR\",\"potentialAction\":[{\"@type\":\"ReadAction\",\"target\":[\"https:\/\/theplayoffs.news\/fr\/actualite-nfl\/garett-bolles-4-ans-chez-les-broncos\/\"]}]},{\"@type\":\"ImageObject\",\"inLanguage\":\"fr-FR\",\"@id\":\"https:\/\/theplayoffs.news\/fr\/actualite-nfl\/garett-bolles-4-ans-chez-les-broncos\/#primaryimage\",\"url\":\"https:\/\/theplayoffs.news\/fr\/wp-content\/uploads\/2024\/12\/USATSI_24603995.jpg\",\"contentUrl\":\"https:\/\/theplayoffs.news\/fr\/wp-content\/uploads\/2024\/12\/USATSI_24603995.jpg\",\"width\":1920,\"height\":1280,\"caption\":\"Oct 27, 2024; Denver, Colorado, USA; Denver Broncos offensive tackle Garett Bolles (72) following the win against the Carolina Panthers at Empower Field at Mile High. Mandatory Credit: Ron Chenoy-Imagn Images\"},{\"@type\":\"BreadcrumbList\",\"@id\":\"https:\/\/theplayoffs.news\/fr\/actualite-nfl\/garett-bolles-4-ans-chez-les-broncos\/#breadcrumb\",\"itemListElement\":[{\"@type\":\"ListItem\",\"position\":1,\"name\":\"Accueil\",\"item\":\"https:\/\/theplayoffs.news\/fr\/\"},{\"@type\":\"ListItem\",\"position\":2,\"name\":\"Garett Bolles: 4 ans de plus chez les Broncos!\"}]},{\"@type\":\"WebSite\",\"@id\":\"https:\/\/theplayoffs.news\/fr\/#website\",\"url\":\"https:\/\/theplayoffs.news\/fr\/\",\"name\":\"The Playoffs FR\",\"description\":\"NBA-NFL-NHL-MLB\",\"potentialAction\":[{\"@type\":\"SearchAction\",\"target\":{\"@type\":\"EntryPoint\",\"urlTemplate\":\"https:\/\/theplayoffs.news\/fr\/?s={search_term_string}\"},\"query-input\":{\"@type\":\"PropertyValueSpecification\",\"valueRequired\":true,\"valueName\":\"search_term_string\"}}],\"inLanguage\":\"fr-FR\"},{\"@type\":\"Person\",\"@id\":\"https:\/\/theplayoffs.news\/fr\/#\/schema\/person\/def63bc6746dc5957469b75feb99e66d\",\"name\":\"Flavien Jumeau\",\"image\":{\"@type\":\"ImageObject\",\"inLanguage\":\"fr-FR\",\"@id\":\"https:\/\/theplayoffs.news\/fr\/#\/schema\/person\/image\/\",\"url\":\"https:\/\/secure.gravatar.com\/avatar\/e7fa8ba5a4b7e4ce35fe152f083f352db28ad0acce692004ed88a7a7d78893f7?s=96&d=mm&r=g\",\"contentUrl\":\"https:\/\/secure.gravatar.com\/avatar\/e7fa8ba5a4b7e4ce35fe152f083f352db28ad0acce692004ed88a7a7d78893f7?s=96&d=mm&r=g\",\"caption\":\"Flavien Jumeau\"},\"description\":\"Amoureux du sport (et de vraiment tous les sports) depuis mon plus jeune \u00e2ge, j\u2019ai longtemps h\u00e9site entre le snooker et le curling. Finalement c\u2019est le foot US que j\u2019ai d\u00e9cid\u00e9 de choisir! Responsable foot US sur TPO et animateur du podcast Tailgate j\u2019ai pour mission de vous faire d\u00e9couvrir ce sport passionnant si ce n\u2019est pas encore fait et de vous donner les derni\u00e8res actus. Le tout dans la bonne humeur et avec toujours un jeu de mots ou deux savamment distill\u00e9s! Fan des Saints, pour moi Drew Brees est le vrai GOAT!\",\"url\":\"https:\/\/theplayoffs.news\/fr\/author\/flavien-jumeaugmail-com\/\"}]}<\/script>\n<!-- \/ Yoast SEO plugin. -->","yoast_head_json":{"title":"Garett Bolles: 4 ans de plus chez les Broncos! - The Playoffs FR","robots":{"index":"index","follow":"follow","max-snippet":"max-snippet:-1","max-image-preview":"max-image-preview:large","max-video-preview":"max-video-preview:-1"},"canonical":"https:\/\/theplayoffs.news\/fr\/actualite-nfl\/garett-bolles-4-ans-chez-les-broncos\/","og_locale":"fr_FR","og_type":"article","og_title":"Garett Bolles: 4 ans de plus chez les Broncos! - The Playoffs FR","og_url":"https:\/\/theplayoffs.news\/fr\/actualite-nfl\/garett-bolles-4-ans-chez-les-broncos\/","og_site_name":"The Playoffs FR","article_publisher":"https:\/\/www.facebook.com\/TheFreeAgentFR\/","og_image":[{"width":1920,"height":1280,"url":"https:\/\/theplayoffs.news\/fr\/wp-content\/uploads\/2024\/12\/USATSI_24603995.jpg","type":"image\/jpeg"}],"author":"Flavien Jumeau","twitter_card":"summary_large_image","twitter_creator":"@TheFreeAgentFR","twitter_site":"@TheFreeAgentFR","twitter_misc":{"\u00c9crit par":"Flavien Jumeau","Dur\u00e9e de lecture estim\u00e9e":"1 minute"},"schema":{"@context":"https:\/\/schema.org","@graph":[{"@type":"WebPage","@id":"https:\/\/theplayoffs.news\/fr\/actualite-nfl\/garett-bolles-4-ans-chez-les-broncos\/","url":"https:\/\/theplayoffs.news\/fr\/actualite-nfl\/garett-bolles-4-ans-chez-les-broncos\/","name":"Garett Bolles: 4 ans de plus chez les Broncos! - The Playoffs FR","isPartOf":{"@id":"https:\/\/theplayoffs.news\/fr\/#website"},"primaryImageOfPage":{"@id":"https:\/\/theplayoffs.news\/fr\/actualite-nfl\/garett-bolles-4-ans-chez-les-broncos\/#primaryimage"},"image":{"@id":"https:\/\/theplayoffs.news\/fr\/actualite-nfl\/garett-bolles-4-ans-chez-les-broncos\/#primaryimage"},"thumbnailUrl":"https:\/\/theplayoffs.news\/fr\/wp-content\/uploads\/2024\/12\/USATSI_24603995.jpg","datePublished":"2024-12-12T18:14:20+00:00","dateModified":"2024-12-12T18:14:20+00:00","author":{"@id":"https:\/\/theplayoffs.news\/fr\/#\/schema\/person\/def63bc6746dc5957469b75feb99e66d"},"breadcrumb":{"@id":"https:\/\/theplayoffs.news\/fr\/actualite-nfl\/garett-bolles-4-ans-chez-les-broncos\/#breadcrumb"},"inLanguage":"fr-FR","potentialAction":[{"@type":"ReadAction","target":["https:\/\/theplayoffs.news\/fr\/actualite-nfl\/garett-bolles-4-ans-chez-les-broncos\/"]}]},{"@type":"ImageObject","inLanguage":"fr-FR","@id":"https:\/\/theplayoffs.news\/fr\/actualite-nfl\/garett-bolles-4-ans-chez-les-broncos\/#primaryimage","url":"https:\/\/theplayoffs.news\/fr\/wp-content\/uploads\/2024\/12\/USATSI_24603995.jpg","contentUrl":"https:\/\/theplayoffs.news\/fr\/wp-content\/uploads\/2024\/12\/USATSI_24603995.jpg","width":1920,"height":1280,"caption":"Oct 27, 2024; Denver, Colorado, USA; Denver Broncos offensive tackle Garett Bolles (72) following the win against the Carolina Panthers at Empower Field at Mile High. Mandatory Credit: Ron Chenoy-Imagn Images"},{"@type":"BreadcrumbList","@id":"https:\/\/theplayoffs.news\/fr\/actualite-nfl\/garett-bolles-4-ans-chez-les-broncos\/#breadcrumb","itemListElement":[{"@type":"ListItem","position":1,"name":"Accueil","item":"https:\/\/theplayoffs.news\/fr\/"},{"@type":"ListItem","position":2,"name":"Garett Bolles: 4 ans de plus chez les Broncos!"}]},{"@type":"WebSite","@id":"https:\/\/theplayoffs.news\/fr\/#website","url":"https:\/\/theplayoffs.news\/fr\/","name":"The Playoffs FR","description":"NBA-NFL-NHL-MLB","potentialAction":[{"@type":"SearchAction","target":{"@type":"EntryPoint","urlTemplate":"https:\/\/theplayoffs.news\/fr\/?s={search_term_string}"},"query-input":{"@type":"PropertyValueSpecification","valueRequired":true,"valueName":"search_term_string"}}],"inLanguage":"fr-FR"},{"@type":"Person","@id":"https:\/\/theplayoffs.news\/fr\/#\/schema\/person\/def63bc6746dc5957469b75feb99e66d","name":"Flavien Jumeau","image":{"@type":"ImageObject","inLanguage":"fr-FR","@id":"https:\/\/theplayoffs.news\/fr\/#\/schema\/person\/image\/","url":"https:\/\/secure.gravatar.com\/avatar\/e7fa8ba5a4b7e4ce35fe152f083f352db28ad0acce692004ed88a7a7d78893f7?s=96&d=mm&r=g","contentUrl":"https:\/\/secure.gravatar.com\/avatar\/e7fa8ba5a4b7e4ce35fe152f083f352db28ad0acce692004ed88a7a7d78893f7?s=96&d=mm&r=g","caption":"Flavien Jumeau"},"description":"Amoureux du sport (et de vraiment tous les sports) depuis mon plus jeune \u00e2ge, j\u2019ai longtemps h\u00e9site entre le snooker et le curling. Finalement c\u2019est le foot US que j\u2019ai d\u00e9cid\u00e9 de choisir! Responsable foot US sur TPO et animateur du podcast Tailgate j\u2019ai pour mission de vous faire d\u00e9couvrir ce sport passionnant si ce n\u2019est pas encore fait et de vous donner les derni\u00e8res actus. Le tout dans la bonne humeur et avec toujours un jeu de mots ou deux savamment distill\u00e9s! Fan des Saints, pour moi Drew Brees est le vrai GOAT!","url":"https:\/\/theplayoffs.news\/fr\/author\/flavien-jumeaugmail-com\/"}]}},"_links":{"self":[{"href":"https:\/\/theplayoffs.news\/fr\/wp-json\/wp\/v2\/posts\/1470509","targetHints":{"allow":["GET"]}}],"collection":[{"href":"https:\/\/theplayoffs.news\/fr\/wp-json\/wp\/v2\/posts"}],"about":[{"href":"https:\/\/theplayoffs.news\/fr\/wp-json\/wp\/v2\/types\/post"}],"author":[{"embeddable":true,"href":"https:\/\/theplayoffs.news\/fr\/wp-json\/wp\/v2\/users\/180309964"}],"replies":[{"embeddable":true,"href":"https:\/\/theplayoffs.news\/fr\/wp-json\/wp\/v2\/comments?post=1470509"}],"version-history":[{"count":2,"href":"https:\/\/theplayoffs.news\/fr\/wp-json\/wp\/v2\/posts\/1470509\/revisions"}],"predecessor-version":[{"id":1470512,"href":"https:\/\/theplayoffs.news\/fr\/wp-json\/wp\/v2\/posts\/1470509\/revisions\/1470512"}],"wp:featuredmedia":[{"embeddable":true,"href":"https:\/\/theplayoffs.news\/fr\/wp-json\/wp\/v2\/media\/1470510"}],"wp:attachment":[{"href":"https:\/\/theplayoffs.news\/fr\/wp-json\/wp\/v2\/media?parent=1470509"}],"wp:term":[{"taxonomy":"category","embeddable":true,"href":"https:\/\/theplayoffs.news\/fr\/wp-json\/wp\/v2\/categories?post=1470509"},{"taxonomy":"post_tag","embeddable":true,"href":"https:\/\/theplayoffs.news\/fr\/wp-json\/wp\/v2\/tags?post=1470509"},{"taxonomy":"sport","embeddable":true,"href":"https:\/\/theplayoffs.news\/fr\/wp-json\/wp\/v2\/sport?post=1470509"},{"taxonomy":"saison","embeddable":true,"href":"https:\/\/theplayoffs.news\/fr\/wp-json\/wp\/v2\/saison?post=1470509"}],"curies":[{"name":"wp","href":"https:\/\/api.w.org\/{rel}","templated":true}]}}